{"id":18895,"date":"2024-12-26T15:13:48","date_gmt":"2024-12-26T15:13:48","guid":{"rendered":"https:\/\/macite.tg\/?p=18895"},"modified":"2024-12-26T15:14:00","modified_gmt":"2024-12-26T15:14:00","slug":"developpement-humain-le-socle-de-la-politique-de-faure-gnassingbe","status":"publish","type":"post","link":"https:\/\/macite.tg\/?p=18895","title":{"rendered":"DEVELOPPEMENT HUMAIN\u00a0: Le socle de la politique de Faure Gnassingb\u00e9"},"content":{"rendered":"\n<p class=\"wp-block-paragraph\"><strong><em>La gouvernance au Togo est tourn\u00e9e vers le bien-\u00eatre collectif. Depuis son accession \u00e0 la pr\u00e9sidence en 2005, Faure Gnassingb\u00e9 priorise le d\u00e9veloppement humain. Sur sa demande, le Togo met constamment en \u0153uvre des r\u00e9formes audacieuses et multisectorielles qui visent \u00e0 am\u00e9liorer les conditions de vie de la population.<\/em><\/strong> <\/p>\n\n\n\n<p class=\"wp-block-paragraph\">La bonne gouvernance est un levier de transformation socio\u00e9conomique, et cela, le gouvernement l&rsquo;a compris depuis, multipliant ainsi les efforts pour un environnement \u00e9conomique propice \u00e0 l&rsquo;investissement. Gr\u00e2ce aux r\u00e9alisations, le pays gravit des \u00e9chelons dans les classements internationaux, se faisant ma\u00eetre parmi les r\u00e9formateurs.<\/p>\n\n\n\n<p class=\"wp-block-paragraph\"><strong>Un indice de d\u00e9veloppement humain \u00e9lev\u00e9<\/strong><\/p>\n\n\n\n<p class=\"wp-block-paragraph\">De 0,539 en 2021-2022, l&rsquo;indice de d\u00e9veloppement humain (Idh) du Togo est pass\u00e9 \u00e0 0,547 en 2023-2024, selon le dernier rapport du Programme des Nations unies pour le d\u00e9veloppement (Pnud) qui salue cette performance tr\u00e8s encourageante. Le rapport fait observer que, comme l&rsquo;indice du pays, le revenu national brut par habitant a augment\u00e9. Il est pass\u00e9 de 2&nbsp;167 dollars US en 2021-2022 \u00e0 2 214 dollars en 2023-2024.<\/p>\n\n\n<div class=\"wp-block-image\">\n<figure class=\"aligncenter size-large is-resized\"><img loading=\"lazy\" decoding=\"async\" src=\"https:\/\/macite.tg\/wp-content\/uploads\/2024\/12\/5f07753c-8ebd-4281-8029-765789708acd-729x1024.jpg\" alt=\"\" class=\"wp-image-18853\" width=\"559\" height=\"785\" srcset=\"https:\/\/macite.tg\/wp-content\/uploads\/2024\/12\/5f07753c-8ebd-4281-8029-765789708acd-729x1024.jpg 729w, https:\/\/macite.tg\/wp-content\/uploads\/2024\/12\/5f07753c-8ebd-4281-8029-765789708acd-214x300.jpg 214w, https:\/\/macite.tg\/wp-content\/uploads\/2024\/12\/5f07753c-8ebd-4281-8029-765789708acd-768x1079.jpg 768w, https:\/\/macite.tg\/wp-content\/uploads\/2024\/12\/5f07753c-8ebd-4281-8029-765789708acd.jpg 776w\" sizes=\"auto, (max-width: 559px) 100vw, 559px\" \/><\/figure>\n<\/div>\n\n\n<p class=\"wp-block-paragraph\">Ces progr\u00e8s sont le fruit des politiques rigoureuses telles que la mise en place d&rsquo;un guichet unique pour la cr\u00e9ation d&rsquo;entreprises, r\u00e9duisant les d\u00e9lais ; la digitalisation accrue des services administratifs pour limiter les pertes de temps ; l&rsquo;adoption d&rsquo;un budget-programme ax\u00e9 sur les r\u00e9sultats pour une gestion plus efficace des ressources publiques&nbsp;; la mise en place des infrastructures, les services de base garantis aux populations vuln\u00e9rables, etc.<\/p>\n\n\n\n<p class=\"wp-block-paragraph\"><strong>L&rsquo;humain au centre des politiques publiques<\/strong><\/p>\n\n\n\n<p class=\"wp-block-paragraph\">Des programmes sociaux innovants sont d\u00e9velopp\u00e9s par les pouvoirs publics&nbsp;: la couverture maladie universelle optimis\u00e9e depuis 2024 pour tous les Togolais, les actions salvatrices de l&rsquo;Agence nationale d&rsquo;appui au d\u00e9veloppement \u00e0 la base (Anadeb) sur le terrain ainsi que des minist\u00e8res de l&rsquo;Action sociale et de l&rsquo;Inclusion financi\u00e8re\u2026<\/p>\n\n\n\n<p class=\"wp-block-paragraph\">Une meilleure \u00e9ducation est donn\u00e9e aux enfants qui sont les futurs cadres \u00e0 travers la gratuit\u00e9 de l&rsquo;\u00e9cole, la suppression des frais d&rsquo;inscription aux examens, la promotion de la jeune fille en milieu scolaire, la prise en charge sanitaire et les repas scolaires gratuits pour les \u00e9coliers. Le taux de scolarisation primaire atteint d\u00e9j\u00e0 95 % gr\u00e2ce aux investissements du Togo.<\/p>\n\n\n\n<p class=\"wp-block-paragraph\"><strong>Le rapport Mo\u2019 Ibrahim 2024<\/strong><\/p>\n\n\n\n<p class=\"wp-block-paragraph\">Lui aussi sacre le Togo comme un \u00c9tat faisant des progr\u00e8s notables dans plusieurs secteurs. Rendu public en octobre 2024, il indique que le pays affiche une dynamique tr\u00e8s positive. Avec un score d&rsquo;environ 54\/100, le pays comptant plus de 8 millions se&nbsp;place loin devant plusieurs autres nations, avec une am\u00e9lioration de +4,2 en la mati\u00e8re.<\/p>\n\n\n<div class=\"wp-block-image\">\n<figure class=\"aligncenter size-large is-resized\"><img loading=\"lazy\" decoding=\"async\" src=\"https:\/\/macite.tg\/wp-content\/uploads\/2024\/12\/1adfbb6f-8c7a-4acf-8855-6c3395264464-742x1024.jpg\" alt=\"\" class=\"wp-image-18890\" width=\"430\" height=\"593\" srcset=\"https:\/\/macite.tg\/wp-content\/uploads\/2024\/12\/1adfbb6f-8c7a-4acf-8855-6c3395264464-742x1024.jpg 742w, https:\/\/macite.tg\/wp-content\/uploads\/2024\/12\/1adfbb6f-8c7a-4acf-8855-6c3395264464-218x300.jpg 218w, https:\/\/macite.tg\/wp-content\/uploads\/2024\/12\/1adfbb6f-8c7a-4acf-8855-6c3395264464-768x1059.jpg 768w, https:\/\/macite.tg\/wp-content\/uploads\/2024\/12\/1adfbb6f-8c7a-4acf-8855-6c3395264464.jpg 783w\" sizes=\"auto, (max-width: 430px) 100vw, 430px\" \/><\/figure>\n<\/div>\n\n\n<p class=\"wp-block-paragraph\">Que ce soit dans le pan de la s\u00e9curit\u00e9 et de l&rsquo;\u00c9tat de droit, de la participation politique et des droits humains, de la gestion \u00e9conomique et des infrastructures, un mieux-\u00eatre est constat\u00e9. Ces avanc\u00e9es rapprochent le Togo des Objectifs de d\u00e9veloppement durable. La conclusion est donc que la gouvernance choisie par les dirigeants est au service des populations.<\/p>\n\n\n\n<p class=\"wp-block-paragraph\"><strong>Ali Samba <em>(<\/em>In LE MEDIUM n\u00b0637 du 24 au 30 D\u00e9cembre 2024)<\/strong><\/p>\n\n\n\n<p class=\"wp-block-paragraph\"><strong><em>@macite.tg&nbsp;&nbsp;&nbsp;&nbsp;&nbsp;&nbsp;&nbsp;&nbsp;<\/em><\/strong><\/p>\n\n\n\n<p class=\"wp-block-paragraph\"><strong><em>E-mail&nbsp;: <\/em><\/strong><a href=\"mailto:maciteinfo@gmail.com\"><strong><em>maciteinfo@gmail.com<\/em><\/strong><\/a><strong><em>; <\/em><\/strong><a href=\"mailto:bawela1@gmail.com\"><strong><em>bawela1@gmail.com<\/em><\/strong><\/a><strong><em><\/em><\/strong><\/p>\n\n\n\n<p class=\"wp-block-paragraph\"><strong><em>Pour vos annonces, (publi)reportages, etc., joignez-nous au (00228)91515309\/<strong>79872224 <\/strong>www.macite.tg, L\u2019information, la bonne&nbsp;!<\/em><\/strong><\/p>\n","protected":false},"excerpt":{"rendered":"<p class=\"text-justify mb-2\" >La gouvernance au Togo est tourn\u00e9e vers le bien-\u00eatre collectif. Depuis son accession \u00e0 la pr\u00e9sidence en 2005, Faure Gnassingb\u00e9 priorise le d\u00e9veloppement humain. Sur sa demande, le Togo met constamment en \u0153uvre des r\u00e9formes audacieuses et multisectorielles qui visent \u00e0 am\u00e9liorer les conditions de [&hellip;]<\/p>\n","protected":false},"author":2,"featured_media":18899,"comment_status":"open","ping_status":"open","sticky":false,"template":"","format":"standard","meta":{"footnotes":""},"categories":[20,15],"tags":[],"class_list":["post-18895","post","type-post","status-publish","format-standard","has-post-thumbnail","hentry","category-actualite","category-developpement"],"yoast_head":"<!-- This site is optimized with the Yoast SEO plugin v28.4 - https:\/\/yoast.com\/product\/yoast-seo-wordpress\/ -->\n<title>DEVELOPPEMENT HUMAIN\u00a0: Le socle de la politique de Faure Gnassingb\u00e9 -<\/title>\n<meta name=\"robots\" content=\"index, follow, max-snippet:-1, max-image-preview:large, max-video-preview:-1\" \/>\n<link rel=\"canonical\" href=\"https:\/\/macite.tg\/?p=18895\" \/>\n<meta property=\"og:locale\" content=\"fr_FR\" \/>\n<meta property=\"og:type\" content=\"article\" \/>\n<meta property=\"og:title\" content=\"DEVELOPPEMENT HUMAIN\u00a0: Le socle de la politique de Faure Gnassingb\u00e9 -\" \/>\n<meta property=\"og:description\" content=\"La gouvernance au Togo est tourn\u00e9e vers le bien-\u00eatre collectif. Depuis son accession \u00e0 la pr\u00e9sidence en 2005, Faure Gnassingb\u00e9 priorise le d\u00e9veloppement humain. Sur sa demande, le Togo met constamment en \u0153uvre des r\u00e9formes audacieuses et multisectorielles qui visent \u00e0 am\u00e9liorer les conditions de [&hellip;]\" \/>\n<meta property=\"og:url\" content=\"https:\/\/macite.tg\/?p=18895\" \/>\n<meta property=\"article:published_time\" content=\"2024-12-26T15:13:48+00:00\" \/>\n<meta property=\"article:modified_time\" content=\"2024-12-26T15:14:00+00:00\" \/>\n<meta property=\"og:image\" content=\"https:\/\/macite.tg\/wp-content\/uploads\/2024\/12\/image-50.png\" \/>\n\t<meta property=\"og:image:width\" content=\"339\" \/>\n\t<meta property=\"og:image:height\" content=\"270\" \/>\n\t<meta property=\"og:image:type\" content=\"image\/png\" \/>\n<meta name=\"author\" content=\"Jean Pierre BAWELA\" \/>\n<meta name=\"twitter:card\" content=\"summary_large_image\" \/>\n<meta name=\"twitter:label1\" content=\"\u00c9crit par\" \/>\n\t<meta name=\"twitter:data1\" content=\"Jean Pierre BAWELA\" \/>\n\t<meta name=\"twitter:label2\" content=\"Dur\u00e9e de lecture estim\u00e9e\" \/>\n\t<meta name=\"twitter:data2\" content=\"3 minutes\" \/>\n<script type=\"application\/ld+json\" class=\"yoast-schema-graph\">{\"@context\":\"https:\\\/\\\/schema.org\",\"@graph\":[{\"@type\":\"Article\",\"@id\":\"https:\\\/\\\/macite.tg\\\/?p=18895#article\",\"isPartOf\":{\"@id\":\"https:\\\/\\\/macite.tg\\\/?p=18895\"},\"author\":{\"name\":\"Jean Pierre BAWELA\",\"@id\":\"https:\\\/\\\/macite.tg\\\/#\\\/schema\\\/person\\\/e9f2de7e5dbbe7770a9402c7ce82f5c2\"},\"headline\":\"DEVELOPPEMENT HUMAIN\u00a0: Le socle de la politique de Faure Gnassingb\u00e9\",\"datePublished\":\"2024-12-26T15:13:48+00:00\",\"dateModified\":\"2024-12-26T15:14:00+00:00\",\"mainEntityOfPage\":{\"@id\":\"https:\\\/\\\/macite.tg\\\/?p=18895\"},\"wordCount\":562,\"commentCount\":0,\"image\":{\"@id\":\"https:\\\/\\\/macite.tg\\\/?p=18895#primaryimage\"},\"thumbnailUrl\":\"https:\\\/\\\/macite.tg\\\/wp-content\\\/uploads\\\/2024\\\/12\\\/image-50.png\",\"articleSection\":[\"ACTUALITE\",\"DEVELOPPEMENT\"],\"inLanguage\":\"fr-FR\",\"potentialAction\":[{\"@type\":\"CommentAction\",\"name\":\"Comment\",\"target\":[\"https:\\\/\\\/macite.tg\\\/?p=18895#respond\"]}]},{\"@type\":\"WebPage\",\"@id\":\"https:\\\/\\\/macite.tg\\\/?p=18895\",\"url\":\"https:\\\/\\\/macite.tg\\\/?p=18895\",\"name\":\"DEVELOPPEMENT HUMAIN\u00a0: Le socle de la politique de Faure Gnassingb\u00e9 -\",\"isPartOf\":{\"@id\":\"https:\\\/\\\/macite.tg\\\/#website\"},\"primaryImageOfPage\":{\"@id\":\"https:\\\/\\\/macite.tg\\\/?p=18895#primaryimage\"},\"image\":{\"@id\":\"https:\\\/\\\/macite.tg\\\/?p=18895#primaryimage\"},\"thumbnailUrl\":\"https:\\\/\\\/macite.tg\\\/wp-content\\\/uploads\\\/2024\\\/12\\\/image-50.png\",\"datePublished\":\"2024-12-26T15:13:48+00:00\",\"dateModified\":\"2024-12-26T15:14:00+00:00\",\"author\":{\"@id\":\"https:\\\/\\\/macite.tg\\\/#\\\/schema\\\/person\\\/e9f2de7e5dbbe7770a9402c7ce82f5c2\"},\"breadcrumb\":{\"@id\":\"https:\\\/\\\/macite.tg\\\/?p=18895#breadcrumb\"},\"inLanguage\":\"fr-FR\",\"potentialAction\":[{\"@type\":\"ReadAction\",\"target\":[\"https:\\\/\\\/macite.tg\\\/?p=18895\"]}]},{\"@type\":\"ImageObject\",\"inLanguage\":\"fr-FR\",\"@id\":\"https:\\\/\\\/macite.tg\\\/?p=18895#primaryimage\",\"url\":\"https:\\\/\\\/macite.tg\\\/wp-content\\\/uploads\\\/2024\\\/12\\\/image-50.png\",\"contentUrl\":\"https:\\\/\\\/macite.tg\\\/wp-content\\\/uploads\\\/2024\\\/12\\\/image-50.png\",\"width\":339,\"height\":270,\"caption\":\"Le Pr\u00e9sident Faure Gnassingb\u00e9\"},{\"@type\":\"BreadcrumbList\",\"@id\":\"https:\\\/\\\/macite.tg\\\/?p=18895#breadcrumb\",\"itemListElement\":[{\"@type\":\"ListItem\",\"position\":1,\"name\":\"Accueil\",\"item\":\"https:\\\/\\\/macite.tg\\\/\"},{\"@type\":\"ListItem\",\"position\":2,\"name\":\"DEVELOPPEMENT HUMAIN\u00a0: Le socle de la politique de Faure Gnassingb\u00e9\"}]},{\"@type\":\"WebSite\",\"@id\":\"https:\\\/\\\/macite.tg\\\/#website\",\"url\":\"https:\\\/\\\/macite.tg\\\/\",\"name\":\"\",\"description\":\"L&#039;information, la bonne!!!\",\"potentialAction\":[{\"@type\":\"SearchAction\",\"target\":{\"@type\":\"EntryPoint\",\"urlTemplate\":\"https:\\\/\\\/macite.tg\\\/?s={search_term_string}\"},\"query-input\":{\"@type\":\"PropertyValueSpecification\",\"valueRequired\":true,\"valueName\":\"search_term_string\"}}],\"inLanguage\":\"fr-FR\"},{\"@type\":\"Person\",\"@id\":\"https:\\\/\\\/macite.tg\\\/#\\\/schema\\\/person\\\/e9f2de7e5dbbe7770a9402c7ce82f5c2\",\"name\":\"Jean Pierre BAWELA\",\"image\":{\"@type\":\"ImageObject\",\"inLanguage\":\"fr-FR\",\"@id\":\"https:\\\/\\\/macite.tg\\\/wp-content\\\/uploads\\\/2023\\\/09\\\/WhatsApp-Image-2023-09-19-at-14.44.41-122x122.jpeg\",\"url\":\"https:\\\/\\\/macite.tg\\\/wp-content\\\/uploads\\\/2023\\\/09\\\/WhatsApp-Image-2023-09-19-at-14.44.41-122x122.jpeg\",\"contentUrl\":\"https:\\\/\\\/macite.tg\\\/wp-content\\\/uploads\\\/2023\\\/09\\\/WhatsApp-Image-2023-09-19-at-14.44.41-122x122.jpeg\",\"caption\":\"Jean Pierre BAWELA\"},\"url\":\"https:\\\/\\\/macite.tg\\\/?author=2\"}]}<\/script>\n<!-- \/ Yoast SEO plugin. -->","yoast_head_json":{"title":"DEVELOPPEMENT HUMAIN\u00a0: Le socle de la politique de Faure Gnassingb\u00e9 -","robots":{"index":"index","follow":"follow","max-snippet":"max-snippet:-1","max-image-preview":"max-image-preview:large","max-video-preview":"max-video-preview:-1"},"canonical":"https:\/\/macite.tg\/?p=18895","og_locale":"fr_FR","og_type":"article","og_title":"DEVELOPPEMENT HUMAIN\u00a0: Le socle de la politique de Faure Gnassingb\u00e9 -","og_description":"La gouvernance au Togo est tourn\u00e9e vers le bien-\u00eatre collectif. Depuis son accession \u00e0 la pr\u00e9sidence en 2005, Faure Gnassingb\u00e9 priorise le d\u00e9veloppement humain. Sur sa demande, le Togo met constamment en \u0153uvre des r\u00e9formes audacieuses et multisectorielles qui visent \u00e0 am\u00e9liorer les conditions de [&hellip;]","og_url":"https:\/\/macite.tg\/?p=18895","article_published_time":"2024-12-26T15:13:48+00:00","article_modified_time":"2024-12-26T15:14:00+00:00","og_image":[{"width":339,"height":270,"url":"https:\/\/macite.tg\/wp-content\/uploads\/2024\/12\/image-50.png","type":"image\/png"}],"author":"Jean Pierre BAWELA","twitter_card":"summary_large_image","twitter_misc":{"\u00c9crit par":"Jean Pierre BAWELA","Dur\u00e9e de lecture estim\u00e9e":"3 minutes"},"schema":{"@context":"https:\/\/schema.org","@graph":[{"@type":"Article","@id":"https:\/\/macite.tg\/?p=18895#article","isPartOf":{"@id":"https:\/\/macite.tg\/?p=18895"},"author":{"name":"Jean Pierre BAWELA","@id":"https:\/\/macite.tg\/#\/schema\/person\/e9f2de7e5dbbe7770a9402c7ce82f5c2"},"headline":"DEVELOPPEMENT HUMAIN\u00a0: Le socle de la politique de Faure Gnassingb\u00e9","datePublished":"2024-12-26T15:13:48+00:00","dateModified":"2024-12-26T15:14:00+00:00","mainEntityOfPage":{"@id":"https:\/\/macite.tg\/?p=18895"},"wordCount":562,"commentCount":0,"image":{"@id":"https:\/\/macite.tg\/?p=18895#primaryimage"},"thumbnailUrl":"https:\/\/macite.tg\/wp-content\/uploads\/2024\/12\/image-50.png","articleSection":["ACTUALITE","DEVELOPPEMENT"],"inLanguage":"fr-FR","potentialAction":[{"@type":"CommentAction","name":"Comment","target":["https:\/\/macite.tg\/?p=18895#respond"]}]},{"@type":"WebPage","@id":"https:\/\/macite.tg\/?p=18895","url":"https:\/\/macite.tg\/?p=18895","name":"DEVELOPPEMENT HUMAIN\u00a0: Le socle de la politique de Faure Gnassingb\u00e9 -","isPartOf":{"@id":"https:\/\/macite.tg\/#website"},"primaryImageOfPage":{"@id":"https:\/\/macite.tg\/?p=18895#primaryimage"},"image":{"@id":"https:\/\/macite.tg\/?p=18895#primaryimage"},"thumbnailUrl":"https:\/\/macite.tg\/wp-content\/uploads\/2024\/12\/image-50.png","datePublished":"2024-12-26T15:13:48+00:00","dateModified":"2024-12-26T15:14:00+00:00","author":{"@id":"https:\/\/macite.tg\/#\/schema\/person\/e9f2de7e5dbbe7770a9402c7ce82f5c2"},"breadcrumb":{"@id":"https:\/\/macite.tg\/?p=18895#breadcrumb"},"inLanguage":"fr-FR","potentialAction":[{"@type":"ReadAction","target":["https:\/\/macite.tg\/?p=18895"]}]},{"@type":"ImageObject","inLanguage":"fr-FR","@id":"https:\/\/macite.tg\/?p=18895#primaryimage","url":"https:\/\/macite.tg\/wp-content\/uploads\/2024\/12\/image-50.png","contentUrl":"https:\/\/macite.tg\/wp-content\/uploads\/2024\/12\/image-50.png","width":339,"height":270,"caption":"Le Pr\u00e9sident Faure Gnassingb\u00e9"},{"@type":"BreadcrumbList","@id":"https:\/\/macite.tg\/?p=18895#breadcrumb","itemListElement":[{"@type":"ListItem","position":1,"name":"Accueil","item":"https:\/\/macite.tg\/"},{"@type":"ListItem","position":2,"name":"DEVELOPPEMENT HUMAIN\u00a0: Le socle de la politique de Faure Gnassingb\u00e9"}]},{"@type":"WebSite","@id":"https:\/\/macite.tg\/#website","url":"https:\/\/macite.tg\/","name":"","description":"L&#039;information, la bonne!!!","potentialAction":[{"@type":"SearchAction","target":{"@type":"EntryPoint","urlTemplate":"https:\/\/macite.tg\/?s={search_term_string}"},"query-input":{"@type":"PropertyValueSpecification","valueRequired":true,"valueName":"search_term_string"}}],"inLanguage":"fr-FR"},{"@type":"Person","@id":"https:\/\/macite.tg\/#\/schema\/person\/e9f2de7e5dbbe7770a9402c7ce82f5c2","name":"Jean Pierre BAWELA","image":{"@type":"ImageObject","inLanguage":"fr-FR","@id":"https:\/\/macite.tg\/wp-content\/uploads\/2023\/09\/WhatsApp-Image-2023-09-19-at-14.44.41-122x122.jpeg","url":"https:\/\/macite.tg\/wp-content\/uploads\/2023\/09\/WhatsApp-Image-2023-09-19-at-14.44.41-122x122.jpeg","contentUrl":"https:\/\/macite.tg\/wp-content\/uploads\/2023\/09\/WhatsApp-Image-2023-09-19-at-14.44.41-122x122.jpeg","caption":"Jean Pierre BAWELA"},"url":"https:\/\/macite.tg\/?author=2"}]}},"_links":{"self":[{"href":"https:\/\/macite.tg\/index.php?rest_route=\/wp\/v2\/posts\/18895","targetHints":{"allow":["GET"]}}],"collection":[{"href":"https:\/\/macite.tg\/index.php?rest_route=\/wp\/v2\/posts"}],"about":[{"href":"https:\/\/macite.tg\/index.php?rest_route=\/wp\/v2\/types\/post"}],"author":[{"embeddable":true,"href":"https:\/\/macite.tg\/index.php?rest_route=\/wp\/v2\/users\/2"}],"replies":[{"embeddable":true,"href":"https:\/\/macite.tg\/index.php?rest_route=%2Fwp%2Fv2%2Fcomments&post=18895"}],"version-history":[{"count":0,"href":"https:\/\/macite.tg\/index.php?rest_route=\/wp\/v2\/posts\/18895\/revisions"}],"wp:featuredmedia":[{"embeddable":true,"href":"https:\/\/macite.tg\/index.php?rest_route=\/wp\/v2\/media\/18899"}],"wp:attachment":[{"href":"https:\/\/macite.tg\/index.php?rest_route=%2Fwp%2Fv2%2Fmedia&parent=18895"}],"wp:term":[{"taxonomy":"category","embeddable":true,"href":"https:\/\/macite.tg\/index.php?rest_route=%2Fwp%2Fv2%2Fcategories&post=18895"},{"taxonomy":"post_tag","embeddable":true,"href":"https:\/\/macite.tg\/index.php?rest_route=%2Fwp%2Fv2%2Ftags&post=18895"}],"curies":[{"name":"wp","href":"https:\/\/api.w.org\/{rel}","templated":true}]}}