{"id":18887,"date":"2024-12-26T10:52:34","date_gmt":"2024-12-26T10:52:34","guid":{"rendered":"https:\/\/macite.tg\/?p=18887"},"modified":"2024-12-26T10:53:23","modified_gmt":"2024-12-26T10:53:23","slug":"noel-2024-le-president-faure-gnassingbe-a-celebre-la-fete-de-la-nativite-aux-cotes-des-forces-de-defense","status":"publish","type":"post","link":"https:\/\/macite.tg\/?p=18887","title":{"rendered":"NO\u00cbL 2024\u00a0: Le Pr\u00e9sident Faure Gnassingb\u00e9 aux c\u00f4t\u00e9s des forces de d\u00e9fense"},"content":{"rendered":"\n<p class=\"wp-block-paragraph\"><strong><em>Ce serait une f\u00eate de No\u00ebl assez particuli\u00e8re, pour les forces de d\u00e9fense et de s\u00e9curit\u00e9 sur le front dans la r\u00e9gion des Savanes. Hier mercredi 25 d\u00e9cembre, ces troupes d\u00e9ploy\u00e9es au front, ont re\u00e7u la visite surprise du Chef de l\u2019Etat.<\/em><\/strong><\/p>\n\n\n\n<p class=\"wp-block-paragraph\">Hier mercredi 25 d\u00e9cembre, le Chef de l\u2019Etat a effectu\u00e9 une visite surprise aux forces de d\u00e9fense et de s\u00e9curit\u00e9 du Poste de commandement op\u00e9rationnel (Pco) de Koundjoar\u00e9, et du Poste de combat avanc\u00e9 (Pca) de Gbamonte, dans la r\u00e9gion des Savanes.<\/p>\n\n\n<div class=\"wp-block-image\">\n<figure class=\"aligncenter size-full is-resized\"><img loading=\"lazy\" decoding=\"async\" src=\"https:\/\/macite.tg\/wp-content\/uploads\/2024\/12\/5a544e5d-581f-45bf-bf3a-da906fff48af.jpg\" alt=\"\" class=\"wp-image-18888\" width=\"642\" height=\"429\" srcset=\"https:\/\/macite.tg\/wp-content\/uploads\/2024\/12\/5a544e5d-581f-45bf-bf3a-da906fff48af.jpg 500w, https:\/\/macite.tg\/wp-content\/uploads\/2024\/12\/5a544e5d-581f-45bf-bf3a-da906fff48af-300x200.jpg 300w, https:\/\/macite.tg\/wp-content\/uploads\/2024\/12\/5a544e5d-581f-45bf-bf3a-da906fff48af-112x75.jpg 112w, https:\/\/macite.tg\/wp-content\/uploads\/2024\/12\/5a544e5d-581f-45bf-bf3a-da906fff48af-425x283.jpg 425w, https:\/\/macite.tg\/wp-content\/uploads\/2024\/12\/5a544e5d-581f-45bf-bf3a-da906fff48af-430x287.jpg 430w\" sizes=\"auto, (max-width: 642px) 100vw, 642px\" \/><figcaption class=\"wp-element-caption\"><em><strong>Photo de famille \u00e0 l&rsquo;issue d ela visite surprise du Chef de l&rsquo;Etat au front dans les Savanes.<\/strong><\/em><\/figcaption><\/figure>\n<\/div>\n\n\n<p class=\"wp-block-paragraph\">Cette visite du Chef des arm\u00e9es, se veut de partager la c\u00e9l\u00e9bration de la f\u00eate de la Nativit\u00e9 (No\u00ebl) avec les troupes d\u00e9ploy\u00e9s au front, tout en leur apportant le soutien moral n\u00e9cessaire pour la poursuite des op\u00e9rations.<\/p>\n\n\n\n<p class=\"wp-block-paragraph\">Apr\u00e8s les avoir f\u00e9licit\u00e9s pour leur professionnalisme et leur efficacit\u00e9 sur le terrain, le Pr\u00e9sident Faure Gnassingb\u00e9 leur a renouvel\u00e9 son soutien et sa confiance. Mais pas que \u00e7a. Le Chef des arm\u00e9es a saisi l\u2019occasion pour donner de nouvelles orientations aux troupes, dans l\u2019optique qu\u2019elles puissent poursuivre efficacement leur mission de d\u00e9fendre l\u2019int\u00e9grit\u00e9 territoriale, mais aussi et surtout pr\u00e9munir le Togo contre les menaces s\u00e9curitaires.&nbsp;<\/p>\n\n\n<div class=\"wp-block-image\">\n<figure class=\"aligncenter size-large is-resized\"><img loading=\"lazy\" decoding=\"async\" src=\"https:\/\/macite.tg\/wp-content\/uploads\/2024\/12\/1adfbb6f-8c7a-4acf-8855-6c3395264464-742x1024.jpg\" alt=\"\" class=\"wp-image-18890\" width=\"446\" height=\"616\" srcset=\"https:\/\/macite.tg\/wp-content\/uploads\/2024\/12\/1adfbb6f-8c7a-4acf-8855-6c3395264464-742x1024.jpg 742w, https:\/\/macite.tg\/wp-content\/uploads\/2024\/12\/1adfbb6f-8c7a-4acf-8855-6c3395264464-218x300.jpg 218w, https:\/\/macite.tg\/wp-content\/uploads\/2024\/12\/1adfbb6f-8c7a-4acf-8855-6c3395264464-768x1059.jpg 768w, https:\/\/macite.tg\/wp-content\/uploads\/2024\/12\/1adfbb6f-8c7a-4acf-8855-6c3395264464.jpg 783w\" sizes=\"auto, (max-width: 446px) 100vw, 446px\" \/><\/figure>\n<\/div>\n\n\n<p class=\"wp-block-paragraph\">Mise en place depuis septembre 2018, l\u2019Op\u00e9ration militaire Koundjoar\u00e9 vise \u00e0 lutter contre l\u2019ins\u00e9curit\u00e9 et les menaces terroristes au Togo, notamment dans l\u2019extr\u00eame nord du pays.<\/p>\n\n\n\n<p class=\"wp-block-paragraph\"><strong>JPB<\/strong><\/p>\n\n\n\n<p class=\"wp-block-paragraph\"><a><strong><em>@macite.tg&nbsp;&nbsp;&nbsp;&nbsp;&nbsp;&nbsp;&nbsp;&nbsp;<\/em><\/strong><\/a><\/p>\n\n\n\n<p class=\"wp-block-paragraph\"><strong><em>E-mail&nbsp;: <\/em><\/strong><a href=\"mailto:maciteinfo@gmail.com\"><strong><em>maciteinfo@gmail.com<\/em><\/strong><\/a><strong><em>; <\/em><\/strong><a href=\"mailto:bawela1@gmail.com\"><strong><em>bawela1@gmail.com<\/em><\/strong><\/a><strong><em><\/em><\/strong><\/p>\n\n\n\n<p class=\"wp-block-paragraph\"><strong><em>Pour vos annonces, (publi)reportages, etc., joignez-nous au (00228)91515309\/<strong>79872224 <\/strong>www.macite.tg, L\u2019information, la bonne&nbsp;!<\/em><\/strong><\/p>\n","protected":false},"excerpt":{"rendered":"<p class=\"text-justify mb-2\" >Ce serait une f\u00eate de No\u00ebl assez particuli\u00e8re, pour les forces de d\u00e9fense et de s\u00e9curit\u00e9 sur le front dans la r\u00e9gion des Savanes. Hier mercredi 25 d\u00e9cembre, ces troupes d\u00e9ploy\u00e9es au front, ont re\u00e7u la visite surprise du Chef de l\u2019Etat. Hier mercredi 25 [&hellip;]<\/p>\n","protected":false},"author":2,"featured_media":18889,"comment_status":"open","ping_status":"open","sticky":false,"template":"","format":"standard","meta":{"footnotes":""},"categories":[20,28],"tags":[],"class_list":["post-18887","post","type-post","status-publish","format-standard","has-post-thumbnail","hentry","category-actualite","category-securite"],"yoast_head":"<!-- This site is optimized with the Yoast SEO plugin v28.4 - https:\/\/yoast.com\/product\/yoast-seo-wordpress\/ -->\n<title>NO\u00cbL 2024\u00a0: Le Pr\u00e9sident Faure Gnassingb\u00e9 aux c\u00f4t\u00e9s des forces de d\u00e9fense -<\/title>\n<meta name=\"robots\" content=\"index, follow, max-snippet:-1, max-image-preview:large, max-video-preview:-1\" \/>\n<link rel=\"canonical\" href=\"https:\/\/macite.tg\/?p=18887\" \/>\n<meta property=\"og:locale\" content=\"fr_FR\" \/>\n<meta property=\"og:type\" content=\"article\" \/>\n<meta property=\"og:title\" content=\"NO\u00cbL 2024\u00a0: Le Pr\u00e9sident Faure Gnassingb\u00e9 aux c\u00f4t\u00e9s des forces de d\u00e9fense -\" \/>\n<meta property=\"og:description\" content=\"Ce serait une f\u00eate de No\u00ebl assez particuli\u00e8re, pour les forces de d\u00e9fense et de s\u00e9curit\u00e9 sur le front dans la r\u00e9gion des Savanes. Hier mercredi 25 d\u00e9cembre, ces troupes d\u00e9ploy\u00e9es au front, ont re\u00e7u la visite surprise du Chef de l\u2019Etat. Hier mercredi 25 [&hellip;]\" \/>\n<meta property=\"og:url\" content=\"https:\/\/macite.tg\/?p=18887\" \/>\n<meta property=\"article:published_time\" content=\"2024-12-26T10:52:34+00:00\" \/>\n<meta property=\"article:modified_time\" content=\"2024-12-26T10:53:23+00:00\" \/>\n<meta property=\"og:image\" content=\"https:\/\/macite.tg\/wp-content\/uploads\/2024\/12\/e4db5e79-71e3-4b29-b971-f8e0aaf01017.jpg\" \/>\n\t<meta property=\"og:image:width\" content=\"500\" \/>\n\t<meta property=\"og:image:height\" content=\"334\" \/>\n\t<meta property=\"og:image:type\" content=\"image\/jpeg\" \/>\n<meta name=\"author\" content=\"Jean Pierre BAWELA\" \/>\n<meta name=\"twitter:card\" content=\"summary_large_image\" \/>\n<meta name=\"twitter:label1\" content=\"\u00c9crit par\" \/>\n\t<meta name=\"twitter:data1\" content=\"Jean Pierre BAWELA\" \/>\n\t<meta name=\"twitter:label2\" content=\"Dur\u00e9e de lecture estim\u00e9e\" \/>\n\t<meta name=\"twitter:data2\" content=\"2 minutes\" \/>\n<script type=\"application\/ld+json\" class=\"yoast-schema-graph\">{\"@context\":\"https:\\\/\\\/schema.org\",\"@graph\":[{\"@type\":\"Article\",\"@id\":\"https:\\\/\\\/macite.tg\\\/?p=18887#article\",\"isPartOf\":{\"@id\":\"https:\\\/\\\/macite.tg\\\/?p=18887\"},\"author\":{\"name\":\"Jean Pierre BAWELA\",\"@id\":\"https:\\\/\\\/macite.tg\\\/#\\\/schema\\\/person\\\/e9f2de7e5dbbe7770a9402c7ce82f5c2\"},\"headline\":\"NO\u00cbL 2024\u00a0: Le Pr\u00e9sident Faure Gnassingb\u00e9 aux c\u00f4t\u00e9s des forces de d\u00e9fense\",\"datePublished\":\"2024-12-26T10:52:34+00:00\",\"dateModified\":\"2024-12-26T10:53:23+00:00\",\"mainEntityOfPage\":{\"@id\":\"https:\\\/\\\/macite.tg\\\/?p=18887\"},\"wordCount\":326,\"commentCount\":0,\"image\":{\"@id\":\"https:\\\/\\\/macite.tg\\\/?p=18887#primaryimage\"},\"thumbnailUrl\":\"https:\\\/\\\/macite.tg\\\/wp-content\\\/uploads\\\/2024\\\/12\\\/e4db5e79-71e3-4b29-b971-f8e0aaf01017.jpg\",\"articleSection\":[\"ACTUALITE\",\"SECURITE\"],\"inLanguage\":\"fr-FR\",\"potentialAction\":[{\"@type\":\"CommentAction\",\"name\":\"Comment\",\"target\":[\"https:\\\/\\\/macite.tg\\\/?p=18887#respond\"]}]},{\"@type\":\"WebPage\",\"@id\":\"https:\\\/\\\/macite.tg\\\/?p=18887\",\"url\":\"https:\\\/\\\/macite.tg\\\/?p=18887\",\"name\":\"NO\u00cbL 2024\u00a0: Le Pr\u00e9sident Faure Gnassingb\u00e9 aux c\u00f4t\u00e9s des forces de d\u00e9fense -\",\"isPartOf\":{\"@id\":\"https:\\\/\\\/macite.tg\\\/#website\"},\"primaryImageOfPage\":{\"@id\":\"https:\\\/\\\/macite.tg\\\/?p=18887#primaryimage\"},\"image\":{\"@id\":\"https:\\\/\\\/macite.tg\\\/?p=18887#primaryimage\"},\"thumbnailUrl\":\"https:\\\/\\\/macite.tg\\\/wp-content\\\/uploads\\\/2024\\\/12\\\/e4db5e79-71e3-4b29-b971-f8e0aaf01017.jpg\",\"datePublished\":\"2024-12-26T10:52:34+00:00\",\"dateModified\":\"2024-12-26T10:53:23+00:00\",\"author\":{\"@id\":\"https:\\\/\\\/macite.tg\\\/#\\\/schema\\\/person\\\/e9f2de7e5dbbe7770a9402c7ce82f5c2\"},\"breadcrumb\":{\"@id\":\"https:\\\/\\\/macite.tg\\\/?p=18887#breadcrumb\"},\"inLanguage\":\"fr-FR\",\"potentialAction\":[{\"@type\":\"ReadAction\",\"target\":[\"https:\\\/\\\/macite.tg\\\/?p=18887\"]}]},{\"@type\":\"ImageObject\",\"inLanguage\":\"fr-FR\",\"@id\":\"https:\\\/\\\/macite.tg\\\/?p=18887#primaryimage\",\"url\":\"https:\\\/\\\/macite.tg\\\/wp-content\\\/uploads\\\/2024\\\/12\\\/e4db5e79-71e3-4b29-b971-f8e0aaf01017.jpg\",\"contentUrl\":\"https:\\\/\\\/macite.tg\\\/wp-content\\\/uploads\\\/2024\\\/12\\\/e4db5e79-71e3-4b29-b971-f8e0aaf01017.jpg\",\"width\":500,\"height\":334},{\"@type\":\"BreadcrumbList\",\"@id\":\"https:\\\/\\\/macite.tg\\\/?p=18887#breadcrumb\",\"itemListElement\":[{\"@type\":\"ListItem\",\"position\":1,\"name\":\"Accueil\",\"item\":\"https:\\\/\\\/macite.tg\\\/\"},{\"@type\":\"ListItem\",\"position\":2,\"name\":\"NO\u00cbL 2024\u00a0: Le Pr\u00e9sident Faure Gnassingb\u00e9 aux c\u00f4t\u00e9s des forces de d\u00e9fense\"}]},{\"@type\":\"WebSite\",\"@id\":\"https:\\\/\\\/macite.tg\\\/#website\",\"url\":\"https:\\\/\\\/macite.tg\\\/\",\"name\":\"\",\"description\":\"L&#039;information, la bonne!!!\",\"potentialAction\":[{\"@type\":\"SearchAction\",\"target\":{\"@type\":\"EntryPoint\",\"urlTemplate\":\"https:\\\/\\\/macite.tg\\\/?s={search_term_string}\"},\"query-input\":{\"@type\":\"PropertyValueSpecification\",\"valueRequired\":true,\"valueName\":\"search_term_string\"}}],\"inLanguage\":\"fr-FR\"},{\"@type\":\"Person\",\"@id\":\"https:\\\/\\\/macite.tg\\\/#\\\/schema\\\/person\\\/e9f2de7e5dbbe7770a9402c7ce82f5c2\",\"name\":\"Jean Pierre BAWELA\",\"image\":{\"@type\":\"ImageObject\",\"inLanguage\":\"fr-FR\",\"@id\":\"https:\\\/\\\/macite.tg\\\/wp-content\\\/uploads\\\/2023\\\/09\\\/WhatsApp-Image-2023-09-19-at-14.44.41-122x122.jpeg\",\"url\":\"https:\\\/\\\/macite.tg\\\/wp-content\\\/uploads\\\/2023\\\/09\\\/WhatsApp-Image-2023-09-19-at-14.44.41-122x122.jpeg\",\"contentUrl\":\"https:\\\/\\\/macite.tg\\\/wp-content\\\/uploads\\\/2023\\\/09\\\/WhatsApp-Image-2023-09-19-at-14.44.41-122x122.jpeg\",\"caption\":\"Jean Pierre BAWELA\"},\"url\":\"https:\\\/\\\/macite.tg\\\/?author=2\"}]}<\/script>\n<!-- \/ Yoast SEO plugin. -->","yoast_head_json":{"title":"NO\u00cbL 2024\u00a0: Le Pr\u00e9sident Faure Gnassingb\u00e9 aux c\u00f4t\u00e9s des forces de d\u00e9fense -","robots":{"index":"index","follow":"follow","max-snippet":"max-snippet:-1","max-image-preview":"max-image-preview:large","max-video-preview":"max-video-preview:-1"},"canonical":"https:\/\/macite.tg\/?p=18887","og_locale":"fr_FR","og_type":"article","og_title":"NO\u00cbL 2024\u00a0: Le Pr\u00e9sident Faure Gnassingb\u00e9 aux c\u00f4t\u00e9s des forces de d\u00e9fense -","og_description":"Ce serait une f\u00eate de No\u00ebl assez particuli\u00e8re, pour les forces de d\u00e9fense et de s\u00e9curit\u00e9 sur le front dans la r\u00e9gion des Savanes. Hier mercredi 25 d\u00e9cembre, ces troupes d\u00e9ploy\u00e9es au front, ont re\u00e7u la visite surprise du Chef de l\u2019Etat. Hier mercredi 25 [&hellip;]","og_url":"https:\/\/macite.tg\/?p=18887","article_published_time":"2024-12-26T10:52:34+00:00","article_modified_time":"2024-12-26T10:53:23+00:00","og_image":[{"width":500,"height":334,"url":"https:\/\/macite.tg\/wp-content\/uploads\/2024\/12\/e4db5e79-71e3-4b29-b971-f8e0aaf01017.jpg","type":"image\/jpeg"}],"author":"Jean Pierre BAWELA","twitter_card":"summary_large_image","twitter_misc":{"\u00c9crit par":"Jean Pierre BAWELA","Dur\u00e9e de lecture estim\u00e9e":"2 minutes"},"schema":{"@context":"https:\/\/schema.org","@graph":[{"@type":"Article","@id":"https:\/\/macite.tg\/?p=18887#article","isPartOf":{"@id":"https:\/\/macite.tg\/?p=18887"},"author":{"name":"Jean Pierre BAWELA","@id":"https:\/\/macite.tg\/#\/schema\/person\/e9f2de7e5dbbe7770a9402c7ce82f5c2"},"headline":"NO\u00cbL 2024\u00a0: Le Pr\u00e9sident Faure Gnassingb\u00e9 aux c\u00f4t\u00e9s des forces de d\u00e9fense","datePublished":"2024-12-26T10:52:34+00:00","dateModified":"2024-12-26T10:53:23+00:00","mainEntityOfPage":{"@id":"https:\/\/macite.tg\/?p=18887"},"wordCount":326,"commentCount":0,"image":{"@id":"https:\/\/macite.tg\/?p=18887#primaryimage"},"thumbnailUrl":"https:\/\/macite.tg\/wp-content\/uploads\/2024\/12\/e4db5e79-71e3-4b29-b971-f8e0aaf01017.jpg","articleSection":["ACTUALITE","SECURITE"],"inLanguage":"fr-FR","potentialAction":[{"@type":"CommentAction","name":"Comment","target":["https:\/\/macite.tg\/?p=18887#respond"]}]},{"@type":"WebPage","@id":"https:\/\/macite.tg\/?p=18887","url":"https:\/\/macite.tg\/?p=18887","name":"NO\u00cbL 2024\u00a0: Le Pr\u00e9sident Faure Gnassingb\u00e9 aux c\u00f4t\u00e9s des forces de d\u00e9fense -","isPartOf":{"@id":"https:\/\/macite.tg\/#website"},"primaryImageOfPage":{"@id":"https:\/\/macite.tg\/?p=18887#primaryimage"},"image":{"@id":"https:\/\/macite.tg\/?p=18887#primaryimage"},"thumbnailUrl":"https:\/\/macite.tg\/wp-content\/uploads\/2024\/12\/e4db5e79-71e3-4b29-b971-f8e0aaf01017.jpg","datePublished":"2024-12-26T10:52:34+00:00","dateModified":"2024-12-26T10:53:23+00:00","author":{"@id":"https:\/\/macite.tg\/#\/schema\/person\/e9f2de7e5dbbe7770a9402c7ce82f5c2"},"breadcrumb":{"@id":"https:\/\/macite.tg\/?p=18887#breadcrumb"},"inLanguage":"fr-FR","potentialAction":[{"@type":"ReadAction","target":["https:\/\/macite.tg\/?p=18887"]}]},{"@type":"ImageObject","inLanguage":"fr-FR","@id":"https:\/\/macite.tg\/?p=18887#primaryimage","url":"https:\/\/macite.tg\/wp-content\/uploads\/2024\/12\/e4db5e79-71e3-4b29-b971-f8e0aaf01017.jpg","contentUrl":"https:\/\/macite.tg\/wp-content\/uploads\/2024\/12\/e4db5e79-71e3-4b29-b971-f8e0aaf01017.jpg","width":500,"height":334},{"@type":"BreadcrumbList","@id":"https:\/\/macite.tg\/?p=18887#breadcrumb","itemListElement":[{"@type":"ListItem","position":1,"name":"Accueil","item":"https:\/\/macite.tg\/"},{"@type":"ListItem","position":2,"name":"NO\u00cbL 2024\u00a0: Le Pr\u00e9sident Faure Gnassingb\u00e9 aux c\u00f4t\u00e9s des forces de d\u00e9fense"}]},{"@type":"WebSite","@id":"https:\/\/macite.tg\/#website","url":"https:\/\/macite.tg\/","name":"","description":"L&#039;information, la bonne!!!","potentialAction":[{"@type":"SearchAction","target":{"@type":"EntryPoint","urlTemplate":"https:\/\/macite.tg\/?s={search_term_string}"},"query-input":{"@type":"PropertyValueSpecification","valueRequired":true,"valueName":"search_term_string"}}],"inLanguage":"fr-FR"},{"@type":"Person","@id":"https:\/\/macite.tg\/#\/schema\/person\/e9f2de7e5dbbe7770a9402c7ce82f5c2","name":"Jean Pierre BAWELA","image":{"@type":"ImageObject","inLanguage":"fr-FR","@id":"https:\/\/macite.tg\/wp-content\/uploads\/2023\/09\/WhatsApp-Image-2023-09-19-at-14.44.41-122x122.jpeg","url":"https:\/\/macite.tg\/wp-content\/uploads\/2023\/09\/WhatsApp-Image-2023-09-19-at-14.44.41-122x122.jpeg","contentUrl":"https:\/\/macite.tg\/wp-content\/uploads\/2023\/09\/WhatsApp-Image-2023-09-19-at-14.44.41-122x122.jpeg","caption":"Jean Pierre BAWELA"},"url":"https:\/\/macite.tg\/?author=2"}]}},"_links":{"self":[{"href":"https:\/\/macite.tg\/index.php?rest_route=\/wp\/v2\/posts\/18887","targetHints":{"allow":["GET"]}}],"collection":[{"href":"https:\/\/macite.tg\/index.php?rest_route=\/wp\/v2\/posts"}],"about":[{"href":"https:\/\/macite.tg\/index.php?rest_route=\/wp\/v2\/types\/post"}],"author":[{"embeddable":true,"href":"https:\/\/macite.tg\/index.php?rest_route=\/wp\/v2\/users\/2"}],"replies":[{"embeddable":true,"href":"https:\/\/macite.tg\/index.php?rest_route=%2Fwp%2Fv2%2Fcomments&post=18887"}],"version-history":[{"count":0,"href":"https:\/\/macite.tg\/index.php?rest_route=\/wp\/v2\/posts\/18887\/revisions"}],"wp:featuredmedia":[{"embeddable":true,"href":"https:\/\/macite.tg\/index.php?rest_route=\/wp\/v2\/media\/18889"}],"wp:attachment":[{"href":"https:\/\/macite.tg\/index.php?rest_route=%2Fwp%2Fv2%2Fmedia&parent=18887"}],"wp:term":[{"taxonomy":"category","embeddable":true,"href":"https:\/\/macite.tg\/index.php?rest_route=%2Fwp%2Fv2%2Fcategories&post=18887"},{"taxonomy":"post_tag","embeddable":true,"href":"https:\/\/macite.tg\/index.php?rest_route=%2Fwp%2Fv2%2Ftags&post=18887"}],"curies":[{"name":"wp","href":"https:\/\/api.w.org\/{rel}","templated":true}]}}