{"id":18886,"date":"2024-12-26T11:29:30","date_gmt":"2024-12-26T11:29:30","guid":{"rendered":"https:\/\/macite.tg\/?p=18886"},"modified":"2024-12-26T11:29:44","modified_gmt":"2024-12-26T11:29:44","slug":"solidarite-une-prime-exceptionnelle-aux-fonctionnaires-enseignants-du-confessionnels-et-retraites","status":"publish","type":"post","link":"https:\/\/macite.tg\/?p=18886","title":{"rendered":"SOLIDARITE : Une prime exceptionnelle aux fonctionnaires, enseignants du confessionnels et retrait\u00e9s"},"content":{"rendered":"\n<p class=\"wp-block-paragraph\"><strong><em>Le gouvernement a octroy\u00e9, en cette fin d\u2019ann\u00e9e, une prime sp\u00e9ciale de 60.000 Fcfa aux fonctionnaires, au personnel de l\u2019enseignement confessionnel, et aux pensionn\u00e9s de la Caisse de Retraites du Togo (Crt).\u00a0<\/em><\/strong><\/p>\n\n\n\n<p class=\"wp-block-paragraph\">Sur instruction du Pr\u00e9sident de la R\u00e9publique, Faure Essozimna Gnassingb\u00e9, l\u2019ex\u00e9cutif togolais a octroy\u00e9, \u00e0 titre exceptionnel pour le mois de d\u00e9cembre 2024, une prime sp\u00e9ciale de 60.000 Fccfa, \u00e0 une frange de la population togolaise. Il s\u2019agit des fonctionnaires, du personnel de l\u2019enseignement confessionnel, et les pensionn\u00e9s de la Caisse de retraite du Togo (Crt).<\/p>\n\n\n<div class=\"wp-block-image\">\n<figure class=\"aligncenter size-full\"><img loading=\"lazy\" decoding=\"async\" width=\"768\" height=\"319\" src=\"https:\/\/macite.tg\/wp-content\/uploads\/2024\/12\/ANNONCES-1-768x319-2.jpg\" alt=\"\" class=\"wp-image-18679\" srcset=\"https:\/\/macite.tg\/wp-content\/uploads\/2024\/12\/ANNONCES-1-768x319-2.jpg 768w, https:\/\/macite.tg\/wp-content\/uploads\/2024\/12\/ANNONCES-1-768x319-2-300x125.jpg 300w\" sizes=\"auto, (max-width: 768px) 100vw, 768px\" \/><\/figure>\n<\/div>\n\n\n<p class=\"wp-block-paragraph\">Cette mesure, souligne-t-on, s\u2019inscrit dans le cadre des efforts du gouvernement de renforcer le pouvoir d\u2019achat des m\u00e9nages, et de promotion de la solidarit\u00e9, de l\u2019inclusion et le soutien aux concitoyens, sp\u00e9cialement en ces p\u00e9riodes festives.<\/p>\n\n\n\n<p class=\"wp-block-paragraph\">Ce geste de g\u00e9n\u00e9rosit\u00e9, qui repr\u00e9sente un effort budg\u00e9taire de quelque 7,85 milliards de francs Cfa, a pour ambition de contribuer \u00e0 b\u00e2tir un Togo r\u00e9silient, inclusif et orient\u00e9 vers un d\u00e9veloppement durable, tout en r\u00e9pondant aux attentes des populations.&nbsp;<\/p>\n\n\n<div class=\"wp-block-image\">\n<figure class=\"aligncenter size-large is-resized\"><img loading=\"lazy\" decoding=\"async\" src=\"https:\/\/macite.tg\/wp-content\/uploads\/2024\/12\/1adfbb6f-8c7a-4acf-8855-6c3395264464-742x1024.jpg\" alt=\"\" class=\"wp-image-18890\" width=\"462\" height=\"638\" srcset=\"https:\/\/macite.tg\/wp-content\/uploads\/2024\/12\/1adfbb6f-8c7a-4acf-8855-6c3395264464-742x1024.jpg 742w, https:\/\/macite.tg\/wp-content\/uploads\/2024\/12\/1adfbb6f-8c7a-4acf-8855-6c3395264464-218x300.jpg 218w, https:\/\/macite.tg\/wp-content\/uploads\/2024\/12\/1adfbb6f-8c7a-4acf-8855-6c3395264464-768x1059.jpg 768w, https:\/\/macite.tg\/wp-content\/uploads\/2024\/12\/1adfbb6f-8c7a-4acf-8855-6c3395264464.jpg 783w\" sizes=\"auto, (max-width: 462px) 100vw, 462px\" \/><\/figure>\n<\/div>\n\n\n<p class=\"wp-block-paragraph\">Notons que le souhait du Pr\u00e9sident de la R\u00e9publique est que \u00ab&nbsp;<em>l\u2019ann\u00e9e 2025 soit plac\u00e9e sous le signe de l\u2019espoir, de la d\u00e9termination et d\u2019un engagement collectif pour un avenir meilleur&nbsp;\u00bb. <\/em>Et dans ce sens, chaque Togolais est appel\u00e9 \u00e0 faire de ces f\u00eates de fin d\u2019ann\u00e9es, un moment de partage et de renforcement des liens sociaux.<\/p>\n\n\n\n<p class=\"wp-block-paragraph\"><em>Excellentes f\u00eates de fin d\u2019ann\u00e9e \u00e0 tous&nbsp;!<\/em><\/p>\n\n\n\n<p class=\"wp-block-paragraph\"><strong>JPB<\/strong><\/p>\n\n\n\n<p class=\"wp-block-paragraph\"><a><strong><em>@macite.tg&nbsp;&nbsp;&nbsp;&nbsp;&nbsp;&nbsp;&nbsp;&nbsp;<\/em><\/strong><\/a><\/p>\n\n\n\n<p class=\"wp-block-paragraph\"><strong><em>E-mail&nbsp;: <\/em><\/strong><a href=\"mailto:maciteinfo@gmail.com\"><strong><em>maciteinfo@gmail.com<\/em><\/strong><\/a><strong><em>; <\/em><\/strong><a href=\"mailto:bawela1@gmail.com\"><strong><em>bawela1@gmail.com<\/em><\/strong><\/a><strong><em><\/em><\/strong><\/p>\n\n\n\n<p class=\"wp-block-paragraph\"><strong><em>Pour vos annonces, (publi)reportages, etc., joignez-nous au (00228)91515309\/<strong>79872224 <\/strong>www.macite.tg, L\u2019information, la bonne&nbsp;!<\/em><\/strong><\/p>\n","protected":false},"excerpt":{"rendered":"<p class=\"text-justify mb-2\" >Le gouvernement a octroy\u00e9, en cette fin d\u2019ann\u00e9e, une prime sp\u00e9ciale de 60.000 Fcfa aux fonctionnaires, au personnel de l\u2019enseignement confessionnel, et aux pensionn\u00e9s de la Caisse de Retraites du Togo (Crt).\u00a0 Sur instruction du Pr\u00e9sident de la R\u00e9publique, Faure Essozimna Gnassingb\u00e9, l\u2019ex\u00e9cutif togolais a [&hellip;]<\/p>\n","protected":false},"author":2,"featured_media":18893,"comment_status":"open","ping_status":"open","sticky":false,"template":"","format":"standard","meta":{"footnotes":""},"categories":[20,6],"tags":[],"class_list":["post-18886","post","type-post","status-publish","format-standard","has-post-thumbnail","hentry","category-actualite","category-societe"],"yoast_head":"<!-- This site is optimized with the Yoast SEO plugin v28.4 - https:\/\/yoast.com\/product\/yoast-seo-wordpress\/ -->\n<title>SOLIDARITE : Une prime exceptionnelle aux fonctionnaires, enseignants du confessionnels et retrait\u00e9s -<\/title>\n<meta name=\"robots\" content=\"index, follow, max-snippet:-1, max-image-preview:large, max-video-preview:-1\" \/>\n<link rel=\"canonical\" href=\"https:\/\/macite.tg\/?p=18886\" \/>\n<meta property=\"og:locale\" content=\"fr_FR\" \/>\n<meta property=\"og:type\" content=\"article\" \/>\n<meta property=\"og:title\" content=\"SOLIDARITE : Une prime exceptionnelle aux fonctionnaires, enseignants du confessionnels et retrait\u00e9s -\" \/>\n<meta property=\"og:description\" content=\"Le gouvernement a octroy\u00e9, en cette fin d\u2019ann\u00e9e, une prime sp\u00e9ciale de 60.000 Fcfa aux fonctionnaires, au personnel de l\u2019enseignement confessionnel, et aux pensionn\u00e9s de la Caisse de Retraites du Togo (Crt).\u00a0 Sur instruction du Pr\u00e9sident de la R\u00e9publique, Faure Essozimna Gnassingb\u00e9, l\u2019ex\u00e9cutif togolais a [&hellip;]\" \/>\n<meta property=\"og:url\" content=\"https:\/\/macite.tg\/?p=18886\" \/>\n<meta property=\"article:published_time\" content=\"2024-12-26T11:29:30+00:00\" \/>\n<meta property=\"article:modified_time\" content=\"2024-12-26T11:29:44+00:00\" \/>\n<meta property=\"og:image\" content=\"https:\/\/macite.tg\/wp-content\/uploads\/2024\/12\/FEG.jpg\" \/>\n\t<meta property=\"og:image:width\" content=\"500\" \/>\n\t<meta property=\"og:image:height\" content=\"360\" \/>\n\t<meta property=\"og:image:type\" content=\"image\/jpeg\" \/>\n<meta name=\"author\" content=\"Jean Pierre BAWELA\" \/>\n<meta name=\"twitter:card\" content=\"summary_large_image\" \/>\n<meta name=\"twitter:label1\" content=\"\u00c9crit par\" \/>\n\t<meta name=\"twitter:data1\" content=\"Jean Pierre BAWELA\" \/>\n\t<meta name=\"twitter:label2\" content=\"Dur\u00e9e de lecture estim\u00e9e\" \/>\n\t<meta name=\"twitter:data2\" content=\"1 minute\" \/>\n<script type=\"application\/ld+json\" class=\"yoast-schema-graph\">{\"@context\":\"https:\\\/\\\/schema.org\",\"@graph\":[{\"@type\":\"Article\",\"@id\":\"https:\\\/\\\/macite.tg\\\/?p=18886#article\",\"isPartOf\":{\"@id\":\"https:\\\/\\\/macite.tg\\\/?p=18886\"},\"author\":{\"name\":\"Jean Pierre BAWELA\",\"@id\":\"https:\\\/\\\/macite.tg\\\/#\\\/schema\\\/person\\\/e9f2de7e5dbbe7770a9402c7ce82f5c2\"},\"headline\":\"SOLIDARITE : Une prime exceptionnelle aux fonctionnaires, enseignants du confessionnels et retrait\u00e9s\",\"datePublished\":\"2024-12-26T11:29:30+00:00\",\"dateModified\":\"2024-12-26T11:29:44+00:00\",\"mainEntityOfPage\":{\"@id\":\"https:\\\/\\\/macite.tg\\\/?p=18886\"},\"wordCount\":311,\"commentCount\":0,\"image\":{\"@id\":\"https:\\\/\\\/macite.tg\\\/?p=18886#primaryimage\"},\"thumbnailUrl\":\"https:\\\/\\\/macite.tg\\\/wp-content\\\/uploads\\\/2024\\\/12\\\/FEG.jpg\",\"articleSection\":[\"ACTUALITE\",\"SOCIETE\"],\"inLanguage\":\"fr-FR\",\"potentialAction\":[{\"@type\":\"CommentAction\",\"name\":\"Comment\",\"target\":[\"https:\\\/\\\/macite.tg\\\/?p=18886#respond\"]}]},{\"@type\":\"WebPage\",\"@id\":\"https:\\\/\\\/macite.tg\\\/?p=18886\",\"url\":\"https:\\\/\\\/macite.tg\\\/?p=18886\",\"name\":\"SOLIDARITE : Une prime exceptionnelle aux fonctionnaires, enseignants du confessionnels et retrait\u00e9s -\",\"isPartOf\":{\"@id\":\"https:\\\/\\\/macite.tg\\\/#website\"},\"primaryImageOfPage\":{\"@id\":\"https:\\\/\\\/macite.tg\\\/?p=18886#primaryimage\"},\"image\":{\"@id\":\"https:\\\/\\\/macite.tg\\\/?p=18886#primaryimage\"},\"thumbnailUrl\":\"https:\\\/\\\/macite.tg\\\/wp-content\\\/uploads\\\/2024\\\/12\\\/FEG.jpg\",\"datePublished\":\"2024-12-26T11:29:30+00:00\",\"dateModified\":\"2024-12-26T11:29:44+00:00\",\"author\":{\"@id\":\"https:\\\/\\\/macite.tg\\\/#\\\/schema\\\/person\\\/e9f2de7e5dbbe7770a9402c7ce82f5c2\"},\"breadcrumb\":{\"@id\":\"https:\\\/\\\/macite.tg\\\/?p=18886#breadcrumb\"},\"inLanguage\":\"fr-FR\",\"potentialAction\":[{\"@type\":\"ReadAction\",\"target\":[\"https:\\\/\\\/macite.tg\\\/?p=18886\"]}]},{\"@type\":\"ImageObject\",\"inLanguage\":\"fr-FR\",\"@id\":\"https:\\\/\\\/macite.tg\\\/?p=18886#primaryimage\",\"url\":\"https:\\\/\\\/macite.tg\\\/wp-content\\\/uploads\\\/2024\\\/12\\\/FEG.jpg\",\"contentUrl\":\"https:\\\/\\\/macite.tg\\\/wp-content\\\/uploads\\\/2024\\\/12\\\/FEG.jpg\",\"width\":500,\"height\":360,\"caption\":\"Le Pr\u00e9sident Faure Gnassingb\u00e9\"},{\"@type\":\"BreadcrumbList\",\"@id\":\"https:\\\/\\\/macite.tg\\\/?p=18886#breadcrumb\",\"itemListElement\":[{\"@type\":\"ListItem\",\"position\":1,\"name\":\"Accueil\",\"item\":\"https:\\\/\\\/macite.tg\\\/\"},{\"@type\":\"ListItem\",\"position\":2,\"name\":\"SOLIDARITE : Une prime exceptionnelle aux fonctionnaires, enseignants du confessionnels et retrait\u00e9s\"}]},{\"@type\":\"WebSite\",\"@id\":\"https:\\\/\\\/macite.tg\\\/#website\",\"url\":\"https:\\\/\\\/macite.tg\\\/\",\"name\":\"\",\"description\":\"L&#039;information, la bonne!!!\",\"potentialAction\":[{\"@type\":\"SearchAction\",\"target\":{\"@type\":\"EntryPoint\",\"urlTemplate\":\"https:\\\/\\\/macite.tg\\\/?s={search_term_string}\"},\"query-input\":{\"@type\":\"PropertyValueSpecification\",\"valueRequired\":true,\"valueName\":\"search_term_string\"}}],\"inLanguage\":\"fr-FR\"},{\"@type\":\"Person\",\"@id\":\"https:\\\/\\\/macite.tg\\\/#\\\/schema\\\/person\\\/e9f2de7e5dbbe7770a9402c7ce82f5c2\",\"name\":\"Jean Pierre BAWELA\",\"image\":{\"@type\":\"ImageObject\",\"inLanguage\":\"fr-FR\",\"@id\":\"https:\\\/\\\/macite.tg\\\/wp-content\\\/uploads\\\/2023\\\/09\\\/WhatsApp-Image-2023-09-19-at-14.44.41-122x122.jpeg\",\"url\":\"https:\\\/\\\/macite.tg\\\/wp-content\\\/uploads\\\/2023\\\/09\\\/WhatsApp-Image-2023-09-19-at-14.44.41-122x122.jpeg\",\"contentUrl\":\"https:\\\/\\\/macite.tg\\\/wp-content\\\/uploads\\\/2023\\\/09\\\/WhatsApp-Image-2023-09-19-at-14.44.41-122x122.jpeg\",\"caption\":\"Jean Pierre BAWELA\"},\"url\":\"https:\\\/\\\/macite.tg\\\/?author=2\"}]}<\/script>\n<!-- \/ Yoast SEO plugin. -->","yoast_head_json":{"title":"SOLIDARITE : Une prime exceptionnelle aux fonctionnaires, enseignants du confessionnels et retrait\u00e9s -","robots":{"index":"index","follow":"follow","max-snippet":"max-snippet:-1","max-image-preview":"max-image-preview:large","max-video-preview":"max-video-preview:-1"},"canonical":"https:\/\/macite.tg\/?p=18886","og_locale":"fr_FR","og_type":"article","og_title":"SOLIDARITE : Une prime exceptionnelle aux fonctionnaires, enseignants du confessionnels et retrait\u00e9s -","og_description":"Le gouvernement a octroy\u00e9, en cette fin d\u2019ann\u00e9e, une prime sp\u00e9ciale de 60.000 Fcfa aux fonctionnaires, au personnel de l\u2019enseignement confessionnel, et aux pensionn\u00e9s de la Caisse de Retraites du Togo (Crt).\u00a0 Sur instruction du Pr\u00e9sident de la R\u00e9publique, Faure Essozimna Gnassingb\u00e9, l\u2019ex\u00e9cutif togolais a [&hellip;]","og_url":"https:\/\/macite.tg\/?p=18886","article_published_time":"2024-12-26T11:29:30+00:00","article_modified_time":"2024-12-26T11:29:44+00:00","og_image":[{"width":500,"height":360,"url":"https:\/\/macite.tg\/wp-content\/uploads\/2024\/12\/FEG.jpg","type":"image\/jpeg"}],"author":"Jean Pierre BAWELA","twitter_card":"summary_large_image","twitter_misc":{"\u00c9crit par":"Jean Pierre BAWELA","Dur\u00e9e de lecture estim\u00e9e":"1 minute"},"schema":{"@context":"https:\/\/schema.org","@graph":[{"@type":"Article","@id":"https:\/\/macite.tg\/?p=18886#article","isPartOf":{"@id":"https:\/\/macite.tg\/?p=18886"},"author":{"name":"Jean Pierre BAWELA","@id":"https:\/\/macite.tg\/#\/schema\/person\/e9f2de7e5dbbe7770a9402c7ce82f5c2"},"headline":"SOLIDARITE : Une prime exceptionnelle aux fonctionnaires, enseignants du confessionnels et retrait\u00e9s","datePublished":"2024-12-26T11:29:30+00:00","dateModified":"2024-12-26T11:29:44+00:00","mainEntityOfPage":{"@id":"https:\/\/macite.tg\/?p=18886"},"wordCount":311,"commentCount":0,"image":{"@id":"https:\/\/macite.tg\/?p=18886#primaryimage"},"thumbnailUrl":"https:\/\/macite.tg\/wp-content\/uploads\/2024\/12\/FEG.jpg","articleSection":["ACTUALITE","SOCIETE"],"inLanguage":"fr-FR","potentialAction":[{"@type":"CommentAction","name":"Comment","target":["https:\/\/macite.tg\/?p=18886#respond"]}]},{"@type":"WebPage","@id":"https:\/\/macite.tg\/?p=18886","url":"https:\/\/macite.tg\/?p=18886","name":"SOLIDARITE : Une prime exceptionnelle aux fonctionnaires, enseignants du confessionnels et retrait\u00e9s -","isPartOf":{"@id":"https:\/\/macite.tg\/#website"},"primaryImageOfPage":{"@id":"https:\/\/macite.tg\/?p=18886#primaryimage"},"image":{"@id":"https:\/\/macite.tg\/?p=18886#primaryimage"},"thumbnailUrl":"https:\/\/macite.tg\/wp-content\/uploads\/2024\/12\/FEG.jpg","datePublished":"2024-12-26T11:29:30+00:00","dateModified":"2024-12-26T11:29:44+00:00","author":{"@id":"https:\/\/macite.tg\/#\/schema\/person\/e9f2de7e5dbbe7770a9402c7ce82f5c2"},"breadcrumb":{"@id":"https:\/\/macite.tg\/?p=18886#breadcrumb"},"inLanguage":"fr-FR","potentialAction":[{"@type":"ReadAction","target":["https:\/\/macite.tg\/?p=18886"]}]},{"@type":"ImageObject","inLanguage":"fr-FR","@id":"https:\/\/macite.tg\/?p=18886#primaryimage","url":"https:\/\/macite.tg\/wp-content\/uploads\/2024\/12\/FEG.jpg","contentUrl":"https:\/\/macite.tg\/wp-content\/uploads\/2024\/12\/FEG.jpg","width":500,"height":360,"caption":"Le Pr\u00e9sident Faure Gnassingb\u00e9"},{"@type":"BreadcrumbList","@id":"https:\/\/macite.tg\/?p=18886#breadcrumb","itemListElement":[{"@type":"ListItem","position":1,"name":"Accueil","item":"https:\/\/macite.tg\/"},{"@type":"ListItem","position":2,"name":"SOLIDARITE : Une prime exceptionnelle aux fonctionnaires, enseignants du confessionnels et retrait\u00e9s"}]},{"@type":"WebSite","@id":"https:\/\/macite.tg\/#website","url":"https:\/\/macite.tg\/","name":"","description":"L&#039;information, la bonne!!!","potentialAction":[{"@type":"SearchAction","target":{"@type":"EntryPoint","urlTemplate":"https:\/\/macite.tg\/?s={search_term_string}"},"query-input":{"@type":"PropertyValueSpecification","valueRequired":true,"valueName":"search_term_string"}}],"inLanguage":"fr-FR"},{"@type":"Person","@id":"https:\/\/macite.tg\/#\/schema\/person\/e9f2de7e5dbbe7770a9402c7ce82f5c2","name":"Jean Pierre BAWELA","image":{"@type":"ImageObject","inLanguage":"fr-FR","@id":"https:\/\/macite.tg\/wp-content\/uploads\/2023\/09\/WhatsApp-Image-2023-09-19-at-14.44.41-122x122.jpeg","url":"https:\/\/macite.tg\/wp-content\/uploads\/2023\/09\/WhatsApp-Image-2023-09-19-at-14.44.41-122x122.jpeg","contentUrl":"https:\/\/macite.tg\/wp-content\/uploads\/2023\/09\/WhatsApp-Image-2023-09-19-at-14.44.41-122x122.jpeg","caption":"Jean Pierre BAWELA"},"url":"https:\/\/macite.tg\/?author=2"}]}},"_links":{"self":[{"href":"https:\/\/macite.tg\/index.php?rest_route=\/wp\/v2\/posts\/18886","targetHints":{"allow":["GET"]}}],"collection":[{"href":"https:\/\/macite.tg\/index.php?rest_route=\/wp\/v2\/posts"}],"about":[{"href":"https:\/\/macite.tg\/index.php?rest_route=\/wp\/v2\/types\/post"}],"author":[{"embeddable":true,"href":"https:\/\/macite.tg\/index.php?rest_route=\/wp\/v2\/users\/2"}],"replies":[{"embeddable":true,"href":"https:\/\/macite.tg\/index.php?rest_route=%2Fwp%2Fv2%2Fcomments&post=18886"}],"version-history":[{"count":0,"href":"https:\/\/macite.tg\/index.php?rest_route=\/wp\/v2\/posts\/18886\/revisions"}],"wp:featuredmedia":[{"embeddable":true,"href":"https:\/\/macite.tg\/index.php?rest_route=\/wp\/v2\/media\/18893"}],"wp:attachment":[{"href":"https:\/\/macite.tg\/index.php?rest_route=%2Fwp%2Fv2%2Fmedia&parent=18886"}],"wp:term":[{"taxonomy":"category","embeddable":true,"href":"https:\/\/macite.tg\/index.php?rest_route=%2Fwp%2Fv2%2Fcategories&post=18886"},{"taxonomy":"post_tag","embeddable":true,"href":"https:\/\/macite.tg\/index.php?rest_route=%2Fwp%2Fv2%2Ftags&post=18886"}],"curies":[{"name":"wp","href":"https:\/\/api.w.org\/{rel}","templated":true}]}}