{"id":18881,"date":"2024-12-24T19:51:54","date_gmt":"2024-12-24T19:51:54","guid":{"rendered":"https:\/\/macite.tg\/?p=18881"},"modified":"2024-12-24T19:53:11","modified_gmt":"2024-12-24T19:53:11","slug":"sortie-officielle-et-un-3eme-opus-pour-waba-stella-pour-marquer-son-jubile-detain-ce-28-decembre","status":"publish","type":"post","link":"https:\/\/macite.tg\/?p=18881","title":{"rendered":"SORTIE OFFICIELLE : Et un 3\u00e8me opus pour Waba Stella \u2026pour marquer son jubil\u00e9 d\u2019Etain ce 28 d\u00e9cembre"},"content":{"rendered":"\n<p class=\"wp-block-paragraph\"><strong><em>L\u2019artiste chanteuse Waba Stella veut marquer, cette fin d\u2019ann\u00e9e, d\u2019une belle emprunte. La voix religieuse du terroir Nawda, va f\u00eater ses dix ans de carri\u00e8re au cours d\u2019un concert, tout feu tout flamme, ce samedi 28 d\u00e9cembre \u00e0 Lom\u00e9. Elle va profiter pour faire d\u00e9couvrir \u00e0 ses m\u00e9lomanes, son troisi\u00e8me album\u2026<\/em><\/strong><\/p>\n\n\n\n<p class=\"wp-block-paragraph\">Pour cette c\u00e9l\u00e9bration grandiose, Stella Waba ne veut pas faire les choses petitement. La fille de T\u00e9n\u00e9ga, dans la pr\u00e9fecture de Doufelgou, va se faire entourer d\u2019une kyrielle d\u2019autres artistes, non des moindres, pour une soir\u00e9e m\u00e9morable.<\/p>\n\n\n<div class=\"wp-block-image\">\n<figure class=\"aligncenter size-full is-resized\"><img loading=\"lazy\" decoding=\"async\" src=\"https:\/\/macite.tg\/wp-content\/uploads\/2024\/12\/aab83997-2211-4b55-a29c-bf6e47693a02.jpg\" alt=\"\" class=\"wp-image-18883\" width=\"417\" height=\"521\" srcset=\"https:\/\/macite.tg\/wp-content\/uploads\/2024\/12\/aab83997-2211-4b55-a29c-bf6e47693a02.jpg 767w, https:\/\/macite.tg\/wp-content\/uploads\/2024\/12\/aab83997-2211-4b55-a29c-bf6e47693a02-240x300.jpg 240w\" sizes=\"auto, (max-width: 417px) 100vw, 417px\" \/><\/figure>\n<\/div>\n\n\n<p class=\"wp-block-paragraph\">A travers ce double \u00e9v\u00e9nement, le concert pour ses dix ans de carri\u00e8re et la sortie de son troisi\u00e8me album, Stella Waba, de son vrai nom Wama Bamana Baka\u00efma \u00c9milienne, veut dire un grand merci au Cr\u00e9ateur, et faire d\u00e9couvrir les merveilles de Dieu.<\/p>\n\n\n\n<p class=\"wp-block-paragraph\"><strong>Qui est en fait Stella Waba&nbsp;?<\/strong><\/p>\n\n\n\n<p class=\"wp-block-paragraph\">N\u00e9 un dernier jour de d\u00e9cembre (31) 1971 \u00e0 Kara, de parents chr\u00e9tiens catholiques (Wama Dominique et Anibaya Sophie), la future \u00e9toile de Doufelgou a sillonn\u00e9 le centre et le sud Togo o\u00f9 elle fit ses \u00e9tudes primaires et secondaires, respectivement \u00e0 Karapui \u00e0 Sokod\u00e9, puis aux Coll\u00e8gues d&rsquo;enseignement g\u00e9n\u00e9ral d&rsquo;Adjengr\u00e9 et de Ts\u00e9vi\u00e9.<\/p>\n\n\n\n<p class=\"wp-block-paragraph\">Avec un style unique et sa voix m\u00e9lodieuse, la reine de T\u00e9n\u00e9ga a m\u00eame compos\u00e9 un chant \u00e0 la Vierge Marie, d\u00e8s son jeune \u00e2ge. <em>\u00ab&nbsp;Maria b\u00e9n ni ma Nya&nbsp;\u00bb,<\/em> en Nawdm, aujourd&rsquo;hui ex\u00e9cut\u00e9 sur toute l&rsquo;\u00e9tendue du territoire, porte ses empruntes.<\/p>\n\n\n\n<p class=\"wp-block-paragraph\">Apr\u00e8s son premier album <em>\u00ab&nbsp;Merci Seigneur&nbsp;\u00bb,<\/em> compos\u00e9 de cinq titres, sorti le 29 d\u00e9cembre 2013, l\u2019artiste revient au-devant de la sc\u00e8ne musicale, cinq ans plus tard, le 12 Ao\u00fbt 2018, avec <em>\u00ab&nbsp;Salut \u00c9toile de Matin&nbsp;\u00bb,<\/em> un album de huit titres.<\/p>\n\n\n<div class=\"wp-block-image\">\n<figure class=\"aligncenter size-large is-resized\"><img loading=\"lazy\" decoding=\"async\" src=\"https:\/\/macite.tg\/wp-content\/uploads\/2024\/12\/5f07753c-8ebd-4281-8029-765789708acd-729x1024.jpg\" alt=\"\" class=\"wp-image-18853\" width=\"517\" height=\"726\" srcset=\"https:\/\/macite.tg\/wp-content\/uploads\/2024\/12\/5f07753c-8ebd-4281-8029-765789708acd-729x1024.jpg 729w, https:\/\/macite.tg\/wp-content\/uploads\/2024\/12\/5f07753c-8ebd-4281-8029-765789708acd-214x300.jpg 214w, https:\/\/macite.tg\/wp-content\/uploads\/2024\/12\/5f07753c-8ebd-4281-8029-765789708acd-768x1079.jpg 768w, https:\/\/macite.tg\/wp-content\/uploads\/2024\/12\/5f07753c-8ebd-4281-8029-765789708acd.jpg 776w\" sizes=\"auto, (max-width: 517px) 100vw, 517px\" \/><\/figure>\n<\/div>\n\n\n<p class=\"wp-block-paragraph\">Pour son troisi\u00e8me b\u00e9b\u00e9,&nbsp;<em>\u00ab&nbsp;Si tu crois tu verras la gloire de Dieu&nbsp;\u00bb (album de sept titres),<\/em> qui va lib\u00e9rer ses premiers d\u00e9cibels ce 28 d\u00e9cembre, raisonne d\u00e9j\u00e0 comme une reconnaissance \u00e0 Dieu pour tous ses bienfaits.<\/p>\n\n\n\n<p class=\"wp-block-paragraph\">Rendez-vous donc \u00e0 la Place des f\u00eates Nathana\u00ebl, non loin de la pharmacie Laus Deauss, sur la route de L\u00e9o200, pour d\u00e9couvrir cette voix d\u2019or du terroir Nawda qui chante dans plusieurs langues du pays. La passe est \u00e0 1.000F, 2.000 F, la r\u00e9servation est \u00e0 5.000 Fcfa.<\/p>\n\n\n\n<p class=\"wp-block-paragraph\"><strong>Mab\u00e9 B.<\/strong><\/p>\n\n\n\n<p class=\"wp-block-paragraph\"><a><strong><em>@macite.tg&nbsp;&nbsp;&nbsp;&nbsp;&nbsp;&nbsp;&nbsp;&nbsp;<\/em><\/strong><\/a><\/p>\n\n\n\n<p class=\"wp-block-paragraph\"><strong><em>E-mail&nbsp;: <\/em><\/strong><a href=\"mailto:maciteinfo@gmail.com\"><strong><em>maciteinfo@gmail.com<\/em><\/strong><\/a><strong><em>; <\/em><\/strong><a href=\"mailto:bawela1@gmail.com\"><strong><em>bawela1@gmail.com<\/em><\/strong><\/a><strong><em><\/em><\/strong><\/p>\n\n\n\n<p class=\"wp-block-paragraph\"><strong><em>Pour vos annonces, (publi)reportages, etc., joignez-nous au (00228)91515309\/<strong>79872224 <\/strong>www.macite.tg, L\u2019information, la bonne&nbsp;!<\/em><\/strong><\/p>\n","protected":false},"excerpt":{"rendered":"<p class=\"text-justify mb-2\" >L\u2019artiste chanteuse Waba Stella veut marquer, cette fin d\u2019ann\u00e9e, d\u2019une belle emprunte. La voix religieuse du terroir Nawda, va f\u00eater ses dix ans de carri\u00e8re au cours d\u2019un concert, tout feu tout flamme, ce samedi 28 d\u00e9cembre \u00e0 Lom\u00e9. Elle va profiter pour faire d\u00e9couvrir [&hellip;]<\/p>\n","protected":false},"author":2,"featured_media":18882,"comment_status":"open","ping_status":"open","sticky":false,"template":"","format":"standard","meta":{"footnotes":""},"categories":[20,18],"tags":[],"class_list":["post-18881","post","type-post","status-publish","format-standard","has-post-thumbnail","hentry","category-actualite","category-culture"],"yoast_head":"<!-- This site is optimized with the Yoast SEO plugin v28.4 - https:\/\/yoast.com\/product\/yoast-seo-wordpress\/ -->\n<title>SORTIE OFFICIELLE : Et un 3\u00e8me opus pour Waba Stella \u2026pour marquer son jubil\u00e9 d\u2019Etain ce 28 d\u00e9cembre -<\/title>\n<meta name=\"robots\" content=\"index, follow, max-snippet:-1, max-image-preview:large, max-video-preview:-1\" \/>\n<link rel=\"canonical\" href=\"https:\/\/macite.tg\/?p=18881\" \/>\n<meta property=\"og:locale\" content=\"fr_FR\" \/>\n<meta property=\"og:type\" content=\"article\" \/>\n<meta property=\"og:title\" content=\"SORTIE OFFICIELLE : Et un 3\u00e8me opus pour Waba Stella \u2026pour marquer son jubil\u00e9 d\u2019Etain ce 28 d\u00e9cembre -\" \/>\n<meta property=\"og:description\" content=\"L\u2019artiste chanteuse Waba Stella veut marquer, cette fin d\u2019ann\u00e9e, d\u2019une belle emprunte. La voix religieuse du terroir Nawda, va f\u00eater ses dix ans de carri\u00e8re au cours d\u2019un concert, tout feu tout flamme, ce samedi 28 d\u00e9cembre \u00e0 Lom\u00e9. Elle va profiter pour faire d\u00e9couvrir [&hellip;]\" \/>\n<meta property=\"og:url\" content=\"https:\/\/macite.tg\/?p=18881\" \/>\n<meta property=\"article:published_time\" content=\"2024-12-24T19:51:54+00:00\" \/>\n<meta property=\"article:modified_time\" content=\"2024-12-24T19:53:11+00:00\" \/>\n<meta property=\"og:image\" content=\"https:\/\/macite.tg\/wp-content\/uploads\/2024\/12\/Waba-Stella.jpg\" \/>\n\t<meta property=\"og:image:width\" content=\"500\" \/>\n\t<meta property=\"og:image:height\" content=\"334\" \/>\n\t<meta property=\"og:image:type\" content=\"image\/jpeg\" \/>\n<meta name=\"author\" content=\"Jean Pierre BAWELA\" \/>\n<meta name=\"twitter:card\" content=\"summary_large_image\" \/>\n<meta name=\"twitter:label1\" content=\"\u00c9crit par\" \/>\n\t<meta name=\"twitter:data1\" content=\"Jean Pierre BAWELA\" \/>\n\t<meta name=\"twitter:label2\" content=\"Dur\u00e9e de lecture estim\u00e9e\" \/>\n\t<meta name=\"twitter:data2\" content=\"2 minutes\" \/>\n<script type=\"application\/ld+json\" class=\"yoast-schema-graph\">{\"@context\":\"https:\\\/\\\/schema.org\",\"@graph\":[{\"@type\":\"Article\",\"@id\":\"https:\\\/\\\/macite.tg\\\/?p=18881#article\",\"isPartOf\":{\"@id\":\"https:\\\/\\\/macite.tg\\\/?p=18881\"},\"author\":{\"name\":\"Jean Pierre BAWELA\",\"@id\":\"https:\\\/\\\/macite.tg\\\/#\\\/schema\\\/person\\\/e9f2de7e5dbbe7770a9402c7ce82f5c2\"},\"headline\":\"SORTIE OFFICIELLE : Et un 3\u00e8me opus pour Waba Stella \u2026pour marquer son jubil\u00e9 d\u2019Etain ce 28 d\u00e9cembre\",\"datePublished\":\"2024-12-24T19:51:54+00:00\",\"dateModified\":\"2024-12-24T19:53:11+00:00\",\"mainEntityOfPage\":{\"@id\":\"https:\\\/\\\/macite.tg\\\/?p=18881\"},\"wordCount\":463,\"commentCount\":0,\"image\":{\"@id\":\"https:\\\/\\\/macite.tg\\\/?p=18881#primaryimage\"},\"thumbnailUrl\":\"https:\\\/\\\/macite.tg\\\/wp-content\\\/uploads\\\/2024\\\/12\\\/Waba-Stella.jpg\",\"articleSection\":[\"ACTUALITE\",\"CULTURE\"],\"inLanguage\":\"fr-FR\",\"potentialAction\":[{\"@type\":\"CommentAction\",\"name\":\"Comment\",\"target\":[\"https:\\\/\\\/macite.tg\\\/?p=18881#respond\"]}]},{\"@type\":\"WebPage\",\"@id\":\"https:\\\/\\\/macite.tg\\\/?p=18881\",\"url\":\"https:\\\/\\\/macite.tg\\\/?p=18881\",\"name\":\"SORTIE OFFICIELLE : Et un 3\u00e8me opus pour Waba Stella \u2026pour marquer son jubil\u00e9 d\u2019Etain ce 28 d\u00e9cembre -\",\"isPartOf\":{\"@id\":\"https:\\\/\\\/macite.tg\\\/#website\"},\"primaryImageOfPage\":{\"@id\":\"https:\\\/\\\/macite.tg\\\/?p=18881#primaryimage\"},\"image\":{\"@id\":\"https:\\\/\\\/macite.tg\\\/?p=18881#primaryimage\"},\"thumbnailUrl\":\"https:\\\/\\\/macite.tg\\\/wp-content\\\/uploads\\\/2024\\\/12\\\/Waba-Stella.jpg\",\"datePublished\":\"2024-12-24T19:51:54+00:00\",\"dateModified\":\"2024-12-24T19:53:11+00:00\",\"author\":{\"@id\":\"https:\\\/\\\/macite.tg\\\/#\\\/schema\\\/person\\\/e9f2de7e5dbbe7770a9402c7ce82f5c2\"},\"breadcrumb\":{\"@id\":\"https:\\\/\\\/macite.tg\\\/?p=18881#breadcrumb\"},\"inLanguage\":\"fr-FR\",\"potentialAction\":[{\"@type\":\"ReadAction\",\"target\":[\"https:\\\/\\\/macite.tg\\\/?p=18881\"]}]},{\"@type\":\"ImageObject\",\"inLanguage\":\"fr-FR\",\"@id\":\"https:\\\/\\\/macite.tg\\\/?p=18881#primaryimage\",\"url\":\"https:\\\/\\\/macite.tg\\\/wp-content\\\/uploads\\\/2024\\\/12\\\/Waba-Stella.jpg\",\"contentUrl\":\"https:\\\/\\\/macite.tg\\\/wp-content\\\/uploads\\\/2024\\\/12\\\/Waba-Stella.jpg\",\"width\":500,\"height\":334,\"caption\":\"L'artiste de la chanson Waba Stella\"},{\"@type\":\"BreadcrumbList\",\"@id\":\"https:\\\/\\\/macite.tg\\\/?p=18881#breadcrumb\",\"itemListElement\":[{\"@type\":\"ListItem\",\"position\":1,\"name\":\"Accueil\",\"item\":\"https:\\\/\\\/macite.tg\\\/\"},{\"@type\":\"ListItem\",\"position\":2,\"name\":\"SORTIE OFFICIELLE : Et un 3\u00e8me opus pour Waba Stella \u2026pour marquer son jubil\u00e9 d\u2019Etain ce 28 d\u00e9cembre\"}]},{\"@type\":\"WebSite\",\"@id\":\"https:\\\/\\\/macite.tg\\\/#website\",\"url\":\"https:\\\/\\\/macite.tg\\\/\",\"name\":\"\",\"description\":\"L&#039;information, la bonne!!!\",\"potentialAction\":[{\"@type\":\"SearchAction\",\"target\":{\"@type\":\"EntryPoint\",\"urlTemplate\":\"https:\\\/\\\/macite.tg\\\/?s={search_term_string}\"},\"query-input\":{\"@type\":\"PropertyValueSpecification\",\"valueRequired\":true,\"valueName\":\"search_term_string\"}}],\"inLanguage\":\"fr-FR\"},{\"@type\":\"Person\",\"@id\":\"https:\\\/\\\/macite.tg\\\/#\\\/schema\\\/person\\\/e9f2de7e5dbbe7770a9402c7ce82f5c2\",\"name\":\"Jean Pierre BAWELA\",\"image\":{\"@type\":\"ImageObject\",\"inLanguage\":\"fr-FR\",\"@id\":\"https:\\\/\\\/macite.tg\\\/wp-content\\\/uploads\\\/2023\\\/09\\\/WhatsApp-Image-2023-09-19-at-14.44.41-122x122.jpeg\",\"url\":\"https:\\\/\\\/macite.tg\\\/wp-content\\\/uploads\\\/2023\\\/09\\\/WhatsApp-Image-2023-09-19-at-14.44.41-122x122.jpeg\",\"contentUrl\":\"https:\\\/\\\/macite.tg\\\/wp-content\\\/uploads\\\/2023\\\/09\\\/WhatsApp-Image-2023-09-19-at-14.44.41-122x122.jpeg\",\"caption\":\"Jean Pierre BAWELA\"},\"url\":\"https:\\\/\\\/macite.tg\\\/?author=2\"}]}<\/script>\n<!-- \/ Yoast SEO plugin. -->","yoast_head_json":{"title":"SORTIE OFFICIELLE : Et un 3\u00e8me opus pour Waba Stella \u2026pour marquer son jubil\u00e9 d\u2019Etain ce 28 d\u00e9cembre -","robots":{"index":"index","follow":"follow","max-snippet":"max-snippet:-1","max-image-preview":"max-image-preview:large","max-video-preview":"max-video-preview:-1"},"canonical":"https:\/\/macite.tg\/?p=18881","og_locale":"fr_FR","og_type":"article","og_title":"SORTIE OFFICIELLE : Et un 3\u00e8me opus pour Waba Stella \u2026pour marquer son jubil\u00e9 d\u2019Etain ce 28 d\u00e9cembre -","og_description":"L\u2019artiste chanteuse Waba Stella veut marquer, cette fin d\u2019ann\u00e9e, d\u2019une belle emprunte. La voix religieuse du terroir Nawda, va f\u00eater ses dix ans de carri\u00e8re au cours d\u2019un concert, tout feu tout flamme, ce samedi 28 d\u00e9cembre \u00e0 Lom\u00e9. Elle va profiter pour faire d\u00e9couvrir [&hellip;]","og_url":"https:\/\/macite.tg\/?p=18881","article_published_time":"2024-12-24T19:51:54+00:00","article_modified_time":"2024-12-24T19:53:11+00:00","og_image":[{"width":500,"height":334,"url":"https:\/\/macite.tg\/wp-content\/uploads\/2024\/12\/Waba-Stella.jpg","type":"image\/jpeg"}],"author":"Jean Pierre BAWELA","twitter_card":"summary_large_image","twitter_misc":{"\u00c9crit par":"Jean Pierre BAWELA","Dur\u00e9e de lecture estim\u00e9e":"2 minutes"},"schema":{"@context":"https:\/\/schema.org","@graph":[{"@type":"Article","@id":"https:\/\/macite.tg\/?p=18881#article","isPartOf":{"@id":"https:\/\/macite.tg\/?p=18881"},"author":{"name":"Jean Pierre BAWELA","@id":"https:\/\/macite.tg\/#\/schema\/person\/e9f2de7e5dbbe7770a9402c7ce82f5c2"},"headline":"SORTIE OFFICIELLE : Et un 3\u00e8me opus pour Waba Stella \u2026pour marquer son jubil\u00e9 d\u2019Etain ce 28 d\u00e9cembre","datePublished":"2024-12-24T19:51:54+00:00","dateModified":"2024-12-24T19:53:11+00:00","mainEntityOfPage":{"@id":"https:\/\/macite.tg\/?p=18881"},"wordCount":463,"commentCount":0,"image":{"@id":"https:\/\/macite.tg\/?p=18881#primaryimage"},"thumbnailUrl":"https:\/\/macite.tg\/wp-content\/uploads\/2024\/12\/Waba-Stella.jpg","articleSection":["ACTUALITE","CULTURE"],"inLanguage":"fr-FR","potentialAction":[{"@type":"CommentAction","name":"Comment","target":["https:\/\/macite.tg\/?p=18881#respond"]}]},{"@type":"WebPage","@id":"https:\/\/macite.tg\/?p=18881","url":"https:\/\/macite.tg\/?p=18881","name":"SORTIE OFFICIELLE : Et un 3\u00e8me opus pour Waba Stella \u2026pour marquer son jubil\u00e9 d\u2019Etain ce 28 d\u00e9cembre -","isPartOf":{"@id":"https:\/\/macite.tg\/#website"},"primaryImageOfPage":{"@id":"https:\/\/macite.tg\/?p=18881#primaryimage"},"image":{"@id":"https:\/\/macite.tg\/?p=18881#primaryimage"},"thumbnailUrl":"https:\/\/macite.tg\/wp-content\/uploads\/2024\/12\/Waba-Stella.jpg","datePublished":"2024-12-24T19:51:54+00:00","dateModified":"2024-12-24T19:53:11+00:00","author":{"@id":"https:\/\/macite.tg\/#\/schema\/person\/e9f2de7e5dbbe7770a9402c7ce82f5c2"},"breadcrumb":{"@id":"https:\/\/macite.tg\/?p=18881#breadcrumb"},"inLanguage":"fr-FR","potentialAction":[{"@type":"ReadAction","target":["https:\/\/macite.tg\/?p=18881"]}]},{"@type":"ImageObject","inLanguage":"fr-FR","@id":"https:\/\/macite.tg\/?p=18881#primaryimage","url":"https:\/\/macite.tg\/wp-content\/uploads\/2024\/12\/Waba-Stella.jpg","contentUrl":"https:\/\/macite.tg\/wp-content\/uploads\/2024\/12\/Waba-Stella.jpg","width":500,"height":334,"caption":"L'artiste de la chanson Waba Stella"},{"@type":"BreadcrumbList","@id":"https:\/\/macite.tg\/?p=18881#breadcrumb","itemListElement":[{"@type":"ListItem","position":1,"name":"Accueil","item":"https:\/\/macite.tg\/"},{"@type":"ListItem","position":2,"name":"SORTIE OFFICIELLE : Et un 3\u00e8me opus pour Waba Stella \u2026pour marquer son jubil\u00e9 d\u2019Etain ce 28 d\u00e9cembre"}]},{"@type":"WebSite","@id":"https:\/\/macite.tg\/#website","url":"https:\/\/macite.tg\/","name":"","description":"L&#039;information, la bonne!!!","potentialAction":[{"@type":"SearchAction","target":{"@type":"EntryPoint","urlTemplate":"https:\/\/macite.tg\/?s={search_term_string}"},"query-input":{"@type":"PropertyValueSpecification","valueRequired":true,"valueName":"search_term_string"}}],"inLanguage":"fr-FR"},{"@type":"Person","@id":"https:\/\/macite.tg\/#\/schema\/person\/e9f2de7e5dbbe7770a9402c7ce82f5c2","name":"Jean Pierre BAWELA","image":{"@type":"ImageObject","inLanguage":"fr-FR","@id":"https:\/\/macite.tg\/wp-content\/uploads\/2023\/09\/WhatsApp-Image-2023-09-19-at-14.44.41-122x122.jpeg","url":"https:\/\/macite.tg\/wp-content\/uploads\/2023\/09\/WhatsApp-Image-2023-09-19-at-14.44.41-122x122.jpeg","contentUrl":"https:\/\/macite.tg\/wp-content\/uploads\/2023\/09\/WhatsApp-Image-2023-09-19-at-14.44.41-122x122.jpeg","caption":"Jean Pierre BAWELA"},"url":"https:\/\/macite.tg\/?author=2"}]}},"_links":{"self":[{"href":"https:\/\/macite.tg\/index.php?rest_route=\/wp\/v2\/posts\/18881","targetHints":{"allow":["GET"]}}],"collection":[{"href":"https:\/\/macite.tg\/index.php?rest_route=\/wp\/v2\/posts"}],"about":[{"href":"https:\/\/macite.tg\/index.php?rest_route=\/wp\/v2\/types\/post"}],"author":[{"embeddable":true,"href":"https:\/\/macite.tg\/index.php?rest_route=\/wp\/v2\/users\/2"}],"replies":[{"embeddable":true,"href":"https:\/\/macite.tg\/index.php?rest_route=%2Fwp%2Fv2%2Fcomments&post=18881"}],"version-history":[{"count":0,"href":"https:\/\/macite.tg\/index.php?rest_route=\/wp\/v2\/posts\/18881\/revisions"}],"wp:featuredmedia":[{"embeddable":true,"href":"https:\/\/macite.tg\/index.php?rest_route=\/wp\/v2\/media\/18882"}],"wp:attachment":[{"href":"https:\/\/macite.tg\/index.php?rest_route=%2Fwp%2Fv2%2Fmedia&parent=18881"}],"wp:term":[{"taxonomy":"category","embeddable":true,"href":"https:\/\/macite.tg\/index.php?rest_route=%2Fwp%2Fv2%2Fcategories&post=18881"},{"taxonomy":"post_tag","embeddable":true,"href":"https:\/\/macite.tg\/index.php?rest_route=%2Fwp%2Fv2%2Ftags&post=18881"}],"curies":[{"name":"wp","href":"https:\/\/api.w.org\/{rel}","templated":true}]}}