{"id":18878,"date":"2024-12-24T18:32:19","date_gmt":"2024-12-24T18:32:19","guid":{"rendered":"https:\/\/macite.tg\/?p=18878"},"modified":"2024-12-24T18:32:31","modified_gmt":"2024-12-24T18:32:31","slug":"maroc-revision-du-code-de-la-famille-debut-de-la-campagne-de-communication-autour-des-principaux-contenus-de-la-nouvelle-loi","status":"publish","type":"post","link":"https:\/\/macite.tg\/?p=18878","title":{"rendered":"MAROC \/ REVISION DU CODE DE LA FAMILLE\u00a0: D\u00e9but de la campagne de communication autour des principaux contenus de la nouvelle loi"},"content":{"rendered":"\n<p class=\"wp-block-paragraph\"><strong><em>24 heures apr\u00e8s la s\u00e9ance de travail, mettant un terme au processus consacr\u00e9 \u00e0 la question de la r\u00e9vision du Code de la Famille, pr\u00e9sid\u00e9e par Sa Majest\u00e9 le Roi Mohamed VI, que Dieu Le glorifie, place d\u00e9sormais \u00e0 la campagne de communication autour des principaux axes des propositions contenues dans cette nouvelle loi dont les d\u00e9bats et les votes se feront d\u00e9sormais au sein des deux Chambres du Parlement. C\u2019est le Chef du Gouvernement, Aziz Akhannouch, qui a eu le privil\u00e8ge de lancer la campagne de communication pour pr\u00e9senter \u00e0 l\u2019opinion les nouveaut\u00e9s de cette r\u00e9vision, comme l\u2019a instruit le Souverain lors de la rencontre d\u2019hier lundi. Et pour ce premier acte, qui a eu lieu ce mardi 24 d\u00e9cembre \u00e0 Rabat, ce sont les repr\u00e9sentants de m\u00e9dias nationaux et internationaux qui ont \u00e9t\u00e9 cibl\u00e9s.<\/em><\/strong><\/p>\n\n\n\n<p class=\"wp-block-paragraph\">Conform\u00e9ment aux Hautes Instructions Royales, le Chef du Gouvernement, Aziz Akhannouch, a lanc\u00e9 ce mardi 24 d\u00e9cembre 2024 \u00e0 Rabat, la campagne de communication visant \u00e0 pr\u00e9senter \u00e0 l\u2019opinion les <em>\u00ab&nbsp;des principaux contenus des propositions relatives \u00e0 la r\u00e9vision du Code de la Famille&nbsp;\u00bb<\/em>. C\u2019\u00e9tait \u00e0 l\u2019attention des repr\u00e9sentants des m\u00e9dias qui ont eu le privil\u00e8ge d\u2019\u00eatre tenu inform\u00e9 sur la teneur des principaux amendements propos\u00e9s pour une r\u00e9vision substantielle du Code de la Famille, et \u00e0 travers eux, toute l\u2019opinion.<\/p>\n\n\n\n<p class=\"wp-block-paragraph\">Au cours de cette rencontre, l\u2019orateur a rappel\u00e9 les attentes du Souverain transcrites, notamment dans <em>\u00ab&nbsp;Ses Orientations clairvoyantes au sujet des principes et finalit\u00e9s devant encadrer la r\u00e9vision du Code de la Famille&nbsp;\u00bb, <\/em>indiquant que celles-ci devraient \u00eatre concr\u00e9tis\u00e9es, dans des d\u00e9lais raisonnables, pour vis\u00e9 et adoption du Parlement. &nbsp;<\/p>\n\n\n<div class=\"wp-block-image\">\n<figure class=\"aligncenter size-large is-resized\"><img loading=\"lazy\" decoding=\"async\" src=\"https:\/\/macite.tg\/wp-content\/uploads\/2024\/12\/5f07753c-8ebd-4281-8029-765789708acd-729x1024.jpg\" alt=\"\" class=\"wp-image-18853\" width=\"521\" height=\"732\" srcset=\"https:\/\/macite.tg\/wp-content\/uploads\/2024\/12\/5f07753c-8ebd-4281-8029-765789708acd-729x1024.jpg 729w, https:\/\/macite.tg\/wp-content\/uploads\/2024\/12\/5f07753c-8ebd-4281-8029-765789708acd-214x300.jpg 214w, https:\/\/macite.tg\/wp-content\/uploads\/2024\/12\/5f07753c-8ebd-4281-8029-765789708acd-768x1079.jpg 768w, https:\/\/macite.tg\/wp-content\/uploads\/2024\/12\/5f07753c-8ebd-4281-8029-765789708acd.jpg 776w\" sizes=\"auto, (max-width: 521px) 100vw, 521px\" \/><\/figure>\n<\/div>\n\n\n<p class=\"wp-block-paragraph\">Pr\u00e9sent lors de cette rencontre, le ministre de la Justice, Abdellatif Ouahbi, a pr\u00e9sent\u00e9 les <em>\u00ab&nbsp;grandes lignes des r\u00e9alisations accomplies en mati\u00e8re de r\u00e9vision du Code de la Famille&nbsp;\u00bb.<\/em> Selon l\u2019officiel, cette rencontre de communication se veut <em>\u00ab&nbsp;d\u2019assurer de mani\u00e8re continue la transparence du processus de r\u00e9vision du Code de la famille et de garantir une communication plus large \u00e0 son sujet&nbsp;\u00bb.<\/em><\/p>\n\n\n\n<p class=\"wp-block-paragraph\">Tout en soulignant que la supervision du processus collectif de concertation et d\u2019\u00e9coute \u00e9tait l\u2019apanage d\u2019une instance \u00e0 caract\u00e8re institutionnel avec une structure diversifi\u00e9e, (compos\u00e9e de membres des pouvoirs ex\u00e9cutif et judiciaire, du Conseil sup\u00e9rieur des Oul\u00e9mas et d\u2019une Instance constitutionnelle ind\u00e9pendante charg\u00e9e des droits de l\u2019Homme), le ministre de la Justice a rappel\u00e9 \u00e0 l\u2019auditoire que les \u00e9tapes ant\u00e9rieures du processus avaient connu <em>\u00ab&nbsp;l\u2019adh\u00e9sion de l\u2019ensemble des composantes des soci\u00e9t\u00e9s politique et civile, ainsi que d\u2019acteurs scientifiques, d\u2019oul\u00e9mas et d\u2019acad\u00e9miciens, qui ont fait montre d\u2019une importante force de proposition, \u00e0 travers laquelle ils ont exprim\u00e9 leur vision de la famille marocaine, les fondements de sa force et de sa r\u00e9silience et leur souci de prendre en compte les int\u00e9r\u00eats sup\u00e9rieurs des enfants, de consolider la place de la femme et d\u2019\u0153uvrer \u00e0 consacrer son \u00e9galit\u00e9 avec l\u2019homme, conform\u00e9ment \u00e0 la Constitution et dans le cadre des constantes du Royaume&nbsp;\u00bb.<\/em><\/p>\n\n\n\n<p class=\"wp-block-paragraph\">Poursuivant son propos, Abdellatif Ouahbi a f\u00e9licit\u00e9 les membres de l\u2019Instance charg\u00e9e de la r\u00e9vision du Code de la famille pour <em>\u00ab&nbsp;la comp\u00e9tence, l\u2019objectivit\u00e9 et le d\u00e9vouement dont ils ont fait preuve dans l\u2019accomplissement de la mission qui leur a \u00e9t\u00e9 confi\u00e9e&nbsp;\u00bb,<\/em> sans oublier leur contribution \u00e0 l\u2019\u00e9laboration d\u2019un projet de r\u00e9vision profonde du Code de la famille. Il a, \u00e0 cet effet, que Sa Majest\u00e9 le Roi avait aussi <em>\u00ab&nbsp;salu\u00e9 l\u2019avis l\u00e9gal et jurisprudentiel du Conseil sup\u00e9rieur des Oul\u00e9mas et le r\u00f4le de l\u2019instance scientifique charg\u00e9e d\u2019\u00e9mettre des fatwas dans son \u00e9laboration, \u00e0 la lumi\u00e8re du principe que SM le Roi n\u2019a eu de cesse de r\u00e9affirmer, \u00e0 savoir qu\u2019Amir Al-Mouminine \u00ab\u00a0ne peut autoriser ce qui est prohib\u00e9, ni interdire ce qui est autoris\u00e9\u00a0\u00bb&nbsp;\u00bb.<\/em><\/p>\n\n\n<div class=\"wp-block-image\">\n<figure class=\"aligncenter size-full\"><img loading=\"lazy\" decoding=\"async\" width=\"500\" height=\"684\" src=\"https:\/\/macite.tg\/wp-content\/uploads\/2024\/12\/horaires.jpg\" alt=\"\" class=\"wp-image-18814\" srcset=\"https:\/\/macite.tg\/wp-content\/uploads\/2024\/12\/horaires.jpg 500w, https:\/\/macite.tg\/wp-content\/uploads\/2024\/12\/horaires-219x300.jpg 219w\" sizes=\"auto, (max-width: 500px) 100vw, 500px\" \/><\/figure>\n<\/div>\n\n\n<p class=\"wp-block-paragraph\">Pour rappel, cette rencontre de communication, premi\u00e8re du genre, a connu la pr\u00e9sence d\u2019officiels tels que le ministre des Habous et des Affaires islamiques, Ahmed Toufiq, et la ministre de la Solidarit\u00e9, de l\u2019Insertion sociale et de la Famille, Naima Ben Yahia, mais aussi et surtout, du pr\u00e9sident de la Chambre des repr\u00e9sentants, Rachid Talbi Alami, du pr\u00e9sident de la Chambre des conseillers, Mohamed Ould Errachid, du pr\u00e9sident d\u00e9l\u00e9gu\u00e9 du Conseil sup\u00e9rieur du pouvoir judiciaire, Mohamed Abdennabaoui, et du Procureur g\u00e9n\u00e9ral du Roi pr\u00e8s la Cour de cassation, pr\u00e9sident du minist\u00e8re public, El Hassan Daki. On notait en outre la pr\u00e9sence \u00e0 cette rencontre de la pr\u00e9sidente du Conseil national des droits de l\u2019Homme, Amina Bouayach, le Secr\u00e9taire g\u00e9n\u00e9ral du Conseil sup\u00e9rieur des oul\u00e9mas, Sa\u00efd Chabar, plusieurs membres de l\u2019Instance charg\u00e9e de la r\u00e9vision du Code de la Famille, des pr\u00e9sidents d\u2019institutions constitutionnelles et d\u2019autres personnalit\u00e9s.<\/p>\n\n\n\n<p class=\"wp-block-paragraph\"><strong>MC<\/strong><\/p>\n\n\n\n<p class=\"wp-block-paragraph\"><a><strong><em>@macite.tg&nbsp;&nbsp;&nbsp;&nbsp;&nbsp;&nbsp;&nbsp;&nbsp;<\/em><\/strong><\/a><\/p>\n\n\n\n<p class=\"wp-block-paragraph\"><strong><em>E-mail&nbsp;: <\/em><\/strong><a href=\"mailto:maciteinfo@gmail.com\"><strong><em>maciteinfo@gmail.com<\/em><\/strong><\/a><strong><em>; <\/em><\/strong><a href=\"mailto:bawela1@gmail.com\"><strong><em>bawela1@gmail.com<\/em><\/strong><\/a><strong><em><\/em><\/strong><\/p>\n\n\n\n<p class=\"wp-block-paragraph\"><strong><em>Pour vos annonces, (publi)reportages, etc., joignez-nous au (00228)91515309\/<strong>79872224 <\/strong>www.macite.tg, L\u2019information, la bonne&nbsp;!<\/em><\/strong><\/p>\n","protected":false},"excerpt":{"rendered":"<p class=\"text-justify mb-2\" >24 heures apr\u00e8s la s\u00e9ance de travail, mettant un terme au processus consacr\u00e9 \u00e0 la question de la r\u00e9vision du Code de la Famille, pr\u00e9sid\u00e9e par Sa Majest\u00e9 le Roi Mohamed VI, que Dieu Le glorifie, place d\u00e9sormais \u00e0 la campagne de communication autour des [&hellip;]<\/p>\n","protected":false},"author":2,"featured_media":18879,"comment_status":"open","ping_status":"open","sticky":false,"template":"","format":"standard","meta":{"footnotes":""},"categories":[20,6],"tags":[],"class_list":["post-18878","post","type-post","status-publish","format-standard","has-post-thumbnail","hentry","category-actualite","category-societe"],"yoast_head":"<!-- This site is optimized with the Yoast SEO plugin v28.4 - https:\/\/yoast.com\/product\/yoast-seo-wordpress\/ -->\n<title>MAROC \/ REVISION DU CODE DE LA FAMILLE\u00a0: D\u00e9but de la campagne de communication autour des principaux contenus de la nouvelle loi -<\/title>\n<meta name=\"robots\" content=\"index, follow, max-snippet:-1, max-image-preview:large, max-video-preview:-1\" \/>\n<link rel=\"canonical\" href=\"https:\/\/macite.tg\/?p=18878\" \/>\n<meta property=\"og:locale\" content=\"fr_FR\" \/>\n<meta property=\"og:type\" content=\"article\" \/>\n<meta property=\"og:title\" content=\"MAROC \/ REVISION DU CODE DE LA FAMILLE\u00a0: D\u00e9but de la campagne de communication autour des principaux contenus de la nouvelle loi -\" \/>\n<meta property=\"og:description\" content=\"24 heures apr\u00e8s la s\u00e9ance de travail, mettant un terme au processus consacr\u00e9 \u00e0 la question de la r\u00e9vision du Code de la Famille, pr\u00e9sid\u00e9e par Sa Majest\u00e9 le Roi Mohamed VI, que Dieu Le glorifie, place d\u00e9sormais \u00e0 la campagne de communication autour des [&hellip;]\" \/>\n<meta property=\"og:url\" content=\"https:\/\/macite.tg\/?p=18878\" \/>\n<meta property=\"article:published_time\" content=\"2024-12-24T18:32:19+00:00\" \/>\n<meta property=\"article:modified_time\" content=\"2024-12-24T18:32:31+00:00\" \/>\n<meta property=\"og:image\" content=\"https:\/\/macite.tg\/wp-content\/uploads\/2024\/12\/95e69fcc-bda3-4874-bc41-8f5b46502439.jpg\" \/>\n\t<meta property=\"og:image:width\" content=\"320\" \/>\n\t<meta property=\"og:image:height\" content=\"157\" \/>\n\t<meta property=\"og:image:type\" content=\"image\/jpeg\" \/>\n<meta name=\"author\" content=\"Jean Pierre BAWELA\" \/>\n<meta name=\"twitter:card\" content=\"summary_large_image\" \/>\n<meta name=\"twitter:label1\" content=\"\u00c9crit par\" \/>\n\t<meta name=\"twitter:data1\" content=\"Jean Pierre BAWELA\" \/>\n\t<meta name=\"twitter:label2\" content=\"Dur\u00e9e de lecture estim\u00e9e\" \/>\n\t<meta name=\"twitter:data2\" content=\"5 minutes\" \/>\n<script type=\"application\/ld+json\" class=\"yoast-schema-graph\">{\"@context\":\"https:\\\/\\\/schema.org\",\"@graph\":[{\"@type\":\"Article\",\"@id\":\"https:\\\/\\\/macite.tg\\\/?p=18878#article\",\"isPartOf\":{\"@id\":\"https:\\\/\\\/macite.tg\\\/?p=18878\"},\"author\":{\"name\":\"Jean Pierre BAWELA\",\"@id\":\"https:\\\/\\\/macite.tg\\\/#\\\/schema\\\/person\\\/e9f2de7e5dbbe7770a9402c7ce82f5c2\"},\"headline\":\"MAROC \\\/ REVISION DU CODE DE LA FAMILLE\u00a0: D\u00e9but de la campagne de communication autour des principaux contenus de la nouvelle loi\",\"datePublished\":\"2024-12-24T18:32:19+00:00\",\"dateModified\":\"2024-12-24T18:32:31+00:00\",\"mainEntityOfPage\":{\"@id\":\"https:\\\/\\\/macite.tg\\\/?p=18878\"},\"wordCount\":934,\"commentCount\":0,\"image\":{\"@id\":\"https:\\\/\\\/macite.tg\\\/?p=18878#primaryimage\"},\"thumbnailUrl\":\"https:\\\/\\\/macite.tg\\\/wp-content\\\/uploads\\\/2024\\\/12\\\/95e69fcc-bda3-4874-bc41-8f5b46502439.jpg\",\"articleSection\":[\"ACTUALITE\",\"SOCIETE\"],\"inLanguage\":\"fr-FR\",\"potentialAction\":[{\"@type\":\"CommentAction\",\"name\":\"Comment\",\"target\":[\"https:\\\/\\\/macite.tg\\\/?p=18878#respond\"]}]},{\"@type\":\"WebPage\",\"@id\":\"https:\\\/\\\/macite.tg\\\/?p=18878\",\"url\":\"https:\\\/\\\/macite.tg\\\/?p=18878\",\"name\":\"MAROC \\\/ REVISION DU CODE DE LA FAMILLE\u00a0: D\u00e9but de la campagne de communication autour des principaux contenus de la nouvelle loi -\",\"isPartOf\":{\"@id\":\"https:\\\/\\\/macite.tg\\\/#website\"},\"primaryImageOfPage\":{\"@id\":\"https:\\\/\\\/macite.tg\\\/?p=18878#primaryimage\"},\"image\":{\"@id\":\"https:\\\/\\\/macite.tg\\\/?p=18878#primaryimage\"},\"thumbnailUrl\":\"https:\\\/\\\/macite.tg\\\/wp-content\\\/uploads\\\/2024\\\/12\\\/95e69fcc-bda3-4874-bc41-8f5b46502439.jpg\",\"datePublished\":\"2024-12-24T18:32:19+00:00\",\"dateModified\":\"2024-12-24T18:32:31+00:00\",\"author\":{\"@id\":\"https:\\\/\\\/macite.tg\\\/#\\\/schema\\\/person\\\/e9f2de7e5dbbe7770a9402c7ce82f5c2\"},\"breadcrumb\":{\"@id\":\"https:\\\/\\\/macite.tg\\\/?p=18878#breadcrumb\"},\"inLanguage\":\"fr-FR\",\"potentialAction\":[{\"@type\":\"ReadAction\",\"target\":[\"https:\\\/\\\/macite.tg\\\/?p=18878\"]}]},{\"@type\":\"ImageObject\",\"inLanguage\":\"fr-FR\",\"@id\":\"https:\\\/\\\/macite.tg\\\/?p=18878#primaryimage\",\"url\":\"https:\\\/\\\/macite.tg\\\/wp-content\\\/uploads\\\/2024\\\/12\\\/95e69fcc-bda3-4874-bc41-8f5b46502439.jpg\",\"contentUrl\":\"https:\\\/\\\/macite.tg\\\/wp-content\\\/uploads\\\/2024\\\/12\\\/95e69fcc-bda3-4874-bc41-8f5b46502439.jpg\",\"width\":320,\"height\":157},{\"@type\":\"BreadcrumbList\",\"@id\":\"https:\\\/\\\/macite.tg\\\/?p=18878#breadcrumb\",\"itemListElement\":[{\"@type\":\"ListItem\",\"position\":1,\"name\":\"Accueil\",\"item\":\"https:\\\/\\\/macite.tg\\\/\"},{\"@type\":\"ListItem\",\"position\":2,\"name\":\"MAROC \\\/ REVISION DU CODE DE LA FAMILLE\u00a0: D\u00e9but de la campagne de communication autour des principaux contenus de la nouvelle loi\"}]},{\"@type\":\"WebSite\",\"@id\":\"https:\\\/\\\/macite.tg\\\/#website\",\"url\":\"https:\\\/\\\/macite.tg\\\/\",\"name\":\"\",\"description\":\"L&#039;information, la bonne!!!\",\"potentialAction\":[{\"@type\":\"SearchAction\",\"target\":{\"@type\":\"EntryPoint\",\"urlTemplate\":\"https:\\\/\\\/macite.tg\\\/?s={search_term_string}\"},\"query-input\":{\"@type\":\"PropertyValueSpecification\",\"valueRequired\":true,\"valueName\":\"search_term_string\"}}],\"inLanguage\":\"fr-FR\"},{\"@type\":\"Person\",\"@id\":\"https:\\\/\\\/macite.tg\\\/#\\\/schema\\\/person\\\/e9f2de7e5dbbe7770a9402c7ce82f5c2\",\"name\":\"Jean Pierre BAWELA\",\"image\":{\"@type\":\"ImageObject\",\"inLanguage\":\"fr-FR\",\"@id\":\"https:\\\/\\\/macite.tg\\\/wp-content\\\/uploads\\\/2023\\\/09\\\/WhatsApp-Image-2023-09-19-at-14.44.41-122x122.jpeg\",\"url\":\"https:\\\/\\\/macite.tg\\\/wp-content\\\/uploads\\\/2023\\\/09\\\/WhatsApp-Image-2023-09-19-at-14.44.41-122x122.jpeg\",\"contentUrl\":\"https:\\\/\\\/macite.tg\\\/wp-content\\\/uploads\\\/2023\\\/09\\\/WhatsApp-Image-2023-09-19-at-14.44.41-122x122.jpeg\",\"caption\":\"Jean Pierre BAWELA\"},\"url\":\"https:\\\/\\\/macite.tg\\\/?author=2\"}]}<\/script>\n<!-- \/ Yoast SEO plugin. -->","yoast_head_json":{"title":"MAROC \/ REVISION DU CODE DE LA FAMILLE\u00a0: D\u00e9but de la campagne de communication autour des principaux contenus de la nouvelle loi -","robots":{"index":"index","follow":"follow","max-snippet":"max-snippet:-1","max-image-preview":"max-image-preview:large","max-video-preview":"max-video-preview:-1"},"canonical":"https:\/\/macite.tg\/?p=18878","og_locale":"fr_FR","og_type":"article","og_title":"MAROC \/ REVISION DU CODE DE LA FAMILLE\u00a0: D\u00e9but de la campagne de communication autour des principaux contenus de la nouvelle loi -","og_description":"24 heures apr\u00e8s la s\u00e9ance de travail, mettant un terme au processus consacr\u00e9 \u00e0 la question de la r\u00e9vision du Code de la Famille, pr\u00e9sid\u00e9e par Sa Majest\u00e9 le Roi Mohamed VI, que Dieu Le glorifie, place d\u00e9sormais \u00e0 la campagne de communication autour des [&hellip;]","og_url":"https:\/\/macite.tg\/?p=18878","article_published_time":"2024-12-24T18:32:19+00:00","article_modified_time":"2024-12-24T18:32:31+00:00","og_image":[{"width":320,"height":157,"url":"https:\/\/macite.tg\/wp-content\/uploads\/2024\/12\/95e69fcc-bda3-4874-bc41-8f5b46502439.jpg","type":"image\/jpeg"}],"author":"Jean Pierre BAWELA","twitter_card":"summary_large_image","twitter_misc":{"\u00c9crit par":"Jean Pierre BAWELA","Dur\u00e9e de lecture estim\u00e9e":"5 minutes"},"schema":{"@context":"https:\/\/schema.org","@graph":[{"@type":"Article","@id":"https:\/\/macite.tg\/?p=18878#article","isPartOf":{"@id":"https:\/\/macite.tg\/?p=18878"},"author":{"name":"Jean Pierre BAWELA","@id":"https:\/\/macite.tg\/#\/schema\/person\/e9f2de7e5dbbe7770a9402c7ce82f5c2"},"headline":"MAROC \/ REVISION DU CODE DE LA FAMILLE\u00a0: D\u00e9but de la campagne de communication autour des principaux contenus de la nouvelle loi","datePublished":"2024-12-24T18:32:19+00:00","dateModified":"2024-12-24T18:32:31+00:00","mainEntityOfPage":{"@id":"https:\/\/macite.tg\/?p=18878"},"wordCount":934,"commentCount":0,"image":{"@id":"https:\/\/macite.tg\/?p=18878#primaryimage"},"thumbnailUrl":"https:\/\/macite.tg\/wp-content\/uploads\/2024\/12\/95e69fcc-bda3-4874-bc41-8f5b46502439.jpg","articleSection":["ACTUALITE","SOCIETE"],"inLanguage":"fr-FR","potentialAction":[{"@type":"CommentAction","name":"Comment","target":["https:\/\/macite.tg\/?p=18878#respond"]}]},{"@type":"WebPage","@id":"https:\/\/macite.tg\/?p=18878","url":"https:\/\/macite.tg\/?p=18878","name":"MAROC \/ REVISION DU CODE DE LA FAMILLE\u00a0: D\u00e9but de la campagne de communication autour des principaux contenus de la nouvelle loi -","isPartOf":{"@id":"https:\/\/macite.tg\/#website"},"primaryImageOfPage":{"@id":"https:\/\/macite.tg\/?p=18878#primaryimage"},"image":{"@id":"https:\/\/macite.tg\/?p=18878#primaryimage"},"thumbnailUrl":"https:\/\/macite.tg\/wp-content\/uploads\/2024\/12\/95e69fcc-bda3-4874-bc41-8f5b46502439.jpg","datePublished":"2024-12-24T18:32:19+00:00","dateModified":"2024-12-24T18:32:31+00:00","author":{"@id":"https:\/\/macite.tg\/#\/schema\/person\/e9f2de7e5dbbe7770a9402c7ce82f5c2"},"breadcrumb":{"@id":"https:\/\/macite.tg\/?p=18878#breadcrumb"},"inLanguage":"fr-FR","potentialAction":[{"@type":"ReadAction","target":["https:\/\/macite.tg\/?p=18878"]}]},{"@type":"ImageObject","inLanguage":"fr-FR","@id":"https:\/\/macite.tg\/?p=18878#primaryimage","url":"https:\/\/macite.tg\/wp-content\/uploads\/2024\/12\/95e69fcc-bda3-4874-bc41-8f5b46502439.jpg","contentUrl":"https:\/\/macite.tg\/wp-content\/uploads\/2024\/12\/95e69fcc-bda3-4874-bc41-8f5b46502439.jpg","width":320,"height":157},{"@type":"BreadcrumbList","@id":"https:\/\/macite.tg\/?p=18878#breadcrumb","itemListElement":[{"@type":"ListItem","position":1,"name":"Accueil","item":"https:\/\/macite.tg\/"},{"@type":"ListItem","position":2,"name":"MAROC \/ REVISION DU CODE DE LA FAMILLE\u00a0: D\u00e9but de la campagne de communication autour des principaux contenus de la nouvelle loi"}]},{"@type":"WebSite","@id":"https:\/\/macite.tg\/#website","url":"https:\/\/macite.tg\/","name":"","description":"L&#039;information, la bonne!!!","potentialAction":[{"@type":"SearchAction","target":{"@type":"EntryPoint","urlTemplate":"https:\/\/macite.tg\/?s={search_term_string}"},"query-input":{"@type":"PropertyValueSpecification","valueRequired":true,"valueName":"search_term_string"}}],"inLanguage":"fr-FR"},{"@type":"Person","@id":"https:\/\/macite.tg\/#\/schema\/person\/e9f2de7e5dbbe7770a9402c7ce82f5c2","name":"Jean Pierre BAWELA","image":{"@type":"ImageObject","inLanguage":"fr-FR","@id":"https:\/\/macite.tg\/wp-content\/uploads\/2023\/09\/WhatsApp-Image-2023-09-19-at-14.44.41-122x122.jpeg","url":"https:\/\/macite.tg\/wp-content\/uploads\/2023\/09\/WhatsApp-Image-2023-09-19-at-14.44.41-122x122.jpeg","contentUrl":"https:\/\/macite.tg\/wp-content\/uploads\/2023\/09\/WhatsApp-Image-2023-09-19-at-14.44.41-122x122.jpeg","caption":"Jean Pierre BAWELA"},"url":"https:\/\/macite.tg\/?author=2"}]}},"_links":{"self":[{"href":"https:\/\/macite.tg\/index.php?rest_route=\/wp\/v2\/posts\/18878","targetHints":{"allow":["GET"]}}],"collection":[{"href":"https:\/\/macite.tg\/index.php?rest_route=\/wp\/v2\/posts"}],"about":[{"href":"https:\/\/macite.tg\/index.php?rest_route=\/wp\/v2\/types\/post"}],"author":[{"embeddable":true,"href":"https:\/\/macite.tg\/index.php?rest_route=\/wp\/v2\/users\/2"}],"replies":[{"embeddable":true,"href":"https:\/\/macite.tg\/index.php?rest_route=%2Fwp%2Fv2%2Fcomments&post=18878"}],"version-history":[{"count":0,"href":"https:\/\/macite.tg\/index.php?rest_route=\/wp\/v2\/posts\/18878\/revisions"}],"wp:featuredmedia":[{"embeddable":true,"href":"https:\/\/macite.tg\/index.php?rest_route=\/wp\/v2\/media\/18879"}],"wp:attachment":[{"href":"https:\/\/macite.tg\/index.php?rest_route=%2Fwp%2Fv2%2Fmedia&parent=18878"}],"wp:term":[{"taxonomy":"category","embeddable":true,"href":"https:\/\/macite.tg\/index.php?rest_route=%2Fwp%2Fv2%2Fcategories&post=18878"},{"taxonomy":"post_tag","embeddable":true,"href":"https:\/\/macite.tg\/index.php?rest_route=%2Fwp%2Fv2%2Ftags&post=18878"}],"curies":[{"name":"wp","href":"https:\/\/api.w.org\/{rel}","templated":true}]}}