{"id":18872,"date":"2024-12-24T17:08:34","date_gmt":"2024-12-24T17:08:34","guid":{"rendered":"https:\/\/macite.tg\/?p=18872"},"modified":"2024-12-24T17:08:55","modified_gmt":"2024-12-24T17:08:55","slug":"assemblee-nationale-aux-couleurs-de-noel-intenses-moments-de-partage-et-de-joie-hier-lundi-23-decembre","status":"publish","type":"post","link":"https:\/\/macite.tg\/?p=18872","title":{"rendered":"ASSEMBLEE NATIONALE AUX COULEURS DE NO\u00cbL\u00a0: Intenses moments de partage et de joie, hier lundi 23 d\u00e9cembre"},"content":{"rendered":"\n<p class=\"wp-block-paragraph\"><strong><em>La Repr\u00e9sentation nationale a organis\u00e9, hier lundi 23 d\u00e9cembre, une r\u00e9jouissance de No\u00ebl pour les enfants du personnel de l\u2019administration parlementaire. Moment de joie et de partage, cette rencontre pr\u00e9sid\u00e9e par le pr\u00e9sident de l\u2019institution, Kodjo Sevon-T\u00e9p\u00e9 Ad\u00e9dz\u00e9, a \u00e9t\u00e9 un acte de t\u00e9moigne de la qualit\u00e9 du bon p\u00e8re de famille du Pr\u00e9sident de l\u2019Assembl\u00e9e nationale, et constitue un geste de reconnaissance et d\u2019appr\u00e9ciation envers le travail acharn\u00e9 et le d\u00e9vouement du personnel pour la cause de la nation.<\/em><\/strong><\/p>\n\n\n\n<p class=\"wp-block-paragraph\">Plus de deux cents enfants du personnel de l\u2019institution ont re\u00e7u, hier lundi 23 d\u00e9cembre, des kits de vivres et de jouets, offerts par le Pr\u00e9sident de l\u2019Assembl\u00e9e nationale. C\u2019\u00e9tait au cours d\u2019une r\u00e9jouissance de No\u00ebl pour les enfants du personnel de l\u2019administration parlementaire.<\/p>\n\n\n\n<p class=\"wp-block-paragraph\">Ce geste de bienfaisance du Pr\u00e9sident de l\u2019Assembl\u00e9e nationale, se veut \u00e9galement le t\u00e9moignage de la qualit\u00e9 de bon p\u00e8re de famille de ce dernier, mais aussi de sa reconnaissance du travail acharn\u00e9 et le d\u00e9vouement du personnel pour la cause nationale.<\/p>\n\n\n<div class=\"wp-block-image\">\n<figure class=\"aligncenter size-large is-resized\"><img loading=\"lazy\" decoding=\"async\" src=\"https:\/\/macite.tg\/wp-content\/uploads\/2024\/12\/5f07753c-8ebd-4281-8029-765789708acd-729x1024.jpg\" alt=\"\" class=\"wp-image-18853\" width=\"519\" height=\"729\" srcset=\"https:\/\/macite.tg\/wp-content\/uploads\/2024\/12\/5f07753c-8ebd-4281-8029-765789708acd-729x1024.jpg 729w, https:\/\/macite.tg\/wp-content\/uploads\/2024\/12\/5f07753c-8ebd-4281-8029-765789708acd-214x300.jpg 214w, https:\/\/macite.tg\/wp-content\/uploads\/2024\/12\/5f07753c-8ebd-4281-8029-765789708acd-768x1079.jpg 768w, https:\/\/macite.tg\/wp-content\/uploads\/2024\/12\/5f07753c-8ebd-4281-8029-765789708acd.jpg 776w\" sizes=\"auto, (max-width: 519px) 100vw, 519px\" \/><\/figure>\n<\/div>\n\n\n<p class=\"wp-block-paragraph\">Tout en exprimant sa gratitude \u00e0 Dieu le P\u00e8re et au Chef de l\u2019Etat pour sa vision de paix et d\u2019un Togo prosp\u00e8re o\u00f9 le bien-\u00eatre et le mieux-\u00eatre sont une r\u00e9alit\u00e9 pour tous, le pr\u00e9sident de l\u2019Assembl\u00e9e nationale a pas manqu\u00e9 de prodiguer d\u2019utiles conseils \u00e0 la \u00ab&nbsp;rel\u00e8ve de demain&nbsp;\u00bb.<\/p>\n\n\n\n<p class=\"wp-block-paragraph\"><em>\u00ab Je rends gr\u00e2ce \u00e0 Dieu le p\u00e8re pour la vie de nous tous et particuli\u00e8rement, pour la vie d\u2019un amoureux de la paix, celui-l\u00e0 qui ne m\u00e9nage aucun effort pour que la paix r\u00e8gne dans chaque m\u00e8tre carr\u00e9 de nos cinquante-six mille six cent kilom\u00e8tres carr\u00e9s de notre ch\u00e8re nation, le Togo. Je voudrais nommer, Son Excellence, Monsieur Faure Essozimna Gnassingb\u00e9, le Pr\u00e9sident de la R\u00e9publique \u00bb, <\/em>a-t-il lanc\u00e9, avant d\u2019ajouter&nbsp;:<em> \u00ab Je me r\u00e9jouis de savoir que parmi nos enfants qui sont ici cet apr\u00e8s-midi, il y\u2019a cette volont\u00e9, il y\u2019a ce d\u00e9sir d\u2019assumer de fa\u00e7on pleine et responsable, la rel\u00e8ve, parce que parmi eux, nous aurons des d\u00e9put\u00e9s et ma pri\u00e8re est que comme ailleurs nous ayons parmi eux, plus de d\u00e9put\u00e9s femmes.<\/em><\/p>\n\n\n<div class=\"wp-block-image\">\n<figure class=\"aligncenter size-full\"><img loading=\"lazy\" decoding=\"async\" width=\"768\" height=\"319\" src=\"https:\/\/macite.tg\/wp-content\/uploads\/2024\/12\/ANNONCES-1-768x319-2.jpg\" alt=\"\" class=\"wp-image-18679\" srcset=\"https:\/\/macite.tg\/wp-content\/uploads\/2024\/12\/ANNONCES-1-768x319-2.jpg 768w, https:\/\/macite.tg\/wp-content\/uploads\/2024\/12\/ANNONCES-1-768x319-2-300x125.jpg 300w\" sizes=\"auto, (max-width: 768px) 100vw, 768px\" \/><\/figure>\n<\/div>\n\n\n<p class=\"wp-block-paragraph\"><em>Chers enfants, je m\u2019en vais vous dire que celui dont nous nous rappelons la naissance, J\u00e9sus Christ de Nazareth, a \u00e9t\u00e9 un enfant docile, soumis \u00e0 ses parents. Je vous demande \u00e9galement, soumission \u00e0 vos parents. Le porte-parole l\u2019a dit, vous l\u2019avez bien compris, que quand on sert les int\u00e9r\u00eats de la nation, nous avons ce devoir de sacrifice. Ma pri\u00e8re, chers enfants est que Dieu vous maintienne en bonne sant\u00e9 et que la f\u00eate qui d\u00e9marre ici se poursuive demain et s\u2019ach\u00e8ve tr\u00e8s bien pour chacun d\u2019entre vous \u00bb.<\/em><\/p>\n\n\n\n<p class=\"wp-block-paragraph\">Pr\u00e9sent \u00e0 cette rencontre, le Secr\u00e9taire g\u00e9n\u00e9ral de l\u2019Assembl\u00e9e nationale, Efoe Kini, s\u2019est f\u00e9licit\u00e9 de cette initiative, qui \u00ab&nbsp;<em>vise \u00e0 r\u00e9jouir le c\u0153ur de tous les enfants pr\u00e9sents et par-del\u00e0 les autres qui incarneront le Togo de demain. Il a vivement souhait\u00e9 que la m\u00eame joie puisse \u00e9blouir le c\u0153ur de tous les enfants au Togo et partout ailleurs \u00bb.<\/em><\/p>\n\n\n\n<p class=\"wp-block-paragraph\"><em>\u00ab Votre geste, Monsieur le Pr\u00e9sident de l\u2019Assembl\u00e9e nationale, envers nous, les enfants, d\u00e9passe la simple g\u00e9n\u00e9rosit\u00e9 ; il t\u00e9moigne de votre engagement envers le bien-\u00eatre des familles de ceux qui travaillent chaque jour, \u00e0 vos c\u00f4t\u00e9s, au sein de cette noble institution.&nbsp;\u00bb, <\/em>a indiqu\u00e9 le porte-parole des enfants, Renaud-Emeric Zinsou.<\/p>\n\n\n<div class=\"wp-block-image\">\n<figure class=\"aligncenter size-full\"><img loading=\"lazy\" decoding=\"async\" width=\"500\" height=\"684\" src=\"https:\/\/macite.tg\/wp-content\/uploads\/2024\/12\/horaires.jpg\" alt=\"\" class=\"wp-image-18814\" srcset=\"https:\/\/macite.tg\/wp-content\/uploads\/2024\/12\/horaires.jpg 500w, https:\/\/macite.tg\/wp-content\/uploads\/2024\/12\/horaires-219x300.jpg 219w\" sizes=\"auto, (max-width: 500px) 100vw, 500px\" \/><\/figure>\n<\/div>\n\n\n<p class=\"wp-block-paragraph\">\u00ab&nbsp;<em>En offrant un cadeau \u00e0 chaque enfant, vous avez non seulement illumin\u00e9 nos c\u0153urs, mais aussi renforc\u00e9 en nous les valeurs du partage, de solidarit\u00e9, du travail et de l&rsquo;excellence que vous incarnez. \u00c0 travers cette initiative, vous honorez \u00e9galement le travail acharn\u00e9 de nos parents. Cela nous enseigne une le\u00e7on pr\u00e9cieuse : le s\u00e9rieux au travail et le d\u00e9vouement sont toujours r\u00e9compens\u00e9s. Nous promettons de porter cette le\u00e7on dans nos \u00e9tudes et dans nos actions quotidiennes, en travaillant pour obtenir de bons r\u00e9sultats scolaires et devenir des citoyens exemplaires \u00bb, <\/em>a-t-il d\u00e9clar\u00e9.<\/p>\n\n\n\n<p class=\"wp-block-paragraph\"><strong>JPB avec Cell Com AN<\/strong><\/p>\n\n\n\n<p class=\"wp-block-paragraph\"><a><strong><em>@macite.tg&nbsp;&nbsp;&nbsp;&nbsp;&nbsp;&nbsp;&nbsp;&nbsp;<\/em><\/strong><\/a><\/p>\n\n\n\n<p class=\"wp-block-paragraph\"><strong><em>E-mail&nbsp;: <\/em><\/strong><a href=\"mailto:maciteinfo@gmail.com\"><strong><em>maciteinfo@gmail.com<\/em><\/strong><\/a><strong><em>; <\/em><\/strong><a href=\"mailto:bawela1@gmail.com\"><strong><em>bawela1@gmail.com<\/em><\/strong><\/a><strong><em> <\/em><\/strong><strong><em><\/em><\/strong><\/p>\n\n\n\n<p class=\"wp-block-paragraph\"><strong><em>Pour vos annonces, (publi)reportages, etc., joignez-nous au (00228)91515309\/<strong>79872224 <\/strong>www.macite.tg, L\u2019information, la bonne&nbsp;!<\/em><\/strong><\/p>\n","protected":false},"excerpt":{"rendered":"<p class=\"text-justify mb-2\" >La Repr\u00e9sentation nationale a organis\u00e9, hier lundi 23 d\u00e9cembre, une r\u00e9jouissance de No\u00ebl pour les enfants du personnel de l\u2019administration parlementaire. Moment de joie et de partage, cette rencontre pr\u00e9sid\u00e9e par le pr\u00e9sident de l\u2019institution, Kodjo Sevon-T\u00e9p\u00e9 Ad\u00e9dz\u00e9, a \u00e9t\u00e9 un acte de t\u00e9moigne de [&hellip;]<\/p>\n","protected":false},"author":2,"featured_media":18873,"comment_status":"open","ping_status":"open","sticky":false,"template":"","format":"standard","meta":{"footnotes":""},"categories":[20,6],"tags":[],"class_list":["post-18872","post","type-post","status-publish","format-standard","has-post-thumbnail","hentry","category-actualite","category-societe"],"yoast_head":"<!-- This site is optimized with the Yoast SEO plugin v28.4 - https:\/\/yoast.com\/product\/yoast-seo-wordpress\/ -->\n<title>ASSEMBLEE NATIONALE AUX COULEURS DE NO\u00cbL\u00a0: Intenses moments de partage et de joie, hier lundi 23 d\u00e9cembre -<\/title>\n<meta name=\"robots\" content=\"index, follow, max-snippet:-1, max-image-preview:large, max-video-preview:-1\" \/>\n<link rel=\"canonical\" href=\"https:\/\/macite.tg\/?p=18872\" \/>\n<meta property=\"og:locale\" content=\"fr_FR\" \/>\n<meta property=\"og:type\" content=\"article\" \/>\n<meta property=\"og:title\" content=\"ASSEMBLEE NATIONALE AUX COULEURS DE NO\u00cbL\u00a0: Intenses moments de partage et de joie, hier lundi 23 d\u00e9cembre -\" \/>\n<meta property=\"og:description\" content=\"La Repr\u00e9sentation nationale a organis\u00e9, hier lundi 23 d\u00e9cembre, une r\u00e9jouissance de No\u00ebl pour les enfants du personnel de l\u2019administration parlementaire. Moment de joie et de partage, cette rencontre pr\u00e9sid\u00e9e par le pr\u00e9sident de l\u2019institution, Kodjo Sevon-T\u00e9p\u00e9 Ad\u00e9dz\u00e9, a \u00e9t\u00e9 un acte de t\u00e9moigne de [&hellip;]\" \/>\n<meta property=\"og:url\" content=\"https:\/\/macite.tg\/?p=18872\" \/>\n<meta property=\"article:published_time\" content=\"2024-12-24T17:08:34+00:00\" \/>\n<meta property=\"article:modified_time\" content=\"2024-12-24T17:08:55+00:00\" \/>\n<meta property=\"og:image\" content=\"https:\/\/macite.tg\/wp-content\/uploads\/2024\/12\/AN-Noel.jpg\" \/>\n\t<meta property=\"og:image:width\" content=\"500\" \/>\n\t<meta property=\"og:image:height\" content=\"288\" \/>\n\t<meta property=\"og:image:type\" content=\"image\/jpeg\" \/>\n<meta name=\"author\" content=\"Jean Pierre BAWELA\" \/>\n<meta name=\"twitter:card\" content=\"summary_large_image\" \/>\n<meta name=\"twitter:label1\" content=\"\u00c9crit par\" \/>\n\t<meta name=\"twitter:data1\" content=\"Jean Pierre BAWELA\" \/>\n\t<meta name=\"twitter:label2\" content=\"Dur\u00e9e de lecture estim\u00e9e\" \/>\n\t<meta name=\"twitter:data2\" content=\"4 minutes\" \/>\n<script type=\"application\/ld+json\" class=\"yoast-schema-graph\">{\"@context\":\"https:\\\/\\\/schema.org\",\"@graph\":[{\"@type\":\"Article\",\"@id\":\"https:\\\/\\\/macite.tg\\\/?p=18872#article\",\"isPartOf\":{\"@id\":\"https:\\\/\\\/macite.tg\\\/?p=18872\"},\"author\":{\"name\":\"Jean Pierre BAWELA\",\"@id\":\"https:\\\/\\\/macite.tg\\\/#\\\/schema\\\/person\\\/e9f2de7e5dbbe7770a9402c7ce82f5c2\"},\"headline\":\"ASSEMBLEE NATIONALE AUX COULEURS DE NO\u00cbL\u00a0: Intenses moments de partage et de joie, hier lundi 23 d\u00e9cembre\",\"datePublished\":\"2024-12-24T17:08:34+00:00\",\"dateModified\":\"2024-12-24T17:08:55+00:00\",\"mainEntityOfPage\":{\"@id\":\"https:\\\/\\\/macite.tg\\\/?p=18872\"},\"wordCount\":800,\"commentCount\":0,\"image\":{\"@id\":\"https:\\\/\\\/macite.tg\\\/?p=18872#primaryimage\"},\"thumbnailUrl\":\"https:\\\/\\\/macite.tg\\\/wp-content\\\/uploads\\\/2024\\\/12\\\/AN-Noel.jpg\",\"articleSection\":[\"ACTUALITE\",\"SOCIETE\"],\"inLanguage\":\"fr-FR\",\"potentialAction\":[{\"@type\":\"CommentAction\",\"name\":\"Comment\",\"target\":[\"https:\\\/\\\/macite.tg\\\/?p=18872#respond\"]}]},{\"@type\":\"WebPage\",\"@id\":\"https:\\\/\\\/macite.tg\\\/?p=18872\",\"url\":\"https:\\\/\\\/macite.tg\\\/?p=18872\",\"name\":\"ASSEMBLEE NATIONALE AUX COULEURS DE NO\u00cbL\u00a0: Intenses moments de partage et de joie, hier lundi 23 d\u00e9cembre -\",\"isPartOf\":{\"@id\":\"https:\\\/\\\/macite.tg\\\/#website\"},\"primaryImageOfPage\":{\"@id\":\"https:\\\/\\\/macite.tg\\\/?p=18872#primaryimage\"},\"image\":{\"@id\":\"https:\\\/\\\/macite.tg\\\/?p=18872#primaryimage\"},\"thumbnailUrl\":\"https:\\\/\\\/macite.tg\\\/wp-content\\\/uploads\\\/2024\\\/12\\\/AN-Noel.jpg\",\"datePublished\":\"2024-12-24T17:08:34+00:00\",\"dateModified\":\"2024-12-24T17:08:55+00:00\",\"author\":{\"@id\":\"https:\\\/\\\/macite.tg\\\/#\\\/schema\\\/person\\\/e9f2de7e5dbbe7770a9402c7ce82f5c2\"},\"breadcrumb\":{\"@id\":\"https:\\\/\\\/macite.tg\\\/?p=18872#breadcrumb\"},\"inLanguage\":\"fr-FR\",\"potentialAction\":[{\"@type\":\"ReadAction\",\"target\":[\"https:\\\/\\\/macite.tg\\\/?p=18872\"]}]},{\"@type\":\"ImageObject\",\"inLanguage\":\"fr-FR\",\"@id\":\"https:\\\/\\\/macite.tg\\\/?p=18872#primaryimage\",\"url\":\"https:\\\/\\\/macite.tg\\\/wp-content\\\/uploads\\\/2024\\\/12\\\/AN-Noel.jpg\",\"contentUrl\":\"https:\\\/\\\/macite.tg\\\/wp-content\\\/uploads\\\/2024\\\/12\\\/AN-Noel.jpg\",\"width\":500,\"height\":288,\"caption\":\"Quelques temps forts de la c\u00e9r\u00e9monie...\"},{\"@type\":\"BreadcrumbList\",\"@id\":\"https:\\\/\\\/macite.tg\\\/?p=18872#breadcrumb\",\"itemListElement\":[{\"@type\":\"ListItem\",\"position\":1,\"name\":\"Accueil\",\"item\":\"https:\\\/\\\/macite.tg\\\/\"},{\"@type\":\"ListItem\",\"position\":2,\"name\":\"ASSEMBLEE NATIONALE AUX COULEURS DE NO\u00cbL\u00a0: Intenses moments de partage et de joie, hier lundi 23 d\u00e9cembre\"}]},{\"@type\":\"WebSite\",\"@id\":\"https:\\\/\\\/macite.tg\\\/#website\",\"url\":\"https:\\\/\\\/macite.tg\\\/\",\"name\":\"\",\"description\":\"L&#039;information, la bonne!!!\",\"potentialAction\":[{\"@type\":\"SearchAction\",\"target\":{\"@type\":\"EntryPoint\",\"urlTemplate\":\"https:\\\/\\\/macite.tg\\\/?s={search_term_string}\"},\"query-input\":{\"@type\":\"PropertyValueSpecification\",\"valueRequired\":true,\"valueName\":\"search_term_string\"}}],\"inLanguage\":\"fr-FR\"},{\"@type\":\"Person\",\"@id\":\"https:\\\/\\\/macite.tg\\\/#\\\/schema\\\/person\\\/e9f2de7e5dbbe7770a9402c7ce82f5c2\",\"name\":\"Jean Pierre BAWELA\",\"image\":{\"@type\":\"ImageObject\",\"inLanguage\":\"fr-FR\",\"@id\":\"https:\\\/\\\/macite.tg\\\/wp-content\\\/uploads\\\/2023\\\/09\\\/WhatsApp-Image-2023-09-19-at-14.44.41-122x122.jpeg\",\"url\":\"https:\\\/\\\/macite.tg\\\/wp-content\\\/uploads\\\/2023\\\/09\\\/WhatsApp-Image-2023-09-19-at-14.44.41-122x122.jpeg\",\"contentUrl\":\"https:\\\/\\\/macite.tg\\\/wp-content\\\/uploads\\\/2023\\\/09\\\/WhatsApp-Image-2023-09-19-at-14.44.41-122x122.jpeg\",\"caption\":\"Jean Pierre BAWELA\"},\"url\":\"https:\\\/\\\/macite.tg\\\/?author=2\"}]}<\/script>\n<!-- \/ Yoast SEO plugin. -->","yoast_head_json":{"title":"ASSEMBLEE NATIONALE AUX COULEURS DE NO\u00cbL\u00a0: Intenses moments de partage et de joie, hier lundi 23 d\u00e9cembre -","robots":{"index":"index","follow":"follow","max-snippet":"max-snippet:-1","max-image-preview":"max-image-preview:large","max-video-preview":"max-video-preview:-1"},"canonical":"https:\/\/macite.tg\/?p=18872","og_locale":"fr_FR","og_type":"article","og_title":"ASSEMBLEE NATIONALE AUX COULEURS DE NO\u00cbL\u00a0: Intenses moments de partage et de joie, hier lundi 23 d\u00e9cembre -","og_description":"La Repr\u00e9sentation nationale a organis\u00e9, hier lundi 23 d\u00e9cembre, une r\u00e9jouissance de No\u00ebl pour les enfants du personnel de l\u2019administration parlementaire. Moment de joie et de partage, cette rencontre pr\u00e9sid\u00e9e par le pr\u00e9sident de l\u2019institution, Kodjo Sevon-T\u00e9p\u00e9 Ad\u00e9dz\u00e9, a \u00e9t\u00e9 un acte de t\u00e9moigne de [&hellip;]","og_url":"https:\/\/macite.tg\/?p=18872","article_published_time":"2024-12-24T17:08:34+00:00","article_modified_time":"2024-12-24T17:08:55+00:00","og_image":[{"width":500,"height":288,"url":"https:\/\/macite.tg\/wp-content\/uploads\/2024\/12\/AN-Noel.jpg","type":"image\/jpeg"}],"author":"Jean Pierre BAWELA","twitter_card":"summary_large_image","twitter_misc":{"\u00c9crit par":"Jean Pierre BAWELA","Dur\u00e9e de lecture estim\u00e9e":"4 minutes"},"schema":{"@context":"https:\/\/schema.org","@graph":[{"@type":"Article","@id":"https:\/\/macite.tg\/?p=18872#article","isPartOf":{"@id":"https:\/\/macite.tg\/?p=18872"},"author":{"name":"Jean Pierre BAWELA","@id":"https:\/\/macite.tg\/#\/schema\/person\/e9f2de7e5dbbe7770a9402c7ce82f5c2"},"headline":"ASSEMBLEE NATIONALE AUX COULEURS DE NO\u00cbL\u00a0: Intenses moments de partage et de joie, hier lundi 23 d\u00e9cembre","datePublished":"2024-12-24T17:08:34+00:00","dateModified":"2024-12-24T17:08:55+00:00","mainEntityOfPage":{"@id":"https:\/\/macite.tg\/?p=18872"},"wordCount":800,"commentCount":0,"image":{"@id":"https:\/\/macite.tg\/?p=18872#primaryimage"},"thumbnailUrl":"https:\/\/macite.tg\/wp-content\/uploads\/2024\/12\/AN-Noel.jpg","articleSection":["ACTUALITE","SOCIETE"],"inLanguage":"fr-FR","potentialAction":[{"@type":"CommentAction","name":"Comment","target":["https:\/\/macite.tg\/?p=18872#respond"]}]},{"@type":"WebPage","@id":"https:\/\/macite.tg\/?p=18872","url":"https:\/\/macite.tg\/?p=18872","name":"ASSEMBLEE NATIONALE AUX COULEURS DE NO\u00cbL\u00a0: Intenses moments de partage et de joie, hier lundi 23 d\u00e9cembre -","isPartOf":{"@id":"https:\/\/macite.tg\/#website"},"primaryImageOfPage":{"@id":"https:\/\/macite.tg\/?p=18872#primaryimage"},"image":{"@id":"https:\/\/macite.tg\/?p=18872#primaryimage"},"thumbnailUrl":"https:\/\/macite.tg\/wp-content\/uploads\/2024\/12\/AN-Noel.jpg","datePublished":"2024-12-24T17:08:34+00:00","dateModified":"2024-12-24T17:08:55+00:00","author":{"@id":"https:\/\/macite.tg\/#\/schema\/person\/e9f2de7e5dbbe7770a9402c7ce82f5c2"},"breadcrumb":{"@id":"https:\/\/macite.tg\/?p=18872#breadcrumb"},"inLanguage":"fr-FR","potentialAction":[{"@type":"ReadAction","target":["https:\/\/macite.tg\/?p=18872"]}]},{"@type":"ImageObject","inLanguage":"fr-FR","@id":"https:\/\/macite.tg\/?p=18872#primaryimage","url":"https:\/\/macite.tg\/wp-content\/uploads\/2024\/12\/AN-Noel.jpg","contentUrl":"https:\/\/macite.tg\/wp-content\/uploads\/2024\/12\/AN-Noel.jpg","width":500,"height":288,"caption":"Quelques temps forts de la c\u00e9r\u00e9monie..."},{"@type":"BreadcrumbList","@id":"https:\/\/macite.tg\/?p=18872#breadcrumb","itemListElement":[{"@type":"ListItem","position":1,"name":"Accueil","item":"https:\/\/macite.tg\/"},{"@type":"ListItem","position":2,"name":"ASSEMBLEE NATIONALE AUX COULEURS DE NO\u00cbL\u00a0: Intenses moments de partage et de joie, hier lundi 23 d\u00e9cembre"}]},{"@type":"WebSite","@id":"https:\/\/macite.tg\/#website","url":"https:\/\/macite.tg\/","name":"","description":"L&#039;information, la bonne!!!","potentialAction":[{"@type":"SearchAction","target":{"@type":"EntryPoint","urlTemplate":"https:\/\/macite.tg\/?s={search_term_string}"},"query-input":{"@type":"PropertyValueSpecification","valueRequired":true,"valueName":"search_term_string"}}],"inLanguage":"fr-FR"},{"@type":"Person","@id":"https:\/\/macite.tg\/#\/schema\/person\/e9f2de7e5dbbe7770a9402c7ce82f5c2","name":"Jean Pierre BAWELA","image":{"@type":"ImageObject","inLanguage":"fr-FR","@id":"https:\/\/macite.tg\/wp-content\/uploads\/2023\/09\/WhatsApp-Image-2023-09-19-at-14.44.41-122x122.jpeg","url":"https:\/\/macite.tg\/wp-content\/uploads\/2023\/09\/WhatsApp-Image-2023-09-19-at-14.44.41-122x122.jpeg","contentUrl":"https:\/\/macite.tg\/wp-content\/uploads\/2023\/09\/WhatsApp-Image-2023-09-19-at-14.44.41-122x122.jpeg","caption":"Jean Pierre BAWELA"},"url":"https:\/\/macite.tg\/?author=2"}]}},"_links":{"self":[{"href":"https:\/\/macite.tg\/index.php?rest_route=\/wp\/v2\/posts\/18872","targetHints":{"allow":["GET"]}}],"collection":[{"href":"https:\/\/macite.tg\/index.php?rest_route=\/wp\/v2\/posts"}],"about":[{"href":"https:\/\/macite.tg\/index.php?rest_route=\/wp\/v2\/types\/post"}],"author":[{"embeddable":true,"href":"https:\/\/macite.tg\/index.php?rest_route=\/wp\/v2\/users\/2"}],"replies":[{"embeddable":true,"href":"https:\/\/macite.tg\/index.php?rest_route=%2Fwp%2Fv2%2Fcomments&post=18872"}],"version-history":[{"count":0,"href":"https:\/\/macite.tg\/index.php?rest_route=\/wp\/v2\/posts\/18872\/revisions"}],"wp:featuredmedia":[{"embeddable":true,"href":"https:\/\/macite.tg\/index.php?rest_route=\/wp\/v2\/media\/18873"}],"wp:attachment":[{"href":"https:\/\/macite.tg\/index.php?rest_route=%2Fwp%2Fv2%2Fmedia&parent=18872"}],"wp:term":[{"taxonomy":"category","embeddable":true,"href":"https:\/\/macite.tg\/index.php?rest_route=%2Fwp%2Fv2%2Fcategories&post=18872"},{"taxonomy":"post_tag","embeddable":true,"href":"https:\/\/macite.tg\/index.php?rest_route=%2Fwp%2Fv2%2Ftags&post=18872"}],"curies":[{"name":"wp","href":"https:\/\/api.w.org\/{rel}","templated":true}]}}