{"id":18868,"date":"2024-12-24T15:47:31","date_gmt":"2024-12-24T15:47:31","guid":{"rendered":"https:\/\/macite.tg\/?p=18868"},"modified":"2024-12-24T15:50:28","modified_gmt":"2024-12-24T15:50:28","slug":"situation-et-perspectives-au-sein-de-lumoa-le-gouverneur-de-la-becao-fait-le-point-au-president-faure-gnassingbe","status":"publish","type":"post","link":"https:\/\/macite.tg\/?p=18868","title":{"rendered":"SITUATION ET PERSPECTIVES AU SEIN DE L\u2019UMOA\u00a0: Le Gouverneur de la Bceao fait le point au Pr\u00e9sident Faure Gnassingb\u00e9"},"content":{"rendered":"\n<p class=\"wp-block-paragraph\"><strong><em>Hier lundi 23 d\u00e9cembre, le Pr\u00e9sident de la R\u00e9publique, Faure Essozimna Gnassingb\u00e9, a re\u00e7u en audience le Gouverneur de la Banque Centrale des Etats de l\u2019Afrique de l\u2019Ouest (Bceao), Jean-Claude Kassi Brou.<\/em><\/strong><\/p>\n\n\n\n<p class=\"wp-block-paragraph\">Au menu des \u00e9changes, la situation \u00e9conomique, mon\u00e9taire et financi\u00e8re au sein de l\u2019Union mon\u00e9taire ouest africaine (Umoa), mais \u00e9galement les d\u00e9fis et les perspectives de la croissance auxquelles sont confront\u00e9es la r\u00e9gion. \u00ab&nbsp;<em>Nous avons fait le point sur la situation \u00e9conomique d\u2019ensemble dans l\u2019Union et surtout les perspectives qui sont favorables (\u2026)&nbsp;\u00bb, <\/em>a-t-il expliqu\u00e9<em>.<\/em><\/p>\n\n\n<div class=\"wp-block-image\">\n<figure class=\"aligncenter size-full\"><img loading=\"lazy\" decoding=\"async\" width=\"768\" height=\"319\" src=\"https:\/\/macite.tg\/wp-content\/uploads\/2024\/12\/ANNONCES-1-768x319-2.jpg\" alt=\"\" class=\"wp-image-18679\" srcset=\"https:\/\/macite.tg\/wp-content\/uploads\/2024\/12\/ANNONCES-1-768x319-2.jpg 768w, https:\/\/macite.tg\/wp-content\/uploads\/2024\/12\/ANNONCES-1-768x319-2-300x125.jpg 300w\" sizes=\"auto, (max-width: 768px) 100vw, 768px\" \/><\/figure>\n<\/div>\n\n\n<p class=\"wp-block-paragraph\">Apr\u00e8s avoir salu\u00e9 l\u2019engagement du leader togolais dans les perspectives de la r\u00e9duction de l\u2019inflation, l\u2019Ivoirien Jean-Claude Kassi Brou a d\u00e9clar\u00e9 \u00e0 sa sortie d\u2019audience que <em>\u00ab&nbsp;dans la r\u00e9gion, nous avons une croissance soutenue, la plus forte sur le continent. Le taux d\u2019inflation est \u00e9galement \u00e0 la baisse et les diff\u00e9rentes mesures prises par les pays membres ont permis de juguler l\u2019inflation et d\u2019\u00e9voluer vers des niveaux conformes \u00e0 nos objectifs&nbsp;\u00bb.<\/em><\/p>\n\n\n<div class=\"wp-block-image\">\n<figure class=\"aligncenter size-large is-resized\"><img loading=\"lazy\" decoding=\"async\" src=\"https:\/\/macite.tg\/wp-content\/uploads\/2024\/12\/5f07753c-8ebd-4281-8029-765789708acd-729x1024.jpg\" alt=\"\" class=\"wp-image-18853\" width=\"537\" height=\"754\" srcset=\"https:\/\/macite.tg\/wp-content\/uploads\/2024\/12\/5f07753c-8ebd-4281-8029-765789708acd-729x1024.jpg 729w, https:\/\/macite.tg\/wp-content\/uploads\/2024\/12\/5f07753c-8ebd-4281-8029-765789708acd-214x300.jpg 214w, https:\/\/macite.tg\/wp-content\/uploads\/2024\/12\/5f07753c-8ebd-4281-8029-765789708acd-768x1079.jpg 768w, https:\/\/macite.tg\/wp-content\/uploads\/2024\/12\/5f07753c-8ebd-4281-8029-765789708acd.jpg 776w\" sizes=\"auto, (max-width: 537px) 100vw, 537px\" \/><\/figure>\n<\/div>\n\n\n<p class=\"wp-block-paragraph\">Le Gouverneur de la Bceao a, pour finir, annonc\u00e9 <em>\u00ab&nbsp;de tr\u00e8s belles perspectives sur 2025 et&nbsp;2026&nbsp;\u00bb.<\/em>&nbsp;<\/p>\n\n\n\n<p class=\"wp-block-paragraph\"><strong>La R\u00e9daction<\/strong><\/p>\n\n\n\n<p class=\"wp-block-paragraph\"><a><strong><em>@macite.tg&nbsp;&nbsp;&nbsp;&nbsp;&nbsp;&nbsp;&nbsp;&nbsp;<\/em><\/strong><\/a><\/p>\n\n\n\n<p class=\"wp-block-paragraph\"><strong><em>E-mail&nbsp;: <\/em><\/strong><a href=\"mailto:maciteinfo@gmail.com\"><strong><em>maciteinfo@gmail.com<\/em><\/strong><\/a><strong><em>; <\/em><\/strong><a href=\"mailto:bawela1@gmail.com\"><strong><em>bawela1@gmail.com<\/em><\/strong><\/a><strong><em><\/em><\/strong><\/p>\n\n\n\n<p class=\"wp-block-paragraph\"><strong><em>Pour vos annonces, (publi)reportages, etc., joignez-nous au (00228)91515309\/<strong>79872224 <\/strong>www.macite.tg, L\u2019information, la bonne&nbsp;!<\/em><\/strong><\/p>\n","protected":false},"excerpt":{"rendered":"<p class=\"text-justify mb-2\" >Hier lundi 23 d\u00e9cembre, le Pr\u00e9sident de la R\u00e9publique, Faure Essozimna Gnassingb\u00e9, a re\u00e7u en audience le Gouverneur de la Banque Centrale des Etats de l\u2019Afrique de l\u2019Ouest (Bceao), Jean-Claude Kassi Brou. Au menu des \u00e9changes, la situation \u00e9conomique, mon\u00e9taire et financi\u00e8re au sein de [&hellip;]<\/p>\n","protected":false},"author":2,"featured_media":18869,"comment_status":"open","ping_status":"open","sticky":false,"template":"","format":"standard","meta":{"footnotes":""},"categories":[20,3],"tags":[],"class_list":["post-18868","post","type-post","status-publish","format-standard","has-post-thumbnail","hentry","category-actualite","category-economie"],"yoast_head":"<!-- This site is optimized with the Yoast SEO plugin v28.4 - https:\/\/yoast.com\/product\/yoast-seo-wordpress\/ -->\n<title>SITUATION ET PERSPECTIVES AU SEIN DE L\u2019UMOA\u00a0: Le Gouverneur de la Bceao fait le point au Pr\u00e9sident Faure Gnassingb\u00e9 -<\/title>\n<meta name=\"robots\" content=\"index, follow, max-snippet:-1, max-image-preview:large, max-video-preview:-1\" \/>\n<link rel=\"canonical\" href=\"https:\/\/macite.tg\/?p=18868\" \/>\n<meta property=\"og:locale\" content=\"fr_FR\" \/>\n<meta property=\"og:type\" content=\"article\" \/>\n<meta property=\"og:title\" content=\"SITUATION ET PERSPECTIVES AU SEIN DE L\u2019UMOA\u00a0: Le Gouverneur de la Bceao fait le point au Pr\u00e9sident Faure Gnassingb\u00e9 -\" \/>\n<meta property=\"og:description\" content=\"Hier lundi 23 d\u00e9cembre, le Pr\u00e9sident de la R\u00e9publique, Faure Essozimna Gnassingb\u00e9, a re\u00e7u en audience le Gouverneur de la Banque Centrale des Etats de l\u2019Afrique de l\u2019Ouest (Bceao), Jean-Claude Kassi Brou. Au menu des \u00e9changes, la situation \u00e9conomique, mon\u00e9taire et financi\u00e8re au sein de [&hellip;]\" \/>\n<meta property=\"og:url\" content=\"https:\/\/macite.tg\/?p=18868\" \/>\n<meta property=\"article:published_time\" content=\"2024-12-24T15:47:31+00:00\" \/>\n<meta property=\"article:modified_time\" content=\"2024-12-24T15:50:28+00:00\" \/>\n<meta property=\"og:image\" content=\"https:\/\/macite.tg\/wp-content\/uploads\/2024\/12\/Bceao-Kassi-brou.jpg\" \/>\n\t<meta property=\"og:image:width\" content=\"500\" \/>\n\t<meta property=\"og:image:height\" content=\"281\" \/>\n\t<meta property=\"og:image:type\" content=\"image\/jpeg\" \/>\n<meta name=\"author\" content=\"Jean Pierre BAWELA\" \/>\n<meta name=\"twitter:card\" content=\"summary_large_image\" \/>\n<meta name=\"twitter:label1\" content=\"\u00c9crit par\" \/>\n\t<meta name=\"twitter:data1\" content=\"Jean Pierre BAWELA\" \/>\n\t<meta name=\"twitter:label2\" content=\"Dur\u00e9e de lecture estim\u00e9e\" \/>\n\t<meta name=\"twitter:data2\" content=\"1 minute\" \/>\n<script type=\"application\/ld+json\" class=\"yoast-schema-graph\">{\"@context\":\"https:\\\/\\\/schema.org\",\"@graph\":[{\"@type\":\"Article\",\"@id\":\"https:\\\/\\\/macite.tg\\\/?p=18868#article\",\"isPartOf\":{\"@id\":\"https:\\\/\\\/macite.tg\\\/?p=18868\"},\"author\":{\"name\":\"Jean Pierre BAWELA\",\"@id\":\"https:\\\/\\\/macite.tg\\\/#\\\/schema\\\/person\\\/e9f2de7e5dbbe7770a9402c7ce82f5c2\"},\"headline\":\"SITUATION ET PERSPECTIVES AU SEIN DE L\u2019UMOA\u00a0: Le Gouverneur de la Bceao fait le point au Pr\u00e9sident Faure Gnassingb\u00e9\",\"datePublished\":\"2024-12-24T15:47:31+00:00\",\"dateModified\":\"2024-12-24T15:50:28+00:00\",\"mainEntityOfPage\":{\"@id\":\"https:\\\/\\\/macite.tg\\\/?p=18868\"},\"wordCount\":262,\"commentCount\":1,\"image\":{\"@id\":\"https:\\\/\\\/macite.tg\\\/?p=18868#primaryimage\"},\"thumbnailUrl\":\"https:\\\/\\\/macite.tg\\\/wp-content\\\/uploads\\\/2024\\\/12\\\/Bceao-Kassi-brou.jpg\",\"articleSection\":[\"ACTUALITE\",\"ECONOMIE\"],\"inLanguage\":\"fr-FR\",\"potentialAction\":[{\"@type\":\"CommentAction\",\"name\":\"Comment\",\"target\":[\"https:\\\/\\\/macite.tg\\\/?p=18868#respond\"]}]},{\"@type\":\"WebPage\",\"@id\":\"https:\\\/\\\/macite.tg\\\/?p=18868\",\"url\":\"https:\\\/\\\/macite.tg\\\/?p=18868\",\"name\":\"SITUATION ET PERSPECTIVES AU SEIN DE L\u2019UMOA\u00a0: Le Gouverneur de la Bceao fait le point au Pr\u00e9sident Faure Gnassingb\u00e9 -\",\"isPartOf\":{\"@id\":\"https:\\\/\\\/macite.tg\\\/#website\"},\"primaryImageOfPage\":{\"@id\":\"https:\\\/\\\/macite.tg\\\/?p=18868#primaryimage\"},\"image\":{\"@id\":\"https:\\\/\\\/macite.tg\\\/?p=18868#primaryimage\"},\"thumbnailUrl\":\"https:\\\/\\\/macite.tg\\\/wp-content\\\/uploads\\\/2024\\\/12\\\/Bceao-Kassi-brou.jpg\",\"datePublished\":\"2024-12-24T15:47:31+00:00\",\"dateModified\":\"2024-12-24T15:50:28+00:00\",\"author\":{\"@id\":\"https:\\\/\\\/macite.tg\\\/#\\\/schema\\\/person\\\/e9f2de7e5dbbe7770a9402c7ce82f5c2\"},\"breadcrumb\":{\"@id\":\"https:\\\/\\\/macite.tg\\\/?p=18868#breadcrumb\"},\"inLanguage\":\"fr-FR\",\"potentialAction\":[{\"@type\":\"ReadAction\",\"target\":[\"https:\\\/\\\/macite.tg\\\/?p=18868\"]}]},{\"@type\":\"ImageObject\",\"inLanguage\":\"fr-FR\",\"@id\":\"https:\\\/\\\/macite.tg\\\/?p=18868#primaryimage\",\"url\":\"https:\\\/\\\/macite.tg\\\/wp-content\\\/uploads\\\/2024\\\/12\\\/Bceao-Kassi-brou.jpg\",\"contentUrl\":\"https:\\\/\\\/macite.tg\\\/wp-content\\\/uploads\\\/2024\\\/12\\\/Bceao-Kassi-brou.jpg\",\"width\":500,\"height\":281,\"caption\":\"Une vue de l'audience\"},{\"@type\":\"BreadcrumbList\",\"@id\":\"https:\\\/\\\/macite.tg\\\/?p=18868#breadcrumb\",\"itemListElement\":[{\"@type\":\"ListItem\",\"position\":1,\"name\":\"Accueil\",\"item\":\"https:\\\/\\\/macite.tg\\\/\"},{\"@type\":\"ListItem\",\"position\":2,\"name\":\"SITUATION ET PERSPECTIVES AU SEIN DE L\u2019UMOA\u00a0: Le Gouverneur de la Bceao fait le point au Pr\u00e9sident Faure Gnassingb\u00e9\"}]},{\"@type\":\"WebSite\",\"@id\":\"https:\\\/\\\/macite.tg\\\/#website\",\"url\":\"https:\\\/\\\/macite.tg\\\/\",\"name\":\"\",\"description\":\"L&#039;information, la bonne!!!\",\"potentialAction\":[{\"@type\":\"SearchAction\",\"target\":{\"@type\":\"EntryPoint\",\"urlTemplate\":\"https:\\\/\\\/macite.tg\\\/?s={search_term_string}\"},\"query-input\":{\"@type\":\"PropertyValueSpecification\",\"valueRequired\":true,\"valueName\":\"search_term_string\"}}],\"inLanguage\":\"fr-FR\"},{\"@type\":\"Person\",\"@id\":\"https:\\\/\\\/macite.tg\\\/#\\\/schema\\\/person\\\/e9f2de7e5dbbe7770a9402c7ce82f5c2\",\"name\":\"Jean Pierre BAWELA\",\"image\":{\"@type\":\"ImageObject\",\"inLanguage\":\"fr-FR\",\"@id\":\"https:\\\/\\\/macite.tg\\\/wp-content\\\/uploads\\\/2023\\\/09\\\/WhatsApp-Image-2023-09-19-at-14.44.41-122x122.jpeg\",\"url\":\"https:\\\/\\\/macite.tg\\\/wp-content\\\/uploads\\\/2023\\\/09\\\/WhatsApp-Image-2023-09-19-at-14.44.41-122x122.jpeg\",\"contentUrl\":\"https:\\\/\\\/macite.tg\\\/wp-content\\\/uploads\\\/2023\\\/09\\\/WhatsApp-Image-2023-09-19-at-14.44.41-122x122.jpeg\",\"caption\":\"Jean Pierre BAWELA\"},\"url\":\"https:\\\/\\\/macite.tg\\\/?author=2\"}]}<\/script>\n<!-- \/ Yoast SEO plugin. -->","yoast_head_json":{"title":"SITUATION ET PERSPECTIVES AU SEIN DE L\u2019UMOA\u00a0: Le Gouverneur de la Bceao fait le point au Pr\u00e9sident Faure Gnassingb\u00e9 -","robots":{"index":"index","follow":"follow","max-snippet":"max-snippet:-1","max-image-preview":"max-image-preview:large","max-video-preview":"max-video-preview:-1"},"canonical":"https:\/\/macite.tg\/?p=18868","og_locale":"fr_FR","og_type":"article","og_title":"SITUATION ET PERSPECTIVES AU SEIN DE L\u2019UMOA\u00a0: Le Gouverneur de la Bceao fait le point au Pr\u00e9sident Faure Gnassingb\u00e9 -","og_description":"Hier lundi 23 d\u00e9cembre, le Pr\u00e9sident de la R\u00e9publique, Faure Essozimna Gnassingb\u00e9, a re\u00e7u en audience le Gouverneur de la Banque Centrale des Etats de l\u2019Afrique de l\u2019Ouest (Bceao), Jean-Claude Kassi Brou. Au menu des \u00e9changes, la situation \u00e9conomique, mon\u00e9taire et financi\u00e8re au sein de [&hellip;]","og_url":"https:\/\/macite.tg\/?p=18868","article_published_time":"2024-12-24T15:47:31+00:00","article_modified_time":"2024-12-24T15:50:28+00:00","og_image":[{"width":500,"height":281,"url":"https:\/\/macite.tg\/wp-content\/uploads\/2024\/12\/Bceao-Kassi-brou.jpg","type":"image\/jpeg"}],"author":"Jean Pierre BAWELA","twitter_card":"summary_large_image","twitter_misc":{"\u00c9crit par":"Jean Pierre BAWELA","Dur\u00e9e de lecture estim\u00e9e":"1 minute"},"schema":{"@context":"https:\/\/schema.org","@graph":[{"@type":"Article","@id":"https:\/\/macite.tg\/?p=18868#article","isPartOf":{"@id":"https:\/\/macite.tg\/?p=18868"},"author":{"name":"Jean Pierre BAWELA","@id":"https:\/\/macite.tg\/#\/schema\/person\/e9f2de7e5dbbe7770a9402c7ce82f5c2"},"headline":"SITUATION ET PERSPECTIVES AU SEIN DE L\u2019UMOA\u00a0: Le Gouverneur de la Bceao fait le point au Pr\u00e9sident Faure Gnassingb\u00e9","datePublished":"2024-12-24T15:47:31+00:00","dateModified":"2024-12-24T15:50:28+00:00","mainEntityOfPage":{"@id":"https:\/\/macite.tg\/?p=18868"},"wordCount":262,"commentCount":1,"image":{"@id":"https:\/\/macite.tg\/?p=18868#primaryimage"},"thumbnailUrl":"https:\/\/macite.tg\/wp-content\/uploads\/2024\/12\/Bceao-Kassi-brou.jpg","articleSection":["ACTUALITE","ECONOMIE"],"inLanguage":"fr-FR","potentialAction":[{"@type":"CommentAction","name":"Comment","target":["https:\/\/macite.tg\/?p=18868#respond"]}]},{"@type":"WebPage","@id":"https:\/\/macite.tg\/?p=18868","url":"https:\/\/macite.tg\/?p=18868","name":"SITUATION ET PERSPECTIVES AU SEIN DE L\u2019UMOA\u00a0: Le Gouverneur de la Bceao fait le point au Pr\u00e9sident Faure Gnassingb\u00e9 -","isPartOf":{"@id":"https:\/\/macite.tg\/#website"},"primaryImageOfPage":{"@id":"https:\/\/macite.tg\/?p=18868#primaryimage"},"image":{"@id":"https:\/\/macite.tg\/?p=18868#primaryimage"},"thumbnailUrl":"https:\/\/macite.tg\/wp-content\/uploads\/2024\/12\/Bceao-Kassi-brou.jpg","datePublished":"2024-12-24T15:47:31+00:00","dateModified":"2024-12-24T15:50:28+00:00","author":{"@id":"https:\/\/macite.tg\/#\/schema\/person\/e9f2de7e5dbbe7770a9402c7ce82f5c2"},"breadcrumb":{"@id":"https:\/\/macite.tg\/?p=18868#breadcrumb"},"inLanguage":"fr-FR","potentialAction":[{"@type":"ReadAction","target":["https:\/\/macite.tg\/?p=18868"]}]},{"@type":"ImageObject","inLanguage":"fr-FR","@id":"https:\/\/macite.tg\/?p=18868#primaryimage","url":"https:\/\/macite.tg\/wp-content\/uploads\/2024\/12\/Bceao-Kassi-brou.jpg","contentUrl":"https:\/\/macite.tg\/wp-content\/uploads\/2024\/12\/Bceao-Kassi-brou.jpg","width":500,"height":281,"caption":"Une vue de l'audience"},{"@type":"BreadcrumbList","@id":"https:\/\/macite.tg\/?p=18868#breadcrumb","itemListElement":[{"@type":"ListItem","position":1,"name":"Accueil","item":"https:\/\/macite.tg\/"},{"@type":"ListItem","position":2,"name":"SITUATION ET PERSPECTIVES AU SEIN DE L\u2019UMOA\u00a0: Le Gouverneur de la Bceao fait le point au Pr\u00e9sident Faure Gnassingb\u00e9"}]},{"@type":"WebSite","@id":"https:\/\/macite.tg\/#website","url":"https:\/\/macite.tg\/","name":"","description":"L&#039;information, la bonne!!!","potentialAction":[{"@type":"SearchAction","target":{"@type":"EntryPoint","urlTemplate":"https:\/\/macite.tg\/?s={search_term_string}"},"query-input":{"@type":"PropertyValueSpecification","valueRequired":true,"valueName":"search_term_string"}}],"inLanguage":"fr-FR"},{"@type":"Person","@id":"https:\/\/macite.tg\/#\/schema\/person\/e9f2de7e5dbbe7770a9402c7ce82f5c2","name":"Jean Pierre BAWELA","image":{"@type":"ImageObject","inLanguage":"fr-FR","@id":"https:\/\/macite.tg\/wp-content\/uploads\/2023\/09\/WhatsApp-Image-2023-09-19-at-14.44.41-122x122.jpeg","url":"https:\/\/macite.tg\/wp-content\/uploads\/2023\/09\/WhatsApp-Image-2023-09-19-at-14.44.41-122x122.jpeg","contentUrl":"https:\/\/macite.tg\/wp-content\/uploads\/2023\/09\/WhatsApp-Image-2023-09-19-at-14.44.41-122x122.jpeg","caption":"Jean Pierre BAWELA"},"url":"https:\/\/macite.tg\/?author=2"}]}},"_links":{"self":[{"href":"https:\/\/macite.tg\/index.php?rest_route=\/wp\/v2\/posts\/18868","targetHints":{"allow":["GET"]}}],"collection":[{"href":"https:\/\/macite.tg\/index.php?rest_route=\/wp\/v2\/posts"}],"about":[{"href":"https:\/\/macite.tg\/index.php?rest_route=\/wp\/v2\/types\/post"}],"author":[{"embeddable":true,"href":"https:\/\/macite.tg\/index.php?rest_route=\/wp\/v2\/users\/2"}],"replies":[{"embeddable":true,"href":"https:\/\/macite.tg\/index.php?rest_route=%2Fwp%2Fv2%2Fcomments&post=18868"}],"version-history":[{"count":0,"href":"https:\/\/macite.tg\/index.php?rest_route=\/wp\/v2\/posts\/18868\/revisions"}],"wp:featuredmedia":[{"embeddable":true,"href":"https:\/\/macite.tg\/index.php?rest_route=\/wp\/v2\/media\/18869"}],"wp:attachment":[{"href":"https:\/\/macite.tg\/index.php?rest_route=%2Fwp%2Fv2%2Fmedia&parent=18868"}],"wp:term":[{"taxonomy":"category","embeddable":true,"href":"https:\/\/macite.tg\/index.php?rest_route=%2Fwp%2Fv2%2Fcategories&post=18868"},{"taxonomy":"post_tag","embeddable":true,"href":"https:\/\/macite.tg\/index.php?rest_route=%2Fwp%2Fv2%2Ftags&post=18868"}],"curies":[{"name":"wp","href":"https:\/\/api.w.org\/{rel}","templated":true}]}}