{"id":18861,"date":"2024-12-24T12:03:09","date_gmt":"2024-12-24T12:03:09","guid":{"rendered":"https:\/\/macite.tg\/?p=18861"},"modified":"2024-12-24T12:03:37","modified_gmt":"2024-12-24T12:03:37","slug":"finances-le-projet-de-collectif-budgetaire-2024-adopte-a-2-2506-milliards-de-francs-cfa","status":"publish","type":"post","link":"https:\/\/macite.tg\/?p=18861","title":{"rendered":"FINANCES\u00a0:\u00a0 Le projet de collectif budg\u00e9taire 2024 adopt\u00e9 \u00e0 2.250,6 milliards de francs Cfa"},"content":{"rendered":"\n<p class=\"wp-block-paragraph\"><strong><em>Le Conseil des ministres a examin\u00e9 et adopt\u00e9 le projet de loi de finances rectificative, exercice 2024. Le Projet de loi de finances rectificative, exercice 2024, est \u00e9labor\u00e9 dans le respect du principe de sinc\u00e9rit\u00e9 budg\u00e9taire et de transparence dans la gestion des finances publiques, dans un contexte o\u00f9 l\u2019\u00e9conomie est marqu\u00e9e par des incertitudes sur le plan sous r\u00e9gional, r\u00e9gional et international.<\/em><\/strong><\/p>\n\n\n\n<p class=\"wp-block-paragraph\">L\u2019activit\u00e9 \u00e9conomique nationale au terme du premier semestre 2024 devrait s\u2019inscrire en hausse avec une croissance pr\u00e9vue \u00e0 6,6% contre 6,4% en 2023, en phase avec le dynamisme attendu dans tous les secteurs de l\u2019\u00e9conomie.<\/p>\n\n\n\n<p class=\"wp-block-paragraph\">Toutefois, au regard des d\u00e9fis li\u00e9s au resserrement des conditions de financement, les pr\u00e9visions budg\u00e9taires initiales de l\u2019exercice 2024 ont \u00e9t\u00e9 revues. Les \u00e9conomies r\u00e9alis\u00e9es ont \u00e9t\u00e9, ainsi, affect\u00e9es \u00e0 des d\u00e9penses d\u2019urgence.<\/p>\n\n\n<div class=\"wp-block-image\">\n<figure class=\"aligncenter size-large is-resized\"><img loading=\"lazy\" decoding=\"async\" src=\"https:\/\/macite.tg\/wp-content\/uploads\/2024\/12\/5f07753c-8ebd-4281-8029-765789708acd-729x1024.jpg\" alt=\"\" class=\"wp-image-18853\" width=\"451\" height=\"634\" srcset=\"https:\/\/macite.tg\/wp-content\/uploads\/2024\/12\/5f07753c-8ebd-4281-8029-765789708acd-729x1024.jpg 729w, https:\/\/macite.tg\/wp-content\/uploads\/2024\/12\/5f07753c-8ebd-4281-8029-765789708acd-214x300.jpg 214w, https:\/\/macite.tg\/wp-content\/uploads\/2024\/12\/5f07753c-8ebd-4281-8029-765789708acd-768x1079.jpg 768w, https:\/\/macite.tg\/wp-content\/uploads\/2024\/12\/5f07753c-8ebd-4281-8029-765789708acd.jpg 776w\" sizes=\"auto, (max-width: 451px) 100vw, 451px\" \/><\/figure>\n<\/div>\n\n\n<p class=\"wp-block-paragraph\">En d\u00e9finitive, le projet de budget de l\u2019\u00c9tat qui ressort du projet de loi de finances rectificative, exercice 2024, est projet\u00e9 \u00e0 2.250,6 milliards de francs Cfa en charges et en ressources contre 2.179,2 milliards de francs Cfa dans la loi de finances initiale, soit une augmentation de 3,3%, correspondant \u00e0 71,4 milliards de francs Cfa. \u00ab&nbsp;<em>A travers ce projet de loi de finances rectificative, le Gouvernement entend poursuivre la mise en \u0153uvre des r\u00e9formes structurelles et des politiques de d\u00e9veloppement en lien avec la Feuille de Route 2025, tout en renfor\u00e7ant les moyens de lutte contre le terrorisme<\/em>&nbsp;\u00bb, lit-on dans un communiqu\u00e9 du Gouvernement.<\/p>\n\n\n\n<p class=\"wp-block-paragraph\">Il faut relever que le Budget exercice 2025 est actuellement en \u00e9tude \u00e0 l\u2019Assembl\u00e9e nationale et sera adopt\u00e9 sous peu. \u00c9labor\u00e9 dans un contexte mondial de ralentissement continu de l\u2019\u00e9conomie, et de durcissement des conditions financi\u00e8res, avec leur impact sur les investissements et la dette, sur fond de crises entre la Russie et l\u2019Ukraine et au Moyen-Orient, le projet de budget 2025 demeure tributaire du contexte s\u00e9curitaire r\u00e9gional et de la persistance des menaces li\u00e9es au terrorisme et \u00e0 l\u2019extr\u00e9misme violent.<\/p>\n\n\n<div class=\"wp-block-image\">\n<figure class=\"aligncenter size-full is-resized\"><img loading=\"lazy\" decoding=\"async\" src=\"https:\/\/macite.tg\/wp-content\/uploads\/2024\/12\/ANNONCES-1-768x319-2.jpg\" alt=\"\" class=\"wp-image-18679\" width=\"821\" height=\"341\" srcset=\"https:\/\/macite.tg\/wp-content\/uploads\/2024\/12\/ANNONCES-1-768x319-2.jpg 768w, https:\/\/macite.tg\/wp-content\/uploads\/2024\/12\/ANNONCES-1-768x319-2-300x125.jpg 300w\" sizes=\"auto, (max-width: 821px) 100vw, 821px\" \/><\/figure>\n<\/div>\n\n\n<p class=\"wp-block-paragraph\">Cependant, en d\u00e9pit d\u2019une conjoncture marqu\u00e9e par un fl\u00e9chissement de la croissance et des projections mesur\u00e9es de reprise dans l\u2019espace Cedeao et dans la zone Uemoa, l\u2019activit\u00e9 \u00e9conomique sur le plan national est rest\u00e9e dynamique gr\u00e2ce \u00e0 la bonne ex\u00e9cution des projets et reformes de la Feuille de route gouvernementale.<\/p>\n\n\n\n<p class=\"wp-block-paragraph\">Ainsi, Le projet de budget de l\u2019\u00c9tat, exercice 2025, s\u2019\u00e9quilibre en ressources et charges pour un montant de 2.394,2 milliards de francs Cfa contre 2.179,1 milliards de francs Cfa dans la loi de finances de l\u2019ann\u00e9e 2024, soit une hausse de 9,9%. Ayant pass\u00e9 le cap des 2.000 milliards de francs Cfa pour la premi\u00e8re fois en 2024, le budget de notre pays poursuit sa dynamique de croissance, avec la priorit\u00e9 accord\u00e9e au volet social qui repr\u00e9sente 49,7% des d\u00e9penses budg\u00e9taires, contre 48% pr\u00e9c\u00e9demment.<\/p>\n\n\n\n<p class=\"wp-block-paragraph\">L\u2019accent demeure mis sur la r\u00e9ponse au d\u00e9fi s\u00e9curitaire pour d\u00e9fendre le territoire national et prot\u00e9ger les populations, tout en renfor\u00e7ant l\u2019inclusion sociale et \u00e9conomique, pour accro\u00eetre la satisfaction des besoins des populations et le soutien aux couches vuln\u00e9rables de notre soci\u00e9t\u00e9. La poursuite des r\u00e9formes pour l\u2019assainissement des finances publiques devrait continuer de produire des effets b\u00e9n\u00e9fiques, les efforts engag\u00e9s par le gouvernement concourant d\u2019ann\u00e9e en ann\u00e9e \u00e0 la ma\u00eetrise du d\u00e9ficit budg\u00e9taire qui ressortirait \u00e0 3% du PIB en 2025 contre 6,7% en 2023, et une pr\u00e9vision de 5,9% en 2024.<\/p>\n\n\n<div class=\"wp-block-image\">\n<figure class=\"aligncenter size-full is-resized\"><img loading=\"lazy\" decoding=\"async\" src=\"https:\/\/macite.tg\/wp-content\/uploads\/2024\/12\/horaires.jpg\" alt=\"\" class=\"wp-image-18814\" width=\"500\" height=\"684\" srcset=\"https:\/\/macite.tg\/wp-content\/uploads\/2024\/12\/horaires.jpg 500w, https:\/\/macite.tg\/wp-content\/uploads\/2024\/12\/horaires-219x300.jpg 219w\" sizes=\"auto, (max-width: 500px) 100vw, 500px\" \/><\/figure>\n<\/div>\n\n\n<p class=\"wp-block-paragraph\"><em>\u00ab&nbsp;Suivant les orientations du chef de l\u2019\u00c9tat, le gouvernement continuera de privil\u00e9gier l\u2019efficacit\u00e9 de la d\u00e9pense publique ainsi que l\u2019am\u00e9lioration de la qualit\u00e9 des services aux citoyens<\/em>&nbsp;\u00bb, a indiqu\u00e9 la porte-parole du gouvernement, Yawa Kouigan, lors de l\u2019adoption du projet de loi de finances.<\/p>\n\n\n\n<p class=\"wp-block-paragraph\"><strong><em>Koudjoukabalo (<\/em>In LE MEDIUM n\u00b0637 du 24 au 30 D\u00e9cembre 2024)<\/strong><\/p>\n\n\n\n<p class=\"wp-block-paragraph\"><a><strong><em>@macite.tg&nbsp;&nbsp;&nbsp;&nbsp;&nbsp;&nbsp;&nbsp;&nbsp;<\/em><\/strong><\/a><\/p>\n\n\n\n<p class=\"wp-block-paragraph\"><strong><em>E-mail&nbsp;: <\/em><\/strong><a href=\"mailto:maciteinfo@gmail.com\"><strong><em>maciteinfo@gmail.com<\/em><\/strong><\/a><strong><em>; <\/em><\/strong><a href=\"mailto:bawela1@gmail.com\"><strong><em>bawela1@gmail.com<\/em><\/strong><\/a><strong><em><\/em><\/strong><\/p>\n\n\n\n<p class=\"wp-block-paragraph\"><strong><em>Pour vos annonces, (publi)reportages, etc., joignez-nous au (00228)91515309\/<strong>79872224 <\/strong>www.macite.tg, L\u2019information, la bonne&nbsp;!<\/em><\/strong><\/p>\n","protected":false},"excerpt":{"rendered":"<p class=\"text-justify mb-2\" >Le Conseil des ministres a examin\u00e9 et adopt\u00e9 le projet de loi de finances rectificative, exercice 2024. Le Projet de loi de finances rectificative, exercice 2024, est \u00e9labor\u00e9 dans le respect du principe de sinc\u00e9rit\u00e9 budg\u00e9taire et de transparence dans la gestion des finances publiques, [&hellip;]<\/p>\n","protected":false},"author":2,"featured_media":18862,"comment_status":"open","ping_status":"open","sticky":false,"template":"","format":"standard","meta":{"footnotes":""},"categories":[20,42],"tags":[],"class_list":["post-18861","post","type-post","status-publish","format-standard","has-post-thumbnail","hentry","category-actualite","category-finances"],"yoast_head":"<!-- This site is optimized with the Yoast SEO plugin v28.4 - https:\/\/yoast.com\/product\/yoast-seo-wordpress\/ -->\n<title>FINANCES\u00a0:\u00a0 Le projet de collectif budg\u00e9taire 2024 adopt\u00e9 \u00e0 2.250,6 milliards de francs Cfa -<\/title>\n<meta name=\"robots\" content=\"index, follow, max-snippet:-1, max-image-preview:large, max-video-preview:-1\" \/>\n<link rel=\"canonical\" href=\"https:\/\/macite.tg\/?p=18861\" \/>\n<meta property=\"og:locale\" content=\"fr_FR\" \/>\n<meta property=\"og:type\" content=\"article\" \/>\n<meta property=\"og:title\" content=\"FINANCES\u00a0:\u00a0 Le projet de collectif budg\u00e9taire 2024 adopt\u00e9 \u00e0 2.250,6 milliards de francs Cfa -\" \/>\n<meta property=\"og:description\" content=\"Le Conseil des ministres a examin\u00e9 et adopt\u00e9 le projet de loi de finances rectificative, exercice 2024. Le Projet de loi de finances rectificative, exercice 2024, est \u00e9labor\u00e9 dans le respect du principe de sinc\u00e9rit\u00e9 budg\u00e9taire et de transparence dans la gestion des finances publiques, [&hellip;]\" \/>\n<meta property=\"og:url\" content=\"https:\/\/macite.tg\/?p=18861\" \/>\n<meta property=\"article:published_time\" content=\"2024-12-24T12:03:09+00:00\" \/>\n<meta property=\"article:modified_time\" content=\"2024-12-24T12:03:37+00:00\" \/>\n<meta property=\"og:image\" content=\"https:\/\/macite.tg\/wp-content\/uploads\/2024\/12\/ceb61c1d-9a62-407a-8371-e76e58a38605.jpg\" \/>\n\t<meta property=\"og:image:width\" content=\"887\" \/>\n\t<meta property=\"og:image:height\" content=\"1024\" \/>\n\t<meta property=\"og:image:type\" content=\"image\/jpeg\" \/>\n<meta name=\"author\" content=\"Jean Pierre BAWELA\" \/>\n<meta name=\"twitter:card\" content=\"summary_large_image\" \/>\n<meta name=\"twitter:label1\" content=\"\u00c9crit par\" \/>\n\t<meta name=\"twitter:data1\" content=\"Jean Pierre BAWELA\" \/>\n\t<meta name=\"twitter:label2\" content=\"Dur\u00e9e de lecture estim\u00e9e\" \/>\n\t<meta name=\"twitter:data2\" content=\"3 minutes\" \/>\n<script type=\"application\/ld+json\" class=\"yoast-schema-graph\">{\"@context\":\"https:\\\/\\\/schema.org\",\"@graph\":[{\"@type\":\"Article\",\"@id\":\"https:\\\/\\\/macite.tg\\\/?p=18861#article\",\"isPartOf\":{\"@id\":\"https:\\\/\\\/macite.tg\\\/?p=18861\"},\"author\":{\"name\":\"Jean Pierre BAWELA\",\"@id\":\"https:\\\/\\\/macite.tg\\\/#\\\/schema\\\/person\\\/e9f2de7e5dbbe7770a9402c7ce82f5c2\"},\"headline\":\"FINANCES\u00a0:\u00a0 Le projet de collectif budg\u00e9taire 2024 adopt\u00e9 \u00e0 2.250,6 milliards de francs Cfa\",\"datePublished\":\"2024-12-24T12:03:09+00:00\",\"dateModified\":\"2024-12-24T12:03:37+00:00\",\"mainEntityOfPage\":{\"@id\":\"https:\\\/\\\/macite.tg\\\/?p=18861\"},\"wordCount\":694,\"commentCount\":0,\"image\":{\"@id\":\"https:\\\/\\\/macite.tg\\\/?p=18861#primaryimage\"},\"thumbnailUrl\":\"https:\\\/\\\/macite.tg\\\/wp-content\\\/uploads\\\/2024\\\/12\\\/ceb61c1d-9a62-407a-8371-e76e58a38605.jpg\",\"articleSection\":[\"ACTUALITE\",\"FINANCES\"],\"inLanguage\":\"fr-FR\",\"potentialAction\":[{\"@type\":\"CommentAction\",\"name\":\"Comment\",\"target\":[\"https:\\\/\\\/macite.tg\\\/?p=18861#respond\"]}]},{\"@type\":\"WebPage\",\"@id\":\"https:\\\/\\\/macite.tg\\\/?p=18861\",\"url\":\"https:\\\/\\\/macite.tg\\\/?p=18861\",\"name\":\"FINANCES\u00a0:\u00a0 Le projet de collectif budg\u00e9taire 2024 adopt\u00e9 \u00e0 2.250,6 milliards de francs Cfa -\",\"isPartOf\":{\"@id\":\"https:\\\/\\\/macite.tg\\\/#website\"},\"primaryImageOfPage\":{\"@id\":\"https:\\\/\\\/macite.tg\\\/?p=18861#primaryimage\"},\"image\":{\"@id\":\"https:\\\/\\\/macite.tg\\\/?p=18861#primaryimage\"},\"thumbnailUrl\":\"https:\\\/\\\/macite.tg\\\/wp-content\\\/uploads\\\/2024\\\/12\\\/ceb61c1d-9a62-407a-8371-e76e58a38605.jpg\",\"datePublished\":\"2024-12-24T12:03:09+00:00\",\"dateModified\":\"2024-12-24T12:03:37+00:00\",\"author\":{\"@id\":\"https:\\\/\\\/macite.tg\\\/#\\\/schema\\\/person\\\/e9f2de7e5dbbe7770a9402c7ce82f5c2\"},\"breadcrumb\":{\"@id\":\"https:\\\/\\\/macite.tg\\\/?p=18861#breadcrumb\"},\"inLanguage\":\"fr-FR\",\"potentialAction\":[{\"@type\":\"ReadAction\",\"target\":[\"https:\\\/\\\/macite.tg\\\/?p=18861\"]}]},{\"@type\":\"ImageObject\",\"inLanguage\":\"fr-FR\",\"@id\":\"https:\\\/\\\/macite.tg\\\/?p=18861#primaryimage\",\"url\":\"https:\\\/\\\/macite.tg\\\/wp-content\\\/uploads\\\/2024\\\/12\\\/ceb61c1d-9a62-407a-8371-e76e58a38605.jpg\",\"contentUrl\":\"https:\\\/\\\/macite.tg\\\/wp-content\\\/uploads\\\/2024\\\/12\\\/ceb61c1d-9a62-407a-8371-e76e58a38605.jpg\",\"width\":887,\"height\":1024,\"caption\":\"Georges Essow\u00e8 Barcola, ministre de l'Economie et des finances\"},{\"@type\":\"BreadcrumbList\",\"@id\":\"https:\\\/\\\/macite.tg\\\/?p=18861#breadcrumb\",\"itemListElement\":[{\"@type\":\"ListItem\",\"position\":1,\"name\":\"Accueil\",\"item\":\"https:\\\/\\\/macite.tg\\\/\"},{\"@type\":\"ListItem\",\"position\":2,\"name\":\"FINANCES\u00a0:\u00a0 Le projet de collectif budg\u00e9taire 2024 adopt\u00e9 \u00e0 2.250,6 milliards de francs Cfa\"}]},{\"@type\":\"WebSite\",\"@id\":\"https:\\\/\\\/macite.tg\\\/#website\",\"url\":\"https:\\\/\\\/macite.tg\\\/\",\"name\":\"\",\"description\":\"L&#039;information, la bonne!!!\",\"potentialAction\":[{\"@type\":\"SearchAction\",\"target\":{\"@type\":\"EntryPoint\",\"urlTemplate\":\"https:\\\/\\\/macite.tg\\\/?s={search_term_string}\"},\"query-input\":{\"@type\":\"PropertyValueSpecification\",\"valueRequired\":true,\"valueName\":\"search_term_string\"}}],\"inLanguage\":\"fr-FR\"},{\"@type\":\"Person\",\"@id\":\"https:\\\/\\\/macite.tg\\\/#\\\/schema\\\/person\\\/e9f2de7e5dbbe7770a9402c7ce82f5c2\",\"name\":\"Jean Pierre BAWELA\",\"image\":{\"@type\":\"ImageObject\",\"inLanguage\":\"fr-FR\",\"@id\":\"https:\\\/\\\/macite.tg\\\/wp-content\\\/uploads\\\/2023\\\/09\\\/WhatsApp-Image-2023-09-19-at-14.44.41-122x122.jpeg\",\"url\":\"https:\\\/\\\/macite.tg\\\/wp-content\\\/uploads\\\/2023\\\/09\\\/WhatsApp-Image-2023-09-19-at-14.44.41-122x122.jpeg\",\"contentUrl\":\"https:\\\/\\\/macite.tg\\\/wp-content\\\/uploads\\\/2023\\\/09\\\/WhatsApp-Image-2023-09-19-at-14.44.41-122x122.jpeg\",\"caption\":\"Jean Pierre BAWELA\"},\"url\":\"https:\\\/\\\/macite.tg\\\/?author=2\"}]}<\/script>\n<!-- \/ Yoast SEO plugin. -->","yoast_head_json":{"title":"FINANCES\u00a0:\u00a0 Le projet de collectif budg\u00e9taire 2024 adopt\u00e9 \u00e0 2.250,6 milliards de francs Cfa -","robots":{"index":"index","follow":"follow","max-snippet":"max-snippet:-1","max-image-preview":"max-image-preview:large","max-video-preview":"max-video-preview:-1"},"canonical":"https:\/\/macite.tg\/?p=18861","og_locale":"fr_FR","og_type":"article","og_title":"FINANCES\u00a0:\u00a0 Le projet de collectif budg\u00e9taire 2024 adopt\u00e9 \u00e0 2.250,6 milliards de francs Cfa -","og_description":"Le Conseil des ministres a examin\u00e9 et adopt\u00e9 le projet de loi de finances rectificative, exercice 2024. Le Projet de loi de finances rectificative, exercice 2024, est \u00e9labor\u00e9 dans le respect du principe de sinc\u00e9rit\u00e9 budg\u00e9taire et de transparence dans la gestion des finances publiques, [&hellip;]","og_url":"https:\/\/macite.tg\/?p=18861","article_published_time":"2024-12-24T12:03:09+00:00","article_modified_time":"2024-12-24T12:03:37+00:00","og_image":[{"width":887,"height":1024,"url":"https:\/\/macite.tg\/wp-content\/uploads\/2024\/12\/ceb61c1d-9a62-407a-8371-e76e58a38605.jpg","type":"image\/jpeg"}],"author":"Jean Pierre BAWELA","twitter_card":"summary_large_image","twitter_misc":{"\u00c9crit par":"Jean Pierre BAWELA","Dur\u00e9e de lecture estim\u00e9e":"3 minutes"},"schema":{"@context":"https:\/\/schema.org","@graph":[{"@type":"Article","@id":"https:\/\/macite.tg\/?p=18861#article","isPartOf":{"@id":"https:\/\/macite.tg\/?p=18861"},"author":{"name":"Jean Pierre BAWELA","@id":"https:\/\/macite.tg\/#\/schema\/person\/e9f2de7e5dbbe7770a9402c7ce82f5c2"},"headline":"FINANCES\u00a0:\u00a0 Le projet de collectif budg\u00e9taire 2024 adopt\u00e9 \u00e0 2.250,6 milliards de francs Cfa","datePublished":"2024-12-24T12:03:09+00:00","dateModified":"2024-12-24T12:03:37+00:00","mainEntityOfPage":{"@id":"https:\/\/macite.tg\/?p=18861"},"wordCount":694,"commentCount":0,"image":{"@id":"https:\/\/macite.tg\/?p=18861#primaryimage"},"thumbnailUrl":"https:\/\/macite.tg\/wp-content\/uploads\/2024\/12\/ceb61c1d-9a62-407a-8371-e76e58a38605.jpg","articleSection":["ACTUALITE","FINANCES"],"inLanguage":"fr-FR","potentialAction":[{"@type":"CommentAction","name":"Comment","target":["https:\/\/macite.tg\/?p=18861#respond"]}]},{"@type":"WebPage","@id":"https:\/\/macite.tg\/?p=18861","url":"https:\/\/macite.tg\/?p=18861","name":"FINANCES\u00a0:\u00a0 Le projet de collectif budg\u00e9taire 2024 adopt\u00e9 \u00e0 2.250,6 milliards de francs Cfa -","isPartOf":{"@id":"https:\/\/macite.tg\/#website"},"primaryImageOfPage":{"@id":"https:\/\/macite.tg\/?p=18861#primaryimage"},"image":{"@id":"https:\/\/macite.tg\/?p=18861#primaryimage"},"thumbnailUrl":"https:\/\/macite.tg\/wp-content\/uploads\/2024\/12\/ceb61c1d-9a62-407a-8371-e76e58a38605.jpg","datePublished":"2024-12-24T12:03:09+00:00","dateModified":"2024-12-24T12:03:37+00:00","author":{"@id":"https:\/\/macite.tg\/#\/schema\/person\/e9f2de7e5dbbe7770a9402c7ce82f5c2"},"breadcrumb":{"@id":"https:\/\/macite.tg\/?p=18861#breadcrumb"},"inLanguage":"fr-FR","potentialAction":[{"@type":"ReadAction","target":["https:\/\/macite.tg\/?p=18861"]}]},{"@type":"ImageObject","inLanguage":"fr-FR","@id":"https:\/\/macite.tg\/?p=18861#primaryimage","url":"https:\/\/macite.tg\/wp-content\/uploads\/2024\/12\/ceb61c1d-9a62-407a-8371-e76e58a38605.jpg","contentUrl":"https:\/\/macite.tg\/wp-content\/uploads\/2024\/12\/ceb61c1d-9a62-407a-8371-e76e58a38605.jpg","width":887,"height":1024,"caption":"Georges Essow\u00e8 Barcola, ministre de l'Economie et des finances"},{"@type":"BreadcrumbList","@id":"https:\/\/macite.tg\/?p=18861#breadcrumb","itemListElement":[{"@type":"ListItem","position":1,"name":"Accueil","item":"https:\/\/macite.tg\/"},{"@type":"ListItem","position":2,"name":"FINANCES\u00a0:\u00a0 Le projet de collectif budg\u00e9taire 2024 adopt\u00e9 \u00e0 2.250,6 milliards de francs Cfa"}]},{"@type":"WebSite","@id":"https:\/\/macite.tg\/#website","url":"https:\/\/macite.tg\/","name":"","description":"L&#039;information, la bonne!!!","potentialAction":[{"@type":"SearchAction","target":{"@type":"EntryPoint","urlTemplate":"https:\/\/macite.tg\/?s={search_term_string}"},"query-input":{"@type":"PropertyValueSpecification","valueRequired":true,"valueName":"search_term_string"}}],"inLanguage":"fr-FR"},{"@type":"Person","@id":"https:\/\/macite.tg\/#\/schema\/person\/e9f2de7e5dbbe7770a9402c7ce82f5c2","name":"Jean Pierre BAWELA","image":{"@type":"ImageObject","inLanguage":"fr-FR","@id":"https:\/\/macite.tg\/wp-content\/uploads\/2023\/09\/WhatsApp-Image-2023-09-19-at-14.44.41-122x122.jpeg","url":"https:\/\/macite.tg\/wp-content\/uploads\/2023\/09\/WhatsApp-Image-2023-09-19-at-14.44.41-122x122.jpeg","contentUrl":"https:\/\/macite.tg\/wp-content\/uploads\/2023\/09\/WhatsApp-Image-2023-09-19-at-14.44.41-122x122.jpeg","caption":"Jean Pierre BAWELA"},"url":"https:\/\/macite.tg\/?author=2"}]}},"_links":{"self":[{"href":"https:\/\/macite.tg\/index.php?rest_route=\/wp\/v2\/posts\/18861","targetHints":{"allow":["GET"]}}],"collection":[{"href":"https:\/\/macite.tg\/index.php?rest_route=\/wp\/v2\/posts"}],"about":[{"href":"https:\/\/macite.tg\/index.php?rest_route=\/wp\/v2\/types\/post"}],"author":[{"embeddable":true,"href":"https:\/\/macite.tg\/index.php?rest_route=\/wp\/v2\/users\/2"}],"replies":[{"embeddable":true,"href":"https:\/\/macite.tg\/index.php?rest_route=%2Fwp%2Fv2%2Fcomments&post=18861"}],"version-history":[{"count":0,"href":"https:\/\/macite.tg\/index.php?rest_route=\/wp\/v2\/posts\/18861\/revisions"}],"wp:featuredmedia":[{"embeddable":true,"href":"https:\/\/macite.tg\/index.php?rest_route=\/wp\/v2\/media\/18862"}],"wp:attachment":[{"href":"https:\/\/macite.tg\/index.php?rest_route=%2Fwp%2Fv2%2Fmedia&parent=18861"}],"wp:term":[{"taxonomy":"category","embeddable":true,"href":"https:\/\/macite.tg\/index.php?rest_route=%2Fwp%2Fv2%2Fcategories&post=18861"},{"taxonomy":"post_tag","embeddable":true,"href":"https:\/\/macite.tg\/index.php?rest_route=%2Fwp%2Fv2%2Ftags&post=18861"}],"curies":[{"name":"wp","href":"https:\/\/api.w.org\/{rel}","templated":true}]}}