{"id":1884,"date":"2022-11-17T12:24:35","date_gmt":"2022-11-17T12:24:35","guid":{"rendered":"https:\/\/macite.info\/?p=1884"},"modified":"2022-11-17T12:24:36","modified_gmt":"2022-11-17T12:24:36","slug":"mondial-au-qatar-equipe-de-france-blesse-au-genou-nkunku-defend-son-agresseur-camavinga","status":"publish","type":"post","link":"https:\/\/macite.tg\/?p=1884","title":{"rendered":"MONDIAL AU QATAR\/EQUIPE DE FRANCE : Bless\u00e9 au genou, Nkunku d\u00e9fend son \u2018\u2019agresseur\u2019\u2019, Camavinga"},"content":{"rendered":"\n<p class=\"wp-block-paragraph\"><strong><em>L\u2019attaquant de l\u2019\u00e9quipe de France, Christopher Nkunku, forfait de derni\u00e8re minute pour le Mondial, a assur\u00e9, hier mercredi, qu\u2019il reviendrait \u00abencore plus fort\u00bb, d\u00e9fendant par ailleurs son co\u00e9quipier Eduardo Camavinga, impliqu\u00e9 sur l\u2019action ayant men\u00e9 \u00e0 sa blessure mais \u00abinjustement pris pour cible\u00bb.<\/em><\/strong><\/p>\n\n\n\n<p class=\"wp-block-paragraph\">Le calendrier complet des matches de la Coupe du monde<\/p>\n\n\n\n<p class=\"wp-block-paragraph\">Le calendrier complet des Bleus<br><em>\u00abA pr\u00e9sent, place au travail avec pour seul et unique objectif: revenir encore plus fort\u00bb,<\/em> a \u00e9crit le joueur de Leipzig sur les r\u00e9seaux sociaux, promettant aux Bleus d\u2019\u00eatre leur <em>\u00abpremier supporter\u00bb.<\/em><\/p>\n\n\n<div class=\"wp-block-image\">\n<figure class=\"aligncenter size-large is-resized\"><img loading=\"lazy\" decoding=\"async\" src=\"https:\/\/macite.tg\/wp-content\/uploads\/2022\/11\/ANNONCES-1-1024x426.jpg\" alt=\"\" class=\"wp-image-1602\" width=\"799\" height=\"332\" srcset=\"https:\/\/macite.tg\/wp-content\/uploads\/2022\/11\/ANNONCES-1-1024x426.jpg 1024w, https:\/\/macite.tg\/wp-content\/uploads\/2022\/11\/ANNONCES-1-300x125.jpg 300w, https:\/\/macite.tg\/wp-content\/uploads\/2022\/11\/ANNONCES-1-768x319.jpg 768w, https:\/\/macite.tg\/wp-content\/uploads\/2022\/11\/ANNONCES-1.jpg 1080w\" sizes=\"auto, (max-width: 799px) 100vw, 799px\" \/><\/figure>\n<\/div>\n\n\n<p class=\"wp-block-paragraph\">Victime mardi soir d\u2019une entorse au genou gauche lors de l\u2019ultime entra\u00eenement avant le d\u00e9part pour le Qatar, Nkunku a quitt\u00e9 le groupe France, remplac\u00e9 par Randal Kolo Muani.<\/p>\n\n\n\n<p class=\"wp-block-paragraph\">L\u2019attaquant a \u00e9galement adress\u00e9 \u00abune pens\u00e9e pour (\u2026) Eduardo Camavinga, injustement pris pour cible\u00bb selon lui. Les images de la blessure de Nkunku montrent bien que le joueur du Real Madrid est impliqu\u00e9 dans l\u2019action en question, mais aucun choc ou contact entre les deux hommes n\u2019appara\u00eet clairement.<\/p>\n\n\n\n<p class=\"wp-block-paragraph\"><em>\u00abLa Coupe du monde doit \u00eatre un moment de communion, et non de division\u00bb<\/em>, a ajout\u00e9 Nkunku. Camavinga avait en effet fait l\u2019objet de plusieurs commentaires racistes sur les r\u00e9seaux sociaux apr\u00e8s la publication de la vid\u00e9o de la blessure de son compatriote.<\/p>\n\n\n\n<p class=\"wp-block-paragraph\"><strong>Avec AFP<\/strong><\/p>\n\n\n\n<p class=\"wp-block-paragraph\"><strong><em>@macite.info<\/em><\/strong><\/p>\n\n\n\n<p class=\"wp-block-paragraph\"><strong><em>E-mail&nbsp;: <\/em><\/strong><a href=\"mailto:maciteinfo@gmail.com\"><em>maciteinfo@gmail.com<\/em><\/a><strong><em>; <\/em><\/strong><a href=\"mailto:bawela1@gmail.com\"><em>bawela1@gmail.com<\/em><\/a><strong><em><\/em><\/strong><\/p>\n\n\n\n<p class=\"wp-block-paragraph\"><strong><em>Pour vos annonces, (publi)reportages, etc., joignez nous au (00228) 91515309\/<strong>79872224<\/strong><\/em><\/strong><em><\/em><\/p>\n\n\n\n<p class=\"wp-block-paragraph\"><a href=\"http:\/\/www.macite.info\"><em>www.macite.info<\/em><\/a><strong><em>, L\u2019information, la bonne&nbsp;!<\/em><\/strong><\/p>\n","protected":false},"excerpt":{"rendered":"<p class=\"text-justify mb-2\" >L\u2019attaquant de l\u2019\u00e9quipe de France, Christopher Nkunku, forfait de derni\u00e8re minute pour le Mondial, a assur\u00e9, hier mercredi, qu\u2019il reviendrait \u00abencore plus fort\u00bb, d\u00e9fendant par ailleurs son co\u00e9quipier Eduardo Camavinga, impliqu\u00e9 sur l\u2019action ayant men\u00e9 \u00e0 sa blessure mais \u00abinjustement pris pour cible\u00bb. Le calendrier [&hellip;]<\/p>\n","protected":false},"author":2,"featured_media":1885,"comment_status":"open","ping_status":"open","sticky":false,"template":"","format":"standard","meta":{"footnotes":""},"categories":[7],"tags":[],"class_list":["post-1884","post","type-post","status-publish","format-standard","has-post-thumbnail","hentry","category-sports"],"yoast_head":"<!-- This site is optimized with the Yoast SEO plugin v28.4 - https:\/\/yoast.com\/product\/yoast-seo-wordpress\/ -->\n<title>MONDIAL AU QATAR\/EQUIPE DE FRANCE : Bless\u00e9 au genou, Nkunku d\u00e9fend son \u2018\u2019agresseur\u2019\u2019, Camavinga -<\/title>\n<meta name=\"robots\" content=\"index, follow, max-snippet:-1, max-image-preview:large, max-video-preview:-1\" \/>\n<link rel=\"canonical\" href=\"https:\/\/macite.tg\/?p=1884\" \/>\n<meta property=\"og:locale\" content=\"fr_FR\" \/>\n<meta property=\"og:type\" content=\"article\" \/>\n<meta property=\"og:title\" content=\"MONDIAL AU QATAR\/EQUIPE DE FRANCE : Bless\u00e9 au genou, Nkunku d\u00e9fend son \u2018\u2019agresseur\u2019\u2019, Camavinga -\" \/>\n<meta property=\"og:description\" content=\"L\u2019attaquant de l\u2019\u00e9quipe de France, Christopher Nkunku, forfait de derni\u00e8re minute pour le Mondial, a assur\u00e9, hier mercredi, qu\u2019il reviendrait \u00abencore plus fort\u00bb, d\u00e9fendant par ailleurs son co\u00e9quipier Eduardo Camavinga, impliqu\u00e9 sur l\u2019action ayant men\u00e9 \u00e0 sa blessure mais \u00abinjustement pris pour cible\u00bb. Le calendrier [&hellip;]\" \/>\n<meta property=\"og:url\" content=\"https:\/\/macite.tg\/?p=1884\" \/>\n<meta property=\"article:published_time\" content=\"2022-11-17T12:24:35+00:00\" \/>\n<meta property=\"article:modified_time\" content=\"2022-11-17T12:24:36+00:00\" \/>\n<meta property=\"og:image\" content=\"https:\/\/macite.tg\/wp-content\/uploads\/2022\/11\/A-Bleu-.jpg\" \/>\n\t<meta property=\"og:image:width\" content=\"600\" \/>\n\t<meta property=\"og:image:height\" content=\"212\" \/>\n\t<meta property=\"og:image:type\" content=\"image\/jpeg\" \/>\n<meta name=\"author\" content=\"Jean Pierre BAWELA\" \/>\n<meta name=\"twitter:card\" content=\"summary_large_image\" \/>\n<meta name=\"twitter:label1\" content=\"\u00c9crit par\" \/>\n\t<meta name=\"twitter:data1\" content=\"Jean Pierre BAWELA\" \/>\n\t<meta name=\"twitter:label2\" content=\"Dur\u00e9e de lecture estim\u00e9e\" \/>\n\t<meta name=\"twitter:data2\" content=\"2 minutes\" \/>\n<script type=\"application\/ld+json\" class=\"yoast-schema-graph\">{\"@context\":\"https:\\\/\\\/schema.org\",\"@graph\":[{\"@type\":\"Article\",\"@id\":\"https:\\\/\\\/macite.tg\\\/?p=1884#article\",\"isPartOf\":{\"@id\":\"https:\\\/\\\/macite.tg\\\/?p=1884\"},\"author\":{\"name\":\"Jean Pierre BAWELA\",\"@id\":\"https:\\\/\\\/macite.tg\\\/#\\\/schema\\\/person\\\/e9f2de7e5dbbe7770a9402c7ce82f5c2\"},\"headline\":\"MONDIAL AU QATAR\\\/EQUIPE DE FRANCE : Bless\u00e9 au genou, Nkunku d\u00e9fend son \u2018\u2019agresseur\u2019\u2019, Camavinga\",\"datePublished\":\"2022-11-17T12:24:35+00:00\",\"dateModified\":\"2022-11-17T12:24:36+00:00\",\"mainEntityOfPage\":{\"@id\":\"https:\\\/\\\/macite.tg\\\/?p=1884\"},\"wordCount\":275,\"commentCount\":0,\"image\":{\"@id\":\"https:\\\/\\\/macite.tg\\\/?p=1884#primaryimage\"},\"thumbnailUrl\":\"https:\\\/\\\/macite.tg\\\/wp-content\\\/uploads\\\/2022\\\/11\\\/A-Bleu-.jpg\",\"articleSection\":[\"SPORTS\"],\"inLanguage\":\"fr-FR\",\"potentialAction\":[{\"@type\":\"CommentAction\",\"name\":\"Comment\",\"target\":[\"https:\\\/\\\/macite.tg\\\/?p=1884#respond\"]}]},{\"@type\":\"WebPage\",\"@id\":\"https:\\\/\\\/macite.tg\\\/?p=1884\",\"url\":\"https:\\\/\\\/macite.tg\\\/?p=1884\",\"name\":\"MONDIAL AU QATAR\\\/EQUIPE DE FRANCE : Bless\u00e9 au genou, Nkunku d\u00e9fend son \u2018\u2019agresseur\u2019\u2019, Camavinga -\",\"isPartOf\":{\"@id\":\"https:\\\/\\\/macite.tg\\\/#website\"},\"primaryImageOfPage\":{\"@id\":\"https:\\\/\\\/macite.tg\\\/?p=1884#primaryimage\"},\"image\":{\"@id\":\"https:\\\/\\\/macite.tg\\\/?p=1884#primaryimage\"},\"thumbnailUrl\":\"https:\\\/\\\/macite.tg\\\/wp-content\\\/uploads\\\/2022\\\/11\\\/A-Bleu-.jpg\",\"datePublished\":\"2022-11-17T12:24:35+00:00\",\"dateModified\":\"2022-11-17T12:24:36+00:00\",\"author\":{\"@id\":\"https:\\\/\\\/macite.tg\\\/#\\\/schema\\\/person\\\/e9f2de7e5dbbe7770a9402c7ce82f5c2\"},\"breadcrumb\":{\"@id\":\"https:\\\/\\\/macite.tg\\\/?p=1884#breadcrumb\"},\"inLanguage\":\"fr-FR\",\"potentialAction\":[{\"@type\":\"ReadAction\",\"target\":[\"https:\\\/\\\/macite.tg\\\/?p=1884\"]}]},{\"@type\":\"ImageObject\",\"inLanguage\":\"fr-FR\",\"@id\":\"https:\\\/\\\/macite.tg\\\/?p=1884#primaryimage\",\"url\":\"https:\\\/\\\/macite.tg\\\/wp-content\\\/uploads\\\/2022\\\/11\\\/A-Bleu-.jpg\",\"contentUrl\":\"https:\\\/\\\/macite.tg\\\/wp-content\\\/uploads\\\/2022\\\/11\\\/A-Bleu-.jpg\",\"width\":600,\"height\":212},{\"@type\":\"BreadcrumbList\",\"@id\":\"https:\\\/\\\/macite.tg\\\/?p=1884#breadcrumb\",\"itemListElement\":[{\"@type\":\"ListItem\",\"position\":1,\"name\":\"Accueil\",\"item\":\"https:\\\/\\\/macite.tg\\\/\"},{\"@type\":\"ListItem\",\"position\":2,\"name\":\"MONDIAL AU QATAR\\\/EQUIPE DE FRANCE : Bless\u00e9 au genou, Nkunku d\u00e9fend son \u2018\u2019agresseur\u2019\u2019, Camavinga\"}]},{\"@type\":\"WebSite\",\"@id\":\"https:\\\/\\\/macite.tg\\\/#website\",\"url\":\"https:\\\/\\\/macite.tg\\\/\",\"name\":\"\",\"description\":\"L&#039;information, la bonne!!!\",\"potentialAction\":[{\"@type\":\"SearchAction\",\"target\":{\"@type\":\"EntryPoint\",\"urlTemplate\":\"https:\\\/\\\/macite.tg\\\/?s={search_term_string}\"},\"query-input\":{\"@type\":\"PropertyValueSpecification\",\"valueRequired\":true,\"valueName\":\"search_term_string\"}}],\"inLanguage\":\"fr-FR\"},{\"@type\":\"Person\",\"@id\":\"https:\\\/\\\/macite.tg\\\/#\\\/schema\\\/person\\\/e9f2de7e5dbbe7770a9402c7ce82f5c2\",\"name\":\"Jean Pierre BAWELA\",\"image\":{\"@type\":\"ImageObject\",\"inLanguage\":\"fr-FR\",\"@id\":\"https:\\\/\\\/macite.tg\\\/wp-content\\\/uploads\\\/2023\\\/09\\\/WhatsApp-Image-2023-09-19-at-14.44.41-122x122.jpeg\",\"url\":\"https:\\\/\\\/macite.tg\\\/wp-content\\\/uploads\\\/2023\\\/09\\\/WhatsApp-Image-2023-09-19-at-14.44.41-122x122.jpeg\",\"contentUrl\":\"https:\\\/\\\/macite.tg\\\/wp-content\\\/uploads\\\/2023\\\/09\\\/WhatsApp-Image-2023-09-19-at-14.44.41-122x122.jpeg\",\"caption\":\"Jean Pierre BAWELA\"},\"url\":\"https:\\\/\\\/macite.tg\\\/?author=2\"}]}<\/script>\n<!-- \/ Yoast SEO plugin. -->","yoast_head_json":{"title":"MONDIAL AU QATAR\/EQUIPE DE FRANCE : Bless\u00e9 au genou, Nkunku d\u00e9fend son \u2018\u2019agresseur\u2019\u2019, Camavinga -","robots":{"index":"index","follow":"follow","max-snippet":"max-snippet:-1","max-image-preview":"max-image-preview:large","max-video-preview":"max-video-preview:-1"},"canonical":"https:\/\/macite.tg\/?p=1884","og_locale":"fr_FR","og_type":"article","og_title":"MONDIAL AU QATAR\/EQUIPE DE FRANCE : Bless\u00e9 au genou, Nkunku d\u00e9fend son \u2018\u2019agresseur\u2019\u2019, Camavinga -","og_description":"L\u2019attaquant de l\u2019\u00e9quipe de France, Christopher Nkunku, forfait de derni\u00e8re minute pour le Mondial, a assur\u00e9, hier mercredi, qu\u2019il reviendrait \u00abencore plus fort\u00bb, d\u00e9fendant par ailleurs son co\u00e9quipier Eduardo Camavinga, impliqu\u00e9 sur l\u2019action ayant men\u00e9 \u00e0 sa blessure mais \u00abinjustement pris pour cible\u00bb. Le calendrier [&hellip;]","og_url":"https:\/\/macite.tg\/?p=1884","article_published_time":"2022-11-17T12:24:35+00:00","article_modified_time":"2022-11-17T12:24:36+00:00","og_image":[{"width":600,"height":212,"url":"https:\/\/macite.tg\/wp-content\/uploads\/2022\/11\/A-Bleu-.jpg","type":"image\/jpeg"}],"author":"Jean Pierre BAWELA","twitter_card":"summary_large_image","twitter_misc":{"\u00c9crit par":"Jean Pierre BAWELA","Dur\u00e9e de lecture estim\u00e9e":"2 minutes"},"schema":{"@context":"https:\/\/schema.org","@graph":[{"@type":"Article","@id":"https:\/\/macite.tg\/?p=1884#article","isPartOf":{"@id":"https:\/\/macite.tg\/?p=1884"},"author":{"name":"Jean Pierre BAWELA","@id":"https:\/\/macite.tg\/#\/schema\/person\/e9f2de7e5dbbe7770a9402c7ce82f5c2"},"headline":"MONDIAL AU QATAR\/EQUIPE DE FRANCE : Bless\u00e9 au genou, Nkunku d\u00e9fend son \u2018\u2019agresseur\u2019\u2019, Camavinga","datePublished":"2022-11-17T12:24:35+00:00","dateModified":"2022-11-17T12:24:36+00:00","mainEntityOfPage":{"@id":"https:\/\/macite.tg\/?p=1884"},"wordCount":275,"commentCount":0,"image":{"@id":"https:\/\/macite.tg\/?p=1884#primaryimage"},"thumbnailUrl":"https:\/\/macite.tg\/wp-content\/uploads\/2022\/11\/A-Bleu-.jpg","articleSection":["SPORTS"],"inLanguage":"fr-FR","potentialAction":[{"@type":"CommentAction","name":"Comment","target":["https:\/\/macite.tg\/?p=1884#respond"]}]},{"@type":"WebPage","@id":"https:\/\/macite.tg\/?p=1884","url":"https:\/\/macite.tg\/?p=1884","name":"MONDIAL AU QATAR\/EQUIPE DE FRANCE : Bless\u00e9 au genou, Nkunku d\u00e9fend son \u2018\u2019agresseur\u2019\u2019, Camavinga -","isPartOf":{"@id":"https:\/\/macite.tg\/#website"},"primaryImageOfPage":{"@id":"https:\/\/macite.tg\/?p=1884#primaryimage"},"image":{"@id":"https:\/\/macite.tg\/?p=1884#primaryimage"},"thumbnailUrl":"https:\/\/macite.tg\/wp-content\/uploads\/2022\/11\/A-Bleu-.jpg","datePublished":"2022-11-17T12:24:35+00:00","dateModified":"2022-11-17T12:24:36+00:00","author":{"@id":"https:\/\/macite.tg\/#\/schema\/person\/e9f2de7e5dbbe7770a9402c7ce82f5c2"},"breadcrumb":{"@id":"https:\/\/macite.tg\/?p=1884#breadcrumb"},"inLanguage":"fr-FR","potentialAction":[{"@type":"ReadAction","target":["https:\/\/macite.tg\/?p=1884"]}]},{"@type":"ImageObject","inLanguage":"fr-FR","@id":"https:\/\/macite.tg\/?p=1884#primaryimage","url":"https:\/\/macite.tg\/wp-content\/uploads\/2022\/11\/A-Bleu-.jpg","contentUrl":"https:\/\/macite.tg\/wp-content\/uploads\/2022\/11\/A-Bleu-.jpg","width":600,"height":212},{"@type":"BreadcrumbList","@id":"https:\/\/macite.tg\/?p=1884#breadcrumb","itemListElement":[{"@type":"ListItem","position":1,"name":"Accueil","item":"https:\/\/macite.tg\/"},{"@type":"ListItem","position":2,"name":"MONDIAL AU QATAR\/EQUIPE DE FRANCE : Bless\u00e9 au genou, Nkunku d\u00e9fend son \u2018\u2019agresseur\u2019\u2019, Camavinga"}]},{"@type":"WebSite","@id":"https:\/\/macite.tg\/#website","url":"https:\/\/macite.tg\/","name":"","description":"L&#039;information, la bonne!!!","potentialAction":[{"@type":"SearchAction","target":{"@type":"EntryPoint","urlTemplate":"https:\/\/macite.tg\/?s={search_term_string}"},"query-input":{"@type":"PropertyValueSpecification","valueRequired":true,"valueName":"search_term_string"}}],"inLanguage":"fr-FR"},{"@type":"Person","@id":"https:\/\/macite.tg\/#\/schema\/person\/e9f2de7e5dbbe7770a9402c7ce82f5c2","name":"Jean Pierre BAWELA","image":{"@type":"ImageObject","inLanguage":"fr-FR","@id":"https:\/\/macite.tg\/wp-content\/uploads\/2023\/09\/WhatsApp-Image-2023-09-19-at-14.44.41-122x122.jpeg","url":"https:\/\/macite.tg\/wp-content\/uploads\/2023\/09\/WhatsApp-Image-2023-09-19-at-14.44.41-122x122.jpeg","contentUrl":"https:\/\/macite.tg\/wp-content\/uploads\/2023\/09\/WhatsApp-Image-2023-09-19-at-14.44.41-122x122.jpeg","caption":"Jean Pierre BAWELA"},"url":"https:\/\/macite.tg\/?author=2"}]}},"_links":{"self":[{"href":"https:\/\/macite.tg\/index.php?rest_route=\/wp\/v2\/posts\/1884","targetHints":{"allow":["GET"]}}],"collection":[{"href":"https:\/\/macite.tg\/index.php?rest_route=\/wp\/v2\/posts"}],"about":[{"href":"https:\/\/macite.tg\/index.php?rest_route=\/wp\/v2\/types\/post"}],"author":[{"embeddable":true,"href":"https:\/\/macite.tg\/index.php?rest_route=\/wp\/v2\/users\/2"}],"replies":[{"embeddable":true,"href":"https:\/\/macite.tg\/index.php?rest_route=%2Fwp%2Fv2%2Fcomments&post=1884"}],"version-history":[{"count":0,"href":"https:\/\/macite.tg\/index.php?rest_route=\/wp\/v2\/posts\/1884\/revisions"}],"wp:featuredmedia":[{"embeddable":true,"href":"https:\/\/macite.tg\/index.php?rest_route=\/wp\/v2\/media\/1885"}],"wp:attachment":[{"href":"https:\/\/macite.tg\/index.php?rest_route=%2Fwp%2Fv2%2Fmedia&parent=1884"}],"wp:term":[{"taxonomy":"category","embeddable":true,"href":"https:\/\/macite.tg\/index.php?rest_route=%2Fwp%2Fv2%2Fcategories&post=1884"},{"taxonomy":"post_tag","embeddable":true,"href":"https:\/\/macite.tg\/index.php?rest_route=%2Fwp%2Fv2%2Ftags&post=1884"}],"curies":[{"name":"wp","href":"https:\/\/api.w.org\/{rel}","templated":true}]}}