{"id":188,"date":"2022-09-19T17:41:33","date_gmt":"2022-09-19T17:41:33","guid":{"rendered":"https:\/\/macite.info\/?p=188"},"modified":"2022-09-19T17:44:26","modified_gmt":"2022-09-19T17:44:26","slug":"diaspora-togolaise-le-gouvernement-lance-une-operation-foraine-detablissement-de-certificat-de-nationalite","status":"publish","type":"post","link":"https:\/\/macite.tg\/?p=188","title":{"rendered":"DIASPORA TOGOLAISE\u00a0: Le gouvernement lance une op\u00e9ration foraine d\u2019\u00e9tablissement du Certificat de nationalit\u00e9"},"content":{"rendered":"\n<p class=\"wp-block-paragraph\"><strong><em>C\u2019est une bonne nouvelle pour les communaut\u00e9s togolaises \u00e9tablies dans la sous-r\u00e9gion. L\u2019ex\u00e9cutif togolais a lanc\u00e9 la semaine derni\u00e8re, une op\u00e9ration foraine d\u2019\u00e9tablissement de certificat de nationalit\u00e9 aux compatriotes \u00e9tablis dans quatre pays de la sous-r\u00e9gion.<\/em><\/strong><\/p>\n\n\n\n<p class=\"wp-block-paragraph\">L\u2019op\u00e9ration foraine lanc\u00e9e par le Chef de la diplomatie togolaise, Prof Robert Dussey, en collaboration avec le Garde des sceaux, ministre de la Justice, Pius Ag\u00e9tomey, vise \u00e0 \u00ab&nbsp;<em>r\u00e9pondre le plus efficacement possible aux pr\u00e9occupations de la diaspora en mati\u00e8re d\u2019\u00e9tablissement ou de renouvellement des documents d\u2019identit\u00e9&nbsp;\u00bb.<\/em><\/p>\n\n\n\n<p class=\"wp-block-paragraph\">Cette s\u00e9rie d\u2019op\u00e9rations vont concerner les pays abritant une forte communaut\u00e9 togolaise, notamment la C\u00f4te d\u2019Ivoire, le Gabon, le Nigeria et le Mali.<\/p>\n\n\n\n<p class=\"wp-block-paragraph\">Cette campagne qui a d\u00e9marr\u00e9 le 16 septembre 2022, prendra fin le 05 octobre prochain.<\/p>\n\n\n<div class=\"wp-block-image\">\n<figure class=\"aligncenter size-full is-resized\"><img loading=\"lazy\" decoding=\"async\" src=\"https:\/\/macite.tg\/wp-content\/uploads\/2022\/09\/Nationalite.jpg\" alt=\"\" class=\"wp-image-190\" width=\"561\" height=\"748\" srcset=\"https:\/\/macite.tg\/wp-content\/uploads\/2022\/09\/Nationalite.jpg 675w, https:\/\/macite.tg\/wp-content\/uploads\/2022\/09\/Nationalite-225x300.jpg 225w\" sizes=\"auto, (max-width: 561px) 100vw, 561px\" \/><\/figure>\n<\/div>\n\n\n<p class=\"wp-block-paragraph\"><strong>JPB<\/strong><\/p>\n\n\n\n<p class=\"wp-block-paragraph\"><strong><em>@macite.info<\/em><\/strong><\/p>\n\n\n\n<p class=\"wp-block-paragraph\"><strong><em>E-mail&nbsp;: <\/em><\/strong><a href=\"mailto:maciteinfo@gmail.com\"><em>maciteinfo@gmail.com<\/em><\/a><strong><em>; <\/em><\/strong><a href=\"mailto:bawela1@gmail.com\"><em>bawela1@gmail.com<\/em><\/a><\/p>\n\n\n\n<p class=\"wp-block-paragraph\"><strong><em>Pour vos annonces, (publi)reportages, etc., joignez nous au (00228) 91515309\/<strong>79872224<\/strong><\/em><\/strong><em><\/em><\/p>\n\n\n\n<p class=\"wp-block-paragraph\"><a href=\"http:\/\/www.macite.info\"><em>www.macite.info<\/em><\/a><strong><em>, L\u2019information, la bonne&nbsp;!<\/em><\/strong><\/p>\n","protected":false},"excerpt":{"rendered":"<p class=\"text-justify mb-2\" >C\u2019est une bonne nouvelle pour les communaut\u00e9s togolaises \u00e9tablies dans la sous-r\u00e9gion. L\u2019ex\u00e9cutif togolais a lanc\u00e9 la semaine derni\u00e8re, une op\u00e9ration foraine d\u2019\u00e9tablissement de certificat de nationalit\u00e9 aux compatriotes \u00e9tablis dans quatre pays de la sous-r\u00e9gion. L\u2019op\u00e9ration foraine lanc\u00e9e par le Chef de la diplomatie [&hellip;]<\/p>\n","protected":false},"author":2,"featured_media":189,"comment_status":"open","ping_status":"open","sticky":false,"template":"","format":"standard","meta":{"footnotes":""},"categories":[8],"tags":[],"class_list":["post-188","post","type-post","status-publish","format-standard","has-post-thumbnail","hentry","category-diplomatie"],"yoast_head":"<!-- This site is optimized with the Yoast SEO plugin v28.4 - https:\/\/yoast.com\/product\/yoast-seo-wordpress\/ -->\n<title>DIASPORA TOGOLAISE\u00a0: Le gouvernement lance une op\u00e9ration foraine d\u2019\u00e9tablissement du Certificat de nationalit\u00e9 -<\/title>\n<meta name=\"robots\" content=\"index, follow, max-snippet:-1, max-image-preview:large, max-video-preview:-1\" \/>\n<link rel=\"canonical\" href=\"https:\/\/macite.tg\/?p=188\" \/>\n<meta property=\"og:locale\" content=\"fr_FR\" \/>\n<meta property=\"og:type\" content=\"article\" \/>\n<meta property=\"og:title\" content=\"DIASPORA TOGOLAISE\u00a0: Le gouvernement lance une op\u00e9ration foraine d\u2019\u00e9tablissement du Certificat de nationalit\u00e9 -\" \/>\n<meta property=\"og:description\" content=\"C\u2019est une bonne nouvelle pour les communaut\u00e9s togolaises \u00e9tablies dans la sous-r\u00e9gion. L\u2019ex\u00e9cutif togolais a lanc\u00e9 la semaine derni\u00e8re, une op\u00e9ration foraine d\u2019\u00e9tablissement de certificat de nationalit\u00e9 aux compatriotes \u00e9tablis dans quatre pays de la sous-r\u00e9gion. L\u2019op\u00e9ration foraine lanc\u00e9e par le Chef de la diplomatie [&hellip;]\" \/>\n<meta property=\"og:url\" content=\"https:\/\/macite.tg\/?p=188\" \/>\n<meta property=\"article:published_time\" content=\"2022-09-19T17:41:33+00:00\" \/>\n<meta property=\"article:modified_time\" content=\"2022-09-19T17:44:26+00:00\" \/>\n<meta property=\"og:image\" content=\"https:\/\/macite.tg\/wp-content\/uploads\/2022\/09\/Certificat-de-nationalite.jpg\" \/>\n\t<meta property=\"og:image:width\" content=\"500\" \/>\n\t<meta property=\"og:image:height\" content=\"332\" \/>\n\t<meta property=\"og:image:type\" content=\"image\/jpeg\" \/>\n<meta name=\"author\" content=\"Jean Pierre BAWELA\" \/>\n<meta name=\"twitter:card\" content=\"summary_large_image\" \/>\n<meta name=\"twitter:label1\" content=\"\u00c9crit par\" \/>\n\t<meta name=\"twitter:data1\" content=\"Jean Pierre BAWELA\" \/>\n\t<meta name=\"twitter:label2\" content=\"Dur\u00e9e de lecture estim\u00e9e\" \/>\n\t<meta name=\"twitter:data2\" content=\"1 minute\" \/>\n<script type=\"application\/ld+json\" class=\"yoast-schema-graph\">{\"@context\":\"https:\\\/\\\/schema.org\",\"@graph\":[{\"@type\":\"Article\",\"@id\":\"https:\\\/\\\/macite.tg\\\/?p=188#article\",\"isPartOf\":{\"@id\":\"https:\\\/\\\/macite.tg\\\/?p=188\"},\"author\":{\"name\":\"Jean Pierre BAWELA\",\"@id\":\"https:\\\/\\\/macite.tg\\\/#\\\/schema\\\/person\\\/e9f2de7e5dbbe7770a9402c7ce82f5c2\"},\"headline\":\"DIASPORA TOGOLAISE\u00a0: Le gouvernement lance une op\u00e9ration foraine d\u2019\u00e9tablissement du Certificat de nationalit\u00e9\",\"datePublished\":\"2022-09-19T17:41:33+00:00\",\"dateModified\":\"2022-09-19T17:44:26+00:00\",\"mainEntityOfPage\":{\"@id\":\"https:\\\/\\\/macite.tg\\\/?p=188\"},\"wordCount\":186,\"commentCount\":0,\"image\":{\"@id\":\"https:\\\/\\\/macite.tg\\\/?p=188#primaryimage\"},\"thumbnailUrl\":\"https:\\\/\\\/macite.tg\\\/wp-content\\\/uploads\\\/2022\\\/09\\\/Certificat-de-nationalite.jpg\",\"articleSection\":[\"DIPLOMATIE\"],\"inLanguage\":\"fr-FR\",\"potentialAction\":[{\"@type\":\"CommentAction\",\"name\":\"Comment\",\"target\":[\"https:\\\/\\\/macite.tg\\\/?p=188#respond\"]}]},{\"@type\":\"WebPage\",\"@id\":\"https:\\\/\\\/macite.tg\\\/?p=188\",\"url\":\"https:\\\/\\\/macite.tg\\\/?p=188\",\"name\":\"DIASPORA TOGOLAISE\u00a0: Le gouvernement lance une op\u00e9ration foraine d\u2019\u00e9tablissement du Certificat de nationalit\u00e9 -\",\"isPartOf\":{\"@id\":\"https:\\\/\\\/macite.tg\\\/#website\"},\"primaryImageOfPage\":{\"@id\":\"https:\\\/\\\/macite.tg\\\/?p=188#primaryimage\"},\"image\":{\"@id\":\"https:\\\/\\\/macite.tg\\\/?p=188#primaryimage\"},\"thumbnailUrl\":\"https:\\\/\\\/macite.tg\\\/wp-content\\\/uploads\\\/2022\\\/09\\\/Certificat-de-nationalite.jpg\",\"datePublished\":\"2022-09-19T17:41:33+00:00\",\"dateModified\":\"2022-09-19T17:44:26+00:00\",\"author\":{\"@id\":\"https:\\\/\\\/macite.tg\\\/#\\\/schema\\\/person\\\/e9f2de7e5dbbe7770a9402c7ce82f5c2\"},\"breadcrumb\":{\"@id\":\"https:\\\/\\\/macite.tg\\\/?p=188#breadcrumb\"},\"inLanguage\":\"fr-FR\",\"potentialAction\":[{\"@type\":\"ReadAction\",\"target\":[\"https:\\\/\\\/macite.tg\\\/?p=188\"]}]},{\"@type\":\"ImageObject\",\"inLanguage\":\"fr-FR\",\"@id\":\"https:\\\/\\\/macite.tg\\\/?p=188#primaryimage\",\"url\":\"https:\\\/\\\/macite.tg\\\/wp-content\\\/uploads\\\/2022\\\/09\\\/Certificat-de-nationalite.jpg\",\"contentUrl\":\"https:\\\/\\\/macite.tg\\\/wp-content\\\/uploads\\\/2022\\\/09\\\/Certificat-de-nationalite.jpg\",\"width\":500,\"height\":332},{\"@type\":\"BreadcrumbList\",\"@id\":\"https:\\\/\\\/macite.tg\\\/?p=188#breadcrumb\",\"itemListElement\":[{\"@type\":\"ListItem\",\"position\":1,\"name\":\"Accueil\",\"item\":\"https:\\\/\\\/macite.tg\\\/\"},{\"@type\":\"ListItem\",\"position\":2,\"name\":\"DIASPORA TOGOLAISE\u00a0: Le gouvernement lance une op\u00e9ration foraine d\u2019\u00e9tablissement du Certificat de nationalit\u00e9\"}]},{\"@type\":\"WebSite\",\"@id\":\"https:\\\/\\\/macite.tg\\\/#website\",\"url\":\"https:\\\/\\\/macite.tg\\\/\",\"name\":\"\",\"description\":\"L&#039;information, la bonne!!!\",\"potentialAction\":[{\"@type\":\"SearchAction\",\"target\":{\"@type\":\"EntryPoint\",\"urlTemplate\":\"https:\\\/\\\/macite.tg\\\/?s={search_term_string}\"},\"query-input\":{\"@type\":\"PropertyValueSpecification\",\"valueRequired\":true,\"valueName\":\"search_term_string\"}}],\"inLanguage\":\"fr-FR\"},{\"@type\":\"Person\",\"@id\":\"https:\\\/\\\/macite.tg\\\/#\\\/schema\\\/person\\\/e9f2de7e5dbbe7770a9402c7ce82f5c2\",\"name\":\"Jean Pierre BAWELA\",\"image\":{\"@type\":\"ImageObject\",\"inLanguage\":\"fr-FR\",\"@id\":\"https:\\\/\\\/macite.tg\\\/wp-content\\\/uploads\\\/2023\\\/09\\\/WhatsApp-Image-2023-09-19-at-14.44.41-122x122.jpeg\",\"url\":\"https:\\\/\\\/macite.tg\\\/wp-content\\\/uploads\\\/2023\\\/09\\\/WhatsApp-Image-2023-09-19-at-14.44.41-122x122.jpeg\",\"contentUrl\":\"https:\\\/\\\/macite.tg\\\/wp-content\\\/uploads\\\/2023\\\/09\\\/WhatsApp-Image-2023-09-19-at-14.44.41-122x122.jpeg\",\"caption\":\"Jean Pierre BAWELA\"},\"url\":\"https:\\\/\\\/macite.tg\\\/?author=2\"}]}<\/script>\n<!-- \/ Yoast SEO plugin. -->","yoast_head_json":{"title":"DIASPORA TOGOLAISE\u00a0: Le gouvernement lance une op\u00e9ration foraine d\u2019\u00e9tablissement du Certificat de nationalit\u00e9 -","robots":{"index":"index","follow":"follow","max-snippet":"max-snippet:-1","max-image-preview":"max-image-preview:large","max-video-preview":"max-video-preview:-1"},"canonical":"https:\/\/macite.tg\/?p=188","og_locale":"fr_FR","og_type":"article","og_title":"DIASPORA TOGOLAISE\u00a0: Le gouvernement lance une op\u00e9ration foraine d\u2019\u00e9tablissement du Certificat de nationalit\u00e9 -","og_description":"C\u2019est une bonne nouvelle pour les communaut\u00e9s togolaises \u00e9tablies dans la sous-r\u00e9gion. L\u2019ex\u00e9cutif togolais a lanc\u00e9 la semaine derni\u00e8re, une op\u00e9ration foraine d\u2019\u00e9tablissement de certificat de nationalit\u00e9 aux compatriotes \u00e9tablis dans quatre pays de la sous-r\u00e9gion. L\u2019op\u00e9ration foraine lanc\u00e9e par le Chef de la diplomatie [&hellip;]","og_url":"https:\/\/macite.tg\/?p=188","article_published_time":"2022-09-19T17:41:33+00:00","article_modified_time":"2022-09-19T17:44:26+00:00","og_image":[{"width":500,"height":332,"url":"https:\/\/macite.tg\/wp-content\/uploads\/2022\/09\/Certificat-de-nationalite.jpg","type":"image\/jpeg"}],"author":"Jean Pierre BAWELA","twitter_card":"summary_large_image","twitter_misc":{"\u00c9crit par":"Jean Pierre BAWELA","Dur\u00e9e de lecture estim\u00e9e":"1 minute"},"schema":{"@context":"https:\/\/schema.org","@graph":[{"@type":"Article","@id":"https:\/\/macite.tg\/?p=188#article","isPartOf":{"@id":"https:\/\/macite.tg\/?p=188"},"author":{"name":"Jean Pierre BAWELA","@id":"https:\/\/macite.tg\/#\/schema\/person\/e9f2de7e5dbbe7770a9402c7ce82f5c2"},"headline":"DIASPORA TOGOLAISE\u00a0: Le gouvernement lance une op\u00e9ration foraine d\u2019\u00e9tablissement du Certificat de nationalit\u00e9","datePublished":"2022-09-19T17:41:33+00:00","dateModified":"2022-09-19T17:44:26+00:00","mainEntityOfPage":{"@id":"https:\/\/macite.tg\/?p=188"},"wordCount":186,"commentCount":0,"image":{"@id":"https:\/\/macite.tg\/?p=188#primaryimage"},"thumbnailUrl":"https:\/\/macite.tg\/wp-content\/uploads\/2022\/09\/Certificat-de-nationalite.jpg","articleSection":["DIPLOMATIE"],"inLanguage":"fr-FR","potentialAction":[{"@type":"CommentAction","name":"Comment","target":["https:\/\/macite.tg\/?p=188#respond"]}]},{"@type":"WebPage","@id":"https:\/\/macite.tg\/?p=188","url":"https:\/\/macite.tg\/?p=188","name":"DIASPORA TOGOLAISE\u00a0: Le gouvernement lance une op\u00e9ration foraine d\u2019\u00e9tablissement du Certificat de nationalit\u00e9 -","isPartOf":{"@id":"https:\/\/macite.tg\/#website"},"primaryImageOfPage":{"@id":"https:\/\/macite.tg\/?p=188#primaryimage"},"image":{"@id":"https:\/\/macite.tg\/?p=188#primaryimage"},"thumbnailUrl":"https:\/\/macite.tg\/wp-content\/uploads\/2022\/09\/Certificat-de-nationalite.jpg","datePublished":"2022-09-19T17:41:33+00:00","dateModified":"2022-09-19T17:44:26+00:00","author":{"@id":"https:\/\/macite.tg\/#\/schema\/person\/e9f2de7e5dbbe7770a9402c7ce82f5c2"},"breadcrumb":{"@id":"https:\/\/macite.tg\/?p=188#breadcrumb"},"inLanguage":"fr-FR","potentialAction":[{"@type":"ReadAction","target":["https:\/\/macite.tg\/?p=188"]}]},{"@type":"ImageObject","inLanguage":"fr-FR","@id":"https:\/\/macite.tg\/?p=188#primaryimage","url":"https:\/\/macite.tg\/wp-content\/uploads\/2022\/09\/Certificat-de-nationalite.jpg","contentUrl":"https:\/\/macite.tg\/wp-content\/uploads\/2022\/09\/Certificat-de-nationalite.jpg","width":500,"height":332},{"@type":"BreadcrumbList","@id":"https:\/\/macite.tg\/?p=188#breadcrumb","itemListElement":[{"@type":"ListItem","position":1,"name":"Accueil","item":"https:\/\/macite.tg\/"},{"@type":"ListItem","position":2,"name":"DIASPORA TOGOLAISE\u00a0: Le gouvernement lance une op\u00e9ration foraine d\u2019\u00e9tablissement du Certificat de nationalit\u00e9"}]},{"@type":"WebSite","@id":"https:\/\/macite.tg\/#website","url":"https:\/\/macite.tg\/","name":"","description":"L&#039;information, la bonne!!!","potentialAction":[{"@type":"SearchAction","target":{"@type":"EntryPoint","urlTemplate":"https:\/\/macite.tg\/?s={search_term_string}"},"query-input":{"@type":"PropertyValueSpecification","valueRequired":true,"valueName":"search_term_string"}}],"inLanguage":"fr-FR"},{"@type":"Person","@id":"https:\/\/macite.tg\/#\/schema\/person\/e9f2de7e5dbbe7770a9402c7ce82f5c2","name":"Jean Pierre BAWELA","image":{"@type":"ImageObject","inLanguage":"fr-FR","@id":"https:\/\/macite.tg\/wp-content\/uploads\/2023\/09\/WhatsApp-Image-2023-09-19-at-14.44.41-122x122.jpeg","url":"https:\/\/macite.tg\/wp-content\/uploads\/2023\/09\/WhatsApp-Image-2023-09-19-at-14.44.41-122x122.jpeg","contentUrl":"https:\/\/macite.tg\/wp-content\/uploads\/2023\/09\/WhatsApp-Image-2023-09-19-at-14.44.41-122x122.jpeg","caption":"Jean Pierre BAWELA"},"url":"https:\/\/macite.tg\/?author=2"}]}},"_links":{"self":[{"href":"https:\/\/macite.tg\/index.php?rest_route=\/wp\/v2\/posts\/188","targetHints":{"allow":["GET"]}}],"collection":[{"href":"https:\/\/macite.tg\/index.php?rest_route=\/wp\/v2\/posts"}],"about":[{"href":"https:\/\/macite.tg\/index.php?rest_route=\/wp\/v2\/types\/post"}],"author":[{"embeddable":true,"href":"https:\/\/macite.tg\/index.php?rest_route=\/wp\/v2\/users\/2"}],"replies":[{"embeddable":true,"href":"https:\/\/macite.tg\/index.php?rest_route=%2Fwp%2Fv2%2Fcomments&post=188"}],"version-history":[{"count":0,"href":"https:\/\/macite.tg\/index.php?rest_route=\/wp\/v2\/posts\/188\/revisions"}],"wp:featuredmedia":[{"embeddable":true,"href":"https:\/\/macite.tg\/index.php?rest_route=\/wp\/v2\/media\/189"}],"wp:attachment":[{"href":"https:\/\/macite.tg\/index.php?rest_route=%2Fwp%2Fv2%2Fmedia&parent=188"}],"wp:term":[{"taxonomy":"category","embeddable":true,"href":"https:\/\/macite.tg\/index.php?rest_route=%2Fwp%2Fv2%2Fcategories&post=188"},{"taxonomy":"post_tag","embeddable":true,"href":"https:\/\/macite.tg\/index.php?rest_route=%2Fwp%2Fv2%2Ftags&post=188"}],"curies":[{"name":"wp","href":"https:\/\/api.w.org\/{rel}","templated":true}]}}