{"id":1850,"date":"2022-11-16T11:45:45","date_gmt":"2022-11-16T11:45:45","guid":{"rendered":"https:\/\/macite.info\/?p=1850"},"modified":"2022-11-16T11:45:46","modified_gmt":"2022-11-16T11:45:46","slug":"annee-scolaire-202-2023-retenez-ces-dates-des-examens-et-concours","status":"publish","type":"post","link":"https:\/\/macite.tg\/?p=1850","title":{"rendered":"ANN\u00c9E SCOLAIRE 202-2023\u00a0: Retenez ces dates des examens et concours\u2026"},"content":{"rendered":"\n<p class=\"wp-block-paragraph\"><strong><em>Depuis lundi 14 novembre, le gouvernement a rendu public le calendrier des examens et concours pour le compte de l\u2019ann\u00e9e scolaire en cours.<\/em><\/strong><\/p>\n\n\n\n<p class=\"wp-block-paragraph\">C\u2019est conjointement que le ministre en charge de l\u2019\u00c9ducation et son coll\u00e8gue de l\u2019Enseignement sup\u00e9rieur ont d\u00e9voil\u00e9 les dates officielles retenues pour les dates essentielles pour les examens et concours de l\u2019ann\u00e9e scolaire 2022-2023.<\/p>\n\n\n\n<p class=\"wp-block-paragraph\">Et comme souvent, les candidats du Bac 1 commun\u00e9ment appel\u00e9 Probatoire, ouvriront le bal de ces examens, d\u00e9j\u00e0 le 30 mai 2023. Le Bac 2 se d\u00e9roulera du 26 au 30 juin 2023, alors le CAP (le Certificat de fin d\u2019apprentissage) va cl\u00f4turer en d\u00e9but du mois de septembre prochain (du 04 au 09).<\/p>\n\n\n<div class=\"wp-block-image\">\n<figure class=\"aligncenter size-large is-resized\"><img loading=\"lazy\" decoding=\"async\" src=\"https:\/\/macite.tg\/wp-content\/uploads\/2022\/11\/ANNONCES-1-1024x426.jpg\" alt=\"\" class=\"wp-image-1602\" width=\"724\" height=\"301\" srcset=\"https:\/\/macite.tg\/wp-content\/uploads\/2022\/11\/ANNONCES-1-1024x426.jpg 1024w, https:\/\/macite.tg\/wp-content\/uploads\/2022\/11\/ANNONCES-1-300x125.jpg 300w, https:\/\/macite.tg\/wp-content\/uploads\/2022\/11\/ANNONCES-1-768x319.jpg 768w, https:\/\/macite.tg\/wp-content\/uploads\/2022\/11\/ANNONCES-1.jpg 1080w\" sizes=\"auto, (max-width: 724px) 100vw, 724px\" \/><\/figure>\n<\/div>\n\n\n<p class=\"wp-block-paragraph\"><strong>Voici ces dates cl\u00e9s \u00e0 retenir&nbsp;:<\/strong><\/p>\n\n\n\n<p class=\"wp-block-paragraph\"><strong>BAC 1<\/strong>&nbsp;: 30 mai au 02 juin 2023&nbsp;<\/p>\n\n\n\n<p class=\"wp-block-paragraph\"><strong>CEPD<\/strong>&nbsp;: 13 au 15 juin 2023&nbsp;<\/p>\n\n\n\n<p class=\"wp-block-paragraph\"><strong>CAP<\/strong>&nbsp;: 12 juin au 07 juillet 2023&nbsp;<\/p>\n\n\n\n<p class=\"wp-block-paragraph\"><strong>BEPC <\/strong>: 20 au 23 juin 2023&nbsp;<\/p>\n\n\n\n<p class=\"wp-block-paragraph\"><strong>BAC 2 <\/strong>: 26 au 30 juin 2023.&nbsp;<\/p>\n\n\n\n<p class=\"wp-block-paragraph\"><strong>BT<\/strong>&nbsp;: 25 juillet au 1er septembre 2023<\/p>\n\n\n\n<p class=\"wp-block-paragraph\"><strong>CQP<\/strong>&nbsp;: 28 ao\u00fbt au 1er septembre 2023<\/p>\n\n\n\n<p class=\"wp-block-paragraph\"><strong>CFA<\/strong>&nbsp;: 04 au 09 septembre 2023<\/p>\n\n\n\n<p class=\"wp-block-paragraph\"><strong><em>@macite.info<\/em><\/strong><\/p>\n\n\n\n<p class=\"wp-block-paragraph\"><strong><em>E-mail&nbsp;: <\/em><\/strong><a href=\"mailto:maciteinfo@gmail.com\"><strong><em>maciteinfo@gmail.com<\/em><\/strong><\/a><strong><em>; <\/em><\/strong><a href=\"mailto:bawela1@gmail.com\"><strong><em>bawela1@gmail.com<\/em><\/strong><\/a><\/p>\n\n\n\n<p class=\"wp-block-paragraph\"><strong><em>Pour vos annonces, (publi)reportages, etc., joignez nous au (00228) 91515309\/<strong>79872224<\/strong><\/em><\/strong><em><\/em><\/p>\n\n\n\n<p class=\"wp-block-paragraph\"><a href=\"http:\/\/www.macite.info\"><strong><em>www.macite.info<\/em><\/strong><\/a><strong><em>, L\u2019information, la bonne&nbsp;!<\/em><\/strong><\/p>\n","protected":false},"excerpt":{"rendered":"<p class=\"text-justify mb-2\" >Depuis lundi 14 novembre, le gouvernement a rendu public le calendrier des examens et concours pour le compte de l\u2019ann\u00e9e scolaire en cours. C\u2019est conjointement que le ministre en charge de l\u2019\u00c9ducation et son coll\u00e8gue de l\u2019Enseignement sup\u00e9rieur ont d\u00e9voil\u00e9 les dates officielles retenues pour [&hellip;]<\/p>\n","protected":false},"author":2,"featured_media":1854,"comment_status":"open","ping_status":"open","sticky":false,"template":"","format":"standard","meta":{"footnotes":""},"categories":[4],"tags":[],"class_list":["post-1850","post","type-post","status-publish","format-standard","has-post-thumbnail","hentry","category-education"],"yoast_head":"<!-- This site is optimized with the Yoast SEO plugin v28.4 - https:\/\/yoast.com\/product\/yoast-seo-wordpress\/ -->\n<title>ANN\u00c9E SCOLAIRE 202-2023\u00a0: Retenez ces dates des examens et concours\u2026 -<\/title>\n<meta name=\"robots\" content=\"index, follow, max-snippet:-1, max-image-preview:large, max-video-preview:-1\" \/>\n<link rel=\"canonical\" href=\"https:\/\/macite.tg\/?p=1850\" \/>\n<meta property=\"og:locale\" content=\"fr_FR\" \/>\n<meta property=\"og:type\" content=\"article\" \/>\n<meta property=\"og:title\" content=\"ANN\u00c9E SCOLAIRE 202-2023\u00a0: Retenez ces dates des examens et concours\u2026 -\" \/>\n<meta property=\"og:description\" content=\"Depuis lundi 14 novembre, le gouvernement a rendu public le calendrier des examens et concours pour le compte de l\u2019ann\u00e9e scolaire en cours. C\u2019est conjointement que le ministre en charge de l\u2019\u00c9ducation et son coll\u00e8gue de l\u2019Enseignement sup\u00e9rieur ont d\u00e9voil\u00e9 les dates officielles retenues pour [&hellip;]\" \/>\n<meta property=\"og:url\" content=\"https:\/\/macite.tg\/?p=1850\" \/>\n<meta property=\"article:published_time\" content=\"2022-11-16T11:45:45+00:00\" \/>\n<meta property=\"article:modified_time\" content=\"2022-11-16T11:45:46+00:00\" \/>\n<meta property=\"og:image\" content=\"https:\/\/macite.tg\/wp-content\/uploads\/2022\/11\/23467219-25732937.jpg\" \/>\n\t<meta property=\"og:image:width\" content=\"800\" \/>\n\t<meta property=\"og:image:height\" content=\"402\" \/>\n\t<meta property=\"og:image:type\" content=\"image\/jpeg\" \/>\n<meta name=\"author\" content=\"Jean Pierre BAWELA\" \/>\n<meta name=\"twitter:card\" content=\"summary_large_image\" \/>\n<meta name=\"twitter:label1\" content=\"\u00c9crit par\" \/>\n\t<meta name=\"twitter:data1\" content=\"Jean Pierre BAWELA\" \/>\n\t<meta name=\"twitter:label2\" content=\"Dur\u00e9e de lecture estim\u00e9e\" \/>\n\t<meta name=\"twitter:data2\" content=\"2 minutes\" \/>\n<script type=\"application\/ld+json\" class=\"yoast-schema-graph\">{\"@context\":\"https:\\\/\\\/schema.org\",\"@graph\":[{\"@type\":\"Article\",\"@id\":\"https:\\\/\\\/macite.tg\\\/?p=1850#article\",\"isPartOf\":{\"@id\":\"https:\\\/\\\/macite.tg\\\/?p=1850\"},\"author\":{\"name\":\"Jean Pierre BAWELA\",\"@id\":\"https:\\\/\\\/macite.tg\\\/#\\\/schema\\\/person\\\/e9f2de7e5dbbe7770a9402c7ce82f5c2\"},\"headline\":\"ANN\u00c9E SCOLAIRE 202-2023\u00a0: Retenez ces dates des examens et concours\u2026\",\"datePublished\":\"2022-11-16T11:45:45+00:00\",\"dateModified\":\"2022-11-16T11:45:46+00:00\",\"mainEntityOfPage\":{\"@id\":\"https:\\\/\\\/macite.tg\\\/?p=1850\"},\"wordCount\":204,\"commentCount\":0,\"image\":{\"@id\":\"https:\\\/\\\/macite.tg\\\/?p=1850#primaryimage\"},\"thumbnailUrl\":\"https:\\\/\\\/macite.tg\\\/wp-content\\\/uploads\\\/2022\\\/11\\\/23467219-25732937.jpg\",\"articleSection\":[\"EDUCATION\"],\"inLanguage\":\"fr-FR\",\"potentialAction\":[{\"@type\":\"CommentAction\",\"name\":\"Comment\",\"target\":[\"https:\\\/\\\/macite.tg\\\/?p=1850#respond\"]}]},{\"@type\":\"WebPage\",\"@id\":\"https:\\\/\\\/macite.tg\\\/?p=1850\",\"url\":\"https:\\\/\\\/macite.tg\\\/?p=1850\",\"name\":\"ANN\u00c9E SCOLAIRE 202-2023\u00a0: Retenez ces dates des examens et concours\u2026 -\",\"isPartOf\":{\"@id\":\"https:\\\/\\\/macite.tg\\\/#website\"},\"primaryImageOfPage\":{\"@id\":\"https:\\\/\\\/macite.tg\\\/?p=1850#primaryimage\"},\"image\":{\"@id\":\"https:\\\/\\\/macite.tg\\\/?p=1850#primaryimage\"},\"thumbnailUrl\":\"https:\\\/\\\/macite.tg\\\/wp-content\\\/uploads\\\/2022\\\/11\\\/23467219-25732937.jpg\",\"datePublished\":\"2022-11-16T11:45:45+00:00\",\"dateModified\":\"2022-11-16T11:45:46+00:00\",\"author\":{\"@id\":\"https:\\\/\\\/macite.tg\\\/#\\\/schema\\\/person\\\/e9f2de7e5dbbe7770a9402c7ce82f5c2\"},\"breadcrumb\":{\"@id\":\"https:\\\/\\\/macite.tg\\\/?p=1850#breadcrumb\"},\"inLanguage\":\"fr-FR\",\"potentialAction\":[{\"@type\":\"ReadAction\",\"target\":[\"https:\\\/\\\/macite.tg\\\/?p=1850\"]}]},{\"@type\":\"ImageObject\",\"inLanguage\":\"fr-FR\",\"@id\":\"https:\\\/\\\/macite.tg\\\/?p=1850#primaryimage\",\"url\":\"https:\\\/\\\/macite.tg\\\/wp-content\\\/uploads\\\/2022\\\/11\\\/23467219-25732937.jpg\",\"contentUrl\":\"https:\\\/\\\/macite.tg\\\/wp-content\\\/uploads\\\/2022\\\/11\\\/23467219-25732937.jpg\",\"width\":800,\"height\":402},{\"@type\":\"BreadcrumbList\",\"@id\":\"https:\\\/\\\/macite.tg\\\/?p=1850#breadcrumb\",\"itemListElement\":[{\"@type\":\"ListItem\",\"position\":1,\"name\":\"Accueil\",\"item\":\"https:\\\/\\\/macite.tg\\\/\"},{\"@type\":\"ListItem\",\"position\":2,\"name\":\"ANN\u00c9E SCOLAIRE 202-2023\u00a0: Retenez ces dates des examens et concours\u2026\"}]},{\"@type\":\"WebSite\",\"@id\":\"https:\\\/\\\/macite.tg\\\/#website\",\"url\":\"https:\\\/\\\/macite.tg\\\/\",\"name\":\"\",\"description\":\"L&#039;information, la bonne!!!\",\"potentialAction\":[{\"@type\":\"SearchAction\",\"target\":{\"@type\":\"EntryPoint\",\"urlTemplate\":\"https:\\\/\\\/macite.tg\\\/?s={search_term_string}\"},\"query-input\":{\"@type\":\"PropertyValueSpecification\",\"valueRequired\":true,\"valueName\":\"search_term_string\"}}],\"inLanguage\":\"fr-FR\"},{\"@type\":\"Person\",\"@id\":\"https:\\\/\\\/macite.tg\\\/#\\\/schema\\\/person\\\/e9f2de7e5dbbe7770a9402c7ce82f5c2\",\"name\":\"Jean Pierre BAWELA\",\"image\":{\"@type\":\"ImageObject\",\"inLanguage\":\"fr-FR\",\"@id\":\"https:\\\/\\\/macite.tg\\\/wp-content\\\/uploads\\\/2023\\\/09\\\/WhatsApp-Image-2023-09-19-at-14.44.41-122x122.jpeg\",\"url\":\"https:\\\/\\\/macite.tg\\\/wp-content\\\/uploads\\\/2023\\\/09\\\/WhatsApp-Image-2023-09-19-at-14.44.41-122x122.jpeg\",\"contentUrl\":\"https:\\\/\\\/macite.tg\\\/wp-content\\\/uploads\\\/2023\\\/09\\\/WhatsApp-Image-2023-09-19-at-14.44.41-122x122.jpeg\",\"caption\":\"Jean Pierre BAWELA\"},\"url\":\"https:\\\/\\\/macite.tg\\\/?author=2\"}]}<\/script>\n<!-- \/ Yoast SEO plugin. -->","yoast_head_json":{"title":"ANN\u00c9E SCOLAIRE 202-2023\u00a0: Retenez ces dates des examens et concours\u2026 -","robots":{"index":"index","follow":"follow","max-snippet":"max-snippet:-1","max-image-preview":"max-image-preview:large","max-video-preview":"max-video-preview:-1"},"canonical":"https:\/\/macite.tg\/?p=1850","og_locale":"fr_FR","og_type":"article","og_title":"ANN\u00c9E SCOLAIRE 202-2023\u00a0: Retenez ces dates des examens et concours\u2026 -","og_description":"Depuis lundi 14 novembre, le gouvernement a rendu public le calendrier des examens et concours pour le compte de l\u2019ann\u00e9e scolaire en cours. C\u2019est conjointement que le ministre en charge de l\u2019\u00c9ducation et son coll\u00e8gue de l\u2019Enseignement sup\u00e9rieur ont d\u00e9voil\u00e9 les dates officielles retenues pour [&hellip;]","og_url":"https:\/\/macite.tg\/?p=1850","article_published_time":"2022-11-16T11:45:45+00:00","article_modified_time":"2022-11-16T11:45:46+00:00","og_image":[{"width":800,"height":402,"url":"https:\/\/macite.tg\/wp-content\/uploads\/2022\/11\/23467219-25732937.jpg","type":"image\/jpeg"}],"author":"Jean Pierre BAWELA","twitter_card":"summary_large_image","twitter_misc":{"\u00c9crit par":"Jean Pierre BAWELA","Dur\u00e9e de lecture estim\u00e9e":"2 minutes"},"schema":{"@context":"https:\/\/schema.org","@graph":[{"@type":"Article","@id":"https:\/\/macite.tg\/?p=1850#article","isPartOf":{"@id":"https:\/\/macite.tg\/?p=1850"},"author":{"name":"Jean Pierre BAWELA","@id":"https:\/\/macite.tg\/#\/schema\/person\/e9f2de7e5dbbe7770a9402c7ce82f5c2"},"headline":"ANN\u00c9E SCOLAIRE 202-2023\u00a0: Retenez ces dates des examens et concours\u2026","datePublished":"2022-11-16T11:45:45+00:00","dateModified":"2022-11-16T11:45:46+00:00","mainEntityOfPage":{"@id":"https:\/\/macite.tg\/?p=1850"},"wordCount":204,"commentCount":0,"image":{"@id":"https:\/\/macite.tg\/?p=1850#primaryimage"},"thumbnailUrl":"https:\/\/macite.tg\/wp-content\/uploads\/2022\/11\/23467219-25732937.jpg","articleSection":["EDUCATION"],"inLanguage":"fr-FR","potentialAction":[{"@type":"CommentAction","name":"Comment","target":["https:\/\/macite.tg\/?p=1850#respond"]}]},{"@type":"WebPage","@id":"https:\/\/macite.tg\/?p=1850","url":"https:\/\/macite.tg\/?p=1850","name":"ANN\u00c9E SCOLAIRE 202-2023\u00a0: Retenez ces dates des examens et concours\u2026 -","isPartOf":{"@id":"https:\/\/macite.tg\/#website"},"primaryImageOfPage":{"@id":"https:\/\/macite.tg\/?p=1850#primaryimage"},"image":{"@id":"https:\/\/macite.tg\/?p=1850#primaryimage"},"thumbnailUrl":"https:\/\/macite.tg\/wp-content\/uploads\/2022\/11\/23467219-25732937.jpg","datePublished":"2022-11-16T11:45:45+00:00","dateModified":"2022-11-16T11:45:46+00:00","author":{"@id":"https:\/\/macite.tg\/#\/schema\/person\/e9f2de7e5dbbe7770a9402c7ce82f5c2"},"breadcrumb":{"@id":"https:\/\/macite.tg\/?p=1850#breadcrumb"},"inLanguage":"fr-FR","potentialAction":[{"@type":"ReadAction","target":["https:\/\/macite.tg\/?p=1850"]}]},{"@type":"ImageObject","inLanguage":"fr-FR","@id":"https:\/\/macite.tg\/?p=1850#primaryimage","url":"https:\/\/macite.tg\/wp-content\/uploads\/2022\/11\/23467219-25732937.jpg","contentUrl":"https:\/\/macite.tg\/wp-content\/uploads\/2022\/11\/23467219-25732937.jpg","width":800,"height":402},{"@type":"BreadcrumbList","@id":"https:\/\/macite.tg\/?p=1850#breadcrumb","itemListElement":[{"@type":"ListItem","position":1,"name":"Accueil","item":"https:\/\/macite.tg\/"},{"@type":"ListItem","position":2,"name":"ANN\u00c9E SCOLAIRE 202-2023\u00a0: Retenez ces dates des examens et concours\u2026"}]},{"@type":"WebSite","@id":"https:\/\/macite.tg\/#website","url":"https:\/\/macite.tg\/","name":"","description":"L&#039;information, la bonne!!!","potentialAction":[{"@type":"SearchAction","target":{"@type":"EntryPoint","urlTemplate":"https:\/\/macite.tg\/?s={search_term_string}"},"query-input":{"@type":"PropertyValueSpecification","valueRequired":true,"valueName":"search_term_string"}}],"inLanguage":"fr-FR"},{"@type":"Person","@id":"https:\/\/macite.tg\/#\/schema\/person\/e9f2de7e5dbbe7770a9402c7ce82f5c2","name":"Jean Pierre BAWELA","image":{"@type":"ImageObject","inLanguage":"fr-FR","@id":"https:\/\/macite.tg\/wp-content\/uploads\/2023\/09\/WhatsApp-Image-2023-09-19-at-14.44.41-122x122.jpeg","url":"https:\/\/macite.tg\/wp-content\/uploads\/2023\/09\/WhatsApp-Image-2023-09-19-at-14.44.41-122x122.jpeg","contentUrl":"https:\/\/macite.tg\/wp-content\/uploads\/2023\/09\/WhatsApp-Image-2023-09-19-at-14.44.41-122x122.jpeg","caption":"Jean Pierre BAWELA"},"url":"https:\/\/macite.tg\/?author=2"}]}},"_links":{"self":[{"href":"https:\/\/macite.tg\/index.php?rest_route=\/wp\/v2\/posts\/1850","targetHints":{"allow":["GET"]}}],"collection":[{"href":"https:\/\/macite.tg\/index.php?rest_route=\/wp\/v2\/posts"}],"about":[{"href":"https:\/\/macite.tg\/index.php?rest_route=\/wp\/v2\/types\/post"}],"author":[{"embeddable":true,"href":"https:\/\/macite.tg\/index.php?rest_route=\/wp\/v2\/users\/2"}],"replies":[{"embeddable":true,"href":"https:\/\/macite.tg\/index.php?rest_route=%2Fwp%2Fv2%2Fcomments&post=1850"}],"version-history":[{"count":0,"href":"https:\/\/macite.tg\/index.php?rest_route=\/wp\/v2\/posts\/1850\/revisions"}],"wp:featuredmedia":[{"embeddable":true,"href":"https:\/\/macite.tg\/index.php?rest_route=\/wp\/v2\/media\/1854"}],"wp:attachment":[{"href":"https:\/\/macite.tg\/index.php?rest_route=%2Fwp%2Fv2%2Fmedia&parent=1850"}],"wp:term":[{"taxonomy":"category","embeddable":true,"href":"https:\/\/macite.tg\/index.php?rest_route=%2Fwp%2Fv2%2Fcategories&post=1850"},{"taxonomy":"post_tag","embeddable":true,"href":"https:\/\/macite.tg\/index.php?rest_route=%2Fwp%2Fv2%2Ftags&post=1850"}],"curies":[{"name":"wp","href":"https:\/\/api.w.org\/{rel}","templated":true}]}}