{"id":1849,"date":"2022-11-16T11:28:05","date_gmt":"2022-11-16T11:28:05","guid":{"rendered":"https:\/\/macite.info\/?p=1849"},"modified":"2022-11-16T11:30:13","modified_gmt":"2022-11-16T11:30:13","slug":"mise-en-oeuvre-du-projet-rogeap-une-reunion-des-membres-du-comite-technique-se-tient-a-dakar-du-15-au-17-novembre","status":"publish","type":"post","link":"https:\/\/macite.tg\/?p=1849","title":{"rendered":"MISE EN \u0152UVRE DU PROJET ROGEAP\u00a0: Une r\u00e9union des membres du Comit\u00e9 technique se tient \u00e0 Dakar du 15 au 17 novembre prochain"},"content":{"rendered":"\n<p class=\"wp-block-paragraph\"><strong><em>Dakar, (S\u00e9n\u00e9gal), le 15 Novembre 2022.\u00a0Les sp\u00e9cialistes des standards des produits \u00e9lectrotechniques se rencontrent du 15 au 17 Novembre 2022 \u00e0 Dakar au S\u00e9n\u00e9gal pour \u00e9changer sur deux th\u00e9matiques importantes qui entrent dans le cadre de la mise en \u0153uvre du Projet R\u00e9gional d\u2019Acc\u00e8s \u00e0 l\u2019\u00c9lectricit\u00e9 Hors-R\u00e9seau (ROGEAP). Il s\u2019agit de l\u2019harmonisation des \u00ab\u00a0Normes sur les pico solaires et syst\u00e8mes solaires domestiques (SSD) jusqu&rsquo;\u00e0 350wp et les m\u00e9thodes d&rsquo;essai\u00a0\u00bb et \u00ab\u00a0les exigences minimales pour l&rsquo;installation, l&rsquo;inspection et les onduleurs pour les mini-r\u00e9seaux photovolta\u00efques\u00a0\u00bb. \u00a0<\/em><\/strong><\/p>\n\n\n\n<p class=\"wp-block-paragraph\">La r\u00e9union de Dakar vise plusieurs objectifs. Il s\u2019agit notamment pour les experts de discuter en d\u00e9tail les 2 normes CEI (IEC TS 62257-9-8:2020 et IEC TS 62257-9-5:2018)&nbsp;propos\u00e9es pour les produits solaires hors r\u00e9seau avec une puissance de module PV jusqu&rsquo;\u00e0 350 watts et les m\u00e9thodes de test,&nbsp;&nbsp;de discuter \u00e9galement du projet de rapport d&rsquo;enqu\u00eate nationale sur 3 projets de normes r\u00e9gionales sur les exigences minimales pour les installations de mini-r\u00e9seaux PV, les exigences minimales d&rsquo;inspection pour les installations de mini-r\u00e9seaux PV et les exigences minimales pour les onduleurs de mini-r\u00e9seaux photovolta\u00efques dans la r\u00e9gion de la CEDEAO, et enfin d\u2019aligner les points de vue pour un consensus sur le contenu de ces cinq normes r\u00e9gionales afin de passer \u00e0 l&rsquo;\u00e9tape suivante de l&rsquo;harmonisation. &nbsp;<\/p>\n\n\n\n<p class=\"wp-block-paragraph\">Plusieurs participants prennent part \u00e0 cette rencontre, notamment des experts membres du THC5 et du Secr\u00e9tariat de l&rsquo;ECOSHAM, les Consultants de VeraSol (un Programme assurance qualit\u00e9 soutenu par la Banque Mondiale pour les solutions solaires modernes hors r\u00e9seau), des Repr\u00e9sentants du Centre pour les \u00c9nergies Renouvelables et l&rsquo;Efficacit\u00e9 \u00c9nerg\u00e9tique de la CEDEAO (ECREEE), du projet ROGEAP et de la Banque Mondiale. \u00a0<\/p>\n\n\n\n<p class=\"wp-block-paragraph\">L\u2019ouverture de la r\u00e9union de Dakar a \u00e9t\u00e9 marqu\u00e9e par une s\u00e9rie d\u2019interventions. Dans son mot de bienvenue, M. Assane MBENGUE, Secr\u00e9taire du Comit\u00e9 \u00c9lectrotechnique National du S\u00e9n\u00e9gal (CEN) et intervenant au nom du Directeur G\u00e9n\u00e9ral de l\u2019Association S\u00e9n\u00e9galaise de la Normalisation (ASN) a rappel\u00e9 que les solutions \u00e0 \u00e9nergie renouvelable, susceptibles de fournir aux populations \u00e9loign\u00e9es un acc\u00e8s fiable \u00e0 l\u2019\u00e9lectricit\u00e9, constituent une alternative prometteuse aux infrastructures de r\u00e9seau traditionnelles. Malheureusement le d\u00e9veloppement de ces solutions autonomes est frein\u00e9 par la forte pr\u00e9sence sur le march\u00e9 de syst\u00e8mes solaires de mauvaise qualit\u00e9 auxquels les consommateurs n\u2019ont aucune confiance. D\u2019o\u00f9 l\u2019importance de cette r\u00e9union. \u00a0<\/p>\n\n\n\n<p class=\"wp-block-paragraph\">A sa suite, l\u2019ing\u00e9nieur Alewu CHERRY ACHEMA, Head of Electrical and Electronics Standard Organization of Nigeria et Pr\u00e9sident Comit\u00e9 Technique d\u2019harmonisation de la CEDEAO (THC 5), apr\u00e8s avoir remerci\u00e9 la CEDEAO et la Banque mondiale pour l\u2019initiative du ROGEAP, est revenu sur la n\u00e9cessit\u00e9 de la mise \u00e0 niveau des standards des produits \u00e9lectrotechniques dans les pays de la CEDEAO pour le bonheur des populations. &nbsp;<\/p>\n\n\n<div class=\"wp-block-image\">\n<figure class=\"aligncenter size-large\"><img loading=\"lazy\" decoding=\"async\" width=\"1024\" height=\"426\" src=\"https:\/\/macite.tg\/wp-content\/uploads\/2022\/11\/ANNONCES-1-1024x426.jpg\" alt=\"\" class=\"wp-image-1602\" srcset=\"https:\/\/macite.tg\/wp-content\/uploads\/2022\/11\/ANNONCES-1-1024x426.jpg 1024w, https:\/\/macite.tg\/wp-content\/uploads\/2022\/11\/ANNONCES-1-300x125.jpg 300w, https:\/\/macite.tg\/wp-content\/uploads\/2022\/11\/ANNONCES-1-768x319.jpg 768w, https:\/\/macite.tg\/wp-content\/uploads\/2022\/11\/ANNONCES-1.jpg 1080w\" sizes=\"auto, (max-width: 1024px) 100vw, 1024px\" \/><\/figure>\n<\/div>\n\n\n<p class=\"wp-block-paragraph\">Repr\u00e9sentant la Banque Mondiale \u00e0 cette r\u00e9union technique, M. Yuri LIMA HANDEM, Senior Energy Specialist a pr\u00e9cis\u00e9 que la mise \u00e0 disposition des populations de produits de qualit\u00e9 dans le domaine de l\u2019\u00e9nergie et de l\u2019\u00e9lectricit\u00e9 hors r\u00e9seau est une priorit\u00e9 pour son institution. &nbsp;<\/p>\n\n\n\n<p class=\"wp-block-paragraph\">Intervenant au nom du Directeur Ex\u00e9cutif du Centre pour les \u00c9nergies Renouvelables et l&rsquo;Efficacit\u00e9 \u00c9nerg\u00e9tique de la CEDEAO (ECREEE), Gue\u00ef Guillaume KOUHIE, Charg\u00e9 de Programme Technologies d\u2019\u00c9nergie Renouvelable, apr\u00e8s avoir fait l\u2019historique de la mise en place du projet ROGEAP, a pr\u00e9cis\u00e9 que \u00ab\u00a0cette rencontre du THC5 repr\u00e9sente la premi\u00e8re r\u00e9union d&rsquo;harmonisation des normes pour les produits PV pico-Solar et les kits SHS et la 2\u00e8me sur les Normes des mini-r\u00e9seaux photovolta\u00efques. Cette r\u00e9union technique qui nous permettra de discuter en d\u00e9tail et de trouver un consensus sur le contenu de ces normes r\u00e9gionales afin de franchir la prochaine \u00e9tape de l&rsquo;harmonisation\u00a0\u00bb. \u00a0<\/p>\n\n\n\n<p class=\"wp-block-paragraph\">Les travaux de cette r\u00e9union ont \u00e9t\u00e9 officiellement lanc\u00e9s par Dr\u00a0Kemji AJOKU, Repr\u00e9sentant le Directeur de l\u2019Industrie de la Commission de la CEDEAO. Dans son allocution, il a pr\u00e9cis\u00e9 que la norme de qualit\u00e9 internationale et la m\u00e9thode de test des produits solaires hors r\u00e9seau existent. Il revient aux \u00c9tats de travailler \u00e0 leur adoption au contexte r\u00e9gional. Il a termin\u00e9 ses propos en appelant les participants \u00e0 produire des documents de qualit\u00e9 en vue de leur validation \u00e0 la r\u00e9union des Ministres pr\u00e9vue pour D\u00e9cembre 2022 au Cabo Verde et de leur adoption en 2023 par le Conseil des Ministres et le Sommet des Chefs d\u2019\u00c9tats de la CEDEAO. \u00a0<\/p>\n\n\n\n<p class=\"wp-block-paragraph\">Pour rappel, l\u2019harmonisation et l\u2019adoption des normes r\u00e9gionales et du cadre d&rsquo;assurance qualit\u00e9 pour les syst\u00e8mes photovolta\u00efques autonomes hors r\u00e9seau (jusqu&rsquo;\u00e0 350 Wc) pour les 19 pays de mise en \u0153uvre du projet ROGEAP (les 15 \u00c9tats membres de la CEDEAO + Mauritanie, Centrafrique, Cameroun et Tchad) sont l\u2019une des missions de cette initiative dans sa composante 1A.\u00a0\u00a0\u00a0\u00a0<\/p>\n\n\n\n<p class=\"wp-block-paragraph\">Le projet r\u00e9gional d&rsquo;acc\u00e8s \u00e0 l&rsquo;\u00e9lectricit\u00e9 hors r\u00e9seau (ROGEAP) vise \u00e0 am\u00e9liorer l&rsquo;acc\u00e8s \u00e0 l&rsquo;\u00e9lectricit\u00e9 des m\u00e9nages, des entreprises et des institutions publiques en utilisant une technologie solaire moderne et autonome par le biais d&rsquo;une approche r\u00e9gionale harmonis\u00e9e. Il comprend deux composantes : (1) le d\u00e9veloppement d&rsquo;un march\u00e9 r\u00e9gional mis en \u0153uvre par la CEDEAO et (2) l&rsquo;acc\u00e8s au financement pour les entreprises de syst\u00e8mes solaires autonomes, mis en \u0153uvre par la BOAD. Le projet est financ\u00e9 par la Banque mondiale, avec un cofinancement du Fonds pour les technologies propres (CTF) et de la Direction g\u00e9n\u00e9rale de la coop\u00e9ration internationale (DGIS) du gouvernement des Pays-Bas. &nbsp;<\/p>\n\n\n\n<p class=\"wp-block-paragraph\"><strong><em>@macite.info<\/em><\/strong><\/p>\n\n\n\n<p class=\"wp-block-paragraph\"><strong><em>E-mail&nbsp;: <\/em><\/strong><a href=\"mailto:maciteinfo@gmail.com\"><strong><em>maciteinfo@gmail.com<\/em><\/strong><\/a><strong><em>; <\/em><\/strong><a href=\"mailto:bawela1@gmail.com\"><strong><em>bawela1@gmail.com<\/em><\/strong><\/a><strong><em><\/em><\/strong><\/p>\n\n\n\n<p class=\"wp-block-paragraph\"><strong><em>Pour vos annonces, (publi)reportages, etc., joignez nous au (00228) 91515309\/<strong>79872224<\/strong><\/em><\/strong><em><\/em><\/p>\n\n\n\n<p class=\"wp-block-paragraph\"><a href=\"http:\/\/www.macite.info\"><strong><em>www.macite.info<\/em><\/strong><\/a><strong><em>, L\u2019information, la bonne&nbsp;!<\/em><\/strong><\/p>\n","protected":false},"excerpt":{"rendered":"<p class=\"text-justify mb-2\" >Dakar, (S\u00e9n\u00e9gal), le 15 Novembre 2022.\u00a0Les sp\u00e9cialistes des standards des produits \u00e9lectrotechniques se rencontrent du 15 au 17 Novembre 2022 \u00e0 Dakar au S\u00e9n\u00e9gal pour \u00e9changer sur deux th\u00e9matiques importantes qui entrent dans le cadre de la mise en \u0153uvre du Projet R\u00e9gional d\u2019Acc\u00e8s \u00e0 [&hellip;]<\/p>\n","protected":false},"author":2,"featured_media":1851,"comment_status":"open","ping_status":"open","sticky":false,"template":"","format":"standard","meta":{"footnotes":""},"categories":[15],"tags":[],"class_list":["post-1849","post","type-post","status-publish","format-standard","has-post-thumbnail","hentry","category-developpement"],"yoast_head":"<!-- This site is optimized with the Yoast SEO plugin v28.4 - https:\/\/yoast.com\/product\/yoast-seo-wordpress\/ -->\n<title>MISE EN \u0152UVRE DU PROJET ROGEAP\u00a0: Une r\u00e9union des membres du Comit\u00e9 technique se tient \u00e0 Dakar du 15 au 17 novembre prochain -<\/title>\n<meta name=\"robots\" content=\"index, follow, max-snippet:-1, max-image-preview:large, max-video-preview:-1\" \/>\n<link rel=\"canonical\" href=\"https:\/\/macite.tg\/?p=1849\" \/>\n<meta property=\"og:locale\" content=\"fr_FR\" \/>\n<meta property=\"og:type\" content=\"article\" \/>\n<meta property=\"og:title\" content=\"MISE EN \u0152UVRE DU PROJET ROGEAP\u00a0: Une r\u00e9union des membres du Comit\u00e9 technique se tient \u00e0 Dakar du 15 au 17 novembre prochain -\" \/>\n<meta property=\"og:description\" content=\"Dakar, (S\u00e9n\u00e9gal), le 15 Novembre 2022.\u00a0Les sp\u00e9cialistes des standards des produits \u00e9lectrotechniques se rencontrent du 15 au 17 Novembre 2022 \u00e0 Dakar au S\u00e9n\u00e9gal pour \u00e9changer sur deux th\u00e9matiques importantes qui entrent dans le cadre de la mise en \u0153uvre du Projet R\u00e9gional d\u2019Acc\u00e8s \u00e0 [&hellip;]\" \/>\n<meta property=\"og:url\" content=\"https:\/\/macite.tg\/?p=1849\" \/>\n<meta property=\"article:published_time\" content=\"2022-11-16T11:28:05+00:00\" \/>\n<meta property=\"article:modified_time\" content=\"2022-11-16T11:30:13+00:00\" \/>\n<meta property=\"og:image\" content=\"https:\/\/macite.tg\/wp-content\/uploads\/2022\/11\/COmite-technique-CEDEAO.jpg\" \/>\n\t<meta property=\"og:image:width\" content=\"272\" \/>\n\t<meta property=\"og:image:height\" content=\"185\" \/>\n\t<meta property=\"og:image:type\" content=\"image\/jpeg\" \/>\n<meta name=\"author\" content=\"Jean Pierre BAWELA\" \/>\n<meta name=\"twitter:card\" content=\"summary_large_image\" \/>\n<meta name=\"twitter:label1\" content=\"\u00c9crit par\" \/>\n\t<meta name=\"twitter:data1\" content=\"Jean Pierre BAWELA\" \/>\n\t<meta name=\"twitter:label2\" content=\"Dur\u00e9e de lecture estim\u00e9e\" \/>\n\t<meta name=\"twitter:data2\" content=\"5 minutes\" \/>\n<script type=\"application\/ld+json\" class=\"yoast-schema-graph\">{\"@context\":\"https:\\\/\\\/schema.org\",\"@graph\":[{\"@type\":\"Article\",\"@id\":\"https:\\\/\\\/macite.tg\\\/?p=1849#article\",\"isPartOf\":{\"@id\":\"https:\\\/\\\/macite.tg\\\/?p=1849\"},\"author\":{\"name\":\"Jean Pierre BAWELA\",\"@id\":\"https:\\\/\\\/macite.tg\\\/#\\\/schema\\\/person\\\/e9f2de7e5dbbe7770a9402c7ce82f5c2\"},\"headline\":\"MISE EN \u0152UVRE DU PROJET ROGEAP\u00a0: Une r\u00e9union des membres du Comit\u00e9 technique se tient \u00e0 Dakar du 15 au 17 novembre prochain\",\"datePublished\":\"2022-11-16T11:28:05+00:00\",\"dateModified\":\"2022-11-16T11:30:13+00:00\",\"mainEntityOfPage\":{\"@id\":\"https:\\\/\\\/macite.tg\\\/?p=1849\"},\"wordCount\":1025,\"commentCount\":0,\"image\":{\"@id\":\"https:\\\/\\\/macite.tg\\\/?p=1849#primaryimage\"},\"thumbnailUrl\":\"https:\\\/\\\/macite.tg\\\/wp-content\\\/uploads\\\/2022\\\/11\\\/COmite-technique-CEDEAO.jpg\",\"articleSection\":[\"DEVELOPPEMENT\"],\"inLanguage\":\"fr-FR\",\"potentialAction\":[{\"@type\":\"CommentAction\",\"name\":\"Comment\",\"target\":[\"https:\\\/\\\/macite.tg\\\/?p=1849#respond\"]}]},{\"@type\":\"WebPage\",\"@id\":\"https:\\\/\\\/macite.tg\\\/?p=1849\",\"url\":\"https:\\\/\\\/macite.tg\\\/?p=1849\",\"name\":\"MISE EN \u0152UVRE DU PROJET ROGEAP\u00a0: Une r\u00e9union des membres du Comit\u00e9 technique se tient \u00e0 Dakar du 15 au 17 novembre prochain -\",\"isPartOf\":{\"@id\":\"https:\\\/\\\/macite.tg\\\/#website\"},\"primaryImageOfPage\":{\"@id\":\"https:\\\/\\\/macite.tg\\\/?p=1849#primaryimage\"},\"image\":{\"@id\":\"https:\\\/\\\/macite.tg\\\/?p=1849#primaryimage\"},\"thumbnailUrl\":\"https:\\\/\\\/macite.tg\\\/wp-content\\\/uploads\\\/2022\\\/11\\\/COmite-technique-CEDEAO.jpg\",\"datePublished\":\"2022-11-16T11:28:05+00:00\",\"dateModified\":\"2022-11-16T11:30:13+00:00\",\"author\":{\"@id\":\"https:\\\/\\\/macite.tg\\\/#\\\/schema\\\/person\\\/e9f2de7e5dbbe7770a9402c7ce82f5c2\"},\"breadcrumb\":{\"@id\":\"https:\\\/\\\/macite.tg\\\/?p=1849#breadcrumb\"},\"inLanguage\":\"fr-FR\",\"potentialAction\":[{\"@type\":\"ReadAction\",\"target\":[\"https:\\\/\\\/macite.tg\\\/?p=1849\"]}]},{\"@type\":\"ImageObject\",\"inLanguage\":\"fr-FR\",\"@id\":\"https:\\\/\\\/macite.tg\\\/?p=1849#primaryimage\",\"url\":\"https:\\\/\\\/macite.tg\\\/wp-content\\\/uploads\\\/2022\\\/11\\\/COmite-technique-CEDEAO.jpg\",\"contentUrl\":\"https:\\\/\\\/macite.tg\\\/wp-content\\\/uploads\\\/2022\\\/11\\\/COmite-technique-CEDEAO.jpg\",\"width\":272,\"height\":185},{\"@type\":\"BreadcrumbList\",\"@id\":\"https:\\\/\\\/macite.tg\\\/?p=1849#breadcrumb\",\"itemListElement\":[{\"@type\":\"ListItem\",\"position\":1,\"name\":\"Accueil\",\"item\":\"https:\\\/\\\/macite.tg\\\/\"},{\"@type\":\"ListItem\",\"position\":2,\"name\":\"MISE EN \u0152UVRE DU PROJET ROGEAP\u00a0: Une r\u00e9union des membres du Comit\u00e9 technique se tient \u00e0 Dakar du 15 au 17 novembre prochain\"}]},{\"@type\":\"WebSite\",\"@id\":\"https:\\\/\\\/macite.tg\\\/#website\",\"url\":\"https:\\\/\\\/macite.tg\\\/\",\"name\":\"\",\"description\":\"L&#039;information, la bonne!!!\",\"potentialAction\":[{\"@type\":\"SearchAction\",\"target\":{\"@type\":\"EntryPoint\",\"urlTemplate\":\"https:\\\/\\\/macite.tg\\\/?s={search_term_string}\"},\"query-input\":{\"@type\":\"PropertyValueSpecification\",\"valueRequired\":true,\"valueName\":\"search_term_string\"}}],\"inLanguage\":\"fr-FR\"},{\"@type\":\"Person\",\"@id\":\"https:\\\/\\\/macite.tg\\\/#\\\/schema\\\/person\\\/e9f2de7e5dbbe7770a9402c7ce82f5c2\",\"name\":\"Jean Pierre BAWELA\",\"image\":{\"@type\":\"ImageObject\",\"inLanguage\":\"fr-FR\",\"@id\":\"https:\\\/\\\/macite.tg\\\/wp-content\\\/uploads\\\/2023\\\/09\\\/WhatsApp-Image-2023-09-19-at-14.44.41-122x122.jpeg\",\"url\":\"https:\\\/\\\/macite.tg\\\/wp-content\\\/uploads\\\/2023\\\/09\\\/WhatsApp-Image-2023-09-19-at-14.44.41-122x122.jpeg\",\"contentUrl\":\"https:\\\/\\\/macite.tg\\\/wp-content\\\/uploads\\\/2023\\\/09\\\/WhatsApp-Image-2023-09-19-at-14.44.41-122x122.jpeg\",\"caption\":\"Jean Pierre BAWELA\"},\"url\":\"https:\\\/\\\/macite.tg\\\/?author=2\"}]}<\/script>\n<!-- \/ Yoast SEO plugin. -->","yoast_head_json":{"title":"MISE EN \u0152UVRE DU PROJET ROGEAP\u00a0: Une r\u00e9union des membres du Comit\u00e9 technique se tient \u00e0 Dakar du 15 au 17 novembre prochain -","robots":{"index":"index","follow":"follow","max-snippet":"max-snippet:-1","max-image-preview":"max-image-preview:large","max-video-preview":"max-video-preview:-1"},"canonical":"https:\/\/macite.tg\/?p=1849","og_locale":"fr_FR","og_type":"article","og_title":"MISE EN \u0152UVRE DU PROJET ROGEAP\u00a0: Une r\u00e9union des membres du Comit\u00e9 technique se tient \u00e0 Dakar du 15 au 17 novembre prochain -","og_description":"Dakar, (S\u00e9n\u00e9gal), le 15 Novembre 2022.\u00a0Les sp\u00e9cialistes des standards des produits \u00e9lectrotechniques se rencontrent du 15 au 17 Novembre 2022 \u00e0 Dakar au S\u00e9n\u00e9gal pour \u00e9changer sur deux th\u00e9matiques importantes qui entrent dans le cadre de la mise en \u0153uvre du Projet R\u00e9gional d\u2019Acc\u00e8s \u00e0 [&hellip;]","og_url":"https:\/\/macite.tg\/?p=1849","article_published_time":"2022-11-16T11:28:05+00:00","article_modified_time":"2022-11-16T11:30:13+00:00","og_image":[{"width":272,"height":185,"url":"https:\/\/macite.tg\/wp-content\/uploads\/2022\/11\/COmite-technique-CEDEAO.jpg","type":"image\/jpeg"}],"author":"Jean Pierre BAWELA","twitter_card":"summary_large_image","twitter_misc":{"\u00c9crit par":"Jean Pierre BAWELA","Dur\u00e9e de lecture estim\u00e9e":"5 minutes"},"schema":{"@context":"https:\/\/schema.org","@graph":[{"@type":"Article","@id":"https:\/\/macite.tg\/?p=1849#article","isPartOf":{"@id":"https:\/\/macite.tg\/?p=1849"},"author":{"name":"Jean Pierre BAWELA","@id":"https:\/\/macite.tg\/#\/schema\/person\/e9f2de7e5dbbe7770a9402c7ce82f5c2"},"headline":"MISE EN \u0152UVRE DU PROJET ROGEAP\u00a0: Une r\u00e9union des membres du Comit\u00e9 technique se tient \u00e0 Dakar du 15 au 17 novembre prochain","datePublished":"2022-11-16T11:28:05+00:00","dateModified":"2022-11-16T11:30:13+00:00","mainEntityOfPage":{"@id":"https:\/\/macite.tg\/?p=1849"},"wordCount":1025,"commentCount":0,"image":{"@id":"https:\/\/macite.tg\/?p=1849#primaryimage"},"thumbnailUrl":"https:\/\/macite.tg\/wp-content\/uploads\/2022\/11\/COmite-technique-CEDEAO.jpg","articleSection":["DEVELOPPEMENT"],"inLanguage":"fr-FR","potentialAction":[{"@type":"CommentAction","name":"Comment","target":["https:\/\/macite.tg\/?p=1849#respond"]}]},{"@type":"WebPage","@id":"https:\/\/macite.tg\/?p=1849","url":"https:\/\/macite.tg\/?p=1849","name":"MISE EN \u0152UVRE DU PROJET ROGEAP\u00a0: Une r\u00e9union des membres du Comit\u00e9 technique se tient \u00e0 Dakar du 15 au 17 novembre prochain -","isPartOf":{"@id":"https:\/\/macite.tg\/#website"},"primaryImageOfPage":{"@id":"https:\/\/macite.tg\/?p=1849#primaryimage"},"image":{"@id":"https:\/\/macite.tg\/?p=1849#primaryimage"},"thumbnailUrl":"https:\/\/macite.tg\/wp-content\/uploads\/2022\/11\/COmite-technique-CEDEAO.jpg","datePublished":"2022-11-16T11:28:05+00:00","dateModified":"2022-11-16T11:30:13+00:00","author":{"@id":"https:\/\/macite.tg\/#\/schema\/person\/e9f2de7e5dbbe7770a9402c7ce82f5c2"},"breadcrumb":{"@id":"https:\/\/macite.tg\/?p=1849#breadcrumb"},"inLanguage":"fr-FR","potentialAction":[{"@type":"ReadAction","target":["https:\/\/macite.tg\/?p=1849"]}]},{"@type":"ImageObject","inLanguage":"fr-FR","@id":"https:\/\/macite.tg\/?p=1849#primaryimage","url":"https:\/\/macite.tg\/wp-content\/uploads\/2022\/11\/COmite-technique-CEDEAO.jpg","contentUrl":"https:\/\/macite.tg\/wp-content\/uploads\/2022\/11\/COmite-technique-CEDEAO.jpg","width":272,"height":185},{"@type":"BreadcrumbList","@id":"https:\/\/macite.tg\/?p=1849#breadcrumb","itemListElement":[{"@type":"ListItem","position":1,"name":"Accueil","item":"https:\/\/macite.tg\/"},{"@type":"ListItem","position":2,"name":"MISE EN \u0152UVRE DU PROJET ROGEAP\u00a0: Une r\u00e9union des membres du Comit\u00e9 technique se tient \u00e0 Dakar du 15 au 17 novembre prochain"}]},{"@type":"WebSite","@id":"https:\/\/macite.tg\/#website","url":"https:\/\/macite.tg\/","name":"","description":"L&#039;information, la bonne!!!","potentialAction":[{"@type":"SearchAction","target":{"@type":"EntryPoint","urlTemplate":"https:\/\/macite.tg\/?s={search_term_string}"},"query-input":{"@type":"PropertyValueSpecification","valueRequired":true,"valueName":"search_term_string"}}],"inLanguage":"fr-FR"},{"@type":"Person","@id":"https:\/\/macite.tg\/#\/schema\/person\/e9f2de7e5dbbe7770a9402c7ce82f5c2","name":"Jean Pierre BAWELA","image":{"@type":"ImageObject","inLanguage":"fr-FR","@id":"https:\/\/macite.tg\/wp-content\/uploads\/2023\/09\/WhatsApp-Image-2023-09-19-at-14.44.41-122x122.jpeg","url":"https:\/\/macite.tg\/wp-content\/uploads\/2023\/09\/WhatsApp-Image-2023-09-19-at-14.44.41-122x122.jpeg","contentUrl":"https:\/\/macite.tg\/wp-content\/uploads\/2023\/09\/WhatsApp-Image-2023-09-19-at-14.44.41-122x122.jpeg","caption":"Jean Pierre BAWELA"},"url":"https:\/\/macite.tg\/?author=2"}]}},"_links":{"self":[{"href":"https:\/\/macite.tg\/index.php?rest_route=\/wp\/v2\/posts\/1849","targetHints":{"allow":["GET"]}}],"collection":[{"href":"https:\/\/macite.tg\/index.php?rest_route=\/wp\/v2\/posts"}],"about":[{"href":"https:\/\/macite.tg\/index.php?rest_route=\/wp\/v2\/types\/post"}],"author":[{"embeddable":true,"href":"https:\/\/macite.tg\/index.php?rest_route=\/wp\/v2\/users\/2"}],"replies":[{"embeddable":true,"href":"https:\/\/macite.tg\/index.php?rest_route=%2Fwp%2Fv2%2Fcomments&post=1849"}],"version-history":[{"count":0,"href":"https:\/\/macite.tg\/index.php?rest_route=\/wp\/v2\/posts\/1849\/revisions"}],"wp:featuredmedia":[{"embeddable":true,"href":"https:\/\/macite.tg\/index.php?rest_route=\/wp\/v2\/media\/1851"}],"wp:attachment":[{"href":"https:\/\/macite.tg\/index.php?rest_route=%2Fwp%2Fv2%2Fmedia&parent=1849"}],"wp:term":[{"taxonomy":"category","embeddable":true,"href":"https:\/\/macite.tg\/index.php?rest_route=%2Fwp%2Fv2%2Fcategories&post=1849"},{"taxonomy":"post_tag","embeddable":true,"href":"https:\/\/macite.tg\/index.php?rest_route=%2Fwp%2Fv2%2Ftags&post=1849"}],"curies":[{"name":"wp","href":"https:\/\/api.w.org\/{rel}","templated":true}]}}