{"id":18319,"date":"2024-11-30T18:53:07","date_gmt":"2024-11-30T18:53:07","guid":{"rendered":"https:\/\/macite.tg\/?p=18319"},"modified":"2024-11-30T19:06:17","modified_gmt":"2024-11-30T19:06:17","slug":"quand-labrogation-de-la-loi-damnistie-fait-deja-debat-au-senegal-ils-nont-qua-essayer-on-na-pas-peur-la-f","status":"publish","type":"post","link":"https:\/\/macite.tg\/?p=18319","title":{"rendered":"QUAND L\u2019ABROGATION DE LA LOI D\u2019AMNISTIE FAIT DEJA DEBAT\u00a0AU SENEGAL : \u00ab\u00a0Ils n\u2019ont qu\u2019\u00e0 essayer\u2026 On n\u2019a pas peur\u2026\u00a0\u00bb, la fl\u00e8che Aissata Tall Sall au duo Sonko &#8211; Diomaye"},"content":{"rendered":"\n<p class=\"wp-block-paragraph\"><strong><em>L\u2019ancien Minist\u00e8re des Affaires \u00e9trang\u00e8res et des S\u00e9n\u00e9galais de l\u2019Ext\u00e9rieur, Aissata Tall Sall, par ailleurs d\u00e9put\u00e9e \u00e9lue sous la banni\u00e8re de la coalition Takku Wallu, est, en marge d\u2019une r\u00e9cente d\u00e9claration, revenue sur la question de la loi d\u2019Amnistie, alors que la premi\u00e8re session de l\u2019Assembl\u00e9e nationale est fix\u00e9e au 02 d\u00e9cembre 2024.<\/em><\/strong><\/p>\n\n\n\n<p class=\"wp-block-paragraph\"><em>\u00ab&nbsp;L\u2019autre chose qu\u2019ils disent, on va abroger la loi d\u2019amnistie. On attend. Ils n\u2019ont qu\u2019\u00e0 essayer d\u2019abroger la loi d\u2019amnistie. C\u2019est beaucoup plus facile \u00e0 dire qu\u2019\u00e0 faire. Et c\u2019est une sp\u00e9cialiste qui vous parle. Et je parle sous le contr\u00f4le de mes confr\u00e8res&nbsp;\u00bb,<\/em> a d\u00e9clar\u00e9 Aissata Tall Sall.<\/p>\n\n\n\n<p class=\"wp-block-paragraph\"><em>\u00ab&nbsp;Vous savez quel est le probl\u00e8me ? En droit p\u00e9nal, il y a ce qu\u2019on appelle l\u2019intangibilit\u00e9 des droits acquis et la non-r\u00e9troactivit\u00e9 des lois. Alors, les gens, certaines personnes ont b\u00e9n\u00e9fici\u00e9 de la loi d\u2019amnistie. Et pas n\u2019importe laquelle. Je rappelle que le Pr\u00e9sident de la R\u00e9publique et son Premier ministre sont sortis de prison gr\u00e2ce \u00e0 la loi d\u2019amnistie.&nbsp;\u00bb,<\/em> ajoute-t-elle.<\/p>\n\n\n<div class=\"wp-block-image\">\n<figure class=\"aligncenter size-full\"><img loading=\"lazy\" decoding=\"async\" width=\"526\" height=\"526\" src=\"https:\/\/macite.tg\/wp-content\/uploads\/2024\/11\/468525637_1130179202450218_7292291531481601107_n.jpg\" alt=\"\" class=\"wp-image-18266\" srcset=\"https:\/\/macite.tg\/wp-content\/uploads\/2024\/11\/468525637_1130179202450218_7292291531481601107_n.jpg 526w, https:\/\/macite.tg\/wp-content\/uploads\/2024\/11\/468525637_1130179202450218_7292291531481601107_n-300x300.jpg 300w, https:\/\/macite.tg\/wp-content\/uploads\/2024\/11\/468525637_1130179202450218_7292291531481601107_n-150x150.jpg 150w, https:\/\/macite.tg\/wp-content\/uploads\/2024\/11\/468525637_1130179202450218_7292291531481601107_n-122x122.jpg 122w\" sizes=\"auto, (max-width: 526px) 100vw, 526px\" \/><\/figure>\n<\/div>\n\n\n<p class=\"wp-block-paragraph\"><em>\u00ab&nbsp;Alors, la non-r\u00e9troactivit\u00e9 des lois permet que la loi qui abroge la loi d\u2019amnistie, ou ne permet pas que la loi qui abroge la loi d\u2019amnistie fasse r\u00e9troagir et aller chercher des actes qui sont couverts par la loi d\u2019amnistie. C\u2019est un d\u00e9bat s\u00e9rieux.<\/em><\/p>\n\n\n\n<p class=\"wp-block-paragraph\"><em>Il ne faut pas qu\u2019on s\u2019amuse avec \u00e7a. Parce que nous amuser avec \u00e7a, veut dire que le S\u00e9n\u00e9gal, justement, ne sera plus un \u00c9tat de droit. Nous amuser avec \u00e7a, veut dire qu\u2019on va ramener notre r\u00e9gime \u00e0 un r\u00e9gime \u2018naha-naha\u2019 o\u00f9 on peut faire n\u2019importe quoi seulement parce qu\u2019on a une majorit\u00e9, une majorit\u00e9 soi-disant \u00e9crasante \u00e0 l\u2019Assembl\u00e9e nationale&nbsp;\u00bb,<\/em> a d\u00e9clar\u00e9 la d\u00e9put\u00e9e.<\/p>\n\n\n\n<p class=\"wp-block-paragraph\">Pour elle, <em>\u00ab&nbsp;la majorit\u00e9 \u00e9crasante \u00e0 l\u2019Assembl\u00e9e nationale, elle doit s\u2019occuper des pr\u00e9occupations des S\u00e9n\u00e9galais. Il faut que \u00e7a soit clair. On n\u2019a pas peur d\u2019aborder ce d\u00e9bat-l\u00e0. On n\u2019en a pas peur. On va \u00e9puiser ce d\u00e9bat jusqu\u2019au bout. Mais par des professionnels. Que n\u2019importe qui ne se r\u00e9veille pas en disant, moi, je vais demander qu\u2019on approche la loi d\u2019amnistie.&nbsp;\u00bb<\/em><\/p>\n\n\n<div class=\"wp-block-image\">\n<figure class=\"aligncenter size-full is-resized\"><img loading=\"lazy\" decoding=\"async\" src=\"https:\/\/macite.tg\/wp-content\/uploads\/2024\/11\/30-Depreciation-1.jpg\" alt=\"\" class=\"wp-image-18091\" width=\"420\" height=\"525\" srcset=\"https:\/\/macite.tg\/wp-content\/uploads\/2024\/11\/30-Depreciation-1.jpg 512w, https:\/\/macite.tg\/wp-content\/uploads\/2024\/11\/30-Depreciation-1-240x300.jpg 240w\" sizes=\"auto, (max-width: 420px) 100vw, 420px\" \/><\/figure>\n<\/div>\n\n\n<p class=\"wp-block-paragraph\"><em>\u00ab&nbsp;C\u2019est ce qu\u2019on doit faire. Tout le monde est juriste, tout le monde est juge, tout le monde est avocat. Ce n\u2019est pas possible. Il faut l\u2019arr\u00eater. Et comme j\u2019ai dit, si vraiment l\u2019ambition de cette majorit\u00e9 \u00e9crasante, c\u2019est d\u2019installer la haute cour de justice qui existe d\u00e9j\u00e0, qui a toujours exist\u00e9, c\u2019est d\u2019abroger la loi sur l\u2019amnistie, ce qui, par certains aspects, est impossible en droit p\u00e9nal, alors la d\u00e9ception sera grande pour le peuple s\u00e9n\u00e9galais. Ils n\u2019ont pas \u00e9t\u00e9 \u00e9lus pour \u00e7a&nbsp;\u00bb,<\/em> mart\u00e8le Aissata Tall Sall.<\/p>\n\n\n\n<p class=\"wp-block-paragraph\"><strong>SeneNews<\/strong><\/p>\n\n\n\n<p class=\"wp-block-paragraph\"><strong><em>@macite.tg&nbsp;&nbsp;&nbsp;&nbsp;&nbsp;&nbsp;&nbsp;&nbsp;<\/em><\/strong><\/p>\n\n\n\n<p class=\"wp-block-paragraph\"><strong><em>E-mail&nbsp;: <\/em><\/strong><a href=\"mailto:maciteinfo@gmail.com\"><strong><em>maciteinfo@gmail.com<\/em><\/strong><\/a><strong><em>; <\/em><\/strong><a href=\"mailto:bawela1@gmail.com\"><strong><em>bawela1@gmail.com<\/em><\/strong><\/a><strong><em><\/em><\/strong><\/p>\n\n\n\n<p class=\"wp-block-paragraph\"><strong><em>Pour vos annonces, (publi)reportages, etc., joignez-nous au (00228)91515309\/<strong>79872224 <\/strong>www.macite.tg, L\u2019information, la bonne&nbsp;!<\/em><\/strong><\/p>\n","protected":false},"excerpt":{"rendered":"<p class=\"text-justify mb-2\" >L\u2019ancien Minist\u00e8re des Affaires \u00e9trang\u00e8res et des S\u00e9n\u00e9galais de l\u2019Ext\u00e9rieur, Aissata Tall Sall, par ailleurs d\u00e9put\u00e9e \u00e9lue sous la banni\u00e8re de la coalition Takku Wallu, est, en marge d\u2019une r\u00e9cente d\u00e9claration, revenue sur la question de la loi d\u2019Amnistie, alors que la premi\u00e8re session de [&hellip;]<\/p>\n","protected":false},"author":2,"featured_media":18320,"comment_status":"open","ping_status":"open","sticky":false,"template":"","format":"standard","meta":{"footnotes":""},"categories":[20,1],"tags":[],"class_list":["post-18319","post","type-post","status-publish","format-standard","has-post-thumbnail","hentry","category-actualite","category-politique"],"yoast_head":"<!-- This site is optimized with the Yoast SEO plugin v28.4 - https:\/\/yoast.com\/product\/yoast-seo-wordpress\/ -->\n<title>QUAND L\u2019ABROGATION DE LA LOI D\u2019AMNISTIE FAIT DEJA DEBAT\u00a0AU SENEGAL : \u00ab\u00a0Ils n\u2019ont qu\u2019\u00e0 essayer\u2026 On n\u2019a pas peur\u2026\u00a0\u00bb, la fl\u00e8che Aissata Tall Sall au duo Sonko - Diomaye -<\/title>\n<meta name=\"robots\" content=\"index, follow, max-snippet:-1, max-image-preview:large, max-video-preview:-1\" \/>\n<link rel=\"canonical\" href=\"https:\/\/macite.tg\/?p=18319\" \/>\n<meta property=\"og:locale\" content=\"fr_FR\" \/>\n<meta property=\"og:type\" content=\"article\" \/>\n<meta property=\"og:title\" content=\"QUAND L\u2019ABROGATION DE LA LOI D\u2019AMNISTIE FAIT DEJA DEBAT\u00a0AU SENEGAL : \u00ab\u00a0Ils n\u2019ont qu\u2019\u00e0 essayer\u2026 On n\u2019a pas peur\u2026\u00a0\u00bb, la fl\u00e8che Aissata Tall Sall au duo Sonko - Diomaye -\" \/>\n<meta property=\"og:description\" content=\"L\u2019ancien Minist\u00e8re des Affaires \u00e9trang\u00e8res et des S\u00e9n\u00e9galais de l\u2019Ext\u00e9rieur, Aissata Tall Sall, par ailleurs d\u00e9put\u00e9e \u00e9lue sous la banni\u00e8re de la coalition Takku Wallu, est, en marge d\u2019une r\u00e9cente d\u00e9claration, revenue sur la question de la loi d\u2019Amnistie, alors que la premi\u00e8re session de [&hellip;]\" \/>\n<meta property=\"og:url\" content=\"https:\/\/macite.tg\/?p=18319\" \/>\n<meta property=\"article:published_time\" content=\"2024-11-30T18:53:07+00:00\" \/>\n<meta property=\"article:modified_time\" content=\"2024-11-30T19:06:17+00:00\" \/>\n<meta property=\"og:image\" content=\"https:\/\/macite.tg\/wp-content\/uploads\/2024\/11\/TALL-Sonko.jpg\" \/>\n\t<meta property=\"og:image:width\" content=\"500\" \/>\n\t<meta property=\"og:image:height\" content=\"281\" \/>\n\t<meta property=\"og:image:type\" content=\"image\/jpeg\" \/>\n<meta name=\"author\" content=\"Jean Pierre BAWELA\" \/>\n<meta name=\"twitter:card\" content=\"summary_large_image\" \/>\n<meta name=\"twitter:label1\" content=\"\u00c9crit par\" \/>\n\t<meta name=\"twitter:data1\" content=\"Jean Pierre BAWELA\" \/>\n\t<meta name=\"twitter:label2\" content=\"Dur\u00e9e de lecture estim\u00e9e\" \/>\n\t<meta name=\"twitter:data2\" content=\"3 minutes\" \/>\n<script type=\"application\/ld+json\" class=\"yoast-schema-graph\">{\"@context\":\"https:\\\/\\\/schema.org\",\"@graph\":[{\"@type\":\"Article\",\"@id\":\"https:\\\/\\\/macite.tg\\\/?p=18319#article\",\"isPartOf\":{\"@id\":\"https:\\\/\\\/macite.tg\\\/?p=18319\"},\"author\":{\"name\":\"Jean Pierre BAWELA\",\"@id\":\"https:\\\/\\\/macite.tg\\\/#\\\/schema\\\/person\\\/e9f2de7e5dbbe7770a9402c7ce82f5c2\"},\"headline\":\"QUAND L\u2019ABROGATION DE LA LOI D\u2019AMNISTIE FAIT DEJA DEBAT\u00a0AU SENEGAL : \u00ab\u00a0Ils n\u2019ont qu\u2019\u00e0 essayer\u2026 On n\u2019a pas peur\u2026\u00a0\u00bb, la fl\u00e8che Aissata Tall Sall au duo Sonko &#8211; Diomaye\",\"datePublished\":\"2024-11-30T18:53:07+00:00\",\"dateModified\":\"2024-11-30T19:06:17+00:00\",\"mainEntityOfPage\":{\"@id\":\"https:\\\/\\\/macite.tg\\\/?p=18319\"},\"wordCount\":595,\"commentCount\":0,\"image\":{\"@id\":\"https:\\\/\\\/macite.tg\\\/?p=18319#primaryimage\"},\"thumbnailUrl\":\"https:\\\/\\\/macite.tg\\\/wp-content\\\/uploads\\\/2024\\\/11\\\/TALL-Sonko.jpg\",\"articleSection\":[\"ACTUALITE\",\"POLITIQUE\"],\"inLanguage\":\"fr-FR\",\"potentialAction\":[{\"@type\":\"CommentAction\",\"name\":\"Comment\",\"target\":[\"https:\\\/\\\/macite.tg\\\/?p=18319#respond\"]}]},{\"@type\":\"WebPage\",\"@id\":\"https:\\\/\\\/macite.tg\\\/?p=18319\",\"url\":\"https:\\\/\\\/macite.tg\\\/?p=18319\",\"name\":\"QUAND L\u2019ABROGATION DE LA LOI D\u2019AMNISTIE FAIT DEJA DEBAT\u00a0AU SENEGAL : \u00ab\u00a0Ils n\u2019ont qu\u2019\u00e0 essayer\u2026 On n\u2019a pas peur\u2026\u00a0\u00bb, la fl\u00e8che Aissata Tall Sall au duo Sonko - Diomaye -\",\"isPartOf\":{\"@id\":\"https:\\\/\\\/macite.tg\\\/#website\"},\"primaryImageOfPage\":{\"@id\":\"https:\\\/\\\/macite.tg\\\/?p=18319#primaryimage\"},\"image\":{\"@id\":\"https:\\\/\\\/macite.tg\\\/?p=18319#primaryimage\"},\"thumbnailUrl\":\"https:\\\/\\\/macite.tg\\\/wp-content\\\/uploads\\\/2024\\\/11\\\/TALL-Sonko.jpg\",\"datePublished\":\"2024-11-30T18:53:07+00:00\",\"dateModified\":\"2024-11-30T19:06:17+00:00\",\"author\":{\"@id\":\"https:\\\/\\\/macite.tg\\\/#\\\/schema\\\/person\\\/e9f2de7e5dbbe7770a9402c7ce82f5c2\"},\"breadcrumb\":{\"@id\":\"https:\\\/\\\/macite.tg\\\/?p=18319#breadcrumb\"},\"inLanguage\":\"fr-FR\",\"potentialAction\":[{\"@type\":\"ReadAction\",\"target\":[\"https:\\\/\\\/macite.tg\\\/?p=18319\"]}]},{\"@type\":\"ImageObject\",\"inLanguage\":\"fr-FR\",\"@id\":\"https:\\\/\\\/macite.tg\\\/?p=18319#primaryimage\",\"url\":\"https:\\\/\\\/macite.tg\\\/wp-content\\\/uploads\\\/2024\\\/11\\\/TALL-Sonko.jpg\",\"contentUrl\":\"https:\\\/\\\/macite.tg\\\/wp-content\\\/uploads\\\/2024\\\/11\\\/TALL-Sonko.jpg\",\"width\":500,\"height\":281,\"caption\":\"Aissata Tall Sall face \u00e0 Ousman Sonko\"},{\"@type\":\"BreadcrumbList\",\"@id\":\"https:\\\/\\\/macite.tg\\\/?p=18319#breadcrumb\",\"itemListElement\":[{\"@type\":\"ListItem\",\"position\":1,\"name\":\"Accueil\",\"item\":\"https:\\\/\\\/macite.tg\\\/\"},{\"@type\":\"ListItem\",\"position\":2,\"name\":\"QUAND L\u2019ABROGATION DE LA LOI D\u2019AMNISTIE FAIT DEJA DEBAT\u00a0AU SENEGAL : \u00ab\u00a0Ils n\u2019ont qu\u2019\u00e0 essayer\u2026 On n\u2019a pas peur\u2026\u00a0\u00bb, la fl\u00e8che Aissata Tall Sall au duo Sonko &#8211; Diomaye\"}]},{\"@type\":\"WebSite\",\"@id\":\"https:\\\/\\\/macite.tg\\\/#website\",\"url\":\"https:\\\/\\\/macite.tg\\\/\",\"name\":\"\",\"description\":\"L&#039;information, la bonne!!!\",\"potentialAction\":[{\"@type\":\"SearchAction\",\"target\":{\"@type\":\"EntryPoint\",\"urlTemplate\":\"https:\\\/\\\/macite.tg\\\/?s={search_term_string}\"},\"query-input\":{\"@type\":\"PropertyValueSpecification\",\"valueRequired\":true,\"valueName\":\"search_term_string\"}}],\"inLanguage\":\"fr-FR\"},{\"@type\":\"Person\",\"@id\":\"https:\\\/\\\/macite.tg\\\/#\\\/schema\\\/person\\\/e9f2de7e5dbbe7770a9402c7ce82f5c2\",\"name\":\"Jean Pierre BAWELA\",\"image\":{\"@type\":\"ImageObject\",\"inLanguage\":\"fr-FR\",\"@id\":\"https:\\\/\\\/macite.tg\\\/wp-content\\\/uploads\\\/2023\\\/09\\\/WhatsApp-Image-2023-09-19-at-14.44.41-122x122.jpeg\",\"url\":\"https:\\\/\\\/macite.tg\\\/wp-content\\\/uploads\\\/2023\\\/09\\\/WhatsApp-Image-2023-09-19-at-14.44.41-122x122.jpeg\",\"contentUrl\":\"https:\\\/\\\/macite.tg\\\/wp-content\\\/uploads\\\/2023\\\/09\\\/WhatsApp-Image-2023-09-19-at-14.44.41-122x122.jpeg\",\"caption\":\"Jean Pierre BAWELA\"},\"url\":\"https:\\\/\\\/macite.tg\\\/?author=2\"}]}<\/script>\n<!-- \/ Yoast SEO plugin. -->","yoast_head_json":{"title":"QUAND L\u2019ABROGATION DE LA LOI D\u2019AMNISTIE FAIT DEJA DEBAT\u00a0AU SENEGAL : \u00ab\u00a0Ils n\u2019ont qu\u2019\u00e0 essayer\u2026 On n\u2019a pas peur\u2026\u00a0\u00bb, la fl\u00e8che Aissata Tall Sall au duo Sonko - Diomaye -","robots":{"index":"index","follow":"follow","max-snippet":"max-snippet:-1","max-image-preview":"max-image-preview:large","max-video-preview":"max-video-preview:-1"},"canonical":"https:\/\/macite.tg\/?p=18319","og_locale":"fr_FR","og_type":"article","og_title":"QUAND L\u2019ABROGATION DE LA LOI D\u2019AMNISTIE FAIT DEJA DEBAT\u00a0AU SENEGAL : \u00ab\u00a0Ils n\u2019ont qu\u2019\u00e0 essayer\u2026 On n\u2019a pas peur\u2026\u00a0\u00bb, la fl\u00e8che Aissata Tall Sall au duo Sonko - Diomaye -","og_description":"L\u2019ancien Minist\u00e8re des Affaires \u00e9trang\u00e8res et des S\u00e9n\u00e9galais de l\u2019Ext\u00e9rieur, Aissata Tall Sall, par ailleurs d\u00e9put\u00e9e \u00e9lue sous la banni\u00e8re de la coalition Takku Wallu, est, en marge d\u2019une r\u00e9cente d\u00e9claration, revenue sur la question de la loi d\u2019Amnistie, alors que la premi\u00e8re session de [&hellip;]","og_url":"https:\/\/macite.tg\/?p=18319","article_published_time":"2024-11-30T18:53:07+00:00","article_modified_time":"2024-11-30T19:06:17+00:00","og_image":[{"width":500,"height":281,"url":"https:\/\/macite.tg\/wp-content\/uploads\/2024\/11\/TALL-Sonko.jpg","type":"image\/jpeg"}],"author":"Jean Pierre BAWELA","twitter_card":"summary_large_image","twitter_misc":{"\u00c9crit par":"Jean Pierre BAWELA","Dur\u00e9e de lecture estim\u00e9e":"3 minutes"},"schema":{"@context":"https:\/\/schema.org","@graph":[{"@type":"Article","@id":"https:\/\/macite.tg\/?p=18319#article","isPartOf":{"@id":"https:\/\/macite.tg\/?p=18319"},"author":{"name":"Jean Pierre BAWELA","@id":"https:\/\/macite.tg\/#\/schema\/person\/e9f2de7e5dbbe7770a9402c7ce82f5c2"},"headline":"QUAND L\u2019ABROGATION DE LA LOI D\u2019AMNISTIE FAIT DEJA DEBAT\u00a0AU SENEGAL : \u00ab\u00a0Ils n\u2019ont qu\u2019\u00e0 essayer\u2026 On n\u2019a pas peur\u2026\u00a0\u00bb, la fl\u00e8che Aissata Tall Sall au duo Sonko &#8211; Diomaye","datePublished":"2024-11-30T18:53:07+00:00","dateModified":"2024-11-30T19:06:17+00:00","mainEntityOfPage":{"@id":"https:\/\/macite.tg\/?p=18319"},"wordCount":595,"commentCount":0,"image":{"@id":"https:\/\/macite.tg\/?p=18319#primaryimage"},"thumbnailUrl":"https:\/\/macite.tg\/wp-content\/uploads\/2024\/11\/TALL-Sonko.jpg","articleSection":["ACTUALITE","POLITIQUE"],"inLanguage":"fr-FR","potentialAction":[{"@type":"CommentAction","name":"Comment","target":["https:\/\/macite.tg\/?p=18319#respond"]}]},{"@type":"WebPage","@id":"https:\/\/macite.tg\/?p=18319","url":"https:\/\/macite.tg\/?p=18319","name":"QUAND L\u2019ABROGATION DE LA LOI D\u2019AMNISTIE FAIT DEJA DEBAT\u00a0AU SENEGAL : \u00ab\u00a0Ils n\u2019ont qu\u2019\u00e0 essayer\u2026 On n\u2019a pas peur\u2026\u00a0\u00bb, la fl\u00e8che Aissata Tall Sall au duo Sonko - Diomaye -","isPartOf":{"@id":"https:\/\/macite.tg\/#website"},"primaryImageOfPage":{"@id":"https:\/\/macite.tg\/?p=18319#primaryimage"},"image":{"@id":"https:\/\/macite.tg\/?p=18319#primaryimage"},"thumbnailUrl":"https:\/\/macite.tg\/wp-content\/uploads\/2024\/11\/TALL-Sonko.jpg","datePublished":"2024-11-30T18:53:07+00:00","dateModified":"2024-11-30T19:06:17+00:00","author":{"@id":"https:\/\/macite.tg\/#\/schema\/person\/e9f2de7e5dbbe7770a9402c7ce82f5c2"},"breadcrumb":{"@id":"https:\/\/macite.tg\/?p=18319#breadcrumb"},"inLanguage":"fr-FR","potentialAction":[{"@type":"ReadAction","target":["https:\/\/macite.tg\/?p=18319"]}]},{"@type":"ImageObject","inLanguage":"fr-FR","@id":"https:\/\/macite.tg\/?p=18319#primaryimage","url":"https:\/\/macite.tg\/wp-content\/uploads\/2024\/11\/TALL-Sonko.jpg","contentUrl":"https:\/\/macite.tg\/wp-content\/uploads\/2024\/11\/TALL-Sonko.jpg","width":500,"height":281,"caption":"Aissata Tall Sall face \u00e0 Ousman Sonko"},{"@type":"BreadcrumbList","@id":"https:\/\/macite.tg\/?p=18319#breadcrumb","itemListElement":[{"@type":"ListItem","position":1,"name":"Accueil","item":"https:\/\/macite.tg\/"},{"@type":"ListItem","position":2,"name":"QUAND L\u2019ABROGATION DE LA LOI D\u2019AMNISTIE FAIT DEJA DEBAT\u00a0AU SENEGAL : \u00ab\u00a0Ils n\u2019ont qu\u2019\u00e0 essayer\u2026 On n\u2019a pas peur\u2026\u00a0\u00bb, la fl\u00e8che Aissata Tall Sall au duo Sonko &#8211; Diomaye"}]},{"@type":"WebSite","@id":"https:\/\/macite.tg\/#website","url":"https:\/\/macite.tg\/","name":"","description":"L&#039;information, la bonne!!!","potentialAction":[{"@type":"SearchAction","target":{"@type":"EntryPoint","urlTemplate":"https:\/\/macite.tg\/?s={search_term_string}"},"query-input":{"@type":"PropertyValueSpecification","valueRequired":true,"valueName":"search_term_string"}}],"inLanguage":"fr-FR"},{"@type":"Person","@id":"https:\/\/macite.tg\/#\/schema\/person\/e9f2de7e5dbbe7770a9402c7ce82f5c2","name":"Jean Pierre BAWELA","image":{"@type":"ImageObject","inLanguage":"fr-FR","@id":"https:\/\/macite.tg\/wp-content\/uploads\/2023\/09\/WhatsApp-Image-2023-09-19-at-14.44.41-122x122.jpeg","url":"https:\/\/macite.tg\/wp-content\/uploads\/2023\/09\/WhatsApp-Image-2023-09-19-at-14.44.41-122x122.jpeg","contentUrl":"https:\/\/macite.tg\/wp-content\/uploads\/2023\/09\/WhatsApp-Image-2023-09-19-at-14.44.41-122x122.jpeg","caption":"Jean Pierre BAWELA"},"url":"https:\/\/macite.tg\/?author=2"}]}},"_links":{"self":[{"href":"https:\/\/macite.tg\/index.php?rest_route=\/wp\/v2\/posts\/18319","targetHints":{"allow":["GET"]}}],"collection":[{"href":"https:\/\/macite.tg\/index.php?rest_route=\/wp\/v2\/posts"}],"about":[{"href":"https:\/\/macite.tg\/index.php?rest_route=\/wp\/v2\/types\/post"}],"author":[{"embeddable":true,"href":"https:\/\/macite.tg\/index.php?rest_route=\/wp\/v2\/users\/2"}],"replies":[{"embeddable":true,"href":"https:\/\/macite.tg\/index.php?rest_route=%2Fwp%2Fv2%2Fcomments&post=18319"}],"version-history":[{"count":0,"href":"https:\/\/macite.tg\/index.php?rest_route=\/wp\/v2\/posts\/18319\/revisions"}],"wp:featuredmedia":[{"embeddable":true,"href":"https:\/\/macite.tg\/index.php?rest_route=\/wp\/v2\/media\/18320"}],"wp:attachment":[{"href":"https:\/\/macite.tg\/index.php?rest_route=%2Fwp%2Fv2%2Fmedia&parent=18319"}],"wp:term":[{"taxonomy":"category","embeddable":true,"href":"https:\/\/macite.tg\/index.php?rest_route=%2Fwp%2Fv2%2Fcategories&post=18319"},{"taxonomy":"post_tag","embeddable":true,"href":"https:\/\/macite.tg\/index.php?rest_route=%2Fwp%2Fv2%2Ftags&post=18319"}],"curies":[{"name":"wp","href":"https:\/\/api.w.org\/{rel}","templated":true}]}}