{"id":18313,"date":"2024-11-30T17:40:33","date_gmt":"2024-11-30T17:40:33","guid":{"rendered":"https:\/\/macite.tg\/?p=18313"},"modified":"2024-11-30T17:42:46","modified_gmt":"2024-11-30T17:42:46","slug":"15eme-legislature-du-senegal-elu-recemment-macky-sall-ne-siegera-pas-a-lhemicycle-voici-son-remplacant","status":"publish","type":"post","link":"https:\/\/macite.tg\/?p=18313","title":{"rendered":"15EME LEGISLATURE DU SENEGAL : Elu r\u00e9cemment, Macky Sall ne si\u00e8gera pas \u00e0 l\u2019h\u00e9micycle\u2026 voici son rempla\u00e7ant"},"content":{"rendered":"\n<p class=\"wp-block-paragraph\"><strong><em>Alors la nouvelle l\u00e9gislature du Parlement s\u00e9n\u00e9galais sera install\u00e9e le d\u00e9but d\u00e9cembre prochain, les choses se pr\u00e9cisent quant \u00e0 sa composition. L\u2019ancien pr\u00e9sident de la R\u00e9publique, Macky Sall, battu \u00e0 plate couture lors de ces l\u00e9gislatives par le nouveau r\u00e9gime, le Pastef, ne compte pas si\u00e9ger dans une assembl\u00e9e.<\/em><\/strong><\/p>\n\n\n\n<p class=\"wp-block-paragraph\">Dans un message publi\u00e9 sur sa page Facebook, l\u2019ex-Pr\u00e9sident du S\u00e9n\u00e9gal, Macky Sall, a annonc\u00e9 qu\u2019il ne prendra pas place parmi les d\u00e9put\u00e9s lors de la 15e l\u00e9gislature.<\/p>\n\n\n\n<p class=\"wp-block-paragraph\"><em>\u00ab&nbsp;Conform\u00e9ment \u00e0 l\u2019engagement que j\u2019avais pris \u00e0 ce sujet, je d\u00e9missionnerai de mon mandat de d\u00e9put\u00e9 \u00e0 l\u2019ouverture de la prochaine l\u00e9gislature, afin qu\u2019il en soit tir\u00e9 les cons\u00e9quences de droit&nbsp;\u00bb,<\/em> a annonc\u00e9 l\u2019ancien Chef de l\u2019Etat dans une note rendue publique hier vendredi.<\/p>\n\n\n<div class=\"wp-block-image\">\n<figure class=\"aligncenter size-full\"><img loading=\"lazy\" decoding=\"async\" width=\"526\" height=\"526\" src=\"https:\/\/macite.tg\/wp-content\/uploads\/2024\/11\/468525637_1130179202450218_7292291531481601107_n.jpg\" alt=\"\" class=\"wp-image-18266\" srcset=\"https:\/\/macite.tg\/wp-content\/uploads\/2024\/11\/468525637_1130179202450218_7292291531481601107_n.jpg 526w, https:\/\/macite.tg\/wp-content\/uploads\/2024\/11\/468525637_1130179202450218_7292291531481601107_n-300x300.jpg 300w, https:\/\/macite.tg\/wp-content\/uploads\/2024\/11\/468525637_1130179202450218_7292291531481601107_n-150x150.jpg 150w, https:\/\/macite.tg\/wp-content\/uploads\/2024\/11\/468525637_1130179202450218_7292291531481601107_n-122x122.jpg 122w\" sizes=\"auto, (max-width: 526px) 100vw, 526px\" \/><\/figure>\n<\/div>\n\n\n<p class=\"wp-block-paragraph\">Ainsi, selon Dakaractu, il sera remplac\u00e9 par Abdou Mbow, ancien pr\u00e9sident du groupe parlementaire de Benno Bokk Yakaar. L\u2019ancien vice-Pr\u00e9sident de l\u2019Assembl\u00e9e nationale, qui occupait la 9e position sur la liste Takku Wallu S\u00e9n\u00e9gal, h\u00e9ritera ainsi de ce si\u00e8ge.<\/p>\n\n\n\n<p class=\"wp-block-paragraph\">&nbsp;Il faut noter que l\u2019installation des d\u00e9put\u00e9s est pr\u00e9vue pour ce lundi 2 d\u00e9cembre 2024.<\/p>\n\n\n\n<p class=\"wp-block-paragraph\"><strong>Avec SeneNews<\/strong><\/p>\n\n\n\n<p class=\"wp-block-paragraph\"><a><strong><em>@macite.tg&nbsp;&nbsp;&nbsp;&nbsp;&nbsp;&nbsp;&nbsp;&nbsp;<\/em><\/strong><\/a><\/p>\n\n\n\n<p class=\"wp-block-paragraph\"><strong><em>E-mail&nbsp;: <\/em><\/strong><a href=\"mailto:maciteinfo@gmail.com\"><strong><em>maciteinfo@gmail.com<\/em><\/strong><\/a><strong><em>; <\/em><\/strong><a href=\"mailto:bawela1@gmail.com\"><strong><em>bawela1@gmail.com<\/em><\/strong><\/a><strong><em><\/em><\/strong><\/p>\n\n\n\n<p class=\"wp-block-paragraph\"><strong><em>Pour vos annonces, (publi)reportages, etc., joignez-nous au (00228)91515309\/<strong>79872224 <\/strong>www.macite.tg, L\u2019information, la bonne&nbsp;!<\/em><\/strong><\/p>\n","protected":false},"excerpt":{"rendered":"<p class=\"text-justify mb-2\" >Alors la nouvelle l\u00e9gislature du Parlement s\u00e9n\u00e9galais sera install\u00e9e le d\u00e9but d\u00e9cembre prochain, les choses se pr\u00e9cisent quant \u00e0 sa composition. L\u2019ancien pr\u00e9sident de la R\u00e9publique, Macky Sall, battu \u00e0 plate couture lors de ces l\u00e9gislatives par le nouveau r\u00e9gime, le Pastef, ne compte pas [&hellip;]<\/p>\n","protected":false},"author":2,"featured_media":18316,"comment_status":"open","ping_status":"open","sticky":false,"template":"","format":"standard","meta":{"footnotes":""},"categories":[20,1],"tags":[],"class_list":["post-18313","post","type-post","status-publish","format-standard","has-post-thumbnail","hentry","category-actualite","category-politique"],"yoast_head":"<!-- This site is optimized with the Yoast SEO plugin v28.4 - https:\/\/yoast.com\/product\/yoast-seo-wordpress\/ -->\n<title>15EME LEGISLATURE DU SENEGAL : Elu r\u00e9cemment, Macky Sall ne si\u00e8gera pas \u00e0 l\u2019h\u00e9micycle\u2026 voici son rempla\u00e7ant -<\/title>\n<meta name=\"robots\" content=\"index, follow, max-snippet:-1, max-image-preview:large, max-video-preview:-1\" \/>\n<link rel=\"canonical\" href=\"https:\/\/macite.tg\/?p=18313\" \/>\n<meta property=\"og:locale\" content=\"fr_FR\" \/>\n<meta property=\"og:type\" content=\"article\" \/>\n<meta property=\"og:title\" content=\"15EME LEGISLATURE DU SENEGAL : Elu r\u00e9cemment, Macky Sall ne si\u00e8gera pas \u00e0 l\u2019h\u00e9micycle\u2026 voici son rempla\u00e7ant -\" \/>\n<meta property=\"og:description\" content=\"Alors la nouvelle l\u00e9gislature du Parlement s\u00e9n\u00e9galais sera install\u00e9e le d\u00e9but d\u00e9cembre prochain, les choses se pr\u00e9cisent quant \u00e0 sa composition. L\u2019ancien pr\u00e9sident de la R\u00e9publique, Macky Sall, battu \u00e0 plate couture lors de ces l\u00e9gislatives par le nouveau r\u00e9gime, le Pastef, ne compte pas [&hellip;]\" \/>\n<meta property=\"og:url\" content=\"https:\/\/macite.tg\/?p=18313\" \/>\n<meta property=\"article:published_time\" content=\"2024-11-30T17:40:33+00:00\" \/>\n<meta property=\"article:modified_time\" content=\"2024-11-30T17:42:46+00:00\" \/>\n<meta property=\"og:image\" content=\"https:\/\/macite.tg\/wp-content\/uploads\/2024\/11\/Macky-Sall.jpg\" \/>\n\t<meta property=\"og:image:width\" content=\"500\" \/>\n\t<meta property=\"og:image:height\" content=\"334\" \/>\n\t<meta property=\"og:image:type\" content=\"image\/jpeg\" \/>\n<meta name=\"author\" content=\"Jean Pierre BAWELA\" \/>\n<meta name=\"twitter:card\" content=\"summary_large_image\" \/>\n<meta name=\"twitter:label1\" content=\"\u00c9crit par\" \/>\n\t<meta name=\"twitter:data1\" content=\"Jean Pierre BAWELA\" \/>\n\t<meta name=\"twitter:label2\" content=\"Dur\u00e9e de lecture estim\u00e9e\" \/>\n\t<meta name=\"twitter:data2\" content=\"1 minute\" \/>\n<script type=\"application\/ld+json\" class=\"yoast-schema-graph\">{\"@context\":\"https:\\\/\\\/schema.org\",\"@graph\":[{\"@type\":\"Article\",\"@id\":\"https:\\\/\\\/macite.tg\\\/?p=18313#article\",\"isPartOf\":{\"@id\":\"https:\\\/\\\/macite.tg\\\/?p=18313\"},\"author\":{\"name\":\"Jean Pierre BAWELA\",\"@id\":\"https:\\\/\\\/macite.tg\\\/#\\\/schema\\\/person\\\/e9f2de7e5dbbe7770a9402c7ce82f5c2\"},\"headline\":\"15EME LEGISLATURE DU SENEGAL : Elu r\u00e9cemment, Macky Sall ne si\u00e8gera pas \u00e0 l\u2019h\u00e9micycle\u2026 voici son rempla\u00e7ant\",\"datePublished\":\"2024-11-30T17:40:33+00:00\",\"dateModified\":\"2024-11-30T17:42:46+00:00\",\"mainEntityOfPage\":{\"@id\":\"https:\\\/\\\/macite.tg\\\/?p=18313\"},\"wordCount\":274,\"commentCount\":0,\"image\":{\"@id\":\"https:\\\/\\\/macite.tg\\\/?p=18313#primaryimage\"},\"thumbnailUrl\":\"https:\\\/\\\/macite.tg\\\/wp-content\\\/uploads\\\/2024\\\/11\\\/Macky-Sall.jpg\",\"articleSection\":[\"ACTUALITE\",\"POLITIQUE\"],\"inLanguage\":\"fr-FR\",\"potentialAction\":[{\"@type\":\"CommentAction\",\"name\":\"Comment\",\"target\":[\"https:\\\/\\\/macite.tg\\\/?p=18313#respond\"]}]},{\"@type\":\"WebPage\",\"@id\":\"https:\\\/\\\/macite.tg\\\/?p=18313\",\"url\":\"https:\\\/\\\/macite.tg\\\/?p=18313\",\"name\":\"15EME LEGISLATURE DU SENEGAL : Elu r\u00e9cemment, Macky Sall ne si\u00e8gera pas \u00e0 l\u2019h\u00e9micycle\u2026 voici son rempla\u00e7ant -\",\"isPartOf\":{\"@id\":\"https:\\\/\\\/macite.tg\\\/#website\"},\"primaryImageOfPage\":{\"@id\":\"https:\\\/\\\/macite.tg\\\/?p=18313#primaryimage\"},\"image\":{\"@id\":\"https:\\\/\\\/macite.tg\\\/?p=18313#primaryimage\"},\"thumbnailUrl\":\"https:\\\/\\\/macite.tg\\\/wp-content\\\/uploads\\\/2024\\\/11\\\/Macky-Sall.jpg\",\"datePublished\":\"2024-11-30T17:40:33+00:00\",\"dateModified\":\"2024-11-30T17:42:46+00:00\",\"author\":{\"@id\":\"https:\\\/\\\/macite.tg\\\/#\\\/schema\\\/person\\\/e9f2de7e5dbbe7770a9402c7ce82f5c2\"},\"breadcrumb\":{\"@id\":\"https:\\\/\\\/macite.tg\\\/?p=18313#breadcrumb\"},\"inLanguage\":\"fr-FR\",\"potentialAction\":[{\"@type\":\"ReadAction\",\"target\":[\"https:\\\/\\\/macite.tg\\\/?p=18313\"]}]},{\"@type\":\"ImageObject\",\"inLanguage\":\"fr-FR\",\"@id\":\"https:\\\/\\\/macite.tg\\\/?p=18313#primaryimage\",\"url\":\"https:\\\/\\\/macite.tg\\\/wp-content\\\/uploads\\\/2024\\\/11\\\/Macky-Sall.jpg\",\"contentUrl\":\"https:\\\/\\\/macite.tg\\\/wp-content\\\/uploads\\\/2024\\\/11\\\/Macky-Sall.jpg\",\"width\":500,\"height\":334,\"caption\":\"L'ex president s\u00e9n\u00e9galais Macky Sall\"},{\"@type\":\"BreadcrumbList\",\"@id\":\"https:\\\/\\\/macite.tg\\\/?p=18313#breadcrumb\",\"itemListElement\":[{\"@type\":\"ListItem\",\"position\":1,\"name\":\"Accueil\",\"item\":\"https:\\\/\\\/macite.tg\\\/\"},{\"@type\":\"ListItem\",\"position\":2,\"name\":\"15EME LEGISLATURE DU SENEGAL : Elu r\u00e9cemment, Macky Sall ne si\u00e8gera pas \u00e0 l\u2019h\u00e9micycle\u2026 voici son rempla\u00e7ant\"}]},{\"@type\":\"WebSite\",\"@id\":\"https:\\\/\\\/macite.tg\\\/#website\",\"url\":\"https:\\\/\\\/macite.tg\\\/\",\"name\":\"\",\"description\":\"L&#039;information, la bonne!!!\",\"potentialAction\":[{\"@type\":\"SearchAction\",\"target\":{\"@type\":\"EntryPoint\",\"urlTemplate\":\"https:\\\/\\\/macite.tg\\\/?s={search_term_string}\"},\"query-input\":{\"@type\":\"PropertyValueSpecification\",\"valueRequired\":true,\"valueName\":\"search_term_string\"}}],\"inLanguage\":\"fr-FR\"},{\"@type\":\"Person\",\"@id\":\"https:\\\/\\\/macite.tg\\\/#\\\/schema\\\/person\\\/e9f2de7e5dbbe7770a9402c7ce82f5c2\",\"name\":\"Jean Pierre BAWELA\",\"image\":{\"@type\":\"ImageObject\",\"inLanguage\":\"fr-FR\",\"@id\":\"https:\\\/\\\/macite.tg\\\/wp-content\\\/uploads\\\/2023\\\/09\\\/WhatsApp-Image-2023-09-19-at-14.44.41-122x122.jpeg\",\"url\":\"https:\\\/\\\/macite.tg\\\/wp-content\\\/uploads\\\/2023\\\/09\\\/WhatsApp-Image-2023-09-19-at-14.44.41-122x122.jpeg\",\"contentUrl\":\"https:\\\/\\\/macite.tg\\\/wp-content\\\/uploads\\\/2023\\\/09\\\/WhatsApp-Image-2023-09-19-at-14.44.41-122x122.jpeg\",\"caption\":\"Jean Pierre BAWELA\"},\"url\":\"https:\\\/\\\/macite.tg\\\/?author=2\"}]}<\/script>\n<!-- \/ Yoast SEO plugin. -->","yoast_head_json":{"title":"15EME LEGISLATURE DU SENEGAL : Elu r\u00e9cemment, Macky Sall ne si\u00e8gera pas \u00e0 l\u2019h\u00e9micycle\u2026 voici son rempla\u00e7ant -","robots":{"index":"index","follow":"follow","max-snippet":"max-snippet:-1","max-image-preview":"max-image-preview:large","max-video-preview":"max-video-preview:-1"},"canonical":"https:\/\/macite.tg\/?p=18313","og_locale":"fr_FR","og_type":"article","og_title":"15EME LEGISLATURE DU SENEGAL : Elu r\u00e9cemment, Macky Sall ne si\u00e8gera pas \u00e0 l\u2019h\u00e9micycle\u2026 voici son rempla\u00e7ant -","og_description":"Alors la nouvelle l\u00e9gislature du Parlement s\u00e9n\u00e9galais sera install\u00e9e le d\u00e9but d\u00e9cembre prochain, les choses se pr\u00e9cisent quant \u00e0 sa composition. L\u2019ancien pr\u00e9sident de la R\u00e9publique, Macky Sall, battu \u00e0 plate couture lors de ces l\u00e9gislatives par le nouveau r\u00e9gime, le Pastef, ne compte pas [&hellip;]","og_url":"https:\/\/macite.tg\/?p=18313","article_published_time":"2024-11-30T17:40:33+00:00","article_modified_time":"2024-11-30T17:42:46+00:00","og_image":[{"width":500,"height":334,"url":"https:\/\/macite.tg\/wp-content\/uploads\/2024\/11\/Macky-Sall.jpg","type":"image\/jpeg"}],"author":"Jean Pierre BAWELA","twitter_card":"summary_large_image","twitter_misc":{"\u00c9crit par":"Jean Pierre BAWELA","Dur\u00e9e de lecture estim\u00e9e":"1 minute"},"schema":{"@context":"https:\/\/schema.org","@graph":[{"@type":"Article","@id":"https:\/\/macite.tg\/?p=18313#article","isPartOf":{"@id":"https:\/\/macite.tg\/?p=18313"},"author":{"name":"Jean Pierre BAWELA","@id":"https:\/\/macite.tg\/#\/schema\/person\/e9f2de7e5dbbe7770a9402c7ce82f5c2"},"headline":"15EME LEGISLATURE DU SENEGAL : Elu r\u00e9cemment, Macky Sall ne si\u00e8gera pas \u00e0 l\u2019h\u00e9micycle\u2026 voici son rempla\u00e7ant","datePublished":"2024-11-30T17:40:33+00:00","dateModified":"2024-11-30T17:42:46+00:00","mainEntityOfPage":{"@id":"https:\/\/macite.tg\/?p=18313"},"wordCount":274,"commentCount":0,"image":{"@id":"https:\/\/macite.tg\/?p=18313#primaryimage"},"thumbnailUrl":"https:\/\/macite.tg\/wp-content\/uploads\/2024\/11\/Macky-Sall.jpg","articleSection":["ACTUALITE","POLITIQUE"],"inLanguage":"fr-FR","potentialAction":[{"@type":"CommentAction","name":"Comment","target":["https:\/\/macite.tg\/?p=18313#respond"]}]},{"@type":"WebPage","@id":"https:\/\/macite.tg\/?p=18313","url":"https:\/\/macite.tg\/?p=18313","name":"15EME LEGISLATURE DU SENEGAL : Elu r\u00e9cemment, Macky Sall ne si\u00e8gera pas \u00e0 l\u2019h\u00e9micycle\u2026 voici son rempla\u00e7ant -","isPartOf":{"@id":"https:\/\/macite.tg\/#website"},"primaryImageOfPage":{"@id":"https:\/\/macite.tg\/?p=18313#primaryimage"},"image":{"@id":"https:\/\/macite.tg\/?p=18313#primaryimage"},"thumbnailUrl":"https:\/\/macite.tg\/wp-content\/uploads\/2024\/11\/Macky-Sall.jpg","datePublished":"2024-11-30T17:40:33+00:00","dateModified":"2024-11-30T17:42:46+00:00","author":{"@id":"https:\/\/macite.tg\/#\/schema\/person\/e9f2de7e5dbbe7770a9402c7ce82f5c2"},"breadcrumb":{"@id":"https:\/\/macite.tg\/?p=18313#breadcrumb"},"inLanguage":"fr-FR","potentialAction":[{"@type":"ReadAction","target":["https:\/\/macite.tg\/?p=18313"]}]},{"@type":"ImageObject","inLanguage":"fr-FR","@id":"https:\/\/macite.tg\/?p=18313#primaryimage","url":"https:\/\/macite.tg\/wp-content\/uploads\/2024\/11\/Macky-Sall.jpg","contentUrl":"https:\/\/macite.tg\/wp-content\/uploads\/2024\/11\/Macky-Sall.jpg","width":500,"height":334,"caption":"L'ex president s\u00e9n\u00e9galais Macky Sall"},{"@type":"BreadcrumbList","@id":"https:\/\/macite.tg\/?p=18313#breadcrumb","itemListElement":[{"@type":"ListItem","position":1,"name":"Accueil","item":"https:\/\/macite.tg\/"},{"@type":"ListItem","position":2,"name":"15EME LEGISLATURE DU SENEGAL : Elu r\u00e9cemment, Macky Sall ne si\u00e8gera pas \u00e0 l\u2019h\u00e9micycle\u2026 voici son rempla\u00e7ant"}]},{"@type":"WebSite","@id":"https:\/\/macite.tg\/#website","url":"https:\/\/macite.tg\/","name":"","description":"L&#039;information, la bonne!!!","potentialAction":[{"@type":"SearchAction","target":{"@type":"EntryPoint","urlTemplate":"https:\/\/macite.tg\/?s={search_term_string}"},"query-input":{"@type":"PropertyValueSpecification","valueRequired":true,"valueName":"search_term_string"}}],"inLanguage":"fr-FR"},{"@type":"Person","@id":"https:\/\/macite.tg\/#\/schema\/person\/e9f2de7e5dbbe7770a9402c7ce82f5c2","name":"Jean Pierre BAWELA","image":{"@type":"ImageObject","inLanguage":"fr-FR","@id":"https:\/\/macite.tg\/wp-content\/uploads\/2023\/09\/WhatsApp-Image-2023-09-19-at-14.44.41-122x122.jpeg","url":"https:\/\/macite.tg\/wp-content\/uploads\/2023\/09\/WhatsApp-Image-2023-09-19-at-14.44.41-122x122.jpeg","contentUrl":"https:\/\/macite.tg\/wp-content\/uploads\/2023\/09\/WhatsApp-Image-2023-09-19-at-14.44.41-122x122.jpeg","caption":"Jean Pierre BAWELA"},"url":"https:\/\/macite.tg\/?author=2"}]}},"_links":{"self":[{"href":"https:\/\/macite.tg\/index.php?rest_route=\/wp\/v2\/posts\/18313","targetHints":{"allow":["GET"]}}],"collection":[{"href":"https:\/\/macite.tg\/index.php?rest_route=\/wp\/v2\/posts"}],"about":[{"href":"https:\/\/macite.tg\/index.php?rest_route=\/wp\/v2\/types\/post"}],"author":[{"embeddable":true,"href":"https:\/\/macite.tg\/index.php?rest_route=\/wp\/v2\/users\/2"}],"replies":[{"embeddable":true,"href":"https:\/\/macite.tg\/index.php?rest_route=%2Fwp%2Fv2%2Fcomments&post=18313"}],"version-history":[{"count":0,"href":"https:\/\/macite.tg\/index.php?rest_route=\/wp\/v2\/posts\/18313\/revisions"}],"wp:featuredmedia":[{"embeddable":true,"href":"https:\/\/macite.tg\/index.php?rest_route=\/wp\/v2\/media\/18316"}],"wp:attachment":[{"href":"https:\/\/macite.tg\/index.php?rest_route=%2Fwp%2Fv2%2Fmedia&parent=18313"}],"wp:term":[{"taxonomy":"category","embeddable":true,"href":"https:\/\/macite.tg\/index.php?rest_route=%2Fwp%2Fv2%2Fcategories&post=18313"},{"taxonomy":"post_tag","embeddable":true,"href":"https:\/\/macite.tg\/index.php?rest_route=%2Fwp%2Fv2%2Ftags&post=18313"}],"curies":[{"name":"wp","href":"https:\/\/api.w.org\/{rel}","templated":true}]}}