{"id":18307,"date":"2024-11-29T16:54:51","date_gmt":"2024-11-29T16:54:51","guid":{"rendered":"https:\/\/macite.tg\/?p=18307"},"modified":"2024-11-29T16:55:04","modified_gmt":"2024-11-29T16:55:04","slug":"mise-en-oeuvre-de-lamu-institutions-et-ministeres-impliques-en-seminaire-a-kpalime","status":"publish","type":"post","link":"https:\/\/macite.tg\/?p=18307","title":{"rendered":"MISE EN OEUVRE DE L\u2019AMU\u00a0: Institutions et minist\u00e8res impliqu\u00e9s en s\u00e9minaire \u00e0 Kpalim\u00e9"},"content":{"rendered":"\n<p class=\"wp-block-paragraph\"><strong><em>La mise en \u0153uvre de l\u2019Assurance maladie universelle (Amu), op\u00e9rationnelle depuis le d\u00e9but de l\u2019ann\u00e9e 2024, se poursuit. Le mardi 26 novembre dernier, le gouvernement a convi\u00e9 les repr\u00e9sentants des minist\u00e8res et institutions impliqu\u00e9es dans ce m\u00e9canisme ambitieux, \u00e0 un s\u00e9minaire national de formation \u00e0 Kpalim\u00e9.<\/em><\/strong><\/p>\n\n\n\n<p class=\"wp-block-paragraph\">Organis\u00e9e par le minist\u00e8re de l\u2019acc\u00e8s aux soins et de la couverture sanitaire, cette rencontre de trois jours (du 26 au 28 novembre 2024) se veut d\u2019am\u00e9liorer la compr\u00e9hension des principaux acteurs sur le concept de l\u2019Amu, ses principes et ses impacts positifs pour la population, mais aussi et surtout de les outiller afin de garantir une meilleure couverture sanitaire universelle. Ils ont \u00e9t\u00e9 \u00e9galement inform\u00e9s sur le sch\u00e9ma de d\u00e9ploiement du syst\u00e8me port\u00e9 par le Minist\u00e8re de l&rsquo;Acc\u00e8s aux Soins et de la Couverture Sanitaire.&nbsp;<\/p>\n\n\n<div class=\"wp-block-image\">\n<figure class=\"aligncenter size-full\"><img loading=\"lazy\" decoding=\"async\" width=\"768\" height=\"319\" src=\"https:\/\/macite.tg\/wp-content\/uploads\/2024\/11\/ANNONCES-1-768x319-2.jpg\" alt=\"\" class=\"wp-image-18185\" srcset=\"https:\/\/macite.tg\/wp-content\/uploads\/2024\/11\/ANNONCES-1-768x319-2.jpg 768w, https:\/\/macite.tg\/wp-content\/uploads\/2024\/11\/ANNONCES-1-768x319-2-300x125.jpg 300w\" sizes=\"auto, (max-width: 768px) 100vw, 768px\" \/><\/figure>\n<\/div>\n\n\n<p class=\"wp-block-paragraph\">Tout en soulignant le caract\u00e8re universel de l\u2019Amu, le ministre de l\u2019acc\u00e8s aux soins et de la couverture sanitaire, Jean-Marie Koffi Tessi, a encourag\u00e9 les participants \u00e0 s\u2019approprier ses fondamentaux, afin de servir de relai aupr\u00e8s du personnel des diff\u00e9rentes structures.<\/p>\n\n\n\n<p class=\"wp-block-paragraph\">Le coordonnateur du projet Services de Sant\u00e9 Essentiels de Qualit\u00e9 pour une Couverture Sanitaire Universelle (Sseqcu), Aklesso Yves Bagny, a, pour sa part, relev\u00e9 l&rsquo;importance de l\u2019harmonisation de l\u2019information \u00e0 tous les niveaux, appelant ainsi les acteurs de l&rsquo;administration publique impliqu\u00e9s, \u00e0 la formation et \u00e0 la sensibilisation. <\/p>\n\n\n\n<p class=\"wp-block-paragraph\">Notons que dans le cadre de l\u2019Amu, la pris en charge est subdivis\u00e9e en deux groupes. D\u2019un c\u00f4t\u00e9, agents publics et assimil\u00e9s, les titulaires de pensions civiles et militaires ainsi que les personnes vuln\u00e9rables, g\u00e9r\u00e9s par l&rsquo;Institut national d&rsquo;assurance maladie (Inam). Et de l\u2019autre, la Caisse nationale de s\u00e9curit\u00e9 sociale (Cnss), en charge des salari\u00e9s et titulaires de pensions du secteur priv\u00e9, les travailleurs ind\u00e9pendants des secteurs informels et agricoles, et les ministres des cultes.<\/p>\n\n\n<div class=\"wp-block-image\">\n<figure class=\"aligncenter size-full\"><img loading=\"lazy\" decoding=\"async\" width=\"526\" height=\"526\" src=\"https:\/\/macite.tg\/wp-content\/uploads\/2024\/11\/468525637_1130179202450218_7292291531481601107_n.jpg\" alt=\"\" class=\"wp-image-18266\" srcset=\"https:\/\/macite.tg\/wp-content\/uploads\/2024\/11\/468525637_1130179202450218_7292291531481601107_n.jpg 526w, https:\/\/macite.tg\/wp-content\/uploads\/2024\/11\/468525637_1130179202450218_7292291531481601107_n-300x300.jpg 300w, https:\/\/macite.tg\/wp-content\/uploads\/2024\/11\/468525637_1130179202450218_7292291531481601107_n-150x150.jpg 150w, https:\/\/macite.tg\/wp-content\/uploads\/2024\/11\/468525637_1130179202450218_7292291531481601107_n-122x122.jpg 122w\" sizes=\"auto, (max-width: 526px) 100vw, 526px\" \/><\/figure>\n<\/div>\n\n\n<p class=\"wp-block-paragraph\">Rappelons qu\u2019ont pris part \u00e0 cette session de formation, des repr\u00e9sentants de la Pr\u00e9sidence de la R\u00e9publique, de la Primature, des Minist\u00e8res de la Sant\u00e9, du Travail, des Enseignements primaire et secondaire, de l&rsquo;Enseignement technique, de l&rsquo;Agriculture, du Commerce et artisanat, de l&rsquo;Action sociale, de l&rsquo;Administration territoriale, l&rsquo;Inam, la Cnss, la Caisse de Retraite, la Direction G\u00e9n\u00e9rale de la Protection sociale, entre autres.<\/p>\n\n\n\n<p class=\"wp-block-paragraph\"><strong>JPB<\/strong><\/p>\n\n\n\n<p class=\"wp-block-paragraph\"><a><strong><em>@macite.tg&nbsp;&nbsp;&nbsp;&nbsp;&nbsp;&nbsp;&nbsp;&nbsp;<\/em><\/strong><\/a><\/p>\n\n\n\n<p class=\"wp-block-paragraph\"><strong><em>E-mail&nbsp;: <\/em><\/strong><a href=\"mailto:maciteinfo@gmail.com\"><strong><em>maciteinfo@gmail.com<\/em><\/strong><\/a><strong><em>; <\/em><\/strong><a href=\"mailto:bawela1@gmail.com\"><strong><em>bawela1@gmail.com<\/em><\/strong><\/a><strong><em><\/em><\/strong><\/p>\n\n\n\n<p class=\"wp-block-paragraph\"><strong><em>Pour vos annonces, (publi)reportages, etc., joignez-nous au (00228)91515309\/<strong>79872224 <\/strong>www.macite.tg, L\u2019information, la bonne&nbsp;!<\/em><\/strong><\/p>\n","protected":false},"excerpt":{"rendered":"<p class=\"text-justify mb-2\" >La mise en \u0153uvre de l\u2019Assurance maladie universelle (Amu), op\u00e9rationnelle depuis le d\u00e9but de l\u2019ann\u00e9e 2024, se poursuit. Le mardi 26 novembre dernier, le gouvernement a convi\u00e9 les repr\u00e9sentants des minist\u00e8res et institutions impliqu\u00e9es dans ce m\u00e9canisme ambitieux, \u00e0 un s\u00e9minaire national de formation \u00e0 [&hellip;]<\/p>\n","protected":false},"author":2,"featured_media":18308,"comment_status":"open","ping_status":"open","sticky":false,"template":"","format":"standard","meta":{"footnotes":""},"categories":[20,5],"tags":[],"class_list":["post-18307","post","type-post","status-publish","format-standard","has-post-thumbnail","hentry","category-actualite","category-sante"],"yoast_head":"<!-- This site is optimized with the Yoast SEO plugin v28.4 - https:\/\/yoast.com\/product\/yoast-seo-wordpress\/ -->\n<title>MISE EN OEUVRE DE L\u2019AMU\u00a0: Institutions et minist\u00e8res impliqu\u00e9s en s\u00e9minaire \u00e0 Kpalim\u00e9 -<\/title>\n<meta name=\"robots\" content=\"index, follow, max-snippet:-1, max-image-preview:large, max-video-preview:-1\" \/>\n<link rel=\"canonical\" href=\"https:\/\/macite.tg\/?p=18307\" \/>\n<meta property=\"og:locale\" content=\"fr_FR\" \/>\n<meta property=\"og:type\" content=\"article\" \/>\n<meta property=\"og:title\" content=\"MISE EN OEUVRE DE L\u2019AMU\u00a0: Institutions et minist\u00e8res impliqu\u00e9s en s\u00e9minaire \u00e0 Kpalim\u00e9 -\" \/>\n<meta property=\"og:description\" content=\"La mise en \u0153uvre de l\u2019Assurance maladie universelle (Amu), op\u00e9rationnelle depuis le d\u00e9but de l\u2019ann\u00e9e 2024, se poursuit. Le mardi 26 novembre dernier, le gouvernement a convi\u00e9 les repr\u00e9sentants des minist\u00e8res et institutions impliqu\u00e9es dans ce m\u00e9canisme ambitieux, \u00e0 un s\u00e9minaire national de formation \u00e0 [&hellip;]\" \/>\n<meta property=\"og:url\" content=\"https:\/\/macite.tg\/?p=18307\" \/>\n<meta property=\"article:published_time\" content=\"2024-11-29T16:54:51+00:00\" \/>\n<meta property=\"article:modified_time\" content=\"2024-11-29T16:55:04+00:00\" \/>\n<meta property=\"og:image\" content=\"https:\/\/macite.tg\/wp-content\/uploads\/2024\/11\/image-76.png\" \/>\n\t<meta property=\"og:image:width\" content=\"500\" \/>\n\t<meta property=\"og:image:height\" content=\"330\" \/>\n\t<meta property=\"og:image:type\" content=\"image\/png\" \/>\n<meta name=\"author\" content=\"Jean Pierre BAWELA\" \/>\n<meta name=\"twitter:card\" content=\"summary_large_image\" \/>\n<meta name=\"twitter:label1\" content=\"\u00c9crit par\" \/>\n\t<meta name=\"twitter:data1\" content=\"Jean Pierre BAWELA\" \/>\n\t<meta name=\"twitter:label2\" content=\"Dur\u00e9e de lecture estim\u00e9e\" \/>\n\t<meta name=\"twitter:data2\" content=\"2 minutes\" \/>\n<script type=\"application\/ld+json\" class=\"yoast-schema-graph\">{\"@context\":\"https:\\\/\\\/schema.org\",\"@graph\":[{\"@type\":\"Article\",\"@id\":\"https:\\\/\\\/macite.tg\\\/?p=18307#article\",\"isPartOf\":{\"@id\":\"https:\\\/\\\/macite.tg\\\/?p=18307\"},\"author\":{\"name\":\"Jean Pierre BAWELA\",\"@id\":\"https:\\\/\\\/macite.tg\\\/#\\\/schema\\\/person\\\/e9f2de7e5dbbe7770a9402c7ce82f5c2\"},\"headline\":\"MISE EN OEUVRE DE L\u2019AMU\u00a0: Institutions et minist\u00e8res impliqu\u00e9s en s\u00e9minaire \u00e0 Kpalim\u00e9\",\"datePublished\":\"2024-11-29T16:54:51+00:00\",\"dateModified\":\"2024-11-29T16:55:04+00:00\",\"mainEntityOfPage\":{\"@id\":\"https:\\\/\\\/macite.tg\\\/?p=18307\"},\"wordCount\":462,\"commentCount\":0,\"image\":{\"@id\":\"https:\\\/\\\/macite.tg\\\/?p=18307#primaryimage\"},\"thumbnailUrl\":\"https:\\\/\\\/macite.tg\\\/wp-content\\\/uploads\\\/2024\\\/11\\\/image-76.png\",\"articleSection\":[\"ACTUALITE\",\"SANTE\"],\"inLanguage\":\"fr-FR\",\"potentialAction\":[{\"@type\":\"CommentAction\",\"name\":\"Comment\",\"target\":[\"https:\\\/\\\/macite.tg\\\/?p=18307#respond\"]}]},{\"@type\":\"WebPage\",\"@id\":\"https:\\\/\\\/macite.tg\\\/?p=18307\",\"url\":\"https:\\\/\\\/macite.tg\\\/?p=18307\",\"name\":\"MISE EN OEUVRE DE L\u2019AMU\u00a0: Institutions et minist\u00e8res impliqu\u00e9s en s\u00e9minaire \u00e0 Kpalim\u00e9 -\",\"isPartOf\":{\"@id\":\"https:\\\/\\\/macite.tg\\\/#website\"},\"primaryImageOfPage\":{\"@id\":\"https:\\\/\\\/macite.tg\\\/?p=18307#primaryimage\"},\"image\":{\"@id\":\"https:\\\/\\\/macite.tg\\\/?p=18307#primaryimage\"},\"thumbnailUrl\":\"https:\\\/\\\/macite.tg\\\/wp-content\\\/uploads\\\/2024\\\/11\\\/image-76.png\",\"datePublished\":\"2024-11-29T16:54:51+00:00\",\"dateModified\":\"2024-11-29T16:55:04+00:00\",\"author\":{\"@id\":\"https:\\\/\\\/macite.tg\\\/#\\\/schema\\\/person\\\/e9f2de7e5dbbe7770a9402c7ce82f5c2\"},\"breadcrumb\":{\"@id\":\"https:\\\/\\\/macite.tg\\\/?p=18307#breadcrumb\"},\"inLanguage\":\"fr-FR\",\"potentialAction\":[{\"@type\":\"ReadAction\",\"target\":[\"https:\\\/\\\/macite.tg\\\/?p=18307\"]}]},{\"@type\":\"ImageObject\",\"inLanguage\":\"fr-FR\",\"@id\":\"https:\\\/\\\/macite.tg\\\/?p=18307#primaryimage\",\"url\":\"https:\\\/\\\/macite.tg\\\/wp-content\\\/uploads\\\/2024\\\/11\\\/image-76.png\",\"contentUrl\":\"https:\\\/\\\/macite.tg\\\/wp-content\\\/uploads\\\/2024\\\/11\\\/image-76.png\",\"width\":500,\"height\":330,\"caption\":\"Photo de famille des participants.\"},{\"@type\":\"BreadcrumbList\",\"@id\":\"https:\\\/\\\/macite.tg\\\/?p=18307#breadcrumb\",\"itemListElement\":[{\"@type\":\"ListItem\",\"position\":1,\"name\":\"Accueil\",\"item\":\"https:\\\/\\\/macite.tg\\\/\"},{\"@type\":\"ListItem\",\"position\":2,\"name\":\"MISE EN OEUVRE DE L\u2019AMU\u00a0: Institutions et minist\u00e8res impliqu\u00e9s en s\u00e9minaire \u00e0 Kpalim\u00e9\"}]},{\"@type\":\"WebSite\",\"@id\":\"https:\\\/\\\/macite.tg\\\/#website\",\"url\":\"https:\\\/\\\/macite.tg\\\/\",\"name\":\"\",\"description\":\"L&#039;information, la bonne!!!\",\"potentialAction\":[{\"@type\":\"SearchAction\",\"target\":{\"@type\":\"EntryPoint\",\"urlTemplate\":\"https:\\\/\\\/macite.tg\\\/?s={search_term_string}\"},\"query-input\":{\"@type\":\"PropertyValueSpecification\",\"valueRequired\":true,\"valueName\":\"search_term_string\"}}],\"inLanguage\":\"fr-FR\"},{\"@type\":\"Person\",\"@id\":\"https:\\\/\\\/macite.tg\\\/#\\\/schema\\\/person\\\/e9f2de7e5dbbe7770a9402c7ce82f5c2\",\"name\":\"Jean Pierre BAWELA\",\"image\":{\"@type\":\"ImageObject\",\"inLanguage\":\"fr-FR\",\"@id\":\"https:\\\/\\\/macite.tg\\\/wp-content\\\/uploads\\\/2023\\\/09\\\/WhatsApp-Image-2023-09-19-at-14.44.41-122x122.jpeg\",\"url\":\"https:\\\/\\\/macite.tg\\\/wp-content\\\/uploads\\\/2023\\\/09\\\/WhatsApp-Image-2023-09-19-at-14.44.41-122x122.jpeg\",\"contentUrl\":\"https:\\\/\\\/macite.tg\\\/wp-content\\\/uploads\\\/2023\\\/09\\\/WhatsApp-Image-2023-09-19-at-14.44.41-122x122.jpeg\",\"caption\":\"Jean Pierre BAWELA\"},\"url\":\"https:\\\/\\\/macite.tg\\\/?author=2\"}]}<\/script>\n<!-- \/ Yoast SEO plugin. -->","yoast_head_json":{"title":"MISE EN OEUVRE DE L\u2019AMU\u00a0: Institutions et minist\u00e8res impliqu\u00e9s en s\u00e9minaire \u00e0 Kpalim\u00e9 -","robots":{"index":"index","follow":"follow","max-snippet":"max-snippet:-1","max-image-preview":"max-image-preview:large","max-video-preview":"max-video-preview:-1"},"canonical":"https:\/\/macite.tg\/?p=18307","og_locale":"fr_FR","og_type":"article","og_title":"MISE EN OEUVRE DE L\u2019AMU\u00a0: Institutions et minist\u00e8res impliqu\u00e9s en s\u00e9minaire \u00e0 Kpalim\u00e9 -","og_description":"La mise en \u0153uvre de l\u2019Assurance maladie universelle (Amu), op\u00e9rationnelle depuis le d\u00e9but de l\u2019ann\u00e9e 2024, se poursuit. Le mardi 26 novembre dernier, le gouvernement a convi\u00e9 les repr\u00e9sentants des minist\u00e8res et institutions impliqu\u00e9es dans ce m\u00e9canisme ambitieux, \u00e0 un s\u00e9minaire national de formation \u00e0 [&hellip;]","og_url":"https:\/\/macite.tg\/?p=18307","article_published_time":"2024-11-29T16:54:51+00:00","article_modified_time":"2024-11-29T16:55:04+00:00","og_image":[{"width":500,"height":330,"url":"https:\/\/macite.tg\/wp-content\/uploads\/2024\/11\/image-76.png","type":"image\/png"}],"author":"Jean Pierre BAWELA","twitter_card":"summary_large_image","twitter_misc":{"\u00c9crit par":"Jean Pierre BAWELA","Dur\u00e9e de lecture estim\u00e9e":"2 minutes"},"schema":{"@context":"https:\/\/schema.org","@graph":[{"@type":"Article","@id":"https:\/\/macite.tg\/?p=18307#article","isPartOf":{"@id":"https:\/\/macite.tg\/?p=18307"},"author":{"name":"Jean Pierre BAWELA","@id":"https:\/\/macite.tg\/#\/schema\/person\/e9f2de7e5dbbe7770a9402c7ce82f5c2"},"headline":"MISE EN OEUVRE DE L\u2019AMU\u00a0: Institutions et minist\u00e8res impliqu\u00e9s en s\u00e9minaire \u00e0 Kpalim\u00e9","datePublished":"2024-11-29T16:54:51+00:00","dateModified":"2024-11-29T16:55:04+00:00","mainEntityOfPage":{"@id":"https:\/\/macite.tg\/?p=18307"},"wordCount":462,"commentCount":0,"image":{"@id":"https:\/\/macite.tg\/?p=18307#primaryimage"},"thumbnailUrl":"https:\/\/macite.tg\/wp-content\/uploads\/2024\/11\/image-76.png","articleSection":["ACTUALITE","SANTE"],"inLanguage":"fr-FR","potentialAction":[{"@type":"CommentAction","name":"Comment","target":["https:\/\/macite.tg\/?p=18307#respond"]}]},{"@type":"WebPage","@id":"https:\/\/macite.tg\/?p=18307","url":"https:\/\/macite.tg\/?p=18307","name":"MISE EN OEUVRE DE L\u2019AMU\u00a0: Institutions et minist\u00e8res impliqu\u00e9s en s\u00e9minaire \u00e0 Kpalim\u00e9 -","isPartOf":{"@id":"https:\/\/macite.tg\/#website"},"primaryImageOfPage":{"@id":"https:\/\/macite.tg\/?p=18307#primaryimage"},"image":{"@id":"https:\/\/macite.tg\/?p=18307#primaryimage"},"thumbnailUrl":"https:\/\/macite.tg\/wp-content\/uploads\/2024\/11\/image-76.png","datePublished":"2024-11-29T16:54:51+00:00","dateModified":"2024-11-29T16:55:04+00:00","author":{"@id":"https:\/\/macite.tg\/#\/schema\/person\/e9f2de7e5dbbe7770a9402c7ce82f5c2"},"breadcrumb":{"@id":"https:\/\/macite.tg\/?p=18307#breadcrumb"},"inLanguage":"fr-FR","potentialAction":[{"@type":"ReadAction","target":["https:\/\/macite.tg\/?p=18307"]}]},{"@type":"ImageObject","inLanguage":"fr-FR","@id":"https:\/\/macite.tg\/?p=18307#primaryimage","url":"https:\/\/macite.tg\/wp-content\/uploads\/2024\/11\/image-76.png","contentUrl":"https:\/\/macite.tg\/wp-content\/uploads\/2024\/11\/image-76.png","width":500,"height":330,"caption":"Photo de famille des participants."},{"@type":"BreadcrumbList","@id":"https:\/\/macite.tg\/?p=18307#breadcrumb","itemListElement":[{"@type":"ListItem","position":1,"name":"Accueil","item":"https:\/\/macite.tg\/"},{"@type":"ListItem","position":2,"name":"MISE EN OEUVRE DE L\u2019AMU\u00a0: Institutions et minist\u00e8res impliqu\u00e9s en s\u00e9minaire \u00e0 Kpalim\u00e9"}]},{"@type":"WebSite","@id":"https:\/\/macite.tg\/#website","url":"https:\/\/macite.tg\/","name":"","description":"L&#039;information, la bonne!!!","potentialAction":[{"@type":"SearchAction","target":{"@type":"EntryPoint","urlTemplate":"https:\/\/macite.tg\/?s={search_term_string}"},"query-input":{"@type":"PropertyValueSpecification","valueRequired":true,"valueName":"search_term_string"}}],"inLanguage":"fr-FR"},{"@type":"Person","@id":"https:\/\/macite.tg\/#\/schema\/person\/e9f2de7e5dbbe7770a9402c7ce82f5c2","name":"Jean Pierre BAWELA","image":{"@type":"ImageObject","inLanguage":"fr-FR","@id":"https:\/\/macite.tg\/wp-content\/uploads\/2023\/09\/WhatsApp-Image-2023-09-19-at-14.44.41-122x122.jpeg","url":"https:\/\/macite.tg\/wp-content\/uploads\/2023\/09\/WhatsApp-Image-2023-09-19-at-14.44.41-122x122.jpeg","contentUrl":"https:\/\/macite.tg\/wp-content\/uploads\/2023\/09\/WhatsApp-Image-2023-09-19-at-14.44.41-122x122.jpeg","caption":"Jean Pierre BAWELA"},"url":"https:\/\/macite.tg\/?author=2"}]}},"_links":{"self":[{"href":"https:\/\/macite.tg\/index.php?rest_route=\/wp\/v2\/posts\/18307","targetHints":{"allow":["GET"]}}],"collection":[{"href":"https:\/\/macite.tg\/index.php?rest_route=\/wp\/v2\/posts"}],"about":[{"href":"https:\/\/macite.tg\/index.php?rest_route=\/wp\/v2\/types\/post"}],"author":[{"embeddable":true,"href":"https:\/\/macite.tg\/index.php?rest_route=\/wp\/v2\/users\/2"}],"replies":[{"embeddable":true,"href":"https:\/\/macite.tg\/index.php?rest_route=%2Fwp%2Fv2%2Fcomments&post=18307"}],"version-history":[{"count":0,"href":"https:\/\/macite.tg\/index.php?rest_route=\/wp\/v2\/posts\/18307\/revisions"}],"wp:featuredmedia":[{"embeddable":true,"href":"https:\/\/macite.tg\/index.php?rest_route=\/wp\/v2\/media\/18308"}],"wp:attachment":[{"href":"https:\/\/macite.tg\/index.php?rest_route=%2Fwp%2Fv2%2Fmedia&parent=18307"}],"wp:term":[{"taxonomy":"category","embeddable":true,"href":"https:\/\/macite.tg\/index.php?rest_route=%2Fwp%2Fv2%2Fcategories&post=18307"},{"taxonomy":"post_tag","embeddable":true,"href":"https:\/\/macite.tg\/index.php?rest_route=%2Fwp%2Fv2%2Ftags&post=18307"}],"curies":[{"name":"wp","href":"https:\/\/api.w.org\/{rel}","templated":true}]}}