{"id":1830,"date":"2022-11-15T14:39:54","date_gmt":"2022-11-15T14:39:54","guid":{"rendered":"https:\/\/macite.info\/?p=1830"},"modified":"2022-11-15T14:52:14","modified_gmt":"2022-11-15T14:52:14","slug":"rgph-5-la-pm-a-montre-lexemplequid-des-autres-membres-du-gouvernement","status":"publish","type":"post","link":"https:\/\/macite.tg\/?p=1830","title":{"rendered":"RGPH-5\u00a0: La PM a montr\u00e9 l\u2019exemple\u2026quid des autres membres du gouvernement\u00a0?"},"content":{"rendered":"\n<p class=\"wp-block-paragraph\"><\/p>\n\n\n\n<p class=\"wp-block-paragraph\"><strong><em>C\u2019est pass\u00e9 comme une lettre \u00e0 la poste sans que personne ne s\u2019en rende compte&nbsp;! Et pourtant, ce sont des milliards de francs qui sont en jeu avec ce calcul des populations togolaises, que dis-je, ce recensement des populations togolaises.<\/em><\/strong><\/p>\n\n\n\n<p class=\"wp-block-paragraph\">C\u2019est avec grand plaisir que la semaine derni\u00e8re, l\u2019on a aper\u00e7u sur les r\u00e9seaux sociaux, largement relay\u00e9 par une certaine presse (suivez mon regard). On a vu la PM bien install\u00e9e dans son \u2018\u2019fauteuil de grand quelqu\u2019un\u2019\u2019 avec en face, un agent recenseur venu faire son job.&nbsp; Cela n\u2019arrive pas tous les jours, c\u2019est une fois tous les dix ans. Imaginez un peu la valeur symbolique de ce geste\u2026<\/p>\n\n\n\n<p class=\"wp-block-paragraph\">C\u2019est donc un \u00e9v\u00e9nement singulier, ce recensement des populations et de l\u2019habitat sur le sol togolais. En plus, c\u2019est des \u00e9normes sous qui sont engloutis dans cet exercice-l\u00e0. Mais passons&nbsp;!<\/p>\n\n\n<div class=\"wp-block-image\">\n<figure class=\"aligncenter size-large is-resized\"><img loading=\"lazy\" decoding=\"async\" src=\"https:\/\/macite.tg\/wp-content\/uploads\/2022\/11\/ANNONCES-1-1024x426.jpg\" alt=\"\" class=\"wp-image-1602\" width=\"752\" height=\"312\" srcset=\"https:\/\/macite.tg\/wp-content\/uploads\/2022\/11\/ANNONCES-1-1024x426.jpg 1024w, https:\/\/macite.tg\/wp-content\/uploads\/2022\/11\/ANNONCES-1-300x125.jpg 300w, https:\/\/macite.tg\/wp-content\/uploads\/2022\/11\/ANNONCES-1-768x319.jpg 768w, https:\/\/macite.tg\/wp-content\/uploads\/2022\/11\/ANNONCES-1.jpg 1080w\" sizes=\"auto, (max-width: 752px) 100vw, 752px\" \/><\/figure>\n<\/div>\n\n\n<p class=\"wp-block-paragraph\">Ce qui nous int\u00e9resse ici, c\u2019est que juste apr\u00e8s ce post de la PM Dogb\u00e9 se faisant recens\u00e9, l\u2019on attendait, et nous nous continuons toujours d\u2019attendre, de voir les autres membres du gouvernement et autre personnalit\u00e9 de ce pays, suivre cet exemple hautement r\u00e9publicain, et ainsi inviter davantage les populations, encore h\u00e9sitantes, \u00e0 se faire recenser.<\/p>\n\n\n\n<p class=\"wp-block-paragraph\">Mais notre attente a \u00e9t\u00e9 longue, sinon trop longue. Aucun ministre, aucun d\u00e9put\u00e9, aucun \u2018\u2019grand quelqu\u2019un\u2019\u2019, n\u2019a trouv\u00e9 important cet exercice qui aurait eu le m\u00e9rite, selon certains analystes et certains sociologues, de faire baisser la garde chez les populations atterrer chez elles et gonfl\u00e9es de r\u00e9criminations vis-\u00e0-vis de leurs dirigeants qui ne feraient pas beaucoup pour les soulager de la mis\u00e8re et de la vie ch\u00e8re qui sont leur quotidien.<\/p>\n\n\n\n<p class=\"wp-block-paragraph\">Et comme toujours, ce grand coup de com. qui aurait&nbsp; certainement fait tache d\u2019huile, est rest\u00e9 comme une goutte d\u2019eau, tomb\u00e9e dans un vase trop boueux.<\/p>\n\n\n\n<p class=\"wp-block-paragraph\">Hahahaaaa allons-y seulement&nbsp;!<\/p>\n\n\n\n<p class=\"wp-block-paragraph\"><strong>Corga<\/strong><\/p>\n\n\n\n<p class=\"wp-block-paragraph\"><strong><em>@macite.info<\/em><\/strong><\/p>\n\n\n\n<p class=\"wp-block-paragraph\"><strong><em>E-mail&nbsp;: <\/em><\/strong><a href=\"mailto:maciteinfo@gmail.com\"><strong><em>maciteinfo@gmail.com<\/em><\/strong><\/a><strong><em>; <\/em><\/strong><a href=\"mailto:bawela1@gmail.com\"><strong><em>bawela1@gmail.com<\/em><\/strong><\/a><strong><em><\/em><\/strong><\/p>\n\n\n\n<p class=\"wp-block-paragraph\"><strong><em>Pour vos annonces, (publi)reportages, etc., joignez nous au (00228) 91515309\/<strong>79872224<\/strong><\/em><\/strong><em><\/em><\/p>\n\n\n\n<p class=\"wp-block-paragraph\"><a href=\"http:\/\/www.macite.info\"><strong><em>www.macite.info<\/em><\/strong><\/a><strong><em>, L\u2019information, la bonne&nbsp;!<\/em><\/strong><\/p>\n","protected":false},"excerpt":{"rendered":"<p class=\"text-justify mb-2\" >C\u2019est pass\u00e9 comme une lettre \u00e0 la poste sans que personne ne s\u2019en rende compte&nbsp;! Et pourtant, ce sont des milliards de francs qui sont en jeu avec ce calcul des populations togolaises, que dis-je, ce recensement des populations togolaises. C\u2019est avec grand plaisir que [&hellip;]<\/p>\n","protected":false},"author":2,"featured_media":1831,"comment_status":"open","ping_status":"open","sticky":false,"template":"","format":"standard","meta":{"footnotes":""},"categories":[13,27],"tags":[],"class_list":["post-1830","post","type-post","status-publish","format-standard","has-post-thumbnail","hentry","category-billet","category-opinion"],"yoast_head":"<!-- This site is optimized with the Yoast SEO plugin v28.4 - https:\/\/yoast.com\/product\/yoast-seo-wordpress\/ -->\n<title>RGPH-5\u00a0: La PM a montr\u00e9 l\u2019exemple\u2026quid des autres membres du gouvernement\u00a0? -<\/title>\n<meta name=\"robots\" content=\"index, follow, max-snippet:-1, max-image-preview:large, max-video-preview:-1\" \/>\n<link rel=\"canonical\" href=\"https:\/\/macite.tg\/?p=1830\" \/>\n<meta property=\"og:locale\" content=\"fr_FR\" \/>\n<meta property=\"og:type\" content=\"article\" \/>\n<meta property=\"og:title\" content=\"RGPH-5\u00a0: La PM a montr\u00e9 l\u2019exemple\u2026quid des autres membres du gouvernement\u00a0? -\" \/>\n<meta property=\"og:description\" content=\"C\u2019est pass\u00e9 comme une lettre \u00e0 la poste sans que personne ne s\u2019en rende compte&nbsp;! Et pourtant, ce sont des milliards de francs qui sont en jeu avec ce calcul des populations togolaises, que dis-je, ce recensement des populations togolaises. C\u2019est avec grand plaisir que [&hellip;]\" \/>\n<meta property=\"og:url\" content=\"https:\/\/macite.tg\/?p=1830\" \/>\n<meta property=\"article:published_time\" content=\"2022-11-15T14:39:54+00:00\" \/>\n<meta property=\"article:modified_time\" content=\"2022-11-15T14:52:14+00:00\" \/>\n<meta property=\"og:image\" content=\"https:\/\/macite.tg\/wp-content\/uploads\/2022\/11\/IMG-20221108-WA0098.jpg\" \/>\n\t<meta property=\"og:image:width\" content=\"1080\" \/>\n\t<meta property=\"og:image:height\" content=\"720\" \/>\n\t<meta property=\"og:image:type\" content=\"image\/jpeg\" \/>\n<meta name=\"author\" content=\"Jean Pierre BAWELA\" \/>\n<meta name=\"twitter:card\" content=\"summary_large_image\" \/>\n<meta name=\"twitter:label1\" content=\"\u00c9crit par\" \/>\n\t<meta name=\"twitter:data1\" content=\"Jean Pierre BAWELA\" \/>\n\t<meta name=\"twitter:label2\" content=\"Dur\u00e9e de lecture estim\u00e9e\" \/>\n\t<meta name=\"twitter:data2\" content=\"2 minutes\" \/>\n<script type=\"application\/ld+json\" class=\"yoast-schema-graph\">{\"@context\":\"https:\\\/\\\/schema.org\",\"@graph\":[{\"@type\":\"Article\",\"@id\":\"https:\\\/\\\/macite.tg\\\/?p=1830#article\",\"isPartOf\":{\"@id\":\"https:\\\/\\\/macite.tg\\\/?p=1830\"},\"author\":{\"name\":\"Jean Pierre BAWELA\",\"@id\":\"https:\\\/\\\/macite.tg\\\/#\\\/schema\\\/person\\\/e9f2de7e5dbbe7770a9402c7ce82f5c2\"},\"headline\":\"RGPH-5\u00a0: La PM a montr\u00e9 l\u2019exemple\u2026quid des autres membres du gouvernement\u00a0?\",\"datePublished\":\"2022-11-15T14:39:54+00:00\",\"dateModified\":\"2022-11-15T14:52:14+00:00\",\"mainEntityOfPage\":{\"@id\":\"https:\\\/\\\/macite.tg\\\/?p=1830\"},\"wordCount\":373,\"commentCount\":0,\"image\":{\"@id\":\"https:\\\/\\\/macite.tg\\\/?p=1830#primaryimage\"},\"thumbnailUrl\":\"https:\\\/\\\/macite.tg\\\/wp-content\\\/uploads\\\/2022\\\/11\\\/IMG-20221108-WA0098.jpg\",\"articleSection\":[\"BILLET\",\"OPINION\"],\"inLanguage\":\"fr-FR\",\"potentialAction\":[{\"@type\":\"CommentAction\",\"name\":\"Comment\",\"target\":[\"https:\\\/\\\/macite.tg\\\/?p=1830#respond\"]}]},{\"@type\":\"WebPage\",\"@id\":\"https:\\\/\\\/macite.tg\\\/?p=1830\",\"url\":\"https:\\\/\\\/macite.tg\\\/?p=1830\",\"name\":\"RGPH-5\u00a0: La PM a montr\u00e9 l\u2019exemple\u2026quid des autres membres du gouvernement\u00a0? -\",\"isPartOf\":{\"@id\":\"https:\\\/\\\/macite.tg\\\/#website\"},\"primaryImageOfPage\":{\"@id\":\"https:\\\/\\\/macite.tg\\\/?p=1830#primaryimage\"},\"image\":{\"@id\":\"https:\\\/\\\/macite.tg\\\/?p=1830#primaryimage\"},\"thumbnailUrl\":\"https:\\\/\\\/macite.tg\\\/wp-content\\\/uploads\\\/2022\\\/11\\\/IMG-20221108-WA0098.jpg\",\"datePublished\":\"2022-11-15T14:39:54+00:00\",\"dateModified\":\"2022-11-15T14:52:14+00:00\",\"author\":{\"@id\":\"https:\\\/\\\/macite.tg\\\/#\\\/schema\\\/person\\\/e9f2de7e5dbbe7770a9402c7ce82f5c2\"},\"breadcrumb\":{\"@id\":\"https:\\\/\\\/macite.tg\\\/?p=1830#breadcrumb\"},\"inLanguage\":\"fr-FR\",\"potentialAction\":[{\"@type\":\"ReadAction\",\"target\":[\"https:\\\/\\\/macite.tg\\\/?p=1830\"]}]},{\"@type\":\"ImageObject\",\"inLanguage\":\"fr-FR\",\"@id\":\"https:\\\/\\\/macite.tg\\\/?p=1830#primaryimage\",\"url\":\"https:\\\/\\\/macite.tg\\\/wp-content\\\/uploads\\\/2022\\\/11\\\/IMG-20221108-WA0098.jpg\",\"contentUrl\":\"https:\\\/\\\/macite.tg\\\/wp-content\\\/uploads\\\/2022\\\/11\\\/IMG-20221108-WA0098.jpg\",\"width\":1080,\"height\":720},{\"@type\":\"BreadcrumbList\",\"@id\":\"https:\\\/\\\/macite.tg\\\/?p=1830#breadcrumb\",\"itemListElement\":[{\"@type\":\"ListItem\",\"position\":1,\"name\":\"Accueil\",\"item\":\"https:\\\/\\\/macite.tg\\\/\"},{\"@type\":\"ListItem\",\"position\":2,\"name\":\"RGPH-5\u00a0: La PM a montr\u00e9 l\u2019exemple\u2026quid des autres membres du gouvernement\u00a0?\"}]},{\"@type\":\"WebSite\",\"@id\":\"https:\\\/\\\/macite.tg\\\/#website\",\"url\":\"https:\\\/\\\/macite.tg\\\/\",\"name\":\"\",\"description\":\"L&#039;information, la bonne!!!\",\"potentialAction\":[{\"@type\":\"SearchAction\",\"target\":{\"@type\":\"EntryPoint\",\"urlTemplate\":\"https:\\\/\\\/macite.tg\\\/?s={search_term_string}\"},\"query-input\":{\"@type\":\"PropertyValueSpecification\",\"valueRequired\":true,\"valueName\":\"search_term_string\"}}],\"inLanguage\":\"fr-FR\"},{\"@type\":\"Person\",\"@id\":\"https:\\\/\\\/macite.tg\\\/#\\\/schema\\\/person\\\/e9f2de7e5dbbe7770a9402c7ce82f5c2\",\"name\":\"Jean Pierre BAWELA\",\"image\":{\"@type\":\"ImageObject\",\"inLanguage\":\"fr-FR\",\"@id\":\"https:\\\/\\\/macite.tg\\\/wp-content\\\/uploads\\\/2023\\\/09\\\/WhatsApp-Image-2023-09-19-at-14.44.41-122x122.jpeg\",\"url\":\"https:\\\/\\\/macite.tg\\\/wp-content\\\/uploads\\\/2023\\\/09\\\/WhatsApp-Image-2023-09-19-at-14.44.41-122x122.jpeg\",\"contentUrl\":\"https:\\\/\\\/macite.tg\\\/wp-content\\\/uploads\\\/2023\\\/09\\\/WhatsApp-Image-2023-09-19-at-14.44.41-122x122.jpeg\",\"caption\":\"Jean Pierre BAWELA\"},\"url\":\"https:\\\/\\\/macite.tg\\\/?author=2\"}]}<\/script>\n<!-- \/ Yoast SEO plugin. -->","yoast_head_json":{"title":"RGPH-5\u00a0: La PM a montr\u00e9 l\u2019exemple\u2026quid des autres membres du gouvernement\u00a0? -","robots":{"index":"index","follow":"follow","max-snippet":"max-snippet:-1","max-image-preview":"max-image-preview:large","max-video-preview":"max-video-preview:-1"},"canonical":"https:\/\/macite.tg\/?p=1830","og_locale":"fr_FR","og_type":"article","og_title":"RGPH-5\u00a0: La PM a montr\u00e9 l\u2019exemple\u2026quid des autres membres du gouvernement\u00a0? -","og_description":"C\u2019est pass\u00e9 comme une lettre \u00e0 la poste sans que personne ne s\u2019en rende compte&nbsp;! Et pourtant, ce sont des milliards de francs qui sont en jeu avec ce calcul des populations togolaises, que dis-je, ce recensement des populations togolaises. C\u2019est avec grand plaisir que [&hellip;]","og_url":"https:\/\/macite.tg\/?p=1830","article_published_time":"2022-11-15T14:39:54+00:00","article_modified_time":"2022-11-15T14:52:14+00:00","og_image":[{"width":1080,"height":720,"url":"https:\/\/macite.tg\/wp-content\/uploads\/2022\/11\/IMG-20221108-WA0098.jpg","type":"image\/jpeg"}],"author":"Jean Pierre BAWELA","twitter_card":"summary_large_image","twitter_misc":{"\u00c9crit par":"Jean Pierre BAWELA","Dur\u00e9e de lecture estim\u00e9e":"2 minutes"},"schema":{"@context":"https:\/\/schema.org","@graph":[{"@type":"Article","@id":"https:\/\/macite.tg\/?p=1830#article","isPartOf":{"@id":"https:\/\/macite.tg\/?p=1830"},"author":{"name":"Jean Pierre BAWELA","@id":"https:\/\/macite.tg\/#\/schema\/person\/e9f2de7e5dbbe7770a9402c7ce82f5c2"},"headline":"RGPH-5\u00a0: La PM a montr\u00e9 l\u2019exemple\u2026quid des autres membres du gouvernement\u00a0?","datePublished":"2022-11-15T14:39:54+00:00","dateModified":"2022-11-15T14:52:14+00:00","mainEntityOfPage":{"@id":"https:\/\/macite.tg\/?p=1830"},"wordCount":373,"commentCount":0,"image":{"@id":"https:\/\/macite.tg\/?p=1830#primaryimage"},"thumbnailUrl":"https:\/\/macite.tg\/wp-content\/uploads\/2022\/11\/IMG-20221108-WA0098.jpg","articleSection":["BILLET","OPINION"],"inLanguage":"fr-FR","potentialAction":[{"@type":"CommentAction","name":"Comment","target":["https:\/\/macite.tg\/?p=1830#respond"]}]},{"@type":"WebPage","@id":"https:\/\/macite.tg\/?p=1830","url":"https:\/\/macite.tg\/?p=1830","name":"RGPH-5\u00a0: La PM a montr\u00e9 l\u2019exemple\u2026quid des autres membres du gouvernement\u00a0? -","isPartOf":{"@id":"https:\/\/macite.tg\/#website"},"primaryImageOfPage":{"@id":"https:\/\/macite.tg\/?p=1830#primaryimage"},"image":{"@id":"https:\/\/macite.tg\/?p=1830#primaryimage"},"thumbnailUrl":"https:\/\/macite.tg\/wp-content\/uploads\/2022\/11\/IMG-20221108-WA0098.jpg","datePublished":"2022-11-15T14:39:54+00:00","dateModified":"2022-11-15T14:52:14+00:00","author":{"@id":"https:\/\/macite.tg\/#\/schema\/person\/e9f2de7e5dbbe7770a9402c7ce82f5c2"},"breadcrumb":{"@id":"https:\/\/macite.tg\/?p=1830#breadcrumb"},"inLanguage":"fr-FR","potentialAction":[{"@type":"ReadAction","target":["https:\/\/macite.tg\/?p=1830"]}]},{"@type":"ImageObject","inLanguage":"fr-FR","@id":"https:\/\/macite.tg\/?p=1830#primaryimage","url":"https:\/\/macite.tg\/wp-content\/uploads\/2022\/11\/IMG-20221108-WA0098.jpg","contentUrl":"https:\/\/macite.tg\/wp-content\/uploads\/2022\/11\/IMG-20221108-WA0098.jpg","width":1080,"height":720},{"@type":"BreadcrumbList","@id":"https:\/\/macite.tg\/?p=1830#breadcrumb","itemListElement":[{"@type":"ListItem","position":1,"name":"Accueil","item":"https:\/\/macite.tg\/"},{"@type":"ListItem","position":2,"name":"RGPH-5\u00a0: La PM a montr\u00e9 l\u2019exemple\u2026quid des autres membres du gouvernement\u00a0?"}]},{"@type":"WebSite","@id":"https:\/\/macite.tg\/#website","url":"https:\/\/macite.tg\/","name":"","description":"L&#039;information, la bonne!!!","potentialAction":[{"@type":"SearchAction","target":{"@type":"EntryPoint","urlTemplate":"https:\/\/macite.tg\/?s={search_term_string}"},"query-input":{"@type":"PropertyValueSpecification","valueRequired":true,"valueName":"search_term_string"}}],"inLanguage":"fr-FR"},{"@type":"Person","@id":"https:\/\/macite.tg\/#\/schema\/person\/e9f2de7e5dbbe7770a9402c7ce82f5c2","name":"Jean Pierre BAWELA","image":{"@type":"ImageObject","inLanguage":"fr-FR","@id":"https:\/\/macite.tg\/wp-content\/uploads\/2023\/09\/WhatsApp-Image-2023-09-19-at-14.44.41-122x122.jpeg","url":"https:\/\/macite.tg\/wp-content\/uploads\/2023\/09\/WhatsApp-Image-2023-09-19-at-14.44.41-122x122.jpeg","contentUrl":"https:\/\/macite.tg\/wp-content\/uploads\/2023\/09\/WhatsApp-Image-2023-09-19-at-14.44.41-122x122.jpeg","caption":"Jean Pierre BAWELA"},"url":"https:\/\/macite.tg\/?author=2"}]}},"_links":{"self":[{"href":"https:\/\/macite.tg\/index.php?rest_route=\/wp\/v2\/posts\/1830","targetHints":{"allow":["GET"]}}],"collection":[{"href":"https:\/\/macite.tg\/index.php?rest_route=\/wp\/v2\/posts"}],"about":[{"href":"https:\/\/macite.tg\/index.php?rest_route=\/wp\/v2\/types\/post"}],"author":[{"embeddable":true,"href":"https:\/\/macite.tg\/index.php?rest_route=\/wp\/v2\/users\/2"}],"replies":[{"embeddable":true,"href":"https:\/\/macite.tg\/index.php?rest_route=%2Fwp%2Fv2%2Fcomments&post=1830"}],"version-history":[{"count":0,"href":"https:\/\/macite.tg\/index.php?rest_route=\/wp\/v2\/posts\/1830\/revisions"}],"wp:featuredmedia":[{"embeddable":true,"href":"https:\/\/macite.tg\/index.php?rest_route=\/wp\/v2\/media\/1831"}],"wp:attachment":[{"href":"https:\/\/macite.tg\/index.php?rest_route=%2Fwp%2Fv2%2Fmedia&parent=1830"}],"wp:term":[{"taxonomy":"category","embeddable":true,"href":"https:\/\/macite.tg\/index.php?rest_route=%2Fwp%2Fv2%2Fcategories&post=1830"},{"taxonomy":"post_tag","embeddable":true,"href":"https:\/\/macite.tg\/index.php?rest_route=%2Fwp%2Fv2%2Ftags&post=1830"}],"curies":[{"name":"wp","href":"https:\/\/api.w.org\/{rel}","templated":true}]}}