{"id":183,"date":"2022-09-19T12:47:51","date_gmt":"2022-09-19T12:47:51","guid":{"rendered":"https:\/\/macite.info\/?p=183"},"modified":"2022-09-19T12:47:52","modified_gmt":"2022-09-19T12:47:52","slug":"securite-numerique-le-conapp-et-rsf-forment-des-acteurs-des-medias","status":"publish","type":"post","link":"https:\/\/macite.tg\/?p=183","title":{"rendered":"S\u00c9CURIT\u00c9 NUM\u00c9RIQUE\u00a0: Le CONAPP et RSF forment des acteurs des m\u00e9dias"},"content":{"rendered":"\n<p class=\"wp-block-paragraph\"><strong><em>La \u00ab S\u00e9curit\u00e9 num\u00e9rique des journalistes face aux nouvelles menaces\u00bb, tel est le th\u00e8me d\u2019un s\u00e9minaire de formation \u00e0 l\u2019intention des acteurs des m\u00e9dias togolais.<\/em><\/strong><\/p>\n\n\n\n<p class=\"wp-block-paragraph\">Organis\u00e9e, du 14 au 16 septembre dernier \u00e0 Kpalim\u00e9, par le Conseil national des patrons de presse (CONAPP), en collaboration avec Reporters Sans Fronti\u00e8res (RSF), cette formation vise \u00e0 amener les journalistes \u00e0 assurer, eux-m\u00eames, leur propre s\u00e9curit\u00e9 \u00e0 travers la protection de leurs donn\u00e9es num\u00e9riques.<\/p>\n\n\n<div class=\"wp-block-image\">\n<figure class=\"aligncenter size-full is-resized\"><img loading=\"lazy\" decoding=\"async\" src=\"https:\/\/macite.tg\/wp-content\/uploads\/2022\/09\/Otr30b.jpeg\" alt=\"\" class=\"wp-image-80\" width=\"365\" height=\"365\" srcset=\"https:\/\/macite.tg\/wp-content\/uploads\/2022\/09\/Otr30b.jpeg 720w, https:\/\/macite.tg\/wp-content\/uploads\/2022\/09\/Otr30b-300x300.jpeg 300w, https:\/\/macite.tg\/wp-content\/uploads\/2022\/09\/Otr30b-150x150.jpeg 150w\" sizes=\"auto, (max-width: 365px) 100vw, 365px\" \/><\/figure>\n<\/div>\n\n\n<p class=\"wp-block-paragraph\">Nous vivons dans un monde de plus en plus enclin au num\u00e9rique. Et on ne peut parler des m\u00e9dias sans penser aux technologies num\u00e9riques. Pour mieux tirer profit des atouts du num\u00e9rique, il convient de connaitre ses avantages mais aussi les risques li\u00e9s \u00e0 leur utilisation.<\/p>\n\n\n\n<p class=\"wp-block-paragraph\">Plusieurs th\u00e9matiques, notamment les mutations du journalisme \u00e0 l\u2019\u00e8re du num\u00e9rique, la revue des m\u00e9canismes juridiques de protection des professionnels des m\u00e9dias, l\u2019histoire de l\u2019espionnage et de la surveillance \u00e9lectronique dans le monde, les acteurs de la surveillance des donn\u00e9es des journalistes et leurs m\u00e9thodes, \u2026 ont \u00e9t\u00e9 abord\u00e9es au cours de cette rencontre afin de faire la promotion des bons usages des technologies num\u00e9riques pratiques.<\/p>\n\n\n\n<p class=\"wp-block-paragraph\">Le journaliste doit constituer lui-m\u00eame un premier rempart en assurant sa propre s\u00e9curit\u00e9, notamment \u00e0 travers la protection de ses donn\u00e9es num\u00e9riques, a soulign\u00e9 le pr\u00e9sident du CONAPP, El Hadj Arimiyao Tchagnao.<\/p>\n\n\n\n<p class=\"wp-block-paragraph\"><strong>La R\u00e9daction<\/strong><\/p>\n\n\n\n<p class=\"wp-block-paragraph\"><strong><em>@macite.info<\/em><\/strong><\/p>\n\n\n\n<p class=\"wp-block-paragraph\"><strong><em>E-mail&nbsp;: <\/em><\/strong><a href=\"mailto:maciteinfo@gmail.com\"><strong><em>maciteinfo@gmail.com<\/em><\/strong><\/a><strong><em>; <\/em><\/strong><a href=\"mailto:bawela1@gmail.com\"><strong><em>bawela1@gmail.com<\/em><\/strong><\/a><strong><em><\/em><\/strong><\/p>\n\n\n\n<p class=\"wp-block-paragraph\"><strong><em>Pour vos annonces, (publi)reportages, etc., joignez nous au (00228) 91515309\/<strong>79872224<\/strong><\/em><\/strong><em><\/em><\/p>\n\n\n\n<p class=\"wp-block-paragraph\"><a href=\"http:\/\/www.macite.info\"><strong><em>www.macite.info<\/em><\/strong><\/a><strong><em>, L\u2019information, la bonne&nbsp;!<\/em><\/strong><\/p>\n","protected":false},"excerpt":{"rendered":"<p class=\"text-justify mb-2\" >La \u00ab S\u00e9curit\u00e9 num\u00e9rique des journalistes face aux nouvelles menaces\u00bb, tel est le th\u00e8me d\u2019un s\u00e9minaire de formation \u00e0 l\u2019intention des acteurs des m\u00e9dias togolais. Organis\u00e9e, du 14 au 16 septembre dernier \u00e0 Kpalim\u00e9, par le Conseil national des patrons de presse (CONAPP), en collaboration [&hellip;]<\/p>\n","protected":false},"author":2,"featured_media":184,"comment_status":"open","ping_status":"open","sticky":false,"template":"","format":"standard","meta":{"footnotes":""},"categories":[14],"tags":[],"class_list":["post-183","post","type-post","status-publish","format-standard","has-post-thumbnail","hentry","category-medias"],"yoast_head":"<!-- This site is optimized with the Yoast SEO plugin v28.4 - https:\/\/yoast.com\/product\/yoast-seo-wordpress\/ -->\n<title>S\u00c9CURIT\u00c9 NUM\u00c9RIQUE\u00a0: Le CONAPP et RSF forment des acteurs des m\u00e9dias -<\/title>\n<meta name=\"robots\" content=\"index, follow, max-snippet:-1, max-image-preview:large, max-video-preview:-1\" \/>\n<link rel=\"canonical\" href=\"https:\/\/macite.tg\/?p=183\" \/>\n<meta property=\"og:locale\" content=\"fr_FR\" \/>\n<meta property=\"og:type\" content=\"article\" \/>\n<meta property=\"og:title\" content=\"S\u00c9CURIT\u00c9 NUM\u00c9RIQUE\u00a0: Le CONAPP et RSF forment des acteurs des m\u00e9dias -\" \/>\n<meta property=\"og:description\" content=\"La \u00ab S\u00e9curit\u00e9 num\u00e9rique des journalistes face aux nouvelles menaces\u00bb, tel est le th\u00e8me d\u2019un s\u00e9minaire de formation \u00e0 l\u2019intention des acteurs des m\u00e9dias togolais. Organis\u00e9e, du 14 au 16 septembre dernier \u00e0 Kpalim\u00e9, par le Conseil national des patrons de presse (CONAPP), en collaboration [&hellip;]\" \/>\n<meta property=\"og:url\" content=\"https:\/\/macite.tg\/?p=183\" \/>\n<meta property=\"article:published_time\" content=\"2022-09-19T12:47:51+00:00\" \/>\n<meta property=\"article:modified_time\" content=\"2022-09-19T12:47:52+00:00\" \/>\n<meta property=\"og:image\" content=\"https:\/\/macite.tg\/wp-content\/uploads\/2022\/09\/Medias.jpg\" \/>\n\t<meta property=\"og:image:width\" content=\"358\" \/>\n\t<meta property=\"og:image:height\" content=\"205\" \/>\n\t<meta property=\"og:image:type\" content=\"image\/jpeg\" \/>\n<meta name=\"author\" content=\"Jean Pierre BAWELA\" \/>\n<meta name=\"twitter:card\" content=\"summary_large_image\" \/>\n<meta name=\"twitter:label1\" content=\"\u00c9crit par\" \/>\n\t<meta name=\"twitter:data1\" content=\"Jean Pierre BAWELA\" \/>\n\t<meta name=\"twitter:label2\" content=\"Dur\u00e9e de lecture estim\u00e9e\" \/>\n\t<meta name=\"twitter:data2\" content=\"2 minutes\" \/>\n<script type=\"application\/ld+json\" class=\"yoast-schema-graph\">{\"@context\":\"https:\\\/\\\/schema.org\",\"@graph\":[{\"@type\":\"Article\",\"@id\":\"https:\\\/\\\/macite.tg\\\/?p=183#article\",\"isPartOf\":{\"@id\":\"https:\\\/\\\/macite.tg\\\/?p=183\"},\"author\":{\"name\":\"Jean Pierre BAWELA\",\"@id\":\"https:\\\/\\\/macite.tg\\\/#\\\/schema\\\/person\\\/e9f2de7e5dbbe7770a9402c7ce82f5c2\"},\"headline\":\"S\u00c9CURIT\u00c9 NUM\u00c9RIQUE\u00a0: Le CONAPP et RSF forment des acteurs des m\u00e9dias\",\"datePublished\":\"2022-09-19T12:47:51+00:00\",\"dateModified\":\"2022-09-19T12:47:52+00:00\",\"mainEntityOfPage\":{\"@id\":\"https:\\\/\\\/macite.tg\\\/?p=183\"},\"wordCount\":281,\"commentCount\":0,\"image\":{\"@id\":\"https:\\\/\\\/macite.tg\\\/?p=183#primaryimage\"},\"thumbnailUrl\":\"https:\\\/\\\/macite.tg\\\/wp-content\\\/uploads\\\/2022\\\/09\\\/Medias.jpg\",\"articleSection\":[\"MEDIAS\"],\"inLanguage\":\"fr-FR\",\"potentialAction\":[{\"@type\":\"CommentAction\",\"name\":\"Comment\",\"target\":[\"https:\\\/\\\/macite.tg\\\/?p=183#respond\"]}]},{\"@type\":\"WebPage\",\"@id\":\"https:\\\/\\\/macite.tg\\\/?p=183\",\"url\":\"https:\\\/\\\/macite.tg\\\/?p=183\",\"name\":\"S\u00c9CURIT\u00c9 NUM\u00c9RIQUE\u00a0: Le CONAPP et RSF forment des acteurs des m\u00e9dias -\",\"isPartOf\":{\"@id\":\"https:\\\/\\\/macite.tg\\\/#website\"},\"primaryImageOfPage\":{\"@id\":\"https:\\\/\\\/macite.tg\\\/?p=183#primaryimage\"},\"image\":{\"@id\":\"https:\\\/\\\/macite.tg\\\/?p=183#primaryimage\"},\"thumbnailUrl\":\"https:\\\/\\\/macite.tg\\\/wp-content\\\/uploads\\\/2022\\\/09\\\/Medias.jpg\",\"datePublished\":\"2022-09-19T12:47:51+00:00\",\"dateModified\":\"2022-09-19T12:47:52+00:00\",\"author\":{\"@id\":\"https:\\\/\\\/macite.tg\\\/#\\\/schema\\\/person\\\/e9f2de7e5dbbe7770a9402c7ce82f5c2\"},\"breadcrumb\":{\"@id\":\"https:\\\/\\\/macite.tg\\\/?p=183#breadcrumb\"},\"inLanguage\":\"fr-FR\",\"potentialAction\":[{\"@type\":\"ReadAction\",\"target\":[\"https:\\\/\\\/macite.tg\\\/?p=183\"]}]},{\"@type\":\"ImageObject\",\"inLanguage\":\"fr-FR\",\"@id\":\"https:\\\/\\\/macite.tg\\\/?p=183#primaryimage\",\"url\":\"https:\\\/\\\/macite.tg\\\/wp-content\\\/uploads\\\/2022\\\/09\\\/Medias.jpg\",\"contentUrl\":\"https:\\\/\\\/macite.tg\\\/wp-content\\\/uploads\\\/2022\\\/09\\\/Medias.jpg\",\"width\":358,\"height\":205,\"caption\":\"Photo de famille des participants...\"},{\"@type\":\"BreadcrumbList\",\"@id\":\"https:\\\/\\\/macite.tg\\\/?p=183#breadcrumb\",\"itemListElement\":[{\"@type\":\"ListItem\",\"position\":1,\"name\":\"Accueil\",\"item\":\"https:\\\/\\\/macite.tg\\\/\"},{\"@type\":\"ListItem\",\"position\":2,\"name\":\"S\u00c9CURIT\u00c9 NUM\u00c9RIQUE\u00a0: Le CONAPP et RSF forment des acteurs des m\u00e9dias\"}]},{\"@type\":\"WebSite\",\"@id\":\"https:\\\/\\\/macite.tg\\\/#website\",\"url\":\"https:\\\/\\\/macite.tg\\\/\",\"name\":\"\",\"description\":\"L&#039;information, la bonne!!!\",\"potentialAction\":[{\"@type\":\"SearchAction\",\"target\":{\"@type\":\"EntryPoint\",\"urlTemplate\":\"https:\\\/\\\/macite.tg\\\/?s={search_term_string}\"},\"query-input\":{\"@type\":\"PropertyValueSpecification\",\"valueRequired\":true,\"valueName\":\"search_term_string\"}}],\"inLanguage\":\"fr-FR\"},{\"@type\":\"Person\",\"@id\":\"https:\\\/\\\/macite.tg\\\/#\\\/schema\\\/person\\\/e9f2de7e5dbbe7770a9402c7ce82f5c2\",\"name\":\"Jean Pierre BAWELA\",\"image\":{\"@type\":\"ImageObject\",\"inLanguage\":\"fr-FR\",\"@id\":\"https:\\\/\\\/macite.tg\\\/wp-content\\\/uploads\\\/2023\\\/09\\\/WhatsApp-Image-2023-09-19-at-14.44.41-122x122.jpeg\",\"url\":\"https:\\\/\\\/macite.tg\\\/wp-content\\\/uploads\\\/2023\\\/09\\\/WhatsApp-Image-2023-09-19-at-14.44.41-122x122.jpeg\",\"contentUrl\":\"https:\\\/\\\/macite.tg\\\/wp-content\\\/uploads\\\/2023\\\/09\\\/WhatsApp-Image-2023-09-19-at-14.44.41-122x122.jpeg\",\"caption\":\"Jean Pierre BAWELA\"},\"url\":\"https:\\\/\\\/macite.tg\\\/?author=2\"}]}<\/script>\n<!-- \/ Yoast SEO plugin. -->","yoast_head_json":{"title":"S\u00c9CURIT\u00c9 NUM\u00c9RIQUE\u00a0: Le CONAPP et RSF forment des acteurs des m\u00e9dias -","robots":{"index":"index","follow":"follow","max-snippet":"max-snippet:-1","max-image-preview":"max-image-preview:large","max-video-preview":"max-video-preview:-1"},"canonical":"https:\/\/macite.tg\/?p=183","og_locale":"fr_FR","og_type":"article","og_title":"S\u00c9CURIT\u00c9 NUM\u00c9RIQUE\u00a0: Le CONAPP et RSF forment des acteurs des m\u00e9dias -","og_description":"La \u00ab S\u00e9curit\u00e9 num\u00e9rique des journalistes face aux nouvelles menaces\u00bb, tel est le th\u00e8me d\u2019un s\u00e9minaire de formation \u00e0 l\u2019intention des acteurs des m\u00e9dias togolais. Organis\u00e9e, du 14 au 16 septembre dernier \u00e0 Kpalim\u00e9, par le Conseil national des patrons de presse (CONAPP), en collaboration [&hellip;]","og_url":"https:\/\/macite.tg\/?p=183","article_published_time":"2022-09-19T12:47:51+00:00","article_modified_time":"2022-09-19T12:47:52+00:00","og_image":[{"width":358,"height":205,"url":"https:\/\/macite.tg\/wp-content\/uploads\/2022\/09\/Medias.jpg","type":"image\/jpeg"}],"author":"Jean Pierre BAWELA","twitter_card":"summary_large_image","twitter_misc":{"\u00c9crit par":"Jean Pierre BAWELA","Dur\u00e9e de lecture estim\u00e9e":"2 minutes"},"schema":{"@context":"https:\/\/schema.org","@graph":[{"@type":"Article","@id":"https:\/\/macite.tg\/?p=183#article","isPartOf":{"@id":"https:\/\/macite.tg\/?p=183"},"author":{"name":"Jean Pierre BAWELA","@id":"https:\/\/macite.tg\/#\/schema\/person\/e9f2de7e5dbbe7770a9402c7ce82f5c2"},"headline":"S\u00c9CURIT\u00c9 NUM\u00c9RIQUE\u00a0: Le CONAPP et RSF forment des acteurs des m\u00e9dias","datePublished":"2022-09-19T12:47:51+00:00","dateModified":"2022-09-19T12:47:52+00:00","mainEntityOfPage":{"@id":"https:\/\/macite.tg\/?p=183"},"wordCount":281,"commentCount":0,"image":{"@id":"https:\/\/macite.tg\/?p=183#primaryimage"},"thumbnailUrl":"https:\/\/macite.tg\/wp-content\/uploads\/2022\/09\/Medias.jpg","articleSection":["MEDIAS"],"inLanguage":"fr-FR","potentialAction":[{"@type":"CommentAction","name":"Comment","target":["https:\/\/macite.tg\/?p=183#respond"]}]},{"@type":"WebPage","@id":"https:\/\/macite.tg\/?p=183","url":"https:\/\/macite.tg\/?p=183","name":"S\u00c9CURIT\u00c9 NUM\u00c9RIQUE\u00a0: Le CONAPP et RSF forment des acteurs des m\u00e9dias -","isPartOf":{"@id":"https:\/\/macite.tg\/#website"},"primaryImageOfPage":{"@id":"https:\/\/macite.tg\/?p=183#primaryimage"},"image":{"@id":"https:\/\/macite.tg\/?p=183#primaryimage"},"thumbnailUrl":"https:\/\/macite.tg\/wp-content\/uploads\/2022\/09\/Medias.jpg","datePublished":"2022-09-19T12:47:51+00:00","dateModified":"2022-09-19T12:47:52+00:00","author":{"@id":"https:\/\/macite.tg\/#\/schema\/person\/e9f2de7e5dbbe7770a9402c7ce82f5c2"},"breadcrumb":{"@id":"https:\/\/macite.tg\/?p=183#breadcrumb"},"inLanguage":"fr-FR","potentialAction":[{"@type":"ReadAction","target":["https:\/\/macite.tg\/?p=183"]}]},{"@type":"ImageObject","inLanguage":"fr-FR","@id":"https:\/\/macite.tg\/?p=183#primaryimage","url":"https:\/\/macite.tg\/wp-content\/uploads\/2022\/09\/Medias.jpg","contentUrl":"https:\/\/macite.tg\/wp-content\/uploads\/2022\/09\/Medias.jpg","width":358,"height":205,"caption":"Photo de famille des participants..."},{"@type":"BreadcrumbList","@id":"https:\/\/macite.tg\/?p=183#breadcrumb","itemListElement":[{"@type":"ListItem","position":1,"name":"Accueil","item":"https:\/\/macite.tg\/"},{"@type":"ListItem","position":2,"name":"S\u00c9CURIT\u00c9 NUM\u00c9RIQUE\u00a0: Le CONAPP et RSF forment des acteurs des m\u00e9dias"}]},{"@type":"WebSite","@id":"https:\/\/macite.tg\/#website","url":"https:\/\/macite.tg\/","name":"","description":"L&#039;information, la bonne!!!","potentialAction":[{"@type":"SearchAction","target":{"@type":"EntryPoint","urlTemplate":"https:\/\/macite.tg\/?s={search_term_string}"},"query-input":{"@type":"PropertyValueSpecification","valueRequired":true,"valueName":"search_term_string"}}],"inLanguage":"fr-FR"},{"@type":"Person","@id":"https:\/\/macite.tg\/#\/schema\/person\/e9f2de7e5dbbe7770a9402c7ce82f5c2","name":"Jean Pierre BAWELA","image":{"@type":"ImageObject","inLanguage":"fr-FR","@id":"https:\/\/macite.tg\/wp-content\/uploads\/2023\/09\/WhatsApp-Image-2023-09-19-at-14.44.41-122x122.jpeg","url":"https:\/\/macite.tg\/wp-content\/uploads\/2023\/09\/WhatsApp-Image-2023-09-19-at-14.44.41-122x122.jpeg","contentUrl":"https:\/\/macite.tg\/wp-content\/uploads\/2023\/09\/WhatsApp-Image-2023-09-19-at-14.44.41-122x122.jpeg","caption":"Jean Pierre BAWELA"},"url":"https:\/\/macite.tg\/?author=2"}]}},"_links":{"self":[{"href":"https:\/\/macite.tg\/index.php?rest_route=\/wp\/v2\/posts\/183","targetHints":{"allow":["GET"]}}],"collection":[{"href":"https:\/\/macite.tg\/index.php?rest_route=\/wp\/v2\/posts"}],"about":[{"href":"https:\/\/macite.tg\/index.php?rest_route=\/wp\/v2\/types\/post"}],"author":[{"embeddable":true,"href":"https:\/\/macite.tg\/index.php?rest_route=\/wp\/v2\/users\/2"}],"replies":[{"embeddable":true,"href":"https:\/\/macite.tg\/index.php?rest_route=%2Fwp%2Fv2%2Fcomments&post=183"}],"version-history":[{"count":0,"href":"https:\/\/macite.tg\/index.php?rest_route=\/wp\/v2\/posts\/183\/revisions"}],"wp:featuredmedia":[{"embeddable":true,"href":"https:\/\/macite.tg\/index.php?rest_route=\/wp\/v2\/media\/184"}],"wp:attachment":[{"href":"https:\/\/macite.tg\/index.php?rest_route=%2Fwp%2Fv2%2Fmedia&parent=183"}],"wp:term":[{"taxonomy":"category","embeddable":true,"href":"https:\/\/macite.tg\/index.php?rest_route=%2Fwp%2Fv2%2Fcategories&post=183"},{"taxonomy":"post_tag","embeddable":true,"href":"https:\/\/macite.tg\/index.php?rest_route=%2Fwp%2Fv2%2Ftags&post=183"}],"curies":[{"name":"wp","href":"https:\/\/api.w.org\/{rel}","templated":true}]}}