{"id":18299,"date":"2024-11-29T11:40:01","date_gmt":"2024-11-29T11:40:01","guid":{"rendered":"https:\/\/macite.tg\/?p=18299"},"modified":"2024-11-29T16:25:48","modified_gmt":"2024-11-29T16:25:48","slug":"interview-exclusive-lune-de-mes-ambitions-est-de-creer-une-academie-de-restauration-mais-avant-il-faut-mettre-en-lumiere-les-talents-que-nous-avons-au-pays","status":"publish","type":"post","link":"https:\/\/macite.tg\/?p=18299","title":{"rendered":"INTERVIEW EXCLUSIVE\u00a0: \u00ab\u00a0L\u2019une de mes ambitions est de cr\u00e9er une acad\u00e9mie de restauration\u2026 Mais avant, il faut mettre en lumi\u00e8re les talents que nous avons au pays \u00bb (Chef Ezekiel Falana)"},"content":{"rendered":"\n<p class=\"wp-block-paragraph\">L\u2019art Culinaire<strong><em> est une pratique qui se vit. Pour le Chef Ezekiel Falana, c\u2019est une aventure, un voyage d\u00e9but\u00e9 au Togo avec pour point de chute l\u2019Angleterre, mais en passant par le Ghana et la Malaisie. C\u2019est le nord-ouest de l\u2019Angleterre, pr\u00e9cis\u00e9ment Manchester, qui a adopt\u00e9 le Togolais. Il y r\u00e9side depuis quelques ann\u00e9es d\u00e9j\u00e0, et exerce en tant que Chef cuisinier \u00e9toil\u00e9.<\/em><\/strong><\/p>\n\n\n\n<p class=\"wp-block-paragraph\"><strong><em>Ce passionn\u00e9 de la bonne nourriture, ambitionne de revenir dans son pays d\u2019origine, le Togo, afin de partager son oc\u00e9an de connaissances en mati\u00e8re culinaire avec ses compatriotes.<\/em><\/strong><\/p>\n\n\n\n<p class=\"wp-block-paragraph\"><strong><em>Dans ses plans, des projets au b\u00e9n\u00e9fice des jeunes Togolais, passionn\u00e9s de cuisine. Tout se fera au moment opportun, mais tr\u00e8s prochainement assure-t-il. Le chef de Lowry H\u00f4tel 5 \u00e9toiles nous parle de son actualit\u00e9, son parcours et ses projets. Lisez-plut\u00f4t&nbsp;!<\/em><\/strong><\/p>\n\n\n<div class=\"wp-block-image\">\n<figure class=\"alignleft size-full is-resized\"><img loading=\"lazy\" decoding=\"async\" src=\"https:\/\/macite.tg\/wp-content\/uploads\/2024\/11\/Culinaire1.jpg\" alt=\"\" class=\"wp-image-18303\" width=\"328\" height=\"518\" srcset=\"https:\/\/macite.tg\/wp-content\/uploads\/2024\/11\/Culinaire1.jpg 500w, https:\/\/macite.tg\/wp-content\/uploads\/2024\/11\/Culinaire1-190x300.jpg 190w\" sizes=\"auto, (max-width: 328px) 100vw, 328px\" \/><\/figure>\n<\/div>\n\n\n<p class=\"wp-block-paragraph\"><strong><em>Chef Ezekiel Falana, parlez-nous un peu de vous&nbsp;!<\/em><\/strong><em><\/em><\/p>\n\n\n\n<p class=\"wp-block-paragraph\">Je suis Togolais et chef professionnel, passionn\u00e9 de la bonne nourriture. J\u2019adore cuisiner, pr\u00e9parer et dresser des articles comestibles.<\/p>\n\n\n\n<p class=\"wp-block-paragraph\">L\u2019art culinaire donne un sens \u00e0 ma vie. C\u2019est une passion depuis mon enfance. L\u2019art de cuisiner repr\u00e9sente quelque chose de pr\u00e9cieux. J\u2019estime que c\u2019est un talent, un don de Dieu. Je suis n\u00e9 pour le faire.<\/p>\n\n\n\n<p class=\"wp-block-paragraph\"><em>&nbsp;<strong>D\u2019o\u00f9 vient cette passion que vous d\u00e9crivez si bien ? &nbsp;&nbsp;<\/strong><\/em><\/p>\n\n\n\n<p class=\"wp-block-paragraph\">Lorsque j\u2019avais 8 ans, j\u2019avais l\u2019habitude d\u2019observer ma m\u00e8re pendant qu\u2019elle \u00e9tait dans la cuisine, en train de pr\u00e9parer les repas.<\/p>\n\n\n\n<p class=\"wp-block-paragraph\">Ma curiosit\u00e9 m\u2019a finalement conduit \u00e0 rester aupr\u00e8s d\u2019elle au fil du temps dans la cuisine pour l\u2019aider. Parfois, avant que mes s\u0153urs ne reviennent de l\u2019\u00e9cole, j\u2019avais d\u00e9j\u00e0 pr\u00e9par\u00e9 des repas pour elles. Vers la fin de l\u2019ann\u00e9e 1999, je suis all\u00e9 au Ghana, o\u00f9 j\u2019ai fourbi mes armes pour une carri\u00e8re professionnelle de chef&nbsp;: C\u2019\u00e9tait le point de d\u00e9part&nbsp;!<\/p>\n\n\n<div class=\"wp-block-image\">\n<figure class=\"aligncenter size-full\"><img loading=\"lazy\" decoding=\"async\" width=\"768\" height=\"319\" src=\"https:\/\/macite.tg\/wp-content\/uploads\/2024\/11\/ANNONCES-1-768x319-2.jpg\" alt=\"\" class=\"wp-image-18185\" srcset=\"https:\/\/macite.tg\/wp-content\/uploads\/2024\/11\/ANNONCES-1-768x319-2.jpg 768w, https:\/\/macite.tg\/wp-content\/uploads\/2024\/11\/ANNONCES-1-768x319-2-300x125.jpg 300w\" sizes=\"auto, (max-width: 768px) 100vw, 768px\" \/><\/figure>\n<\/div>\n\n\n<p class=\"wp-block-paragraph\">J\u2019ai fini par r\u00e9aliser le fait que nos aliments locaux font partie de notre patrimoine culturel et traditionnel, l\u00e9gu\u00e9s par nos anc\u00eatres.&nbsp; Cela faisait partie de leur mode de vie. C\u2019est un tr\u00e9sor&nbsp;!<\/p>\n\n\n\n<p class=\"wp-block-paragraph\"><strong>Des projets\u2026&nbsp;?<\/strong><\/p>\n\n\n\n<p class=\"wp-block-paragraph\">Je pense \u00e0 la fa\u00e7on dont je vais transmettre \u00e0 la jeune g\u00e9n\u00e9ration les retomb\u00e9es de la riche exp\u00e9rience et des connaissances acquises apr\u00e8s de longues ann\u00e9es. L\u2019une de mes ambitions est de cr\u00e9er une acad\u00e9mie de restauration, un centre de formation au Togo, qui va former des chefs professionnels. Mais, avant d\u2019en arriver l\u00e0, il y a une \u00e9tape que je ne vais pas n\u00e9gliger&nbsp;: mettre en lumi\u00e8re les talents que nous avons au pays. Je travaille l\u00e0-dessus. Vous serez \u00e9difi\u00e9s au moment opportun.<\/p>\n\n\n\n<p class=\"wp-block-paragraph\">Il est regrettable que des chefs africains soient des c\u00e9l\u00e9brit\u00e9s rest\u00e9es inaper\u00e7ues sur la sc\u00e8ne internationale. Nous devons changer les choses. Je crois vivement que c\u2019est le moment.<\/p>\n\n\n<div class=\"wp-block-image\">\n<figure class=\"aligncenter size-full\"><img loading=\"lazy\" decoding=\"async\" width=\"526\" height=\"526\" src=\"https:\/\/macite.tg\/wp-content\/uploads\/2024\/11\/468525637_1130179202450218_7292291531481601107_n.jpg\" alt=\"\" class=\"wp-image-18266\" srcset=\"https:\/\/macite.tg\/wp-content\/uploads\/2024\/11\/468525637_1130179202450218_7292291531481601107_n.jpg 526w, https:\/\/macite.tg\/wp-content\/uploads\/2024\/11\/468525637_1130179202450218_7292291531481601107_n-300x300.jpg 300w, https:\/\/macite.tg\/wp-content\/uploads\/2024\/11\/468525637_1130179202450218_7292291531481601107_n-150x150.jpg 150w, https:\/\/macite.tg\/wp-content\/uploads\/2024\/11\/468525637_1130179202450218_7292291531481601107_n-122x122.jpg 122w\" sizes=\"auto, (max-width: 526px) 100vw, 526px\" \/><\/figure>\n<\/div>\n\n\n<p class=\"wp-block-paragraph\"><strong><em>Un mot pour clore cet entretien&nbsp;!<\/em><\/strong><\/p>\n\n\n\n<p class=\"wp-block-paragraph\">Mon parcours professionnel a \u00e9t\u00e9 tr\u00e8s aventureux. J\u2019ai pris des risques, mais bien mesur\u00e9s pour atteindre mes objectifs professionnels. C\u2019est toute une \u00e9cole. J\u2019ai des connaissances \u00e0 partager avec mes jeunes fr\u00e8res Togolais.<\/p>\n\n\n\n<p class=\"wp-block-paragraph\">Je vous remercie pour l\u2019honneur que vous me faites \u00e0 travers cet entretien.<\/p>\n\n\n\n<p class=\"wp-block-paragraph\"><a><strong><em>@macite.tg&nbsp;&nbsp;&nbsp;&nbsp;&nbsp;&nbsp;&nbsp;&nbsp;<\/em><\/strong><\/a><\/p>\n\n\n\n<p class=\"wp-block-paragraph\"><strong><em>E-mail&nbsp;: <\/em><\/strong><a href=\"mailto:maciteinfo@gmail.com\"><strong><em>maciteinfo@gmail.com<\/em><\/strong><\/a><strong><em>; <\/em><\/strong><a href=\"mailto:bawela1@gmail.com\"><strong><em>bawela1@gmail.com<\/em><\/strong><\/a><strong><em><\/em><\/strong><\/p>\n\n\n\n<p class=\"wp-block-paragraph\"><strong><em>Pour vos annonces, (publi)reportages, etc., joignez-nous au (00228)91515309\/<strong>79872224 <\/strong>www.macite.tg, L\u2019information, la bonne&nbsp;!<\/em><\/strong><\/p>\n","protected":false},"excerpt":{"rendered":"<p class=\"text-justify mb-2\" >L\u2019art Culinaire est une pratique qui se vit. Pour le Chef Ezekiel Falana, c\u2019est une aventure, un voyage d\u00e9but\u00e9 au Togo avec pour point de chute l\u2019Angleterre, mais en passant par le Ghana et la Malaisie. C\u2019est le nord-ouest de l\u2019Angleterre, pr\u00e9cis\u00e9ment Manchester, qui a [&hellip;]<\/p>\n","protected":false},"author":2,"featured_media":18306,"comment_status":"open","ping_status":"open","sticky":false,"template":"","format":"standard","meta":{"footnotes":""},"categories":[20,18],"tags":[],"class_list":["post-18299","post","type-post","status-publish","format-standard","has-post-thumbnail","hentry","category-actualite","category-culture"],"yoast_head":"<!-- This site is optimized with the Yoast SEO plugin v28.4 - https:\/\/yoast.com\/product\/yoast-seo-wordpress\/ -->\n<title>INTERVIEW EXCLUSIVE\u00a0: \u00ab\u00a0L\u2019une de mes ambitions est de cr\u00e9er une acad\u00e9mie de restauration\u2026 Mais avant, il faut mettre en lumi\u00e8re les talents que nous avons au pays \u00bb (Chef Ezekiel Falana) -<\/title>\n<meta name=\"robots\" content=\"index, follow, max-snippet:-1, max-image-preview:large, max-video-preview:-1\" \/>\n<link rel=\"canonical\" href=\"https:\/\/macite.tg\/?p=18299\" \/>\n<meta property=\"og:locale\" content=\"fr_FR\" \/>\n<meta property=\"og:type\" content=\"article\" \/>\n<meta property=\"og:title\" content=\"INTERVIEW EXCLUSIVE\u00a0: \u00ab\u00a0L\u2019une de mes ambitions est de cr\u00e9er une acad\u00e9mie de restauration\u2026 Mais avant, il faut mettre en lumi\u00e8re les talents que nous avons au pays \u00bb (Chef Ezekiel Falana) -\" \/>\n<meta property=\"og:description\" content=\"L\u2019art Culinaire est une pratique qui se vit. Pour le Chef Ezekiel Falana, c\u2019est une aventure, un voyage d\u00e9but\u00e9 au Togo avec pour point de chute l\u2019Angleterre, mais en passant par le Ghana et la Malaisie. C\u2019est le nord-ouest de l\u2019Angleterre, pr\u00e9cis\u00e9ment Manchester, qui a [&hellip;]\" \/>\n<meta property=\"og:url\" content=\"https:\/\/macite.tg\/?p=18299\" \/>\n<meta property=\"article:published_time\" content=\"2024-11-29T11:40:01+00:00\" \/>\n<meta property=\"article:modified_time\" content=\"2024-11-29T16:25:48+00:00\" \/>\n<meta property=\"og:image\" content=\"https:\/\/macite.tg\/wp-content\/uploads\/2024\/11\/Custo-Falana.jpg\" \/>\n\t<meta property=\"og:image:width\" content=\"500\" \/>\n\t<meta property=\"og:image:height\" content=\"667\" \/>\n\t<meta property=\"og:image:type\" content=\"image\/jpeg\" \/>\n<meta name=\"author\" content=\"Jean Pierre BAWELA\" \/>\n<meta name=\"twitter:card\" content=\"summary_large_image\" \/>\n<meta name=\"twitter:label1\" content=\"\u00c9crit par\" \/>\n\t<meta name=\"twitter:data1\" content=\"Jean Pierre BAWELA\" \/>\n\t<meta name=\"twitter:label2\" content=\"Dur\u00e9e de lecture estim\u00e9e\" \/>\n\t<meta name=\"twitter:data2\" content=\"3 minutes\" \/>\n<script type=\"application\/ld+json\" class=\"yoast-schema-graph\">{\"@context\":\"https:\\\/\\\/schema.org\",\"@graph\":[{\"@type\":\"Article\",\"@id\":\"https:\\\/\\\/macite.tg\\\/?p=18299#article\",\"isPartOf\":{\"@id\":\"https:\\\/\\\/macite.tg\\\/?p=18299\"},\"author\":{\"name\":\"Jean Pierre BAWELA\",\"@id\":\"https:\\\/\\\/macite.tg\\\/#\\\/schema\\\/person\\\/e9f2de7e5dbbe7770a9402c7ce82f5c2\"},\"headline\":\"INTERVIEW EXCLUSIVE\u00a0: \u00ab\u00a0L\u2019une de mes ambitions est de cr\u00e9er une acad\u00e9mie de restauration\u2026 Mais avant, il faut mettre en lumi\u00e8re les talents que nous avons au pays \u00bb (Chef Ezekiel Falana)\",\"datePublished\":\"2024-11-29T11:40:01+00:00\",\"dateModified\":\"2024-11-29T16:25:48+00:00\",\"mainEntityOfPage\":{\"@id\":\"https:\\\/\\\/macite.tg\\\/?p=18299\"},\"wordCount\":647,\"commentCount\":0,\"image\":{\"@id\":\"https:\\\/\\\/macite.tg\\\/?p=18299#primaryimage\"},\"thumbnailUrl\":\"https:\\\/\\\/macite.tg\\\/wp-content\\\/uploads\\\/2024\\\/11\\\/Custo-Falana.jpg\",\"articleSection\":[\"ACTUALITE\",\"CULTURE\"],\"inLanguage\":\"fr-FR\",\"potentialAction\":[{\"@type\":\"CommentAction\",\"name\":\"Comment\",\"target\":[\"https:\\\/\\\/macite.tg\\\/?p=18299#respond\"]}]},{\"@type\":\"WebPage\",\"@id\":\"https:\\\/\\\/macite.tg\\\/?p=18299\",\"url\":\"https:\\\/\\\/macite.tg\\\/?p=18299\",\"name\":\"INTERVIEW EXCLUSIVE\u00a0: \u00ab\u00a0L\u2019une de mes ambitions est de cr\u00e9er une acad\u00e9mie de restauration\u2026 Mais avant, il faut mettre en lumi\u00e8re les talents que nous avons au pays \u00bb (Chef Ezekiel Falana) -\",\"isPartOf\":{\"@id\":\"https:\\\/\\\/macite.tg\\\/#website\"},\"primaryImageOfPage\":{\"@id\":\"https:\\\/\\\/macite.tg\\\/?p=18299#primaryimage\"},\"image\":{\"@id\":\"https:\\\/\\\/macite.tg\\\/?p=18299#primaryimage\"},\"thumbnailUrl\":\"https:\\\/\\\/macite.tg\\\/wp-content\\\/uploads\\\/2024\\\/11\\\/Custo-Falana.jpg\",\"datePublished\":\"2024-11-29T11:40:01+00:00\",\"dateModified\":\"2024-11-29T16:25:48+00:00\",\"author\":{\"@id\":\"https:\\\/\\\/macite.tg\\\/#\\\/schema\\\/person\\\/e9f2de7e5dbbe7770a9402c7ce82f5c2\"},\"breadcrumb\":{\"@id\":\"https:\\\/\\\/macite.tg\\\/?p=18299#breadcrumb\"},\"inLanguage\":\"fr-FR\",\"potentialAction\":[{\"@type\":\"ReadAction\",\"target\":[\"https:\\\/\\\/macite.tg\\\/?p=18299\"]}]},{\"@type\":\"ImageObject\",\"inLanguage\":\"fr-FR\",\"@id\":\"https:\\\/\\\/macite.tg\\\/?p=18299#primaryimage\",\"url\":\"https:\\\/\\\/macite.tg\\\/wp-content\\\/uploads\\\/2024\\\/11\\\/Custo-Falana.jpg\",\"contentUrl\":\"https:\\\/\\\/macite.tg\\\/wp-content\\\/uploads\\\/2024\\\/11\\\/Custo-Falana.jpg\",\"width\":500,\"height\":667},{\"@type\":\"BreadcrumbList\",\"@id\":\"https:\\\/\\\/macite.tg\\\/?p=18299#breadcrumb\",\"itemListElement\":[{\"@type\":\"ListItem\",\"position\":1,\"name\":\"Accueil\",\"item\":\"https:\\\/\\\/macite.tg\\\/\"},{\"@type\":\"ListItem\",\"position\":2,\"name\":\"INTERVIEW EXCLUSIVE\u00a0: \u00ab\u00a0L\u2019une de mes ambitions est de cr\u00e9er une acad\u00e9mie de restauration\u2026 Mais avant, il faut mettre en lumi\u00e8re les talents que nous avons au pays \u00bb (Chef Ezekiel Falana)\"}]},{\"@type\":\"WebSite\",\"@id\":\"https:\\\/\\\/macite.tg\\\/#website\",\"url\":\"https:\\\/\\\/macite.tg\\\/\",\"name\":\"\",\"description\":\"L&#039;information, la bonne!!!\",\"potentialAction\":[{\"@type\":\"SearchAction\",\"target\":{\"@type\":\"EntryPoint\",\"urlTemplate\":\"https:\\\/\\\/macite.tg\\\/?s={search_term_string}\"},\"query-input\":{\"@type\":\"PropertyValueSpecification\",\"valueRequired\":true,\"valueName\":\"search_term_string\"}}],\"inLanguage\":\"fr-FR\"},{\"@type\":\"Person\",\"@id\":\"https:\\\/\\\/macite.tg\\\/#\\\/schema\\\/person\\\/e9f2de7e5dbbe7770a9402c7ce82f5c2\",\"name\":\"Jean Pierre BAWELA\",\"image\":{\"@type\":\"ImageObject\",\"inLanguage\":\"fr-FR\",\"@id\":\"https:\\\/\\\/macite.tg\\\/wp-content\\\/uploads\\\/2023\\\/09\\\/WhatsApp-Image-2023-09-19-at-14.44.41-122x122.jpeg\",\"url\":\"https:\\\/\\\/macite.tg\\\/wp-content\\\/uploads\\\/2023\\\/09\\\/WhatsApp-Image-2023-09-19-at-14.44.41-122x122.jpeg\",\"contentUrl\":\"https:\\\/\\\/macite.tg\\\/wp-content\\\/uploads\\\/2023\\\/09\\\/WhatsApp-Image-2023-09-19-at-14.44.41-122x122.jpeg\",\"caption\":\"Jean Pierre BAWELA\"},\"url\":\"https:\\\/\\\/macite.tg\\\/?author=2\"}]}<\/script>\n<!-- \/ Yoast SEO plugin. -->","yoast_head_json":{"title":"INTERVIEW EXCLUSIVE\u00a0: \u00ab\u00a0L\u2019une de mes ambitions est de cr\u00e9er une acad\u00e9mie de restauration\u2026 Mais avant, il faut mettre en lumi\u00e8re les talents que nous avons au pays \u00bb (Chef Ezekiel Falana) -","robots":{"index":"index","follow":"follow","max-snippet":"max-snippet:-1","max-image-preview":"max-image-preview:large","max-video-preview":"max-video-preview:-1"},"canonical":"https:\/\/macite.tg\/?p=18299","og_locale":"fr_FR","og_type":"article","og_title":"INTERVIEW EXCLUSIVE\u00a0: \u00ab\u00a0L\u2019une de mes ambitions est de cr\u00e9er une acad\u00e9mie de restauration\u2026 Mais avant, il faut mettre en lumi\u00e8re les talents que nous avons au pays \u00bb (Chef Ezekiel Falana) -","og_description":"L\u2019art Culinaire est une pratique qui se vit. Pour le Chef Ezekiel Falana, c\u2019est une aventure, un voyage d\u00e9but\u00e9 au Togo avec pour point de chute l\u2019Angleterre, mais en passant par le Ghana et la Malaisie. C\u2019est le nord-ouest de l\u2019Angleterre, pr\u00e9cis\u00e9ment Manchester, qui a [&hellip;]","og_url":"https:\/\/macite.tg\/?p=18299","article_published_time":"2024-11-29T11:40:01+00:00","article_modified_time":"2024-11-29T16:25:48+00:00","og_image":[{"width":500,"height":667,"url":"https:\/\/macite.tg\/wp-content\/uploads\/2024\/11\/Custo-Falana.jpg","type":"image\/jpeg"}],"author":"Jean Pierre BAWELA","twitter_card":"summary_large_image","twitter_misc":{"\u00c9crit par":"Jean Pierre BAWELA","Dur\u00e9e de lecture estim\u00e9e":"3 minutes"},"schema":{"@context":"https:\/\/schema.org","@graph":[{"@type":"Article","@id":"https:\/\/macite.tg\/?p=18299#article","isPartOf":{"@id":"https:\/\/macite.tg\/?p=18299"},"author":{"name":"Jean Pierre BAWELA","@id":"https:\/\/macite.tg\/#\/schema\/person\/e9f2de7e5dbbe7770a9402c7ce82f5c2"},"headline":"INTERVIEW EXCLUSIVE\u00a0: \u00ab\u00a0L\u2019une de mes ambitions est de cr\u00e9er une acad\u00e9mie de restauration\u2026 Mais avant, il faut mettre en lumi\u00e8re les talents que nous avons au pays \u00bb (Chef Ezekiel Falana)","datePublished":"2024-11-29T11:40:01+00:00","dateModified":"2024-11-29T16:25:48+00:00","mainEntityOfPage":{"@id":"https:\/\/macite.tg\/?p=18299"},"wordCount":647,"commentCount":0,"image":{"@id":"https:\/\/macite.tg\/?p=18299#primaryimage"},"thumbnailUrl":"https:\/\/macite.tg\/wp-content\/uploads\/2024\/11\/Custo-Falana.jpg","articleSection":["ACTUALITE","CULTURE"],"inLanguage":"fr-FR","potentialAction":[{"@type":"CommentAction","name":"Comment","target":["https:\/\/macite.tg\/?p=18299#respond"]}]},{"@type":"WebPage","@id":"https:\/\/macite.tg\/?p=18299","url":"https:\/\/macite.tg\/?p=18299","name":"INTERVIEW EXCLUSIVE\u00a0: \u00ab\u00a0L\u2019une de mes ambitions est de cr\u00e9er une acad\u00e9mie de restauration\u2026 Mais avant, il faut mettre en lumi\u00e8re les talents que nous avons au pays \u00bb (Chef Ezekiel Falana) -","isPartOf":{"@id":"https:\/\/macite.tg\/#website"},"primaryImageOfPage":{"@id":"https:\/\/macite.tg\/?p=18299#primaryimage"},"image":{"@id":"https:\/\/macite.tg\/?p=18299#primaryimage"},"thumbnailUrl":"https:\/\/macite.tg\/wp-content\/uploads\/2024\/11\/Custo-Falana.jpg","datePublished":"2024-11-29T11:40:01+00:00","dateModified":"2024-11-29T16:25:48+00:00","author":{"@id":"https:\/\/macite.tg\/#\/schema\/person\/e9f2de7e5dbbe7770a9402c7ce82f5c2"},"breadcrumb":{"@id":"https:\/\/macite.tg\/?p=18299#breadcrumb"},"inLanguage":"fr-FR","potentialAction":[{"@type":"ReadAction","target":["https:\/\/macite.tg\/?p=18299"]}]},{"@type":"ImageObject","inLanguage":"fr-FR","@id":"https:\/\/macite.tg\/?p=18299#primaryimage","url":"https:\/\/macite.tg\/wp-content\/uploads\/2024\/11\/Custo-Falana.jpg","contentUrl":"https:\/\/macite.tg\/wp-content\/uploads\/2024\/11\/Custo-Falana.jpg","width":500,"height":667},{"@type":"BreadcrumbList","@id":"https:\/\/macite.tg\/?p=18299#breadcrumb","itemListElement":[{"@type":"ListItem","position":1,"name":"Accueil","item":"https:\/\/macite.tg\/"},{"@type":"ListItem","position":2,"name":"INTERVIEW EXCLUSIVE\u00a0: \u00ab\u00a0L\u2019une de mes ambitions est de cr\u00e9er une acad\u00e9mie de restauration\u2026 Mais avant, il faut mettre en lumi\u00e8re les talents que nous avons au pays \u00bb (Chef Ezekiel Falana)"}]},{"@type":"WebSite","@id":"https:\/\/macite.tg\/#website","url":"https:\/\/macite.tg\/","name":"","description":"L&#039;information, la bonne!!!","potentialAction":[{"@type":"SearchAction","target":{"@type":"EntryPoint","urlTemplate":"https:\/\/macite.tg\/?s={search_term_string}"},"query-input":{"@type":"PropertyValueSpecification","valueRequired":true,"valueName":"search_term_string"}}],"inLanguage":"fr-FR"},{"@type":"Person","@id":"https:\/\/macite.tg\/#\/schema\/person\/e9f2de7e5dbbe7770a9402c7ce82f5c2","name":"Jean Pierre BAWELA","image":{"@type":"ImageObject","inLanguage":"fr-FR","@id":"https:\/\/macite.tg\/wp-content\/uploads\/2023\/09\/WhatsApp-Image-2023-09-19-at-14.44.41-122x122.jpeg","url":"https:\/\/macite.tg\/wp-content\/uploads\/2023\/09\/WhatsApp-Image-2023-09-19-at-14.44.41-122x122.jpeg","contentUrl":"https:\/\/macite.tg\/wp-content\/uploads\/2023\/09\/WhatsApp-Image-2023-09-19-at-14.44.41-122x122.jpeg","caption":"Jean Pierre BAWELA"},"url":"https:\/\/macite.tg\/?author=2"}]}},"_links":{"self":[{"href":"https:\/\/macite.tg\/index.php?rest_route=\/wp\/v2\/posts\/18299","targetHints":{"allow":["GET"]}}],"collection":[{"href":"https:\/\/macite.tg\/index.php?rest_route=\/wp\/v2\/posts"}],"about":[{"href":"https:\/\/macite.tg\/index.php?rest_route=\/wp\/v2\/types\/post"}],"author":[{"embeddable":true,"href":"https:\/\/macite.tg\/index.php?rest_route=\/wp\/v2\/users\/2"}],"replies":[{"embeddable":true,"href":"https:\/\/macite.tg\/index.php?rest_route=%2Fwp%2Fv2%2Fcomments&post=18299"}],"version-history":[{"count":0,"href":"https:\/\/macite.tg\/index.php?rest_route=\/wp\/v2\/posts\/18299\/revisions"}],"wp:featuredmedia":[{"embeddable":true,"href":"https:\/\/macite.tg\/index.php?rest_route=\/wp\/v2\/media\/18306"}],"wp:attachment":[{"href":"https:\/\/macite.tg\/index.php?rest_route=%2Fwp%2Fv2%2Fmedia&parent=18299"}],"wp:term":[{"taxonomy":"category","embeddable":true,"href":"https:\/\/macite.tg\/index.php?rest_route=%2Fwp%2Fv2%2Fcategories&post=18299"},{"taxonomy":"post_tag","embeddable":true,"href":"https:\/\/macite.tg\/index.php?rest_route=%2Fwp%2Fv2%2Ftags&post=18299"}],"curies":[{"name":"wp","href":"https:\/\/api.w.org\/{rel}","templated":true}]}}