{"id":18280,"date":"2024-11-28T12:20:07","date_gmt":"2024-11-28T12:20:07","guid":{"rendered":"https:\/\/macite.tg\/?p=18280"},"modified":"2024-11-28T12:42:58","modified_gmt":"2024-11-28T12:42:58","slug":"fmi-senegal-un-gros-scandale-de-lere-macky-sall-sevoile","status":"publish","type":"post","link":"https:\/\/macite.tg\/?p=18280","title":{"rendered":"FMI \u2013 SENEGAL\u00a0: Un gros scandale de l\u2019\u00e8re Macky Sall, d\u00e9voil\u00e9\u2026"},"content":{"rendered":"\n<p class=\"wp-block-paragraph\"><strong><em>Les scandales financiers de l\u2019ancien r\u00e9gime continuent de faire parler d\u2019eux. Le magazine Cash Investigation, cit\u00e9 ici par nos confr\u00e8res du journal Les Echos, relaient tous les d\u00e9tails autour de cette affaire. En effet, un \u00e9pisode intitul\u00e9 Le Grand Livre des Comptes, r\u00e9v\u00e8le un paiement de 1,1 million d\u2019euros provenant du S\u00e9n\u00e9gal en faveur de Dominique Strauss-Kahn, ancien directeur g\u00e9n\u00e9ral du Fmi.<\/em><\/strong><\/p>\n\n\n\n<p class=\"wp-block-paragraph\">Dans le num\u00e9ro diffus\u00e9 le 7 octobre 2021, consacr\u00e9 \u00e0 Dominique Strauss-Kahn, il est d\u00e9montr\u00e9 que le Fonds mon\u00e9taire international (Fmi) aurait manipul\u00e9 les chiffres de la dette du Congo-Brazzaville en 2007, peu de temps apr\u00e8s l\u2019arriv\u00e9e de Dsk \u00e0 la t\u00eate de l\u2019institution.<\/p>\n\n\n\n<p class=\"wp-block-paragraph\">Cette op\u00e9ration aurait permis d\u2019effacer 1,5 milliard d\u2019euros de dettes. Pour obtenir cette aide, les comptes publics du Congo auraient \u00e9t\u00e9 falsifi\u00e9s et une partie de la dette dissimul\u00e9e gr\u00e2ce \u00e0 de fausses d\u00e9clarations \u00e9manant du Fmi, selon un informateur de France 2 issu du gouvernement de Sassou Nguesso.<\/p>\n\n\n<div class=\"wp-block-image\">\n<figure class=\"aligncenter size-full\"><img loading=\"lazy\" decoding=\"async\" width=\"526\" height=\"526\" src=\"https:\/\/macite.tg\/wp-content\/uploads\/2024\/11\/468525637_1130179202450218_7292291531481601107_n.jpg\" alt=\"\" class=\"wp-image-18266\" srcset=\"https:\/\/macite.tg\/wp-content\/uploads\/2024\/11\/468525637_1130179202450218_7292291531481601107_n.jpg 526w, https:\/\/macite.tg\/wp-content\/uploads\/2024\/11\/468525637_1130179202450218_7292291531481601107_n-300x300.jpg 300w, https:\/\/macite.tg\/wp-content\/uploads\/2024\/11\/468525637_1130179202450218_7292291531481601107_n-150x150.jpg 150w, https:\/\/macite.tg\/wp-content\/uploads\/2024\/11\/468525637_1130179202450218_7292291531481601107_n-122x122.jpg 122w\" sizes=\"auto, (max-width: 526px) 100vw, 526px\" \/><\/figure>\n<\/div>\n\n\n<p class=\"wp-block-paragraph\">En 2014, Dominique Strauss-Kahn aurait \u00e9t\u00e9 rappel\u00e9 en tant que conseiller par Sassou Nguesso pour n\u00e9gocier un nouvel all\u00e8gement de la dette. Pour rappel, Sassou Nguesso a \u00e9t\u00e9 l\u2019un des mentors du pr\u00e9sident Macky Sall.<\/p>\n\n\n\n<p class=\"wp-block-paragraph\">Dans ce m\u00eame reportage, un mouvement de cr\u00e9dit Fmi au profit du S\u00e9n\u00e9gal, \u00e9valu\u00e9 \u00e0 1,1 million d\u2019euros, aurait \u00e9t\u00e9 factur\u00e9 par Dominique Strauss-Kahn \u00e0 hauteur de 50.000 euros en 2017.<\/p>\n\n\n\n<p class=\"wp-block-paragraph\">Il est \u00e0 noter que Dsk a \u00e9t\u00e9 re\u00e7u en f\u00e9vrier 2017 au Palais pr\u00e9sidentiel s\u00e9n\u00e9galais par Macky Sall et Amadou Ba, apr\u00e8s une rencontre pr\u00e9c\u00e9dente en 2016 au Congo, sur invitation de Sassou Nguesso. Cette collaboration aurait \u00e9t\u00e9 justifi\u00e9e par des liens avec la banque d\u2019affaires Arjil, dirig\u00e9e par l\u2019homme d\u2019affaires Vladimir Molloff.<\/p>\n\n\n\n<p class=\"wp-block-paragraph\">L\u2019ancien directeur g\u00e9n\u00e9ral du Fmi, \u00e9vinc\u00e9 de son poste pour une affaire de m\u0153urs, s\u2019est reconverti en consultant pour plusieurs pays africains, dont le S\u00e9n\u00e9gal. Install\u00e9 en Tunisie apr\u00e8s un passage au Maroc, Dominique Strauss-Kahn aurait \u00e9t\u00e9 engag\u00e9 comme conseiller par l\u2019\u00c9tat du S\u00e9n\u00e9gal pour mobiliser des fonds \u00e0 l\u2019international.<\/p>\n\n\n<div class=\"wp-block-image\">\n<figure class=\"aligncenter size-full is-resized\"><img loading=\"lazy\" decoding=\"async\" src=\"https:\/\/macite.tg\/wp-content\/uploads\/2024\/11\/30-Depreciation-1.jpg\" alt=\"\" class=\"wp-image-18091\" width=\"432\" height=\"540\" srcset=\"https:\/\/macite.tg\/wp-content\/uploads\/2024\/11\/30-Depreciation-1.jpg 512w, https:\/\/macite.tg\/wp-content\/uploads\/2024\/11\/30-Depreciation-1-240x300.jpg 240w\" sizes=\"auto, (max-width: 432px) 100vw, 432px\" \/><\/figure>\n<\/div>\n\n\n<p class=\"wp-block-paragraph\">En octobre 2013, Dominique Strauss-Kahn avait cr\u00e9\u00e9 un fonds d\u2019investissement avec l\u2019homme d\u2019affaires franco-isra\u00e9lien Thierry Leyne, baptis\u00e9 Lsk (Leyne-Strauss-Kahn), plus tard renomm\u00e9 Lsk and Partners. Ce partenariat a pris fin tragiquement avec le suicide de Thierry Leyne.<\/p>\n\n\n\n<p class=\"wp-block-paragraph\">Dsk, qui entretient des relations avec le Conseil repr\u00e9sentatif des institutions juives de France (Crif), a multipli\u00e9 les mandats de conseil \u00e0 travers le continent africain, r\u00e9pondant \u00e0 la demande de dirigeants en qu\u00eate de ses comp\u00e9tences.<strong><a href=\"https:\/\/arcop.tg\/2024\/09\/19\/\"><br><\/a><\/strong><strong>SeneNews<\/strong><\/p>\n\n\n\n<p class=\"wp-block-paragraph\"><a><strong><em>@macite.tg&nbsp;&nbsp;&nbsp;&nbsp;&nbsp;&nbsp;&nbsp;&nbsp;<\/em><\/strong><\/a><\/p>\n\n\n\n<p class=\"wp-block-paragraph\"><strong><em>E-mail&nbsp;: <\/em><\/strong><a href=\"mailto:maciteinfo@gmail.com\"><strong><em>maciteinfo@gmail.com<\/em><\/strong><\/a><strong><em>; <\/em><\/strong><a href=\"mailto:bawela1@gmail.com\"><strong><em>bawela1@gmail.com<\/em><\/strong><\/a><strong><em><\/em><\/strong><\/p>\n\n\n\n<p class=\"wp-block-paragraph\"><strong><em>Pour vos annonces, (publi)reportages, etc., joignez-nous au (00228)91515309\/<strong>79872224 <\/strong>www.macite.tg, L\u2019information, la bonne&nbsp;!<\/em><\/strong><\/p>\n","protected":false},"excerpt":{"rendered":"<p class=\"text-justify mb-2\" >Les scandales financiers de l\u2019ancien r\u00e9gime continuent de faire parler d\u2019eux. Le magazine Cash Investigation, cit\u00e9 ici par nos confr\u00e8res du journal Les Echos, relaient tous les d\u00e9tails autour de cette affaire. En effet, un \u00e9pisode intitul\u00e9 Le Grand Livre des Comptes, r\u00e9v\u00e8le un paiement [&hellip;]<\/p>\n","protected":false},"author":2,"featured_media":18282,"comment_status":"open","ping_status":"open","sticky":false,"template":"","format":"standard","meta":{"footnotes":""},"categories":[20,3],"tags":[],"class_list":["post-18280","post","type-post","status-publish","format-standard","has-post-thumbnail","hentry","category-actualite","category-economie"],"yoast_head":"<!-- This site is optimized with the Yoast SEO plugin v28.4 - https:\/\/yoast.com\/product\/yoast-seo-wordpress\/ -->\n<title>FMI \u2013 SENEGAL\u00a0: Un gros scandale de l\u2019\u00e8re Macky Sall, d\u00e9voil\u00e9\u2026 -<\/title>\n<meta name=\"robots\" content=\"index, follow, max-snippet:-1, max-image-preview:large, max-video-preview:-1\" \/>\n<link rel=\"canonical\" href=\"https:\/\/macite.tg\/?p=18280\" \/>\n<meta property=\"og:locale\" content=\"fr_FR\" \/>\n<meta property=\"og:type\" content=\"article\" \/>\n<meta property=\"og:title\" content=\"FMI \u2013 SENEGAL\u00a0: Un gros scandale de l\u2019\u00e8re Macky Sall, d\u00e9voil\u00e9\u2026 -\" \/>\n<meta property=\"og:description\" content=\"Les scandales financiers de l\u2019ancien r\u00e9gime continuent de faire parler d\u2019eux. Le magazine Cash Investigation, cit\u00e9 ici par nos confr\u00e8res du journal Les Echos, relaient tous les d\u00e9tails autour de cette affaire. En effet, un \u00e9pisode intitul\u00e9 Le Grand Livre des Comptes, r\u00e9v\u00e8le un paiement [&hellip;]\" \/>\n<meta property=\"og:url\" content=\"https:\/\/macite.tg\/?p=18280\" \/>\n<meta property=\"article:published_time\" content=\"2024-11-28T12:20:07+00:00\" \/>\n<meta property=\"article:modified_time\" content=\"2024-11-28T12:42:58+00:00\" \/>\n<meta property=\"og:image\" content=\"https:\/\/macite.tg\/wp-content\/uploads\/2024\/11\/DSK-MACKY-SALL.jpg\" \/>\n\t<meta property=\"og:image:width\" content=\"500\" \/>\n\t<meta property=\"og:image:height\" content=\"271\" \/>\n\t<meta property=\"og:image:type\" content=\"image\/jpeg\" \/>\n<meta name=\"author\" content=\"Jean Pierre BAWELA\" \/>\n<meta name=\"twitter:card\" content=\"summary_large_image\" \/>\n<meta name=\"twitter:label1\" content=\"\u00c9crit par\" \/>\n\t<meta name=\"twitter:data1\" content=\"Jean Pierre BAWELA\" \/>\n\t<meta name=\"twitter:label2\" content=\"Dur\u00e9e de lecture estim\u00e9e\" \/>\n\t<meta name=\"twitter:data2\" content=\"2 minutes\" \/>\n<script type=\"application\/ld+json\" class=\"yoast-schema-graph\">{\"@context\":\"https:\\\/\\\/schema.org\",\"@graph\":[{\"@type\":\"Article\",\"@id\":\"https:\\\/\\\/macite.tg\\\/?p=18280#article\",\"isPartOf\":{\"@id\":\"https:\\\/\\\/macite.tg\\\/?p=18280\"},\"author\":{\"name\":\"Jean Pierre BAWELA\",\"@id\":\"https:\\\/\\\/macite.tg\\\/#\\\/schema\\\/person\\\/e9f2de7e5dbbe7770a9402c7ce82f5c2\"},\"headline\":\"FMI \u2013 SENEGAL\u00a0: Un gros scandale de l\u2019\u00e8re Macky Sall, d\u00e9voil\u00e9\u2026\",\"datePublished\":\"2024-11-28T12:20:07+00:00\",\"dateModified\":\"2024-11-28T12:42:58+00:00\",\"mainEntityOfPage\":{\"@id\":\"https:\\\/\\\/macite.tg\\\/?p=18280\"},\"wordCount\":493,\"commentCount\":0,\"image\":{\"@id\":\"https:\\\/\\\/macite.tg\\\/?p=18280#primaryimage\"},\"thumbnailUrl\":\"https:\\\/\\\/macite.tg\\\/wp-content\\\/uploads\\\/2024\\\/11\\\/DSK-MACKY-SALL.jpg\",\"articleSection\":[\"ACTUALITE\",\"ECONOMIE\"],\"inLanguage\":\"fr-FR\",\"potentialAction\":[{\"@type\":\"CommentAction\",\"name\":\"Comment\",\"target\":[\"https:\\\/\\\/macite.tg\\\/?p=18280#respond\"]}]},{\"@type\":\"WebPage\",\"@id\":\"https:\\\/\\\/macite.tg\\\/?p=18280\",\"url\":\"https:\\\/\\\/macite.tg\\\/?p=18280\",\"name\":\"FMI \u2013 SENEGAL\u00a0: Un gros scandale de l\u2019\u00e8re Macky Sall, d\u00e9voil\u00e9\u2026 -\",\"isPartOf\":{\"@id\":\"https:\\\/\\\/macite.tg\\\/#website\"},\"primaryImageOfPage\":{\"@id\":\"https:\\\/\\\/macite.tg\\\/?p=18280#primaryimage\"},\"image\":{\"@id\":\"https:\\\/\\\/macite.tg\\\/?p=18280#primaryimage\"},\"thumbnailUrl\":\"https:\\\/\\\/macite.tg\\\/wp-content\\\/uploads\\\/2024\\\/11\\\/DSK-MACKY-SALL.jpg\",\"datePublished\":\"2024-11-28T12:20:07+00:00\",\"dateModified\":\"2024-11-28T12:42:58+00:00\",\"author\":{\"@id\":\"https:\\\/\\\/macite.tg\\\/#\\\/schema\\\/person\\\/e9f2de7e5dbbe7770a9402c7ce82f5c2\"},\"breadcrumb\":{\"@id\":\"https:\\\/\\\/macite.tg\\\/?p=18280#breadcrumb\"},\"inLanguage\":\"fr-FR\",\"potentialAction\":[{\"@type\":\"ReadAction\",\"target\":[\"https:\\\/\\\/macite.tg\\\/?p=18280\"]}]},{\"@type\":\"ImageObject\",\"inLanguage\":\"fr-FR\",\"@id\":\"https:\\\/\\\/macite.tg\\\/?p=18280#primaryimage\",\"url\":\"https:\\\/\\\/macite.tg\\\/wp-content\\\/uploads\\\/2024\\\/11\\\/DSK-MACKY-SALL.jpg\",\"contentUrl\":\"https:\\\/\\\/macite.tg\\\/wp-content\\\/uploads\\\/2024\\\/11\\\/DSK-MACKY-SALL.jpg\",\"width\":500,\"height\":271,\"caption\":\"DSK et l'ex pr\u00e9sident Macky Sall\"},{\"@type\":\"BreadcrumbList\",\"@id\":\"https:\\\/\\\/macite.tg\\\/?p=18280#breadcrumb\",\"itemListElement\":[{\"@type\":\"ListItem\",\"position\":1,\"name\":\"Accueil\",\"item\":\"https:\\\/\\\/macite.tg\\\/\"},{\"@type\":\"ListItem\",\"position\":2,\"name\":\"FMI \u2013 SENEGAL\u00a0: Un gros scandale de l\u2019\u00e8re Macky Sall, d\u00e9voil\u00e9\u2026\"}]},{\"@type\":\"WebSite\",\"@id\":\"https:\\\/\\\/macite.tg\\\/#website\",\"url\":\"https:\\\/\\\/macite.tg\\\/\",\"name\":\"\",\"description\":\"L&#039;information, la bonne!!!\",\"potentialAction\":[{\"@type\":\"SearchAction\",\"target\":{\"@type\":\"EntryPoint\",\"urlTemplate\":\"https:\\\/\\\/macite.tg\\\/?s={search_term_string}\"},\"query-input\":{\"@type\":\"PropertyValueSpecification\",\"valueRequired\":true,\"valueName\":\"search_term_string\"}}],\"inLanguage\":\"fr-FR\"},{\"@type\":\"Person\",\"@id\":\"https:\\\/\\\/macite.tg\\\/#\\\/schema\\\/person\\\/e9f2de7e5dbbe7770a9402c7ce82f5c2\",\"name\":\"Jean Pierre BAWELA\",\"image\":{\"@type\":\"ImageObject\",\"inLanguage\":\"fr-FR\",\"@id\":\"https:\\\/\\\/macite.tg\\\/wp-content\\\/uploads\\\/2023\\\/09\\\/WhatsApp-Image-2023-09-19-at-14.44.41-122x122.jpeg\",\"url\":\"https:\\\/\\\/macite.tg\\\/wp-content\\\/uploads\\\/2023\\\/09\\\/WhatsApp-Image-2023-09-19-at-14.44.41-122x122.jpeg\",\"contentUrl\":\"https:\\\/\\\/macite.tg\\\/wp-content\\\/uploads\\\/2023\\\/09\\\/WhatsApp-Image-2023-09-19-at-14.44.41-122x122.jpeg\",\"caption\":\"Jean Pierre BAWELA\"},\"url\":\"https:\\\/\\\/macite.tg\\\/?author=2\"}]}<\/script>\n<!-- \/ Yoast SEO plugin. -->","yoast_head_json":{"title":"FMI \u2013 SENEGAL\u00a0: Un gros scandale de l\u2019\u00e8re Macky Sall, d\u00e9voil\u00e9\u2026 -","robots":{"index":"index","follow":"follow","max-snippet":"max-snippet:-1","max-image-preview":"max-image-preview:large","max-video-preview":"max-video-preview:-1"},"canonical":"https:\/\/macite.tg\/?p=18280","og_locale":"fr_FR","og_type":"article","og_title":"FMI \u2013 SENEGAL\u00a0: Un gros scandale de l\u2019\u00e8re Macky Sall, d\u00e9voil\u00e9\u2026 -","og_description":"Les scandales financiers de l\u2019ancien r\u00e9gime continuent de faire parler d\u2019eux. Le magazine Cash Investigation, cit\u00e9 ici par nos confr\u00e8res du journal Les Echos, relaient tous les d\u00e9tails autour de cette affaire. En effet, un \u00e9pisode intitul\u00e9 Le Grand Livre des Comptes, r\u00e9v\u00e8le un paiement [&hellip;]","og_url":"https:\/\/macite.tg\/?p=18280","article_published_time":"2024-11-28T12:20:07+00:00","article_modified_time":"2024-11-28T12:42:58+00:00","og_image":[{"width":500,"height":271,"url":"https:\/\/macite.tg\/wp-content\/uploads\/2024\/11\/DSK-MACKY-SALL.jpg","type":"image\/jpeg"}],"author":"Jean Pierre BAWELA","twitter_card":"summary_large_image","twitter_misc":{"\u00c9crit par":"Jean Pierre BAWELA","Dur\u00e9e de lecture estim\u00e9e":"2 minutes"},"schema":{"@context":"https:\/\/schema.org","@graph":[{"@type":"Article","@id":"https:\/\/macite.tg\/?p=18280#article","isPartOf":{"@id":"https:\/\/macite.tg\/?p=18280"},"author":{"name":"Jean Pierre BAWELA","@id":"https:\/\/macite.tg\/#\/schema\/person\/e9f2de7e5dbbe7770a9402c7ce82f5c2"},"headline":"FMI \u2013 SENEGAL\u00a0: Un gros scandale de l\u2019\u00e8re Macky Sall, d\u00e9voil\u00e9\u2026","datePublished":"2024-11-28T12:20:07+00:00","dateModified":"2024-11-28T12:42:58+00:00","mainEntityOfPage":{"@id":"https:\/\/macite.tg\/?p=18280"},"wordCount":493,"commentCount":0,"image":{"@id":"https:\/\/macite.tg\/?p=18280#primaryimage"},"thumbnailUrl":"https:\/\/macite.tg\/wp-content\/uploads\/2024\/11\/DSK-MACKY-SALL.jpg","articleSection":["ACTUALITE","ECONOMIE"],"inLanguage":"fr-FR","potentialAction":[{"@type":"CommentAction","name":"Comment","target":["https:\/\/macite.tg\/?p=18280#respond"]}]},{"@type":"WebPage","@id":"https:\/\/macite.tg\/?p=18280","url":"https:\/\/macite.tg\/?p=18280","name":"FMI \u2013 SENEGAL\u00a0: Un gros scandale de l\u2019\u00e8re Macky Sall, d\u00e9voil\u00e9\u2026 -","isPartOf":{"@id":"https:\/\/macite.tg\/#website"},"primaryImageOfPage":{"@id":"https:\/\/macite.tg\/?p=18280#primaryimage"},"image":{"@id":"https:\/\/macite.tg\/?p=18280#primaryimage"},"thumbnailUrl":"https:\/\/macite.tg\/wp-content\/uploads\/2024\/11\/DSK-MACKY-SALL.jpg","datePublished":"2024-11-28T12:20:07+00:00","dateModified":"2024-11-28T12:42:58+00:00","author":{"@id":"https:\/\/macite.tg\/#\/schema\/person\/e9f2de7e5dbbe7770a9402c7ce82f5c2"},"breadcrumb":{"@id":"https:\/\/macite.tg\/?p=18280#breadcrumb"},"inLanguage":"fr-FR","potentialAction":[{"@type":"ReadAction","target":["https:\/\/macite.tg\/?p=18280"]}]},{"@type":"ImageObject","inLanguage":"fr-FR","@id":"https:\/\/macite.tg\/?p=18280#primaryimage","url":"https:\/\/macite.tg\/wp-content\/uploads\/2024\/11\/DSK-MACKY-SALL.jpg","contentUrl":"https:\/\/macite.tg\/wp-content\/uploads\/2024\/11\/DSK-MACKY-SALL.jpg","width":500,"height":271,"caption":"DSK et l'ex pr\u00e9sident Macky Sall"},{"@type":"BreadcrumbList","@id":"https:\/\/macite.tg\/?p=18280#breadcrumb","itemListElement":[{"@type":"ListItem","position":1,"name":"Accueil","item":"https:\/\/macite.tg\/"},{"@type":"ListItem","position":2,"name":"FMI \u2013 SENEGAL\u00a0: Un gros scandale de l\u2019\u00e8re Macky Sall, d\u00e9voil\u00e9\u2026"}]},{"@type":"WebSite","@id":"https:\/\/macite.tg\/#website","url":"https:\/\/macite.tg\/","name":"","description":"L&#039;information, la bonne!!!","potentialAction":[{"@type":"SearchAction","target":{"@type":"EntryPoint","urlTemplate":"https:\/\/macite.tg\/?s={search_term_string}"},"query-input":{"@type":"PropertyValueSpecification","valueRequired":true,"valueName":"search_term_string"}}],"inLanguage":"fr-FR"},{"@type":"Person","@id":"https:\/\/macite.tg\/#\/schema\/person\/e9f2de7e5dbbe7770a9402c7ce82f5c2","name":"Jean Pierre BAWELA","image":{"@type":"ImageObject","inLanguage":"fr-FR","@id":"https:\/\/macite.tg\/wp-content\/uploads\/2023\/09\/WhatsApp-Image-2023-09-19-at-14.44.41-122x122.jpeg","url":"https:\/\/macite.tg\/wp-content\/uploads\/2023\/09\/WhatsApp-Image-2023-09-19-at-14.44.41-122x122.jpeg","contentUrl":"https:\/\/macite.tg\/wp-content\/uploads\/2023\/09\/WhatsApp-Image-2023-09-19-at-14.44.41-122x122.jpeg","caption":"Jean Pierre BAWELA"},"url":"https:\/\/macite.tg\/?author=2"}]}},"_links":{"self":[{"href":"https:\/\/macite.tg\/index.php?rest_route=\/wp\/v2\/posts\/18280","targetHints":{"allow":["GET"]}}],"collection":[{"href":"https:\/\/macite.tg\/index.php?rest_route=\/wp\/v2\/posts"}],"about":[{"href":"https:\/\/macite.tg\/index.php?rest_route=\/wp\/v2\/types\/post"}],"author":[{"embeddable":true,"href":"https:\/\/macite.tg\/index.php?rest_route=\/wp\/v2\/users\/2"}],"replies":[{"embeddable":true,"href":"https:\/\/macite.tg\/index.php?rest_route=%2Fwp%2Fv2%2Fcomments&post=18280"}],"version-history":[{"count":0,"href":"https:\/\/macite.tg\/index.php?rest_route=\/wp\/v2\/posts\/18280\/revisions"}],"wp:featuredmedia":[{"embeddable":true,"href":"https:\/\/macite.tg\/index.php?rest_route=\/wp\/v2\/media\/18282"}],"wp:attachment":[{"href":"https:\/\/macite.tg\/index.php?rest_route=%2Fwp%2Fv2%2Fmedia&parent=18280"}],"wp:term":[{"taxonomy":"category","embeddable":true,"href":"https:\/\/macite.tg\/index.php?rest_route=%2Fwp%2Fv2%2Fcategories&post=18280"},{"taxonomy":"post_tag","embeddable":true,"href":"https:\/\/macite.tg\/index.php?rest_route=%2Fwp%2Fv2%2Ftags&post=18280"}],"curies":[{"name":"wp","href":"https:\/\/api.w.org\/{rel}","templated":true}]}}