{"id":1821,"date":"2022-11-15T13:02:48","date_gmt":"2022-11-15T13:02:48","guid":{"rendered":"https:\/\/macite.info\/?p=1821"},"modified":"2022-11-15T13:02:49","modified_gmt":"2022-11-15T13:02:49","slug":"aeroport-de-lome-le-ministre-atcha-dedji-inaugure-une-nouvelle-centrale-electrique","status":"publish","type":"post","link":"https:\/\/macite.tg\/?p=1821","title":{"rendered":"A\u00c9ROPORT DE LOM\u00c9\u00a0: Le ministre Atcha-D\u00e9dji inaugure une nouvelle centrale \u00e9lectrique"},"content":{"rendered":"\n<p class=\"wp-block-paragraph\"><strong><em>En marge de la r\u00e9union de l\u2019Organe communautaire, de concertation et de n\u00e9gociation de l\u2019ASECNA (du 07 au 19 novembre 2022), le ministre togolais des Transports routiers, a\u00e9riens et ferroviaires Affoh Atcha-Dedji, a inaugr\u00e9 le jeudi 10 novembre dernier, une nouvelle centrale \u00e9lectrique et le nouveau syst\u00e8me de balisage lumineux.<\/em><\/strong><\/p>\n\n\n\n<p class=\"wp-block-paragraph\">R\u00e9alis\u00e9s avec le soutien de avec le soutien de l\u2019Agence pour la s\u00e9curit\u00e9 de la navigation a\u00e9rienne en Afrique et Madagascar (ASECNA), l\u2019ouvrage vise, non seulement \u00e0 am\u00e9liorer les services de navigation de l\u2019agence panafricaine, mais aussi et surtout, \u00e0 assurer la s\u00e9curit\u00e9 a\u00e9rienne sur le continent.<\/p>\n\n\n<div class=\"wp-block-image\">\n<figure class=\"aligncenter size-large is-resized\"><img loading=\"lazy\" decoding=\"async\" src=\"https:\/\/macite.tg\/wp-content\/uploads\/2022\/11\/FhYtqUhXwAA2GwO-1024x682.jpg\" alt=\"\" class=\"wp-image-1823\" width=\"515\" height=\"343\" srcset=\"https:\/\/macite.tg\/wp-content\/uploads\/2022\/11\/FhYtqUhXwAA2GwO-1024x682.jpg 1024w, https:\/\/macite.tg\/wp-content\/uploads\/2022\/11\/FhYtqUhXwAA2GwO-300x200.jpg 300w, https:\/\/macite.tg\/wp-content\/uploads\/2022\/11\/FhYtqUhXwAA2GwO-768x512.jpg 768w, https:\/\/macite.tg\/wp-content\/uploads\/2022\/11\/FhYtqUhXwAA2GwO-1536x1023.jpg 1536w, https:\/\/macite.tg\/wp-content\/uploads\/2022\/11\/FhYtqUhXwAA2GwO-650x434.jpg 650w, https:\/\/macite.tg\/wp-content\/uploads\/2022\/11\/FhYtqUhXwAA2GwO-730x487.jpg 730w, https:\/\/macite.tg\/wp-content\/uploads\/2022\/11\/FhYtqUhXwAA2GwO-112x75.jpg 112w, https:\/\/macite.tg\/wp-content\/uploads\/2022\/11\/FhYtqUhXwAA2GwO-425x283.jpg 425w, https:\/\/macite.tg\/wp-content\/uploads\/2022\/11\/FhYtqUhXwAA2GwO-430x287.jpg 430w, https:\/\/macite.tg\/wp-content\/uploads\/2022\/11\/FhYtqUhXwAA2GwO.jpg 2048w\" sizes=\"auto, (max-width: 515px) 100vw, 515px\" \/><figcaption><em><strong>Visite guid\u00e9e des in<\/strong><\/em>stallations&#8230;<\/figcaption><\/figure>\n<\/div>\n\n\n<p class=\"wp-block-paragraph\">D\u2019un co\u00fbt total de 4,2 milliards FCFA, cet ouvrage qui s\u2019installe sur quelques 660m2, se veut d\u2019assurer la navigation a\u00e9rienne en s\u00e9curit\u00e9 et \u00ab\u00a0<em>dans les conditions optimales dans notre pays\u00a0\u00bb,<\/em> selon le ministre des Transports routiers, a\u00e9riens et ferroviaires.<\/p>\n\n\n\n<p class=\"wp-block-paragraph\">La c\u00e9r\u00e9monie s\u2019est d\u00e9roul\u00e9e en pr\u00e9sence du Directeur g\u00e9n\u00e9ral de l\u2019ASECNA, Moussa Mohamed, et du repr\u00e9sentant de l\u2019ASECNA aupr\u00e8s de la R\u00e9publique Togolaise, MUSA Comlan Amewokpo.<\/p>\n\n\n\n<p class=\"wp-block-paragraph\">Notons que l\u2019ASECNA, cr\u00e9\u00e9e 1959, compte 18 pays \u00c9tats membres. Elle lutte pour le renforcement \u00a0de la s\u00e9curit\u00e9 a\u00e9rienne sur le continent. \u00a0<\/p>\n\n\n\n<p class=\"wp-block-paragraph\"><strong>JPB<\/strong><\/p>\n\n\n\n<p class=\"wp-block-paragraph\"><strong><em>@macite.info<\/em><\/strong><\/p>\n\n\n\n<p class=\"wp-block-paragraph\"><strong><em>E-mail&nbsp;: <\/em><\/strong><a href=\"mailto:maciteinfo@gmail.com\"><strong><em>maciteinfo@gmail.com<\/em><\/strong><\/a><strong><em>; <\/em><\/strong><a href=\"mailto:bawela1@gmail.com\"><strong><em>bawela1@gmail.com<\/em><\/strong><\/a><strong><em><\/em><\/strong><\/p>\n\n\n\n<p class=\"wp-block-paragraph\"><strong><em>Pour vos annonces, (publi)reportages, etc., joignez nous au (00228) 91515309\/<strong>79872224<\/strong><\/em><\/strong><em><\/em><\/p>\n\n\n\n<p class=\"wp-block-paragraph\"><a href=\"http:\/\/www.macite.info\"><strong><em>www.macite.info<\/em><\/strong><\/a><strong><em>, L\u2019information, la bonne&nbsp;!<\/em><\/strong><\/p>\n","protected":false},"excerpt":{"rendered":"<p class=\"text-justify mb-2\" >En marge de la r\u00e9union de l\u2019Organe communautaire, de concertation et de n\u00e9gociation de l\u2019ASECNA (du 07 au 19 novembre 2022), le ministre togolais des Transports routiers, a\u00e9riens et ferroviaires Affoh Atcha-Dedji, a inaugr\u00e9 le jeudi 10 novembre dernier, une nouvelle centrale \u00e9lectrique et le [&hellip;]<\/p>\n","protected":false},"author":2,"featured_media":1822,"comment_status":"open","ping_status":"open","sticky":false,"template":"","format":"standard","meta":{"footnotes":""},"categories":[28],"tags":[],"class_list":["post-1821","post","type-post","status-publish","format-standard","has-post-thumbnail","hentry","category-securite"],"yoast_head":"<!-- This site is optimized with the Yoast SEO plugin v28.4 - https:\/\/yoast.com\/product\/yoast-seo-wordpress\/ -->\n<title>A\u00c9ROPORT DE LOM\u00c9\u00a0: Le ministre Atcha-D\u00e9dji inaugure une nouvelle centrale \u00e9lectrique -<\/title>\n<meta name=\"robots\" content=\"index, follow, max-snippet:-1, max-image-preview:large, max-video-preview:-1\" \/>\n<link rel=\"canonical\" href=\"https:\/\/macite.tg\/?p=1821\" \/>\n<meta property=\"og:locale\" content=\"fr_FR\" \/>\n<meta property=\"og:type\" content=\"article\" \/>\n<meta property=\"og:title\" content=\"A\u00c9ROPORT DE LOM\u00c9\u00a0: Le ministre Atcha-D\u00e9dji inaugure une nouvelle centrale \u00e9lectrique -\" \/>\n<meta property=\"og:description\" content=\"En marge de la r\u00e9union de l\u2019Organe communautaire, de concertation et de n\u00e9gociation de l\u2019ASECNA (du 07 au 19 novembre 2022), le ministre togolais des Transports routiers, a\u00e9riens et ferroviaires Affoh Atcha-Dedji, a inaugr\u00e9 le jeudi 10 novembre dernier, une nouvelle centrale \u00e9lectrique et le [&hellip;]\" \/>\n<meta property=\"og:url\" content=\"https:\/\/macite.tg\/?p=1821\" \/>\n<meta property=\"article:published_time\" content=\"2022-11-15T13:02:48+00:00\" \/>\n<meta property=\"article:modified_time\" content=\"2022-11-15T13:02:49+00:00\" \/>\n<meta property=\"og:image\" content=\"https:\/\/macite.tg\/wp-content\/uploads\/2022\/11\/FhYtqWmXkAEM9kw.jpg\" \/>\n\t<meta property=\"og:image:width\" content=\"2048\" \/>\n\t<meta property=\"og:image:height\" content=\"1364\" \/>\n\t<meta property=\"og:image:type\" content=\"image\/jpeg\" \/>\n<meta name=\"author\" content=\"Jean Pierre BAWELA\" \/>\n<meta name=\"twitter:card\" content=\"summary_large_image\" \/>\n<meta name=\"twitter:label1\" content=\"\u00c9crit par\" \/>\n\t<meta name=\"twitter:data1\" content=\"Jean Pierre BAWELA\" \/>\n\t<meta name=\"twitter:label2\" content=\"Dur\u00e9e de lecture estim\u00e9e\" \/>\n\t<meta name=\"twitter:data2\" content=\"2 minutes\" \/>\n<script type=\"application\/ld+json\" class=\"yoast-schema-graph\">{\"@context\":\"https:\\\/\\\/schema.org\",\"@graph\":[{\"@type\":\"Article\",\"@id\":\"https:\\\/\\\/macite.tg\\\/?p=1821#article\",\"isPartOf\":{\"@id\":\"https:\\\/\\\/macite.tg\\\/?p=1821\"},\"author\":{\"name\":\"Jean Pierre BAWELA\",\"@id\":\"https:\\\/\\\/macite.tg\\\/#\\\/schema\\\/person\\\/e9f2de7e5dbbe7770a9402c7ce82f5c2\"},\"headline\":\"A\u00c9ROPORT DE LOM\u00c9\u00a0: Le ministre Atcha-D\u00e9dji inaugure une nouvelle centrale \u00e9lectrique\",\"datePublished\":\"2022-11-15T13:02:48+00:00\",\"dateModified\":\"2022-11-15T13:02:49+00:00\",\"mainEntityOfPage\":{\"@id\":\"https:\\\/\\\/macite.tg\\\/?p=1821\"},\"wordCount\":262,\"commentCount\":0,\"image\":{\"@id\":\"https:\\\/\\\/macite.tg\\\/?p=1821#primaryimage\"},\"thumbnailUrl\":\"https:\\\/\\\/macite.tg\\\/wp-content\\\/uploads\\\/2022\\\/11\\\/FhYtqWmXkAEM9kw.jpg\",\"articleSection\":[\"SECURITE\"],\"inLanguage\":\"fr-FR\",\"potentialAction\":[{\"@type\":\"CommentAction\",\"name\":\"Comment\",\"target\":[\"https:\\\/\\\/macite.tg\\\/?p=1821#respond\"]}]},{\"@type\":\"WebPage\",\"@id\":\"https:\\\/\\\/macite.tg\\\/?p=1821\",\"url\":\"https:\\\/\\\/macite.tg\\\/?p=1821\",\"name\":\"A\u00c9ROPORT DE LOM\u00c9\u00a0: Le ministre Atcha-D\u00e9dji inaugure une nouvelle centrale \u00e9lectrique -\",\"isPartOf\":{\"@id\":\"https:\\\/\\\/macite.tg\\\/#website\"},\"primaryImageOfPage\":{\"@id\":\"https:\\\/\\\/macite.tg\\\/?p=1821#primaryimage\"},\"image\":{\"@id\":\"https:\\\/\\\/macite.tg\\\/?p=1821#primaryimage\"},\"thumbnailUrl\":\"https:\\\/\\\/macite.tg\\\/wp-content\\\/uploads\\\/2022\\\/11\\\/FhYtqWmXkAEM9kw.jpg\",\"datePublished\":\"2022-11-15T13:02:48+00:00\",\"dateModified\":\"2022-11-15T13:02:49+00:00\",\"author\":{\"@id\":\"https:\\\/\\\/macite.tg\\\/#\\\/schema\\\/person\\\/e9f2de7e5dbbe7770a9402c7ce82f5c2\"},\"breadcrumb\":{\"@id\":\"https:\\\/\\\/macite.tg\\\/?p=1821#breadcrumb\"},\"inLanguage\":\"fr-FR\",\"potentialAction\":[{\"@type\":\"ReadAction\",\"target\":[\"https:\\\/\\\/macite.tg\\\/?p=1821\"]}]},{\"@type\":\"ImageObject\",\"inLanguage\":\"fr-FR\",\"@id\":\"https:\\\/\\\/macite.tg\\\/?p=1821#primaryimage\",\"url\":\"https:\\\/\\\/macite.tg\\\/wp-content\\\/uploads\\\/2022\\\/11\\\/FhYtqWmXkAEM9kw.jpg\",\"contentUrl\":\"https:\\\/\\\/macite.tg\\\/wp-content\\\/uploads\\\/2022\\\/11\\\/FhYtqWmXkAEM9kw.jpg\",\"width\":2048,\"height\":1364},{\"@type\":\"BreadcrumbList\",\"@id\":\"https:\\\/\\\/macite.tg\\\/?p=1821#breadcrumb\",\"itemListElement\":[{\"@type\":\"ListItem\",\"position\":1,\"name\":\"Accueil\",\"item\":\"https:\\\/\\\/macite.tg\\\/\"},{\"@type\":\"ListItem\",\"position\":2,\"name\":\"A\u00c9ROPORT DE LOM\u00c9\u00a0: Le ministre Atcha-D\u00e9dji inaugure une nouvelle centrale \u00e9lectrique\"}]},{\"@type\":\"WebSite\",\"@id\":\"https:\\\/\\\/macite.tg\\\/#website\",\"url\":\"https:\\\/\\\/macite.tg\\\/\",\"name\":\"\",\"description\":\"L&#039;information, la bonne!!!\",\"potentialAction\":[{\"@type\":\"SearchAction\",\"target\":{\"@type\":\"EntryPoint\",\"urlTemplate\":\"https:\\\/\\\/macite.tg\\\/?s={search_term_string}\"},\"query-input\":{\"@type\":\"PropertyValueSpecification\",\"valueRequired\":true,\"valueName\":\"search_term_string\"}}],\"inLanguage\":\"fr-FR\"},{\"@type\":\"Person\",\"@id\":\"https:\\\/\\\/macite.tg\\\/#\\\/schema\\\/person\\\/e9f2de7e5dbbe7770a9402c7ce82f5c2\",\"name\":\"Jean Pierre BAWELA\",\"image\":{\"@type\":\"ImageObject\",\"inLanguage\":\"fr-FR\",\"@id\":\"https:\\\/\\\/macite.tg\\\/wp-content\\\/uploads\\\/2023\\\/09\\\/WhatsApp-Image-2023-09-19-at-14.44.41-122x122.jpeg\",\"url\":\"https:\\\/\\\/macite.tg\\\/wp-content\\\/uploads\\\/2023\\\/09\\\/WhatsApp-Image-2023-09-19-at-14.44.41-122x122.jpeg\",\"contentUrl\":\"https:\\\/\\\/macite.tg\\\/wp-content\\\/uploads\\\/2023\\\/09\\\/WhatsApp-Image-2023-09-19-at-14.44.41-122x122.jpeg\",\"caption\":\"Jean Pierre BAWELA\"},\"url\":\"https:\\\/\\\/macite.tg\\\/?author=2\"}]}<\/script>\n<!-- \/ Yoast SEO plugin. -->","yoast_head_json":{"title":"A\u00c9ROPORT DE LOM\u00c9\u00a0: Le ministre Atcha-D\u00e9dji inaugure une nouvelle centrale \u00e9lectrique -","robots":{"index":"index","follow":"follow","max-snippet":"max-snippet:-1","max-image-preview":"max-image-preview:large","max-video-preview":"max-video-preview:-1"},"canonical":"https:\/\/macite.tg\/?p=1821","og_locale":"fr_FR","og_type":"article","og_title":"A\u00c9ROPORT DE LOM\u00c9\u00a0: Le ministre Atcha-D\u00e9dji inaugure une nouvelle centrale \u00e9lectrique -","og_description":"En marge de la r\u00e9union de l\u2019Organe communautaire, de concertation et de n\u00e9gociation de l\u2019ASECNA (du 07 au 19 novembre 2022), le ministre togolais des Transports routiers, a\u00e9riens et ferroviaires Affoh Atcha-Dedji, a inaugr\u00e9 le jeudi 10 novembre dernier, une nouvelle centrale \u00e9lectrique et le [&hellip;]","og_url":"https:\/\/macite.tg\/?p=1821","article_published_time":"2022-11-15T13:02:48+00:00","article_modified_time":"2022-11-15T13:02:49+00:00","og_image":[{"width":2048,"height":1364,"url":"https:\/\/macite.tg\/wp-content\/uploads\/2022\/11\/FhYtqWmXkAEM9kw.jpg","type":"image\/jpeg"}],"author":"Jean Pierre BAWELA","twitter_card":"summary_large_image","twitter_misc":{"\u00c9crit par":"Jean Pierre BAWELA","Dur\u00e9e de lecture estim\u00e9e":"2 minutes"},"schema":{"@context":"https:\/\/schema.org","@graph":[{"@type":"Article","@id":"https:\/\/macite.tg\/?p=1821#article","isPartOf":{"@id":"https:\/\/macite.tg\/?p=1821"},"author":{"name":"Jean Pierre BAWELA","@id":"https:\/\/macite.tg\/#\/schema\/person\/e9f2de7e5dbbe7770a9402c7ce82f5c2"},"headline":"A\u00c9ROPORT DE LOM\u00c9\u00a0: Le ministre Atcha-D\u00e9dji inaugure une nouvelle centrale \u00e9lectrique","datePublished":"2022-11-15T13:02:48+00:00","dateModified":"2022-11-15T13:02:49+00:00","mainEntityOfPage":{"@id":"https:\/\/macite.tg\/?p=1821"},"wordCount":262,"commentCount":0,"image":{"@id":"https:\/\/macite.tg\/?p=1821#primaryimage"},"thumbnailUrl":"https:\/\/macite.tg\/wp-content\/uploads\/2022\/11\/FhYtqWmXkAEM9kw.jpg","articleSection":["SECURITE"],"inLanguage":"fr-FR","potentialAction":[{"@type":"CommentAction","name":"Comment","target":["https:\/\/macite.tg\/?p=1821#respond"]}]},{"@type":"WebPage","@id":"https:\/\/macite.tg\/?p=1821","url":"https:\/\/macite.tg\/?p=1821","name":"A\u00c9ROPORT DE LOM\u00c9\u00a0: Le ministre Atcha-D\u00e9dji inaugure une nouvelle centrale \u00e9lectrique -","isPartOf":{"@id":"https:\/\/macite.tg\/#website"},"primaryImageOfPage":{"@id":"https:\/\/macite.tg\/?p=1821#primaryimage"},"image":{"@id":"https:\/\/macite.tg\/?p=1821#primaryimage"},"thumbnailUrl":"https:\/\/macite.tg\/wp-content\/uploads\/2022\/11\/FhYtqWmXkAEM9kw.jpg","datePublished":"2022-11-15T13:02:48+00:00","dateModified":"2022-11-15T13:02:49+00:00","author":{"@id":"https:\/\/macite.tg\/#\/schema\/person\/e9f2de7e5dbbe7770a9402c7ce82f5c2"},"breadcrumb":{"@id":"https:\/\/macite.tg\/?p=1821#breadcrumb"},"inLanguage":"fr-FR","potentialAction":[{"@type":"ReadAction","target":["https:\/\/macite.tg\/?p=1821"]}]},{"@type":"ImageObject","inLanguage":"fr-FR","@id":"https:\/\/macite.tg\/?p=1821#primaryimage","url":"https:\/\/macite.tg\/wp-content\/uploads\/2022\/11\/FhYtqWmXkAEM9kw.jpg","contentUrl":"https:\/\/macite.tg\/wp-content\/uploads\/2022\/11\/FhYtqWmXkAEM9kw.jpg","width":2048,"height":1364},{"@type":"BreadcrumbList","@id":"https:\/\/macite.tg\/?p=1821#breadcrumb","itemListElement":[{"@type":"ListItem","position":1,"name":"Accueil","item":"https:\/\/macite.tg\/"},{"@type":"ListItem","position":2,"name":"A\u00c9ROPORT DE LOM\u00c9\u00a0: Le ministre Atcha-D\u00e9dji inaugure une nouvelle centrale \u00e9lectrique"}]},{"@type":"WebSite","@id":"https:\/\/macite.tg\/#website","url":"https:\/\/macite.tg\/","name":"","description":"L&#039;information, la bonne!!!","potentialAction":[{"@type":"SearchAction","target":{"@type":"EntryPoint","urlTemplate":"https:\/\/macite.tg\/?s={search_term_string}"},"query-input":{"@type":"PropertyValueSpecification","valueRequired":true,"valueName":"search_term_string"}}],"inLanguage":"fr-FR"},{"@type":"Person","@id":"https:\/\/macite.tg\/#\/schema\/person\/e9f2de7e5dbbe7770a9402c7ce82f5c2","name":"Jean Pierre BAWELA","image":{"@type":"ImageObject","inLanguage":"fr-FR","@id":"https:\/\/macite.tg\/wp-content\/uploads\/2023\/09\/WhatsApp-Image-2023-09-19-at-14.44.41-122x122.jpeg","url":"https:\/\/macite.tg\/wp-content\/uploads\/2023\/09\/WhatsApp-Image-2023-09-19-at-14.44.41-122x122.jpeg","contentUrl":"https:\/\/macite.tg\/wp-content\/uploads\/2023\/09\/WhatsApp-Image-2023-09-19-at-14.44.41-122x122.jpeg","caption":"Jean Pierre BAWELA"},"url":"https:\/\/macite.tg\/?author=2"}]}},"_links":{"self":[{"href":"https:\/\/macite.tg\/index.php?rest_route=\/wp\/v2\/posts\/1821","targetHints":{"allow":["GET"]}}],"collection":[{"href":"https:\/\/macite.tg\/index.php?rest_route=\/wp\/v2\/posts"}],"about":[{"href":"https:\/\/macite.tg\/index.php?rest_route=\/wp\/v2\/types\/post"}],"author":[{"embeddable":true,"href":"https:\/\/macite.tg\/index.php?rest_route=\/wp\/v2\/users\/2"}],"replies":[{"embeddable":true,"href":"https:\/\/macite.tg\/index.php?rest_route=%2Fwp%2Fv2%2Fcomments&post=1821"}],"version-history":[{"count":0,"href":"https:\/\/macite.tg\/index.php?rest_route=\/wp\/v2\/posts\/1821\/revisions"}],"wp:featuredmedia":[{"embeddable":true,"href":"https:\/\/macite.tg\/index.php?rest_route=\/wp\/v2\/media\/1822"}],"wp:attachment":[{"href":"https:\/\/macite.tg\/index.php?rest_route=%2Fwp%2Fv2%2Fmedia&parent=1821"}],"wp:term":[{"taxonomy":"category","embeddable":true,"href":"https:\/\/macite.tg\/index.php?rest_route=%2Fwp%2Fv2%2Fcategories&post=1821"},{"taxonomy":"post_tag","embeddable":true,"href":"https:\/\/macite.tg\/index.php?rest_route=%2Fwp%2Fv2%2Ftags&post=1821"}],"curies":[{"name":"wp","href":"https:\/\/api.w.org\/{rel}","templated":true}]}}