{"id":1814,"date":"2022-11-15T12:14:05","date_gmt":"2022-11-15T12:14:05","guid":{"rendered":"https:\/\/macite.info\/?p=1814"},"modified":"2022-11-15T12:14:06","modified_gmt":"2022-11-15T12:14:06","slug":"derniere-minute-cr7-et-sadio-mane-ensemble-la-bombe-daily-mail","status":"publish","type":"post","link":"https:\/\/macite.tg\/?p=1814","title":{"rendered":"<strong>DERNI\u00c8RE MINUTE : CR7 et Sadio Man\u00e9 ensemble, la bombe\u2026 (Daily Mail)<\/strong>"},"content":{"rendered":"\n<p class=\"wp-block-paragraph\"><strong><em>C\u2019est une bombe&nbsp;! On pourrait voir Sadio Man\u00e9 jouer avec Cristiano Ronaldo. C\u2019est en tout cas ce que vient de r\u00e9v\u00e9ler le \u2018\u2019Daily Mail\u2019\u2019 qui l\u00e2che cette nouvelle dans l\u2019avenir du Portugais.<\/em><\/strong><\/p>\n\n\n\n<p class=\"wp-block-paragraph\">\u00c7a sent la fin entre Cristiano Ronaldo et Manchester United apr\u00e8s son interview choc. Selon le Daily Mail, le quintuple ballon d\u2019or Cristiano Ronaldo et Jorge Mendes son agent, ont rencontr\u00e9 le Bayern la semaine derni\u00e8re apr\u00e8s que des repr\u00e9sentants du club bavarois se sont rendus en Angleterre pour des discussions.<\/p>\n\n\n<div class=\"wp-block-image\">\n<figure class=\"aligncenter size-large is-resized\"><img loading=\"lazy\" decoding=\"async\" src=\"https:\/\/macite.tg\/wp-content\/uploads\/2022\/11\/ANNONCES-1-1024x426.jpg\" alt=\"\" class=\"wp-image-1602\" width=\"746\" height=\"310\" srcset=\"https:\/\/macite.tg\/wp-content\/uploads\/2022\/11\/ANNONCES-1-1024x426.jpg 1024w, https:\/\/macite.tg\/wp-content\/uploads\/2022\/11\/ANNONCES-1-300x125.jpg 300w, https:\/\/macite.tg\/wp-content\/uploads\/2022\/11\/ANNONCES-1-768x319.jpg 768w, https:\/\/macite.tg\/wp-content\/uploads\/2022\/11\/ANNONCES-1.jpg 1080w\" sizes=\"auto, (max-width: 746px) 100vw, 746px\" \/><\/figure>\n<\/div>\n\n\n<p class=\"wp-block-paragraph\">Cette th\u00e8se est d\u2019autant plus plausible quand on voit la v\u00e9h\u00e9mence avec laquelle CR7 s\u2019est exprim\u00e9 contre son club. Apr\u00e8s ses d\u00e9clarations dures sur Manchester United, on a du mal \u00e0 imaginer Cristiano Ronaldo de retour dans l\u2019\u00e9quipe de Ten Hag. C\u2019est ainsi donc la fin imminente d\u2019une relation qui \u00e9tait pourtant partie sur de bonnes bases pour le buteur qui \u00e9tait le meilleur artificier de son club la saison derni\u00e8re.<\/p>\n\n\n\n<p class=\"wp-block-paragraph\"> Place d\u00e9sormais au divorce et \u00e7a risque de faire couler beaucoup d\u2019encre. Mis \u00e0 part le Bayern Munich, CR7 pourrait \u00e9galement \u00eatre le co\u00e9quipier d\u2019autres internationaux s\u00e9n\u00e9galais, \u00e0 savoir Kalidou Koulibaly et Edouard Mendy. Chelsea suit toujours le Portugais.<\/p>\n\n\n\n<p class=\"wp-block-paragraph\"><strong><u>Source<\/u><\/strong><strong>&nbsp;: @SeneNews<\/strong><\/p>\n\n\n\n<p class=\"wp-block-paragraph\"><strong><em>@macite.info<\/em><\/strong><\/p>\n\n\n\n<p class=\"wp-block-paragraph\"><strong><em>E-mail&nbsp;: <\/em><\/strong><a href=\"mailto:maciteinfo@gmail.com\"><strong><em>maciteinfo@gmail.com<\/em><\/strong><\/a><strong><em>; <\/em><\/strong><a href=\"mailto:bawela1@gmail.com\"><strong><em>bawela1@gmail.com<\/em><\/strong><\/a><\/p>\n\n\n\n<p class=\"wp-block-paragraph\"><strong><em>Pour vos annonces, (publi)reportages, etc., joignez nous au (00228) 91515309\/<strong>79872224<\/strong><\/em><\/strong><em><\/em><\/p>\n\n\n\n<p class=\"wp-block-paragraph\"><a href=\"http:\/\/www.macite.info\"><strong><em>www.macite.info<\/em><\/strong><\/a><strong><em>, L\u2019information, la bonne&nbsp;!<\/em><\/strong><\/p>\n","protected":false},"excerpt":{"rendered":"<p class=\"text-justify mb-2\" >C\u2019est une bombe&nbsp;! On pourrait voir Sadio Man\u00e9 jouer avec Cristiano Ronaldo. C\u2019est en tout cas ce que vient de r\u00e9v\u00e9ler le \u2018\u2019Daily Mail\u2019\u2019 qui l\u00e2che cette nouvelle dans l\u2019avenir du Portugais. \u00c7a sent la fin entre Cristiano Ronaldo et Manchester United apr\u00e8s son interview [&hellip;]<\/p>\n","protected":false},"author":2,"featured_media":1815,"comment_status":"open","ping_status":"open","sticky":false,"template":"","format":"standard","meta":{"footnotes":""},"categories":[7],"tags":[],"class_list":["post-1814","post","type-post","status-publish","format-standard","has-post-thumbnail","hentry","category-sports"],"yoast_head":"<!-- This site is optimized with the Yoast SEO plugin v28.4 - https:\/\/yoast.com\/product\/yoast-seo-wordpress\/ -->\n<title>DERNI\u00c8RE MINUTE : CR7 et Sadio Man\u00e9 ensemble, la bombe\u2026 (Daily Mail) -<\/title>\n<meta name=\"robots\" content=\"index, follow, max-snippet:-1, max-image-preview:large, max-video-preview:-1\" \/>\n<link rel=\"canonical\" href=\"https:\/\/macite.tg\/?p=1814\" \/>\n<meta property=\"og:locale\" content=\"fr_FR\" \/>\n<meta property=\"og:type\" content=\"article\" \/>\n<meta property=\"og:title\" content=\"DERNI\u00c8RE MINUTE : CR7 et Sadio Man\u00e9 ensemble, la bombe\u2026 (Daily Mail) -\" \/>\n<meta property=\"og:description\" content=\"C\u2019est une bombe&nbsp;! On pourrait voir Sadio Man\u00e9 jouer avec Cristiano Ronaldo. C\u2019est en tout cas ce que vient de r\u00e9v\u00e9ler le \u2018\u2019Daily Mail\u2019\u2019 qui l\u00e2che cette nouvelle dans l\u2019avenir du Portugais. \u00c7a sent la fin entre Cristiano Ronaldo et Manchester United apr\u00e8s son interview [&hellip;]\" \/>\n<meta property=\"og:url\" content=\"https:\/\/macite.tg\/?p=1814\" \/>\n<meta property=\"article:published_time\" content=\"2022-11-15T12:14:05+00:00\" \/>\n<meta property=\"article:modified_time\" content=\"2022-11-15T12:14:06+00:00\" \/>\n<meta property=\"og:image\" content=\"https:\/\/macite.tg\/wp-content\/uploads\/2022\/11\/CR7-et-Mane-Sadio.jpeg\" \/>\n\t<meta property=\"og:image:width\" content=\"696\" \/>\n\t<meta property=\"og:image:height\" content=\"360\" \/>\n\t<meta property=\"og:image:type\" content=\"image\/jpeg\" \/>\n<meta name=\"author\" content=\"Jean Pierre BAWELA\" \/>\n<meta name=\"twitter:card\" content=\"summary_large_image\" \/>\n<meta name=\"twitter:label1\" content=\"\u00c9crit par\" \/>\n\t<meta name=\"twitter:data1\" content=\"Jean Pierre BAWELA\" \/>\n\t<meta name=\"twitter:label2\" content=\"Dur\u00e9e de lecture estim\u00e9e\" \/>\n\t<meta name=\"twitter:data2\" content=\"2 minutes\" \/>\n<script type=\"application\/ld+json\" class=\"yoast-schema-graph\">{\"@context\":\"https:\\\/\\\/schema.org\",\"@graph\":[{\"@type\":\"Article\",\"@id\":\"https:\\\/\\\/macite.tg\\\/?p=1814#article\",\"isPartOf\":{\"@id\":\"https:\\\/\\\/macite.tg\\\/?p=1814\"},\"author\":{\"name\":\"Jean Pierre BAWELA\",\"@id\":\"https:\\\/\\\/macite.tg\\\/#\\\/schema\\\/person\\\/e9f2de7e5dbbe7770a9402c7ce82f5c2\"},\"headline\":\"DERNI\u00c8RE MINUTE : CR7 et Sadio Man\u00e9 ensemble, la bombe\u2026 (Daily Mail)\",\"datePublished\":\"2022-11-15T12:14:05+00:00\",\"dateModified\":\"2022-11-15T12:14:06+00:00\",\"mainEntityOfPage\":{\"@id\":\"https:\\\/\\\/macite.tg\\\/?p=1814\"},\"wordCount\":261,\"commentCount\":0,\"image\":{\"@id\":\"https:\\\/\\\/macite.tg\\\/?p=1814#primaryimage\"},\"thumbnailUrl\":\"https:\\\/\\\/macite.tg\\\/wp-content\\\/uploads\\\/2022\\\/11\\\/CR7-et-Mane-Sadio.jpeg\",\"articleSection\":[\"SPORTS\"],\"inLanguage\":\"fr-FR\",\"potentialAction\":[{\"@type\":\"CommentAction\",\"name\":\"Comment\",\"target\":[\"https:\\\/\\\/macite.tg\\\/?p=1814#respond\"]}]},{\"@type\":\"WebPage\",\"@id\":\"https:\\\/\\\/macite.tg\\\/?p=1814\",\"url\":\"https:\\\/\\\/macite.tg\\\/?p=1814\",\"name\":\"DERNI\u00c8RE MINUTE : CR7 et Sadio Man\u00e9 ensemble, la bombe\u2026 (Daily Mail) -\",\"isPartOf\":{\"@id\":\"https:\\\/\\\/macite.tg\\\/#website\"},\"primaryImageOfPage\":{\"@id\":\"https:\\\/\\\/macite.tg\\\/?p=1814#primaryimage\"},\"image\":{\"@id\":\"https:\\\/\\\/macite.tg\\\/?p=1814#primaryimage\"},\"thumbnailUrl\":\"https:\\\/\\\/macite.tg\\\/wp-content\\\/uploads\\\/2022\\\/11\\\/CR7-et-Mane-Sadio.jpeg\",\"datePublished\":\"2022-11-15T12:14:05+00:00\",\"dateModified\":\"2022-11-15T12:14:06+00:00\",\"author\":{\"@id\":\"https:\\\/\\\/macite.tg\\\/#\\\/schema\\\/person\\\/e9f2de7e5dbbe7770a9402c7ce82f5c2\"},\"breadcrumb\":{\"@id\":\"https:\\\/\\\/macite.tg\\\/?p=1814#breadcrumb\"},\"inLanguage\":\"fr-FR\",\"potentialAction\":[{\"@type\":\"ReadAction\",\"target\":[\"https:\\\/\\\/macite.tg\\\/?p=1814\"]}]},{\"@type\":\"ImageObject\",\"inLanguage\":\"fr-FR\",\"@id\":\"https:\\\/\\\/macite.tg\\\/?p=1814#primaryimage\",\"url\":\"https:\\\/\\\/macite.tg\\\/wp-content\\\/uploads\\\/2022\\\/11\\\/CR7-et-Mane-Sadio.jpeg\",\"contentUrl\":\"https:\\\/\\\/macite.tg\\\/wp-content\\\/uploads\\\/2022\\\/11\\\/CR7-et-Mane-Sadio.jpeg\",\"width\":696,\"height\":360},{\"@type\":\"BreadcrumbList\",\"@id\":\"https:\\\/\\\/macite.tg\\\/?p=1814#breadcrumb\",\"itemListElement\":[{\"@type\":\"ListItem\",\"position\":1,\"name\":\"Accueil\",\"item\":\"https:\\\/\\\/macite.tg\\\/\"},{\"@type\":\"ListItem\",\"position\":2,\"name\":\"DERNI\u00c8RE MINUTE : CR7 et Sadio Man\u00e9 ensemble, la bombe\u2026 (Daily Mail)\"}]},{\"@type\":\"WebSite\",\"@id\":\"https:\\\/\\\/macite.tg\\\/#website\",\"url\":\"https:\\\/\\\/macite.tg\\\/\",\"name\":\"\",\"description\":\"L&#039;information, la bonne!!!\",\"potentialAction\":[{\"@type\":\"SearchAction\",\"target\":{\"@type\":\"EntryPoint\",\"urlTemplate\":\"https:\\\/\\\/macite.tg\\\/?s={search_term_string}\"},\"query-input\":{\"@type\":\"PropertyValueSpecification\",\"valueRequired\":true,\"valueName\":\"search_term_string\"}}],\"inLanguage\":\"fr-FR\"},{\"@type\":\"Person\",\"@id\":\"https:\\\/\\\/macite.tg\\\/#\\\/schema\\\/person\\\/e9f2de7e5dbbe7770a9402c7ce82f5c2\",\"name\":\"Jean Pierre BAWELA\",\"image\":{\"@type\":\"ImageObject\",\"inLanguage\":\"fr-FR\",\"@id\":\"https:\\\/\\\/macite.tg\\\/wp-content\\\/uploads\\\/2023\\\/09\\\/WhatsApp-Image-2023-09-19-at-14.44.41-122x122.jpeg\",\"url\":\"https:\\\/\\\/macite.tg\\\/wp-content\\\/uploads\\\/2023\\\/09\\\/WhatsApp-Image-2023-09-19-at-14.44.41-122x122.jpeg\",\"contentUrl\":\"https:\\\/\\\/macite.tg\\\/wp-content\\\/uploads\\\/2023\\\/09\\\/WhatsApp-Image-2023-09-19-at-14.44.41-122x122.jpeg\",\"caption\":\"Jean Pierre BAWELA\"},\"url\":\"https:\\\/\\\/macite.tg\\\/?author=2\"}]}<\/script>\n<!-- \/ Yoast SEO plugin. -->","yoast_head_json":{"title":"DERNI\u00c8RE MINUTE : CR7 et Sadio Man\u00e9 ensemble, la bombe\u2026 (Daily Mail) -","robots":{"index":"index","follow":"follow","max-snippet":"max-snippet:-1","max-image-preview":"max-image-preview:large","max-video-preview":"max-video-preview:-1"},"canonical":"https:\/\/macite.tg\/?p=1814","og_locale":"fr_FR","og_type":"article","og_title":"DERNI\u00c8RE MINUTE : CR7 et Sadio Man\u00e9 ensemble, la bombe\u2026 (Daily Mail) -","og_description":"C\u2019est une bombe&nbsp;! On pourrait voir Sadio Man\u00e9 jouer avec Cristiano Ronaldo. C\u2019est en tout cas ce que vient de r\u00e9v\u00e9ler le \u2018\u2019Daily Mail\u2019\u2019 qui l\u00e2che cette nouvelle dans l\u2019avenir du Portugais. \u00c7a sent la fin entre Cristiano Ronaldo et Manchester United apr\u00e8s son interview [&hellip;]","og_url":"https:\/\/macite.tg\/?p=1814","article_published_time":"2022-11-15T12:14:05+00:00","article_modified_time":"2022-11-15T12:14:06+00:00","og_image":[{"width":696,"height":360,"url":"https:\/\/macite.tg\/wp-content\/uploads\/2022\/11\/CR7-et-Mane-Sadio.jpeg","type":"image\/jpeg"}],"author":"Jean Pierre BAWELA","twitter_card":"summary_large_image","twitter_misc":{"\u00c9crit par":"Jean Pierre BAWELA","Dur\u00e9e de lecture estim\u00e9e":"2 minutes"},"schema":{"@context":"https:\/\/schema.org","@graph":[{"@type":"Article","@id":"https:\/\/macite.tg\/?p=1814#article","isPartOf":{"@id":"https:\/\/macite.tg\/?p=1814"},"author":{"name":"Jean Pierre BAWELA","@id":"https:\/\/macite.tg\/#\/schema\/person\/e9f2de7e5dbbe7770a9402c7ce82f5c2"},"headline":"DERNI\u00c8RE MINUTE : CR7 et Sadio Man\u00e9 ensemble, la bombe\u2026 (Daily Mail)","datePublished":"2022-11-15T12:14:05+00:00","dateModified":"2022-11-15T12:14:06+00:00","mainEntityOfPage":{"@id":"https:\/\/macite.tg\/?p=1814"},"wordCount":261,"commentCount":0,"image":{"@id":"https:\/\/macite.tg\/?p=1814#primaryimage"},"thumbnailUrl":"https:\/\/macite.tg\/wp-content\/uploads\/2022\/11\/CR7-et-Mane-Sadio.jpeg","articleSection":["SPORTS"],"inLanguage":"fr-FR","potentialAction":[{"@type":"CommentAction","name":"Comment","target":["https:\/\/macite.tg\/?p=1814#respond"]}]},{"@type":"WebPage","@id":"https:\/\/macite.tg\/?p=1814","url":"https:\/\/macite.tg\/?p=1814","name":"DERNI\u00c8RE MINUTE : CR7 et Sadio Man\u00e9 ensemble, la bombe\u2026 (Daily Mail) -","isPartOf":{"@id":"https:\/\/macite.tg\/#website"},"primaryImageOfPage":{"@id":"https:\/\/macite.tg\/?p=1814#primaryimage"},"image":{"@id":"https:\/\/macite.tg\/?p=1814#primaryimage"},"thumbnailUrl":"https:\/\/macite.tg\/wp-content\/uploads\/2022\/11\/CR7-et-Mane-Sadio.jpeg","datePublished":"2022-11-15T12:14:05+00:00","dateModified":"2022-11-15T12:14:06+00:00","author":{"@id":"https:\/\/macite.tg\/#\/schema\/person\/e9f2de7e5dbbe7770a9402c7ce82f5c2"},"breadcrumb":{"@id":"https:\/\/macite.tg\/?p=1814#breadcrumb"},"inLanguage":"fr-FR","potentialAction":[{"@type":"ReadAction","target":["https:\/\/macite.tg\/?p=1814"]}]},{"@type":"ImageObject","inLanguage":"fr-FR","@id":"https:\/\/macite.tg\/?p=1814#primaryimage","url":"https:\/\/macite.tg\/wp-content\/uploads\/2022\/11\/CR7-et-Mane-Sadio.jpeg","contentUrl":"https:\/\/macite.tg\/wp-content\/uploads\/2022\/11\/CR7-et-Mane-Sadio.jpeg","width":696,"height":360},{"@type":"BreadcrumbList","@id":"https:\/\/macite.tg\/?p=1814#breadcrumb","itemListElement":[{"@type":"ListItem","position":1,"name":"Accueil","item":"https:\/\/macite.tg\/"},{"@type":"ListItem","position":2,"name":"DERNI\u00c8RE MINUTE : CR7 et Sadio Man\u00e9 ensemble, la bombe\u2026 (Daily Mail)"}]},{"@type":"WebSite","@id":"https:\/\/macite.tg\/#website","url":"https:\/\/macite.tg\/","name":"","description":"L&#039;information, la bonne!!!","potentialAction":[{"@type":"SearchAction","target":{"@type":"EntryPoint","urlTemplate":"https:\/\/macite.tg\/?s={search_term_string}"},"query-input":{"@type":"PropertyValueSpecification","valueRequired":true,"valueName":"search_term_string"}}],"inLanguage":"fr-FR"},{"@type":"Person","@id":"https:\/\/macite.tg\/#\/schema\/person\/e9f2de7e5dbbe7770a9402c7ce82f5c2","name":"Jean Pierre BAWELA","image":{"@type":"ImageObject","inLanguage":"fr-FR","@id":"https:\/\/macite.tg\/wp-content\/uploads\/2023\/09\/WhatsApp-Image-2023-09-19-at-14.44.41-122x122.jpeg","url":"https:\/\/macite.tg\/wp-content\/uploads\/2023\/09\/WhatsApp-Image-2023-09-19-at-14.44.41-122x122.jpeg","contentUrl":"https:\/\/macite.tg\/wp-content\/uploads\/2023\/09\/WhatsApp-Image-2023-09-19-at-14.44.41-122x122.jpeg","caption":"Jean Pierre BAWELA"},"url":"https:\/\/macite.tg\/?author=2"}]}},"_links":{"self":[{"href":"https:\/\/macite.tg\/index.php?rest_route=\/wp\/v2\/posts\/1814","targetHints":{"allow":["GET"]}}],"collection":[{"href":"https:\/\/macite.tg\/index.php?rest_route=\/wp\/v2\/posts"}],"about":[{"href":"https:\/\/macite.tg\/index.php?rest_route=\/wp\/v2\/types\/post"}],"author":[{"embeddable":true,"href":"https:\/\/macite.tg\/index.php?rest_route=\/wp\/v2\/users\/2"}],"replies":[{"embeddable":true,"href":"https:\/\/macite.tg\/index.php?rest_route=%2Fwp%2Fv2%2Fcomments&post=1814"}],"version-history":[{"count":0,"href":"https:\/\/macite.tg\/index.php?rest_route=\/wp\/v2\/posts\/1814\/revisions"}],"wp:featuredmedia":[{"embeddable":true,"href":"https:\/\/macite.tg\/index.php?rest_route=\/wp\/v2\/media\/1815"}],"wp:attachment":[{"href":"https:\/\/macite.tg\/index.php?rest_route=%2Fwp%2Fv2%2Fmedia&parent=1814"}],"wp:term":[{"taxonomy":"category","embeddable":true,"href":"https:\/\/macite.tg\/index.php?rest_route=%2Fwp%2Fv2%2Fcategories&post=1814"},{"taxonomy":"post_tag","embeddable":true,"href":"https:\/\/macite.tg\/index.php?rest_route=%2Fwp%2Fv2%2Ftags&post=1814"}],"curies":[{"name":"wp","href":"https:\/\/api.w.org\/{rel}","templated":true}]}}