{"id":1807,"date":"2022-11-15T10:51:02","date_gmt":"2022-11-15T10:51:02","guid":{"rendered":"https:\/\/macite.info\/?p=1807"},"modified":"2022-11-15T10:51:03","modified_gmt":"2022-11-15T10:51:03","slug":"zone-uemoa-le-ministre-yark-appelle-ses-collegues-a-une-meilleure-cooperation","status":"publish","type":"post","link":"https:\/\/macite.tg\/?p=1807","title":{"rendered":"Zone UEMOA\u00a0: Le ministre Yark appelle ses coll\u00e8gues \u00e0 une meilleure coop\u00e9ration"},"content":{"rendered":"\n<p class=\"wp-block-paragraph\"><strong><em>R\u00e9unis \u00e0 Lom\u00e9 dans le cadre du suivi de la mise en \u0153uvre de l&rsquo;Accord-cadre de coop\u00e9ration en mati\u00e8re de s\u00e9curit\u00e9 et de renseignement sign\u00e9 le 26 avril 2018, \u00e0 Ouagadougou, les ministres de la s\u00e9curit\u00e9 de l&rsquo;UEMOA ont discut\u00e9 des avanc\u00e9es notables dans les diff\u00e9rents domaines identifi\u00e9s depuis lors. Ils ont \u00e9galement examin\u00e9 et appr\u00e9ci\u00e9 les derniers d\u00e9veloppements de la situation s\u00e9curitaire de l&rsquo;espace communautaire ainsi que le rapport sur la paix et la s\u00e9curit\u00e9 dans l&rsquo;espace UEMOA pour le premier semestre 2022.<\/em><\/strong><\/p>\n\n\n\n<p class=\"wp-block-paragraph\">Ceci en lien avec la feuille de route de 2021, adopt\u00e9e \u00e0 Abidjan qui fixe les principaux objectifs de cette coop\u00e9ration, \u00e0 savoir renforcer le partage d&rsquo;information et de renseignements ainsi que la lutte contre le terrorisme et la criminalit\u00e9 dans les zones transfrontali\u00e8res ; impliquer la population dans la pr\u00e9vention et la gestion des crises et des conflits et d\u00e9velopper des espaces frontaliers de paix et de s\u00e9curit\u00e9.&nbsp;<\/p>\n\n\n\n<p class=\"wp-block-paragraph\">Ce nouveau r\u00e9f\u00e9rentiel, qui couvre la p\u00e9riode 2021-2025, int\u00e8gre l&rsquo;appui \u00e0 la gestion s\u00e9curis\u00e9e des fronti\u00e8res, une des actions phares du Cadre d&rsquo;Actions Prioritaires \u00a0\u00bb Cap 2025 \u00a0\u00bb de la Commission de l&rsquo;UEMOA.<\/p>\n\n\n\n<p class=\"wp-block-paragraph\">D&rsquo;ailleurs la Commission a indiqu\u00e9 que les discussions de Lom\u00e9 sur le projet d&rsquo;informatisation et d&rsquo;interconnexion des postes de police dans l&rsquo;espace UEMOA est la r\u00e9ponse \u00e0 l&rsquo;une des importantes mesures du Plan d&rsquo;action pour la paix et la s\u00e9curit\u00e9 dans l&rsquo;espace UEMOA du 5 juin 2016.<\/p>\n\n\n<div class=\"wp-block-image\">\n<figure class=\"aligncenter size-large is-resized\"><img loading=\"lazy\" decoding=\"async\" src=\"https:\/\/macite.tg\/wp-content\/uploads\/2022\/11\/ANNONCES-1-1024x426.jpg\" alt=\"\" class=\"wp-image-1602\" width=\"802\" height=\"333\" srcset=\"https:\/\/macite.tg\/wp-content\/uploads\/2022\/11\/ANNONCES-1-1024x426.jpg 1024w, https:\/\/macite.tg\/wp-content\/uploads\/2022\/11\/ANNONCES-1-300x125.jpg 300w, https:\/\/macite.tg\/wp-content\/uploads\/2022\/11\/ANNONCES-1-768x319.jpg 768w, https:\/\/macite.tg\/wp-content\/uploads\/2022\/11\/ANNONCES-1.jpg 1080w\" sizes=\"auto, (max-width: 802px) 100vw, 802px\" \/><\/figure>\n<\/div>\n\n\n<p class=\"wp-block-paragraph\">Conform\u00e9ment aux orientations du pr\u00e9sident du Comit\u00e9 de Haut sur le chantier Paix et S\u00e9curit\u00e9, lors de sa 5\u00e8me r\u00e9union tenue \u00e0 Dakar, le 7 octobre 2022, la Commission de l&rsquo;UEMOA mobilisera 70% du budget global qui est de dix milliards soixante-cinq millions cent soixante mille (10.065.160.000).<\/p>\n\n\n\n<p class=\"wp-block-paragraph\"><em>\u00a0\u00ab\u00a0Je suis convaincu qu&rsquo;au regard de l&rsquo;importance de ce projet, vous saurez donner les orientations aux directeurs g\u00e9n\u00e9raux de la police nationale et \u00e0 l&rsquo;ensemble des acteurs nationaux pour leur forte implication dans le m\u00e9canisme de gouvernance et le dispositif de suivi de la mise en \u0153uvre du projet 2i-PPF <\/em>\u00ab\u00a0, a soulign\u00e9, M. Mamadu Serifo Jaquit\u00e9.<\/p>\n\n\n\n<p class=\"wp-block-paragraph\">Le ministre de la S\u00e9curit\u00e9 et de la Protection Civile du Togo, le G\u00e9n\u00e9ral de Brigade Damehame Yark, a rappel\u00e9 que l&rsquo;ins\u00e9curit\u00e9 est aujourd&rsquo;hui inscrite au rang le plus \u00e9lev\u00e9 de leurs pr\u00e9occupations, en particulier de celles des Chefs d\u2019\u00c9tat et de Gouvernement de l&rsquo;Union.<\/p>\n\n\n\n<p class=\"wp-block-paragraph\">Il a indiqu\u00e9 que, les menaces d&rsquo;actes terroristes se font de plus en plus complexes et les attaques se multiplient avec leur champ d&rsquo;action qui s&rsquo;est consid\u00e9rablement \u00e9largi, puisque aujourd&rsquo;hui, il comprend en plus de la zone du Sahel, une importante partie du Golfe de Guin\u00e9e.<\/p>\n\n\n\n<p class=\"wp-block-paragraph\">Saluant les r\u00e9sultats obtenus dans la mise en \u0153uvre de l&rsquo;Accord-cadre de coop\u00e9ration en mati\u00e8re de s\u00e9curit\u00e9 et de renseignement, ainsi que les dispositions prises pour en consolider les acquis.<\/p>\n\n\n\n<p class=\"wp-block-paragraph\">Yark Damehame a relev\u00e9 que dans le contexte actuel, nul a encore besoin de souligner la n\u00e9cessit\u00e9 pour les Etats de la zone de renforcer leurs initiatives visant \u00e0 mieux s\u00e9curiser nos territoires.<\/p>\n\n\n\n<p class=\"wp-block-paragraph\"><em>\u00a0\u00bb Il n&rsquo;y a donc pas d&rsquo;autre alternative que la coop\u00e9ration : coop\u00e9ration dans le domaine s\u00e9curitaire, coop\u00e9ration dans le domaine du d\u00e9veloppement \u00ab\u00a0, <\/em>a dit Yark.<\/p>\n\n\n\n<p class=\"wp-block-paragraph\"><strong>(IN LE MEDIUM n\u00b0527 du 15 au 21 novembre 2022)<\/strong><\/p>\n\n\n\n<p class=\"wp-block-paragraph\"><strong><em>@macite.info<\/em><\/strong><\/p>\n\n\n\n<p class=\"wp-block-paragraph\"><strong><em>E-mail&nbsp;: <\/em><\/strong><a href=\"mailto:maciteinfo@gmail.com\"><strong><em>maciteinfo@gmail.com<\/em><\/strong><\/a><strong><em>; <\/em><\/strong><a href=\"mailto:bawela1@gmail.com\"><strong><em>bawela1@gmail.com<\/em><\/strong><\/a><strong><em><\/em><\/strong><\/p>\n\n\n\n<p class=\"wp-block-paragraph\"><strong><em>Pour vos annonces, (publi)reportages, etc., joignez nous au (00228) 91515309\/<strong>79872224<\/strong><\/em><\/strong><em><\/em><\/p>\n\n\n\n<p class=\"wp-block-paragraph\"><a href=\"http:\/\/www.macite.info\"><strong><em>www.macite.info<\/em><\/strong><\/a><strong><em>, L\u2019information, la bonne&nbsp;!<\/em><\/strong><\/p>\n","protected":false},"excerpt":{"rendered":"<p class=\"text-justify mb-2\" >R\u00e9unis \u00e0 Lom\u00e9 dans le cadre du suivi de la mise en \u0153uvre de l&rsquo;Accord-cadre de coop\u00e9ration en mati\u00e8re de s\u00e9curit\u00e9 et de renseignement sign\u00e9 le 26 avril 2018, \u00e0 Ouagadougou, les ministres de la s\u00e9curit\u00e9 de l&rsquo;UEMOA ont discut\u00e9 des avanc\u00e9es notables dans les [&hellip;]<\/p>\n","protected":false},"author":2,"featured_media":1808,"comment_status":"open","ping_status":"open","sticky":false,"template":"","format":"standard","meta":{"footnotes":""},"categories":[28],"tags":[],"class_list":["post-1807","post","type-post","status-publish","format-standard","has-post-thumbnail","hentry","category-securite"],"yoast_head":"<!-- This site is optimized with the Yoast SEO plugin v28.4 - https:\/\/yoast.com\/product\/yoast-seo-wordpress\/ -->\n<title>Zone UEMOA\u00a0: Le ministre Yark appelle ses coll\u00e8gues \u00e0 une meilleure coop\u00e9ration -<\/title>\n<meta name=\"robots\" content=\"index, follow, max-snippet:-1, max-image-preview:large, max-video-preview:-1\" \/>\n<link rel=\"canonical\" href=\"https:\/\/macite.tg\/?p=1807\" \/>\n<meta property=\"og:locale\" content=\"fr_FR\" \/>\n<meta property=\"og:type\" content=\"article\" \/>\n<meta property=\"og:title\" content=\"Zone UEMOA\u00a0: Le ministre Yark appelle ses coll\u00e8gues \u00e0 une meilleure coop\u00e9ration -\" \/>\n<meta property=\"og:description\" content=\"R\u00e9unis \u00e0 Lom\u00e9 dans le cadre du suivi de la mise en \u0153uvre de l&rsquo;Accord-cadre de coop\u00e9ration en mati\u00e8re de s\u00e9curit\u00e9 et de renseignement sign\u00e9 le 26 avril 2018, \u00e0 Ouagadougou, les ministres de la s\u00e9curit\u00e9 de l&rsquo;UEMOA ont discut\u00e9 des avanc\u00e9es notables dans les [&hellip;]\" \/>\n<meta property=\"og:url\" content=\"https:\/\/macite.tg\/?p=1807\" \/>\n<meta property=\"article:published_time\" content=\"2022-11-15T10:51:02+00:00\" \/>\n<meta property=\"article:modified_time\" content=\"2022-11-15T10:51:03+00:00\" \/>\n<meta property=\"og:image\" content=\"https:\/\/macite.tg\/wp-content\/uploads\/2022\/11\/UEMOA.jpg\" \/>\n\t<meta property=\"og:image:width\" content=\"770\" \/>\n\t<meta property=\"og:image:height\" content=\"433\" \/>\n\t<meta property=\"og:image:type\" content=\"image\/jpeg\" \/>\n<meta name=\"author\" content=\"Jean Pierre BAWELA\" \/>\n<meta name=\"twitter:card\" content=\"summary_large_image\" \/>\n<meta name=\"twitter:label1\" content=\"\u00c9crit par\" \/>\n\t<meta name=\"twitter:data1\" content=\"Jean Pierre BAWELA\" \/>\n\t<meta name=\"twitter:label2\" content=\"Dur\u00e9e de lecture estim\u00e9e\" \/>\n\t<meta name=\"twitter:data2\" content=\"3 minutes\" \/>\n<script type=\"application\/ld+json\" class=\"yoast-schema-graph\">{\"@context\":\"https:\\\/\\\/schema.org\",\"@graph\":[{\"@type\":\"Article\",\"@id\":\"https:\\\/\\\/macite.tg\\\/?p=1807#article\",\"isPartOf\":{\"@id\":\"https:\\\/\\\/macite.tg\\\/?p=1807\"},\"author\":{\"name\":\"Jean Pierre BAWELA\",\"@id\":\"https:\\\/\\\/macite.tg\\\/#\\\/schema\\\/person\\\/e9f2de7e5dbbe7770a9402c7ce82f5c2\"},\"headline\":\"Zone UEMOA\u00a0: Le ministre Yark appelle ses coll\u00e8gues \u00e0 une meilleure coop\u00e9ration\",\"datePublished\":\"2022-11-15T10:51:02+00:00\",\"dateModified\":\"2022-11-15T10:51:03+00:00\",\"mainEntityOfPage\":{\"@id\":\"https:\\\/\\\/macite.tg\\\/?p=1807\"},\"wordCount\":621,\"commentCount\":0,\"image\":{\"@id\":\"https:\\\/\\\/macite.tg\\\/?p=1807#primaryimage\"},\"thumbnailUrl\":\"https:\\\/\\\/macite.tg\\\/wp-content\\\/uploads\\\/2022\\\/11\\\/UEMOA.jpg\",\"articleSection\":[\"SECURITE\"],\"inLanguage\":\"fr-FR\",\"potentialAction\":[{\"@type\":\"CommentAction\",\"name\":\"Comment\",\"target\":[\"https:\\\/\\\/macite.tg\\\/?p=1807#respond\"]}]},{\"@type\":\"WebPage\",\"@id\":\"https:\\\/\\\/macite.tg\\\/?p=1807\",\"url\":\"https:\\\/\\\/macite.tg\\\/?p=1807\",\"name\":\"Zone UEMOA\u00a0: Le ministre Yark appelle ses coll\u00e8gues \u00e0 une meilleure coop\u00e9ration -\",\"isPartOf\":{\"@id\":\"https:\\\/\\\/macite.tg\\\/#website\"},\"primaryImageOfPage\":{\"@id\":\"https:\\\/\\\/macite.tg\\\/?p=1807#primaryimage\"},\"image\":{\"@id\":\"https:\\\/\\\/macite.tg\\\/?p=1807#primaryimage\"},\"thumbnailUrl\":\"https:\\\/\\\/macite.tg\\\/wp-content\\\/uploads\\\/2022\\\/11\\\/UEMOA.jpg\",\"datePublished\":\"2022-11-15T10:51:02+00:00\",\"dateModified\":\"2022-11-15T10:51:03+00:00\",\"author\":{\"@id\":\"https:\\\/\\\/macite.tg\\\/#\\\/schema\\\/person\\\/e9f2de7e5dbbe7770a9402c7ce82f5c2\"},\"breadcrumb\":{\"@id\":\"https:\\\/\\\/macite.tg\\\/?p=1807#breadcrumb\"},\"inLanguage\":\"fr-FR\",\"potentialAction\":[{\"@type\":\"ReadAction\",\"target\":[\"https:\\\/\\\/macite.tg\\\/?p=1807\"]}]},{\"@type\":\"ImageObject\",\"inLanguage\":\"fr-FR\",\"@id\":\"https:\\\/\\\/macite.tg\\\/?p=1807#primaryimage\",\"url\":\"https:\\\/\\\/macite.tg\\\/wp-content\\\/uploads\\\/2022\\\/11\\\/UEMOA.jpg\",\"contentUrl\":\"https:\\\/\\\/macite.tg\\\/wp-content\\\/uploads\\\/2022\\\/11\\\/UEMOA.jpg\",\"width\":770,\"height\":433},{\"@type\":\"BreadcrumbList\",\"@id\":\"https:\\\/\\\/macite.tg\\\/?p=1807#breadcrumb\",\"itemListElement\":[{\"@type\":\"ListItem\",\"position\":1,\"name\":\"Accueil\",\"item\":\"https:\\\/\\\/macite.tg\\\/\"},{\"@type\":\"ListItem\",\"position\":2,\"name\":\"Zone UEMOA\u00a0: Le ministre Yark appelle ses coll\u00e8gues \u00e0 une meilleure coop\u00e9ration\"}]},{\"@type\":\"WebSite\",\"@id\":\"https:\\\/\\\/macite.tg\\\/#website\",\"url\":\"https:\\\/\\\/macite.tg\\\/\",\"name\":\"\",\"description\":\"L&#039;information, la bonne!!!\",\"potentialAction\":[{\"@type\":\"SearchAction\",\"target\":{\"@type\":\"EntryPoint\",\"urlTemplate\":\"https:\\\/\\\/macite.tg\\\/?s={search_term_string}\"},\"query-input\":{\"@type\":\"PropertyValueSpecification\",\"valueRequired\":true,\"valueName\":\"search_term_string\"}}],\"inLanguage\":\"fr-FR\"},{\"@type\":\"Person\",\"@id\":\"https:\\\/\\\/macite.tg\\\/#\\\/schema\\\/person\\\/e9f2de7e5dbbe7770a9402c7ce82f5c2\",\"name\":\"Jean Pierre BAWELA\",\"image\":{\"@type\":\"ImageObject\",\"inLanguage\":\"fr-FR\",\"@id\":\"https:\\\/\\\/macite.tg\\\/wp-content\\\/uploads\\\/2023\\\/09\\\/WhatsApp-Image-2023-09-19-at-14.44.41-122x122.jpeg\",\"url\":\"https:\\\/\\\/macite.tg\\\/wp-content\\\/uploads\\\/2023\\\/09\\\/WhatsApp-Image-2023-09-19-at-14.44.41-122x122.jpeg\",\"contentUrl\":\"https:\\\/\\\/macite.tg\\\/wp-content\\\/uploads\\\/2023\\\/09\\\/WhatsApp-Image-2023-09-19-at-14.44.41-122x122.jpeg\",\"caption\":\"Jean Pierre BAWELA\"},\"url\":\"https:\\\/\\\/macite.tg\\\/?author=2\"}]}<\/script>\n<!-- \/ Yoast SEO plugin. -->","yoast_head_json":{"title":"Zone UEMOA\u00a0: Le ministre Yark appelle ses coll\u00e8gues \u00e0 une meilleure coop\u00e9ration -","robots":{"index":"index","follow":"follow","max-snippet":"max-snippet:-1","max-image-preview":"max-image-preview:large","max-video-preview":"max-video-preview:-1"},"canonical":"https:\/\/macite.tg\/?p=1807","og_locale":"fr_FR","og_type":"article","og_title":"Zone UEMOA\u00a0: Le ministre Yark appelle ses coll\u00e8gues \u00e0 une meilleure coop\u00e9ration -","og_description":"R\u00e9unis \u00e0 Lom\u00e9 dans le cadre du suivi de la mise en \u0153uvre de l&rsquo;Accord-cadre de coop\u00e9ration en mati\u00e8re de s\u00e9curit\u00e9 et de renseignement sign\u00e9 le 26 avril 2018, \u00e0 Ouagadougou, les ministres de la s\u00e9curit\u00e9 de l&rsquo;UEMOA ont discut\u00e9 des avanc\u00e9es notables dans les [&hellip;]","og_url":"https:\/\/macite.tg\/?p=1807","article_published_time":"2022-11-15T10:51:02+00:00","article_modified_time":"2022-11-15T10:51:03+00:00","og_image":[{"width":770,"height":433,"url":"https:\/\/macite.tg\/wp-content\/uploads\/2022\/11\/UEMOA.jpg","type":"image\/jpeg"}],"author":"Jean Pierre BAWELA","twitter_card":"summary_large_image","twitter_misc":{"\u00c9crit par":"Jean Pierre BAWELA","Dur\u00e9e de lecture estim\u00e9e":"3 minutes"},"schema":{"@context":"https:\/\/schema.org","@graph":[{"@type":"Article","@id":"https:\/\/macite.tg\/?p=1807#article","isPartOf":{"@id":"https:\/\/macite.tg\/?p=1807"},"author":{"name":"Jean Pierre BAWELA","@id":"https:\/\/macite.tg\/#\/schema\/person\/e9f2de7e5dbbe7770a9402c7ce82f5c2"},"headline":"Zone UEMOA\u00a0: Le ministre Yark appelle ses coll\u00e8gues \u00e0 une meilleure coop\u00e9ration","datePublished":"2022-11-15T10:51:02+00:00","dateModified":"2022-11-15T10:51:03+00:00","mainEntityOfPage":{"@id":"https:\/\/macite.tg\/?p=1807"},"wordCount":621,"commentCount":0,"image":{"@id":"https:\/\/macite.tg\/?p=1807#primaryimage"},"thumbnailUrl":"https:\/\/macite.tg\/wp-content\/uploads\/2022\/11\/UEMOA.jpg","articleSection":["SECURITE"],"inLanguage":"fr-FR","potentialAction":[{"@type":"CommentAction","name":"Comment","target":["https:\/\/macite.tg\/?p=1807#respond"]}]},{"@type":"WebPage","@id":"https:\/\/macite.tg\/?p=1807","url":"https:\/\/macite.tg\/?p=1807","name":"Zone UEMOA\u00a0: Le ministre Yark appelle ses coll\u00e8gues \u00e0 une meilleure coop\u00e9ration -","isPartOf":{"@id":"https:\/\/macite.tg\/#website"},"primaryImageOfPage":{"@id":"https:\/\/macite.tg\/?p=1807#primaryimage"},"image":{"@id":"https:\/\/macite.tg\/?p=1807#primaryimage"},"thumbnailUrl":"https:\/\/macite.tg\/wp-content\/uploads\/2022\/11\/UEMOA.jpg","datePublished":"2022-11-15T10:51:02+00:00","dateModified":"2022-11-15T10:51:03+00:00","author":{"@id":"https:\/\/macite.tg\/#\/schema\/person\/e9f2de7e5dbbe7770a9402c7ce82f5c2"},"breadcrumb":{"@id":"https:\/\/macite.tg\/?p=1807#breadcrumb"},"inLanguage":"fr-FR","potentialAction":[{"@type":"ReadAction","target":["https:\/\/macite.tg\/?p=1807"]}]},{"@type":"ImageObject","inLanguage":"fr-FR","@id":"https:\/\/macite.tg\/?p=1807#primaryimage","url":"https:\/\/macite.tg\/wp-content\/uploads\/2022\/11\/UEMOA.jpg","contentUrl":"https:\/\/macite.tg\/wp-content\/uploads\/2022\/11\/UEMOA.jpg","width":770,"height":433},{"@type":"BreadcrumbList","@id":"https:\/\/macite.tg\/?p=1807#breadcrumb","itemListElement":[{"@type":"ListItem","position":1,"name":"Accueil","item":"https:\/\/macite.tg\/"},{"@type":"ListItem","position":2,"name":"Zone UEMOA\u00a0: Le ministre Yark appelle ses coll\u00e8gues \u00e0 une meilleure coop\u00e9ration"}]},{"@type":"WebSite","@id":"https:\/\/macite.tg\/#website","url":"https:\/\/macite.tg\/","name":"","description":"L&#039;information, la bonne!!!","potentialAction":[{"@type":"SearchAction","target":{"@type":"EntryPoint","urlTemplate":"https:\/\/macite.tg\/?s={search_term_string}"},"query-input":{"@type":"PropertyValueSpecification","valueRequired":true,"valueName":"search_term_string"}}],"inLanguage":"fr-FR"},{"@type":"Person","@id":"https:\/\/macite.tg\/#\/schema\/person\/e9f2de7e5dbbe7770a9402c7ce82f5c2","name":"Jean Pierre BAWELA","image":{"@type":"ImageObject","inLanguage":"fr-FR","@id":"https:\/\/macite.tg\/wp-content\/uploads\/2023\/09\/WhatsApp-Image-2023-09-19-at-14.44.41-122x122.jpeg","url":"https:\/\/macite.tg\/wp-content\/uploads\/2023\/09\/WhatsApp-Image-2023-09-19-at-14.44.41-122x122.jpeg","contentUrl":"https:\/\/macite.tg\/wp-content\/uploads\/2023\/09\/WhatsApp-Image-2023-09-19-at-14.44.41-122x122.jpeg","caption":"Jean Pierre BAWELA"},"url":"https:\/\/macite.tg\/?author=2"}]}},"_links":{"self":[{"href":"https:\/\/macite.tg\/index.php?rest_route=\/wp\/v2\/posts\/1807","targetHints":{"allow":["GET"]}}],"collection":[{"href":"https:\/\/macite.tg\/index.php?rest_route=\/wp\/v2\/posts"}],"about":[{"href":"https:\/\/macite.tg\/index.php?rest_route=\/wp\/v2\/types\/post"}],"author":[{"embeddable":true,"href":"https:\/\/macite.tg\/index.php?rest_route=\/wp\/v2\/users\/2"}],"replies":[{"embeddable":true,"href":"https:\/\/macite.tg\/index.php?rest_route=%2Fwp%2Fv2%2Fcomments&post=1807"}],"version-history":[{"count":0,"href":"https:\/\/macite.tg\/index.php?rest_route=\/wp\/v2\/posts\/1807\/revisions"}],"wp:featuredmedia":[{"embeddable":true,"href":"https:\/\/macite.tg\/index.php?rest_route=\/wp\/v2\/media\/1808"}],"wp:attachment":[{"href":"https:\/\/macite.tg\/index.php?rest_route=%2Fwp%2Fv2%2Fmedia&parent=1807"}],"wp:term":[{"taxonomy":"category","embeddable":true,"href":"https:\/\/macite.tg\/index.php?rest_route=%2Fwp%2Fv2%2Fcategories&post=1807"},{"taxonomy":"post_tag","embeddable":true,"href":"https:\/\/macite.tg\/index.php?rest_route=%2Fwp%2Fv2%2Ftags&post=1807"}],"curies":[{"name":"wp","href":"https:\/\/api.w.org\/{rel}","templated":true}]}}