{"id":17955,"date":"2024-11-14T14:41:07","date_gmt":"2024-11-14T14:41:07","guid":{"rendered":"https:\/\/macite.tg\/?p=17955"},"modified":"2024-11-14T14:41:14","modified_gmt":"2024-11-14T14:41:14","slug":"en-marge-des-travaux-de-la-cop29-le-president-faure-gnassingbe-mobilise-des-partenaires","status":"publish","type":"post","link":"https:\/\/macite.tg\/?p=17955","title":{"rendered":"EN MARGE DES TRAVAUX DE LA COP29\u00a0: Le Pr\u00e9sident Faure Gnassingb\u00e9 mobilise des partenaires \u2026"},"content":{"rendered":"\n<p class=\"wp-block-paragraph\"><strong><em>Pr\u00e9sent \u00e0 Bakou dans le cadre de la 29<sup>\u00e8me<\/sup> Conf\u00e9rence des Parties \u00e0 la Convention-cadre des Nations Unies sur les changements climatiques (Cop29), le Pr\u00e9sident de la R\u00e9publique, Faure Gnassingb\u00e9, a, en marge des travaux, re\u00e7u plusieurs personnalit\u00e9s pour discuter partenariat.<\/em><\/strong><\/p>\n\n\n\n<p class=\"wp-block-paragraph\">Hier 13 novembre, le leader togolais a \u00e9chang\u00e9 avec le Secr\u00e9taire ex\u00e9cutif du Fonds d\u2019\u00e9quipement des Nations unies d\u00e9di\u00e9 \u00e0 la mobilisation des capitaux (Undfc), Pradeep Kurukulasuriya et le Directeur g\u00e9n\u00e9ral de l\u2019Alliance mondiale pour l\u2019\u00e9nergie des peuples et de la plan\u00e8te, Woochong Um.<\/p>\n\n\n\n<p class=\"wp-block-paragraph\">Avec le Secr\u00e9taire ex\u00e9cutif de l\u2019Undfc, les \u00e9changes ont port\u00e9 sur le partenariat entre le Togo et l\u2019institution onusienne, notamment dans les domaines de l\u2019agriculture et des Petites et moyennes entreprises (Pme).<\/p>\n\n\n\n<figure class=\"wp-block-image size-full\"><img loading=\"lazy\" decoding=\"async\" width=\"768\" height=\"319\" src=\"https:\/\/macite.tg\/wp-content\/uploads\/2024\/11\/ANNONCES-1-768x319-1.jpg\" alt=\"\" class=\"wp-image-17930\" srcset=\"https:\/\/macite.tg\/wp-content\/uploads\/2024\/11\/ANNONCES-1-768x319-1.jpg 768w, https:\/\/macite.tg\/wp-content\/uploads\/2024\/11\/ANNONCES-1-768x319-1-300x125.jpg 300w\" sizes=\"auto, (max-width: 768px) 100vw, 768px\" \/><\/figure>\n\n\n\n<p class=\"wp-block-paragraph\"><em>\u00ab&nbsp;Tr\u00e8s ravi&nbsp;\u00bb<\/em> de cette entrevue, Pradeep Kurukulasuriya a expliqu\u00e9 qu\u2019il \u00e9tait question, lors des \u00e9changes, de <em>\u00ab&nbsp;mobiliser des fonds au Togo, avec le soutien aussi du syst\u00e8me des Nations Unies dans les secteurs de l\u2019agriculture et accompagner les Pme en mati\u00e8re de risque sur les march\u00e9s comme cela se fait aussi dans les autres pays du continent \u00bb. <\/em>Ainsi, le Fonds entend, en plus de mobiliser d\u2019autres ressources financi\u00e8res pour les secteurs public et priv\u00e9, apporter des garanties aux services financiers locaux pour augmenter les investissements.<\/p>\n\n\n\n<p class=\"wp-block-paragraph\">S\u2019agissant de l\u2019entretien avec le Directeur g\u00e9n\u00e9ral de l\u2019Alliance Mondiale pour l\u2019\u00c9nergie des Peuples et de la Plan\u00e8te, les \u00e9changes ont port\u00e9 sur les priorit\u00e9s nationales de d\u00e9veloppement et la collaboration pour favoriser le d\u00e9veloppement durable \u00e0 partir des \u00e9nergies renouvelables et soutenir les efforts nationaux de r\u00e9silience climatique du Togo.<\/p>\n\n\n\n<p class=\"wp-block-paragraph\"><em>\u00ab Nous avons eu une tr\u00e8s bonne discussion avec le Pr\u00e9sident du Togo \u00e0 l\u2019instant sur la mani\u00e8re dont nous pouvons continuer \u00e0 collaborer afin de fournir des solutions au pays, notamment \u00e0 travers l\u2019\u00e9nergie renouvelable et le stockage de l\u2019\u00e9nergie par batterie. Car la s\u00e9curit\u00e9 \u00e9nerg\u00e9tique est importante pour le Togo. Nous sommes tr\u00e8s heureux et satisfaits de la conversation avec le Pr\u00e9sident du Togo et nous saluons son engagement \u00e0 fournir une \u00e9nergie s\u00fbre et propre \u00e0 son peuple \u00bb,<\/em> a expliqu\u00e9 Woochong Um.<\/p>\n\n\n<div class=\"wp-block-image\">\n<figure class=\"aligncenter size-large is-resized\"><img loading=\"lazy\" decoding=\"async\" src=\"https:\/\/macite.tg\/wp-content\/uploads\/2024\/11\/Banques_OTR-1-710x1024.jpeg\" alt=\"\" class=\"wp-image-17914\" width=\"618\" height=\"891\" srcset=\"https:\/\/macite.tg\/wp-content\/uploads\/2024\/11\/Banques_OTR-1-710x1024.jpeg 710w, https:\/\/macite.tg\/wp-content\/uploads\/2024\/11\/Banques_OTR-1-208x300.jpeg 208w, https:\/\/macite.tg\/wp-content\/uploads\/2024\/11\/Banques_OTR-1-768x1107.jpeg 768w, https:\/\/macite.tg\/wp-content\/uploads\/2024\/11\/Banques_OTR-1.jpeg 888w\" sizes=\"auto, (max-width: 618px) 100vw, 618px\" \/><\/figure>\n<\/div>\n\n\n<p class=\"wp-block-paragraph\">M. Woochong Um a saisi l\u2019occasion pour r\u00e9affirmer la volont\u00e9 de son institution de venir en aide au Togo dans son apport aux Contributions D\u00e9termin\u00e9es au Niveau National (Cnd) pour atteindre les objectifs climatiques, ceci dans l\u2019optique d\u2019assurer un avenir s\u00fbr \u00e0 notre plan\u00e8te.<\/p>\n\n\n\n<p class=\"wp-block-paragraph\">Notons que l\u2019Alliance Mondiale pour l\u2019\u00c9nergie des Peuples et de la Plan\u00e8te propose une nouvelle approche pour r\u00e9duire la pauvret\u00e9 \u00e9nerg\u00e9tique dans le cadre d\u2019une transition \u00e9nerg\u00e9tique verte en pilotant des politiques, des financements et d\u2019autres approches nouvelles et innovantes, qui peuvent \u00eatre appliqu\u00e9es \u00e0 grande \u00e9chelle dans les pays en d\u00e9veloppement.<\/p>\n\n\n\n<p class=\"wp-block-paragraph\"><strong>JPB<\/strong><\/p>\n\n\n\n<p class=\"wp-block-paragraph\"><strong><em>@macite.tg&nbsp;&nbsp;&nbsp;&nbsp;&nbsp;&nbsp;&nbsp;&nbsp;<\/em><\/strong><\/p>\n\n\n\n<p class=\"wp-block-paragraph\"><strong><em>E-mail&nbsp;: <\/em><\/strong><a href=\"mailto:maciteinfo@gmail.com\"><strong><em>maciteinfo@gmail.com<\/em><\/strong><\/a><strong><em>; <\/em><\/strong><a href=\"mailto:bawela1@gmail.com\"><strong><em>bawela1@gmail.com<\/em><\/strong><\/a><strong><em><\/em><\/strong><\/p>\n\n\n\n<p class=\"wp-block-paragraph\"><strong><em>Pour vos annonces, (publi)reportages, etc., joignez-nous au (00228)91515309\/<strong>79872224 <\/strong>www.macite.tg, L\u2019information, la bonne&nbsp;!<\/em><\/strong><\/p>\n","protected":false},"excerpt":{"rendered":"<p class=\"text-justify mb-2\" >Pr\u00e9sent \u00e0 Bakou dans le cadre de la 29\u00e8me Conf\u00e9rence des Parties \u00e0 la Convention-cadre des Nations Unies sur les changements climatiques (Cop29), le Pr\u00e9sident de la R\u00e9publique, Faure Gnassingb\u00e9, a, en marge des travaux, re\u00e7u plusieurs personnalit\u00e9s pour discuter partenariat. Hier 13 novembre, le [&hellip;]<\/p>\n","protected":false},"author":2,"featured_media":17957,"comment_status":"open","ping_status":"open","sticky":false,"template":"","format":"standard","meta":{"footnotes":""},"categories":[20,16],"tags":[],"class_list":["post-17955","post","type-post","status-publish","format-standard","has-post-thumbnail","hentry","category-actualite","category-cooperation"],"yoast_head":"<!-- This site is optimized with the Yoast SEO plugin v28.4 - https:\/\/yoast.com\/product\/yoast-seo-wordpress\/ -->\n<title>EN MARGE DES TRAVAUX DE LA COP29\u00a0: Le Pr\u00e9sident Faure Gnassingb\u00e9 mobilise des partenaires \u2026 -<\/title>\n<meta name=\"robots\" content=\"index, follow, max-snippet:-1, max-image-preview:large, max-video-preview:-1\" \/>\n<link rel=\"canonical\" href=\"https:\/\/macite.tg\/?p=17955\" \/>\n<meta property=\"og:locale\" content=\"fr_FR\" \/>\n<meta property=\"og:type\" content=\"article\" \/>\n<meta property=\"og:title\" content=\"EN MARGE DES TRAVAUX DE LA COP29\u00a0: Le Pr\u00e9sident Faure Gnassingb\u00e9 mobilise des partenaires \u2026 -\" \/>\n<meta property=\"og:description\" content=\"Pr\u00e9sent \u00e0 Bakou dans le cadre de la 29\u00e8me Conf\u00e9rence des Parties \u00e0 la Convention-cadre des Nations Unies sur les changements climatiques (Cop29), le Pr\u00e9sident de la R\u00e9publique, Faure Gnassingb\u00e9, a, en marge des travaux, re\u00e7u plusieurs personnalit\u00e9s pour discuter partenariat. Hier 13 novembre, le [&hellip;]\" \/>\n<meta property=\"og:url\" content=\"https:\/\/macite.tg\/?p=17955\" \/>\n<meta property=\"article:published_time\" content=\"2024-11-14T14:41:07+00:00\" \/>\n<meta property=\"article:modified_time\" content=\"2024-11-14T14:41:14+00:00\" \/>\n<meta property=\"og:image\" content=\"https:\/\/macite.tg\/wp-content\/uploads\/2024\/11\/FEU-BAKOU.jpg\" \/>\n\t<meta property=\"og:image:width\" content=\"500\" \/>\n\t<meta property=\"og:image:height\" content=\"164\" \/>\n\t<meta property=\"og:image:type\" content=\"image\/jpeg\" \/>\n<meta name=\"author\" content=\"Jean Pierre BAWELA\" \/>\n<meta name=\"twitter:card\" content=\"summary_large_image\" \/>\n<meta name=\"twitter:label1\" content=\"\u00c9crit par\" \/>\n\t<meta name=\"twitter:data1\" content=\"Jean Pierre BAWELA\" \/>\n\t<meta name=\"twitter:label2\" content=\"Dur\u00e9e de lecture estim\u00e9e\" \/>\n\t<meta name=\"twitter:data2\" content=\"3 minutes\" \/>\n<script type=\"application\/ld+json\" class=\"yoast-schema-graph\">{\"@context\":\"https:\\\/\\\/schema.org\",\"@graph\":[{\"@type\":\"Article\",\"@id\":\"https:\\\/\\\/macite.tg\\\/?p=17955#article\",\"isPartOf\":{\"@id\":\"https:\\\/\\\/macite.tg\\\/?p=17955\"},\"author\":{\"name\":\"Jean Pierre BAWELA\",\"@id\":\"https:\\\/\\\/macite.tg\\\/#\\\/schema\\\/person\\\/e9f2de7e5dbbe7770a9402c7ce82f5c2\"},\"headline\":\"EN MARGE DES TRAVAUX DE LA COP29\u00a0: Le Pr\u00e9sident Faure Gnassingb\u00e9 mobilise des partenaires \u2026\",\"datePublished\":\"2024-11-14T14:41:07+00:00\",\"dateModified\":\"2024-11-14T14:41:14+00:00\",\"mainEntityOfPage\":{\"@id\":\"https:\\\/\\\/macite.tg\\\/?p=17955\"},\"wordCount\":542,\"commentCount\":0,\"image\":{\"@id\":\"https:\\\/\\\/macite.tg\\\/?p=17955#primaryimage\"},\"thumbnailUrl\":\"https:\\\/\\\/macite.tg\\\/wp-content\\\/uploads\\\/2024\\\/11\\\/FEU-BAKOU.jpg\",\"articleSection\":[\"ACTUALITE\",\"COOPERATION\"],\"inLanguage\":\"fr-FR\",\"potentialAction\":[{\"@type\":\"CommentAction\",\"name\":\"Comment\",\"target\":[\"https:\\\/\\\/macite.tg\\\/?p=17955#respond\"]}]},{\"@type\":\"WebPage\",\"@id\":\"https:\\\/\\\/macite.tg\\\/?p=17955\",\"url\":\"https:\\\/\\\/macite.tg\\\/?p=17955\",\"name\":\"EN MARGE DES TRAVAUX DE LA COP29\u00a0: Le Pr\u00e9sident Faure Gnassingb\u00e9 mobilise des partenaires \u2026 -\",\"isPartOf\":{\"@id\":\"https:\\\/\\\/macite.tg\\\/#website\"},\"primaryImageOfPage\":{\"@id\":\"https:\\\/\\\/macite.tg\\\/?p=17955#primaryimage\"},\"image\":{\"@id\":\"https:\\\/\\\/macite.tg\\\/?p=17955#primaryimage\"},\"thumbnailUrl\":\"https:\\\/\\\/macite.tg\\\/wp-content\\\/uploads\\\/2024\\\/11\\\/FEU-BAKOU.jpg\",\"datePublished\":\"2024-11-14T14:41:07+00:00\",\"dateModified\":\"2024-11-14T14:41:14+00:00\",\"author\":{\"@id\":\"https:\\\/\\\/macite.tg\\\/#\\\/schema\\\/person\\\/e9f2de7e5dbbe7770a9402c7ce82f5c2\"},\"breadcrumb\":{\"@id\":\"https:\\\/\\\/macite.tg\\\/?p=17955#breadcrumb\"},\"inLanguage\":\"fr-FR\",\"potentialAction\":[{\"@type\":\"ReadAction\",\"target\":[\"https:\\\/\\\/macite.tg\\\/?p=17955\"]}]},{\"@type\":\"ImageObject\",\"inLanguage\":\"fr-FR\",\"@id\":\"https:\\\/\\\/macite.tg\\\/?p=17955#primaryimage\",\"url\":\"https:\\\/\\\/macite.tg\\\/wp-content\\\/uploads\\\/2024\\\/11\\\/FEU-BAKOU.jpg\",\"contentUrl\":\"https:\\\/\\\/macite.tg\\\/wp-content\\\/uploads\\\/2024\\\/11\\\/FEU-BAKOU.jpg\",\"width\":500,\"height\":164},{\"@type\":\"BreadcrumbList\",\"@id\":\"https:\\\/\\\/macite.tg\\\/?p=17955#breadcrumb\",\"itemListElement\":[{\"@type\":\"ListItem\",\"position\":1,\"name\":\"Accueil\",\"item\":\"https:\\\/\\\/macite.tg\\\/\"},{\"@type\":\"ListItem\",\"position\":2,\"name\":\"EN MARGE DES TRAVAUX DE LA COP29\u00a0: Le Pr\u00e9sident Faure Gnassingb\u00e9 mobilise des partenaires \u2026\"}]},{\"@type\":\"WebSite\",\"@id\":\"https:\\\/\\\/macite.tg\\\/#website\",\"url\":\"https:\\\/\\\/macite.tg\\\/\",\"name\":\"\",\"description\":\"L&#039;information, la bonne!!!\",\"potentialAction\":[{\"@type\":\"SearchAction\",\"target\":{\"@type\":\"EntryPoint\",\"urlTemplate\":\"https:\\\/\\\/macite.tg\\\/?s={search_term_string}\"},\"query-input\":{\"@type\":\"PropertyValueSpecification\",\"valueRequired\":true,\"valueName\":\"search_term_string\"}}],\"inLanguage\":\"fr-FR\"},{\"@type\":\"Person\",\"@id\":\"https:\\\/\\\/macite.tg\\\/#\\\/schema\\\/person\\\/e9f2de7e5dbbe7770a9402c7ce82f5c2\",\"name\":\"Jean Pierre BAWELA\",\"image\":{\"@type\":\"ImageObject\",\"inLanguage\":\"fr-FR\",\"@id\":\"https:\\\/\\\/macite.tg\\\/wp-content\\\/uploads\\\/2023\\\/09\\\/WhatsApp-Image-2023-09-19-at-14.44.41-122x122.jpeg\",\"url\":\"https:\\\/\\\/macite.tg\\\/wp-content\\\/uploads\\\/2023\\\/09\\\/WhatsApp-Image-2023-09-19-at-14.44.41-122x122.jpeg\",\"contentUrl\":\"https:\\\/\\\/macite.tg\\\/wp-content\\\/uploads\\\/2023\\\/09\\\/WhatsApp-Image-2023-09-19-at-14.44.41-122x122.jpeg\",\"caption\":\"Jean Pierre BAWELA\"},\"url\":\"https:\\\/\\\/macite.tg\\\/?author=2\"}]}<\/script>\n<!-- \/ Yoast SEO plugin. -->","yoast_head_json":{"title":"EN MARGE DES TRAVAUX DE LA COP29\u00a0: Le Pr\u00e9sident Faure Gnassingb\u00e9 mobilise des partenaires \u2026 -","robots":{"index":"index","follow":"follow","max-snippet":"max-snippet:-1","max-image-preview":"max-image-preview:large","max-video-preview":"max-video-preview:-1"},"canonical":"https:\/\/macite.tg\/?p=17955","og_locale":"fr_FR","og_type":"article","og_title":"EN MARGE DES TRAVAUX DE LA COP29\u00a0: Le Pr\u00e9sident Faure Gnassingb\u00e9 mobilise des partenaires \u2026 -","og_description":"Pr\u00e9sent \u00e0 Bakou dans le cadre de la 29\u00e8me Conf\u00e9rence des Parties \u00e0 la Convention-cadre des Nations Unies sur les changements climatiques (Cop29), le Pr\u00e9sident de la R\u00e9publique, Faure Gnassingb\u00e9, a, en marge des travaux, re\u00e7u plusieurs personnalit\u00e9s pour discuter partenariat. Hier 13 novembre, le [&hellip;]","og_url":"https:\/\/macite.tg\/?p=17955","article_published_time":"2024-11-14T14:41:07+00:00","article_modified_time":"2024-11-14T14:41:14+00:00","og_image":[{"width":500,"height":164,"url":"https:\/\/macite.tg\/wp-content\/uploads\/2024\/11\/FEU-BAKOU.jpg","type":"image\/jpeg"}],"author":"Jean Pierre BAWELA","twitter_card":"summary_large_image","twitter_misc":{"\u00c9crit par":"Jean Pierre BAWELA","Dur\u00e9e de lecture estim\u00e9e":"3 minutes"},"schema":{"@context":"https:\/\/schema.org","@graph":[{"@type":"Article","@id":"https:\/\/macite.tg\/?p=17955#article","isPartOf":{"@id":"https:\/\/macite.tg\/?p=17955"},"author":{"name":"Jean Pierre BAWELA","@id":"https:\/\/macite.tg\/#\/schema\/person\/e9f2de7e5dbbe7770a9402c7ce82f5c2"},"headline":"EN MARGE DES TRAVAUX DE LA COP29\u00a0: Le Pr\u00e9sident Faure Gnassingb\u00e9 mobilise des partenaires \u2026","datePublished":"2024-11-14T14:41:07+00:00","dateModified":"2024-11-14T14:41:14+00:00","mainEntityOfPage":{"@id":"https:\/\/macite.tg\/?p=17955"},"wordCount":542,"commentCount":0,"image":{"@id":"https:\/\/macite.tg\/?p=17955#primaryimage"},"thumbnailUrl":"https:\/\/macite.tg\/wp-content\/uploads\/2024\/11\/FEU-BAKOU.jpg","articleSection":["ACTUALITE","COOPERATION"],"inLanguage":"fr-FR","potentialAction":[{"@type":"CommentAction","name":"Comment","target":["https:\/\/macite.tg\/?p=17955#respond"]}]},{"@type":"WebPage","@id":"https:\/\/macite.tg\/?p=17955","url":"https:\/\/macite.tg\/?p=17955","name":"EN MARGE DES TRAVAUX DE LA COP29\u00a0: Le Pr\u00e9sident Faure Gnassingb\u00e9 mobilise des partenaires \u2026 -","isPartOf":{"@id":"https:\/\/macite.tg\/#website"},"primaryImageOfPage":{"@id":"https:\/\/macite.tg\/?p=17955#primaryimage"},"image":{"@id":"https:\/\/macite.tg\/?p=17955#primaryimage"},"thumbnailUrl":"https:\/\/macite.tg\/wp-content\/uploads\/2024\/11\/FEU-BAKOU.jpg","datePublished":"2024-11-14T14:41:07+00:00","dateModified":"2024-11-14T14:41:14+00:00","author":{"@id":"https:\/\/macite.tg\/#\/schema\/person\/e9f2de7e5dbbe7770a9402c7ce82f5c2"},"breadcrumb":{"@id":"https:\/\/macite.tg\/?p=17955#breadcrumb"},"inLanguage":"fr-FR","potentialAction":[{"@type":"ReadAction","target":["https:\/\/macite.tg\/?p=17955"]}]},{"@type":"ImageObject","inLanguage":"fr-FR","@id":"https:\/\/macite.tg\/?p=17955#primaryimage","url":"https:\/\/macite.tg\/wp-content\/uploads\/2024\/11\/FEU-BAKOU.jpg","contentUrl":"https:\/\/macite.tg\/wp-content\/uploads\/2024\/11\/FEU-BAKOU.jpg","width":500,"height":164},{"@type":"BreadcrumbList","@id":"https:\/\/macite.tg\/?p=17955#breadcrumb","itemListElement":[{"@type":"ListItem","position":1,"name":"Accueil","item":"https:\/\/macite.tg\/"},{"@type":"ListItem","position":2,"name":"EN MARGE DES TRAVAUX DE LA COP29\u00a0: Le Pr\u00e9sident Faure Gnassingb\u00e9 mobilise des partenaires \u2026"}]},{"@type":"WebSite","@id":"https:\/\/macite.tg\/#website","url":"https:\/\/macite.tg\/","name":"","description":"L&#039;information, la bonne!!!","potentialAction":[{"@type":"SearchAction","target":{"@type":"EntryPoint","urlTemplate":"https:\/\/macite.tg\/?s={search_term_string}"},"query-input":{"@type":"PropertyValueSpecification","valueRequired":true,"valueName":"search_term_string"}}],"inLanguage":"fr-FR"},{"@type":"Person","@id":"https:\/\/macite.tg\/#\/schema\/person\/e9f2de7e5dbbe7770a9402c7ce82f5c2","name":"Jean Pierre BAWELA","image":{"@type":"ImageObject","inLanguage":"fr-FR","@id":"https:\/\/macite.tg\/wp-content\/uploads\/2023\/09\/WhatsApp-Image-2023-09-19-at-14.44.41-122x122.jpeg","url":"https:\/\/macite.tg\/wp-content\/uploads\/2023\/09\/WhatsApp-Image-2023-09-19-at-14.44.41-122x122.jpeg","contentUrl":"https:\/\/macite.tg\/wp-content\/uploads\/2023\/09\/WhatsApp-Image-2023-09-19-at-14.44.41-122x122.jpeg","caption":"Jean Pierre BAWELA"},"url":"https:\/\/macite.tg\/?author=2"}]}},"_links":{"self":[{"href":"https:\/\/macite.tg\/index.php?rest_route=\/wp\/v2\/posts\/17955","targetHints":{"allow":["GET"]}}],"collection":[{"href":"https:\/\/macite.tg\/index.php?rest_route=\/wp\/v2\/posts"}],"about":[{"href":"https:\/\/macite.tg\/index.php?rest_route=\/wp\/v2\/types\/post"}],"author":[{"embeddable":true,"href":"https:\/\/macite.tg\/index.php?rest_route=\/wp\/v2\/users\/2"}],"replies":[{"embeddable":true,"href":"https:\/\/macite.tg\/index.php?rest_route=%2Fwp%2Fv2%2Fcomments&post=17955"}],"version-history":[{"count":0,"href":"https:\/\/macite.tg\/index.php?rest_route=\/wp\/v2\/posts\/17955\/revisions"}],"wp:featuredmedia":[{"embeddable":true,"href":"https:\/\/macite.tg\/index.php?rest_route=\/wp\/v2\/media\/17957"}],"wp:attachment":[{"href":"https:\/\/macite.tg\/index.php?rest_route=%2Fwp%2Fv2%2Fmedia&parent=17955"}],"wp:term":[{"taxonomy":"category","embeddable":true,"href":"https:\/\/macite.tg\/index.php?rest_route=%2Fwp%2Fv2%2Fcategories&post=17955"},{"taxonomy":"post_tag","embeddable":true,"href":"https:\/\/macite.tg\/index.php?rest_route=%2Fwp%2Fv2%2Ftags&post=17955"}],"curies":[{"name":"wp","href":"https:\/\/api.w.org\/{rel}","templated":true}]}}