{"id":17952,"date":"2024-11-14T14:04:50","date_gmt":"2024-11-14T14:04:50","guid":{"rendered":"https:\/\/macite.tg\/?p=17952"},"modified":"2024-11-14T14:05:11","modified_gmt":"2024-11-14T14:05:11","slug":"du-centre-saint-jean-de-lome-a-lumen-valley-de-kara-pere-etienne-boudet-ce-grand-batisseur-hors-pair","status":"publish","type":"post","link":"https:\/\/macite.tg\/?p=17952","title":{"rendered":"DU CENTRE SAINT JEAN DE LOME A LUMEN VALLEY DE KARA : P\u00e8re \u00c9tienne Boudet, ce grand b\u00e2tisseur hors pair"},"content":{"rendered":"\n<p class=\"wp-block-paragraph\"><strong><em>Apr\u00e8s avoir r\u00e9ussi \u00e0 faire du d\u00e9potoir le plus puant du quartier Tokoin Nutifafa o\u00f9 cohabitaient montages d\u2019ordures et gangs les plus redoutables de Lom\u00e9, l\u2019un des centres les plus chics de Lom\u00e9, le p\u00e8re \u00c9tienne Boudet dompte la for\u00eat de Djamd\u00e8 et \u00e9rige un paradis sur terre la Lumen Valley. La qualit\u00e9 du centre Saint Jean de Lom\u00e9 et de Lumen Valley \u00e0 Kara et ce malgr\u00e9 les obstacles de tout ordre, fait du promoteur un grand architecte et b\u00e2tisseur hors pair.&nbsp;<\/em><\/strong><\/p>\n\n\n\n<p class=\"wp-block-paragraph\">Ordonn\u00e9 pr\u00eatre de J\u00e9sus Christ dans la congr\u00e9gation des Fr\u00e8res Saint -Jean en 1994, le fr\u00e8re \u00c9tienne a d\u2019abord fond\u00e9 un prieur\u00e9 en Autriche. Il a ensuite \u00e9t\u00e9 envoy\u00e9 au Togo en septembre 2001 et a \u0153uvr\u00e9 \u00e0 la fondation \u00e0 Lom\u00e9, capitale du Togo, d\u2019un centre reconnu sur tout le territoire : la paroisse universitaire de Lom\u00e9 et l\u2019Agora Senghor.<\/p>\n\n\n\n<p class=\"wp-block-paragraph\">Le chantier s\u2019est \u00e9tendu sur 8 ann\u00e9es (\u00e9dification de l\u2019\u00e9glise paroissiale, de la m\u00e9diath\u00e8que Jean-Paul II, du centre de conf\u00e9rence Agora Senghor, de la caf\u00e9t\u00e9ria, d\u2019un espace sportif\u2026) en parall\u00e8le avec la mise en place de la pastorale pour les universitaires et les \u00e9tudiants. C\u2019est un v\u00e9ritable carrefour de rencontres entre les \u00e9tudiants, les universitaires, les acteurs \u00e9conomiques et professionnels et des paroissiens fid\u00e8les. De nombreuses vocations et engagements y sont n\u00e9s.<\/p>\n\n\n<div class=\"wp-block-image\">\n<figure class=\"aligncenter size-full\"><img loading=\"lazy\" decoding=\"async\" width=\"768\" height=\"319\" src=\"https:\/\/macite.tg\/wp-content\/uploads\/2024\/11\/ANNONCES-1-768x319-1.jpg\" alt=\"\" class=\"wp-image-17930\" srcset=\"https:\/\/macite.tg\/wp-content\/uploads\/2024\/11\/ANNONCES-1-768x319-1.jpg 768w, https:\/\/macite.tg\/wp-content\/uploads\/2024\/11\/ANNONCES-1-768x319-1-300x125.jpg 300w\" sizes=\"auto, (max-width: 768px) 100vw, 768px\" \/><\/figure>\n<\/div>\n\n\n<p class=\"wp-block-paragraph\">La construction de ce joyau n\u2019a pas \u00e9t\u00e9 du tout ais\u00e9e pour le fran\u00e7ais.&nbsp; Sur le plan administratif le litige foncier suscit\u00e9 par un faux propri\u00e9taire, a apr\u00e8s de multiples confrontations devant les tribunaux, finalement tranch\u00e9 sous Lom\u00e9 2. Si sous la conduite du feu Mgr Philippe Fanoko Kpodzro, le Pr\u00e9sident de la R\u00e9publique feu G\u00e9n\u00e9ral Gnassingb\u00e9 Eyadema \u00e0 travers cette expression <em>\u00ab un terrain avec un titre foncier est inattaquable \u00bb, <\/em>a mis fin aux tracasseries judiciaires,<\/p>\n\n\n\n<p class=\"wp-block-paragraph\"><strong>Sur le plan spirituel<\/strong>, le p\u00e8re Etienne devra user de sa fois pour se d\u00e9faire de la d\u00e9monstration mystique du camp d\u00e9faitiste. Apr\u00e8s \u00eatre d\u00e9bout\u00e9 par la franchise du chef de l\u2019Etat, les concurrents usurpateurs sans titre foncier du terrain du bas fond saint Jo vont recourir aux puissants f\u00e9ticheurs du B\u00e9nin. Ces derniers vont installer des gros autels de vodou sur le terrain en mena\u00e7ant de mort toute personne qui mettrait pied. Cette situation qui se pr\u00e9sente comme un d\u00e9fi entre pr\u00eatre catholique et pr\u00eatres vaudou n\u2019\u00e9tait, au nom de la foi en christ qu\u2019un jeu d\u2019enfant pour Etienne. C\u2019est par un sachet d\u2019eau de 25f pay\u00e9 sur place au bord de la route et b\u00e9nie en suite que ce dernier va neutraliser les pouvoirs mystiques venus du Benin au grand \u00e9tonnement des riverains et \u00e0 la joie des fid\u00e8les. Il n\u2019a pas tard\u00e9 pour faire d\u00e9molir tous ces autels par les jeunes \u00e9tudiants de la Paroisse et amorcer tranquillement les travaux de la construction du centre de Saint jean de Lom\u00e9.<\/p>\n\n\n\n<p class=\"wp-block-paragraph\">C\u2019est cette exp\u00e9rience r\u00e9ussie \u00e0 Lom\u00e9 qui a conduit la Congr\u00e9gation \u00e0 lancer le projet de la Lumen Valley, reprenant la volont\u00e9 de donner aux jeunes un avenir durable, mais cette fois-ci dans le cadre sp\u00e9cifique du Nord du Togo.<\/p>\n\n\n<div class=\"wp-block-image\">\n<figure class=\"aligncenter size-full is-resized\"><img loading=\"lazy\" decoding=\"async\" src=\"https:\/\/macite.tg\/wp-content\/uploads\/2024\/11\/IMG-20240313-WA0013.jpg\" alt=\"\" class=\"wp-image-17884\" width=\"836\" height=\"206\" srcset=\"https:\/\/macite.tg\/wp-content\/uploads\/2024\/11\/IMG-20240313-WA0013.jpg 690w, https:\/\/macite.tg\/wp-content\/uploads\/2024\/11\/IMG-20240313-WA0013-300x74.jpg 300w\" sizes=\"auto, (max-width: 836px) 100vw, 836px\" \/><\/figure>\n<\/div>\n\n\n<p class=\"wp-block-paragraph\">L\u2019\u00c9glise ne peut se contenter d\u2019\u00e9tablir le constat. Elle n\u2019a pas pour vocation de r\u00e9soudre les probl\u00e8mes \u00e9conomiques \u00e0 l\u2019\u00e9chelle d\u2019une nation mais comme elle le fit magistralement pour l\u2019Europe et d\u2019autres continents, l\u2019\u00c9glise apporte une lumi\u00e8re au c\u0153ur des luttes de ce monde et se doit de poser des t\u00e9moins concrets, souvent de mani\u00e8re proph\u00e9tique pour indiquer des voies sur le long terme. Avec 50 \u00e0 60% de la population qui est au-dessous de 20 ans, l\u2019Afrique fait face \u00e0 un d\u00e9fi majeur. La Lumen Valley est un mod\u00e8le clef pour r\u00e9pondre aux enjeux de d\u00e9veloppement des prochaines ann\u00e9es.<\/p>\n\n\n\n<p class=\"wp-block-paragraph\">Pr\u00e9sents dans six (06) pays africains et pleinement conscients des enjeux immenses devant nous, les fr\u00e8res de Saint Jean souhaitent offrir \u00e0 la jeunesse africaine une lumi\u00e8re d\u2019avenir cr\u00e9ative et profonde <em>: \u00ab cette lumi\u00e8re viendra illuminer de l\u2019int\u00e9rieur la formation au sein du travail, les \u00e9changes mutuels, la contemplation de la nature et la recherche de la v\u00e9rit\u00e9 ; ainsi v\u00e9cues, ces exp\u00e9riences conduiront \u00e0 la confiance renouvel\u00e9e, \u00e0 l\u2019esp\u00e9rance et \u00e0 la communion \u00bb<\/em>.<\/p>\n\n\n\n<p class=\"wp-block-paragraph\">&nbsp; Coupure de ruban m\u00e9morial, un geste symbolique du Pr\u00e9sident de la R\u00e9publique, Faure Essozimna Gnassingb\u00e9 pour inaugurer, le samedi 09 novembre 2024 \u00e0 Djamd\u00e8, le premier Centre international de ressourcement et d\u2019\u00e9cotourisme de Kara, d\u00e9nomm\u00e9 Lumen Valley (Vall\u00e9e de lumi\u00e8res). Pour la circonstance, il avait \u00e0 ses c\u00f4t\u00e9s des autorit\u00e9s politiques, administratives et religieuses.<\/p>\n\n\n\n<p class=\"wp-block-paragraph\">Lumen Valley est une initiative \u00e0 haute valeur \u00e9conomique, sociale et spirituelle port\u00e9e par la Congr\u00e9gation des Fr\u00e8res Saint-Jean de Kara, avec le soutien de l\u2019Etat togolais. Elle est con\u00e7ue sur une rentabilit\u00e9 g\u00e9n\u00e9ratrice d\u2019\u00e9coles-entreprises o\u00f9 leadership, d\u00e9veloppement personnel, formation, valeur spirituelle, savoirs locaux, contemplation et \u00e9co-tourisme se conjuguent.<\/p>\n\n\n<div class=\"wp-block-image\">\n<figure class=\"aligncenter size-large is-resized\"><img loading=\"lazy\" decoding=\"async\" src=\"https:\/\/macite.tg\/wp-content\/uploads\/2024\/11\/Banques_OTR-710x1024.jpeg\" alt=\"\" class=\"wp-image-17910\" width=\"656\" height=\"947\" srcset=\"https:\/\/macite.tg\/wp-content\/uploads\/2024\/11\/Banques_OTR-710x1024.jpeg 710w, https:\/\/macite.tg\/wp-content\/uploads\/2024\/11\/Banques_OTR-208x300.jpeg 208w, https:\/\/macite.tg\/wp-content\/uploads\/2024\/11\/Banques_OTR-768x1107.jpeg 768w, https:\/\/macite.tg\/wp-content\/uploads\/2024\/11\/Banques_OTR.jpeg 888w\" sizes=\"auto, (max-width: 656px) 100vw, 656px\" \/><\/figure>\n<\/div>\n\n\n<p class=\"wp-block-paragraph\">Le projet vise ainsi \u00e0 accompagner les jeunes des zones rurales dans le d\u00e9veloppement de leurs comp\u00e9tences, savoir-faire et savoir-\u00eatre, les activit\u00e9s porteuses d\u2019avenir et leur qu\u00eate d\u2019une meilleure vie humaine.<\/p>\n\n\n\n<p class=\"wp-block-paragraph\">Cette initiative r\u00e9pond \u00e0 cet \u00e9gard \u00e0 la vision du Pr\u00e9sident de la R\u00e9publique de cr\u00e9er des p\u00f4les r\u00e9gionaux g\u00e9n\u00e9rateurs de d\u00e9veloppement humain, en partenariat avec les acteurs de la soci\u00e9t\u00e9 civile, en vue d\u2019offrir \u00e0 la jeunesse togolaise un meilleur cadre de formation, de retraite et de d\u00e9veloppement des incubateurs pour l\u2019entrepreneuriat social.<\/p>\n\n\n\n<p class=\"wp-block-paragraph\">Cette vision salvatrice du chef de l\u2019Etat de renforcer les m\u00e9canismes de promotion de la jeunesse a \u00e9t\u00e9 salu\u00e9e tour \u00e0 tour par les responsables de la Congr\u00e9gation Saint-Jean de Kara, le clerg\u00e9 et les autorit\u00e9s locales.<\/p>\n\n\n\n<p class=\"wp-block-paragraph\">Le P\u00e8re Etienne Boudet, promoteur et cheville ouvri\u00e8re de ce projet novateur, a remerci\u00e9 le Pr\u00e9sident de la R\u00e9publique pour ses orientations dans la mise en \u0153uvre de cette initiative avec des groupes d\u2019acteurs essentiellement constitu\u00e9s de jeunes togolais venus de toutes les r\u00e9gions du pays.<\/p>\n\n\n\n<p class=\"wp-block-paragraph\"><em>\u00ab La r\u00e9ussite de ce projet nous montre que la jeunesse togolaise est au service de la Nation. Et en aucun moment, le Pr\u00e9sident de la R\u00e9publique ne m\u2019a autoris\u00e9 \u00e0 douter de la jeunesse, m\u00eame dans les moments difficiles. Cela constitue une tr\u00e8s grande le\u00e7on dans ma vie de pr\u00eatre \u00bb,<\/em> a-t-il d\u00e9clar\u00e9.<\/p>\n\n\n\n<p class=\"wp-block-paragraph\">L\u2019implication personnelle du chef de l\u2019Etat dans la r\u00e9alisation effective de cette infrastructure d\u00e9di\u00e9e sp\u00e9cialement \u00e0 la promotion de l\u2019\u00e9conomie sociale et solidaire, de l\u2019\u00e9cotourisme et du d\u00e9veloppement personnel a \u00e9t\u00e9 \u00e9galement salu\u00e9e par le Prieur Provincial d\u2019Afrique, le Fr\u00e8re C\u00f4me-Emmanuel.<\/p>\n\n\n\n<p class=\"wp-block-paragraph\"><em>\u00ab Cette \u0153uvre est l\u2019une des concr\u00e9tisations de la politique nationale de d\u00e9veloppement fond\u00e9e sur la confiance que Son Excellence Monsieur le Pr\u00e9sident de la R\u00e9publique, Faure Essozimna Gnassingb\u00e9 place en la jeunesse togolaise. Sans la d\u00e9termination, l\u2019engagement et l\u2019implication du chef de l\u2019Etat, ce complexe que nous contemplons avec plein d\u2019admiration n\u2019aurait pas pu exister \u00bb.<\/em><\/p>\n\n\n\n<p class=\"wp-block-paragraph\">Pour sa part, le Vicaire g\u00e9n\u00e9ral Aristide Kagnouda, a au nom de l\u2019Ev\u00eaque de Kara, rendu un vibrant hommage au Pr\u00e9sident de la R\u00e9publique pour ses actions en faveur de la jeunesse, sa politique de promotion du consommer local et son soutien r\u00e9gulier \u00e0 la communaut\u00e9 chr\u00e9tienne \u00e0 travers notamment la cr\u00e9ation de cet \u00e9cosyst\u00e8me.<\/p>\n\n\n\n<p class=\"wp-block-paragraph\"><em>\u00ab Avec les ressources locales, on peut faire du beau et du luxe. Nous rentrons ainsi dans la vision et la politique du chef de l\u2019Etat qui travaille sans rel\u00e2che \u00e0 promouvoir les jeunes et le consommer local. C\u2019est l\u2019occasion de rendre un hommage appuy\u00e9 au chef de l\u2019Etat qui avait cru d\u00e8s le d\u00e9but avec conviction, et soutenu le projet de diverses mani\u00e8res. Le chef de l\u2019Etat encourage et stimule ainsi des initiatives de d\u00e9veloppement local \u00bb,<\/em> a-t-il pr\u00e9cis\u00e9.<\/p>\n\n\n\n<p class=\"wp-block-paragraph\">Le Vicaire g\u00e9n\u00e9ral du Dioc\u00e8se de Kara a saisi l\u2019occasion pour implorer la b\u00e9n\u00e9diction divine sur le Togo et ses dirigeants, et pri\u00e9 pour la paix et la stabilit\u00e9 dans notre pays.<\/p>\n\n\n\n<p class=\"wp-block-paragraph\">Lumen Valley est nich\u00e9e dans la r\u00e9serve naturelle de Djamd\u00e9, en altitude de 500 m au c\u0153ur d\u2019un cirque de montagnes et face \u00e0 une vall\u00e9e verdoyante, \u00e0 pr\u00e8s de 20 km de la ville de Kara. Les activit\u00e9s du Centre s\u2019organisent autour de trois p\u00f4les consacr\u00e9s respectivement \u00e0 la formation-entrepreneuriat avec une \u00e9cole des arts, des m\u00e9tiers et des incubateurs, aux retraites et conf\u00e9rences et au ressourcement spirituel. Le complexe dispose pour cela des infrastructures d\u2019accueil de qualit\u00e9 telles que des salles de conf\u00e9rence, un auditorium, des salles de classe, des ateliers, des dortoirs et villas, une chapelle, un restaurant, une piscine, toutes construites avec des mat\u00e9riaux locaux notamment la pierre et la paille. La construction de la Lumen Valley a offert du travail \u00e0 plus de 200 jeunes et a impact\u00e9 directement la vie \u00e9conomique de plus de 1600 personnes au cours de ces derni\u00e8res ann\u00e9es.<\/p>\n\n\n\n<p class=\"wp-block-paragraph\">La Lumen Valley, un ensemble de ressources humaines engag\u00e9es depuis 7 ans gr\u00e2ce \u00e0 I\u2019appui sur:<\/p>\n\n\n\n<p class=\"wp-block-paragraph\">Le charisme de la Congr\u00e9gation des Fr\u00e8res de Saint-Jean ;<\/p>\n\n\n\n<p class=\"wp-block-paragraph\">L\u2019exp\u00e9rience du fr\u00e8re \u00c9tienne Boudet au Togo depuis 20 ans ;<\/p>\n\n\n\n<p class=\"wp-block-paragraph\">Celle des fr\u00e8res du prieur\u00e9 local, form\u00e9s en Afrique et en France avec une grande exp\u00e9rience interculturelle et internationale ;<\/p>\n\n\n<div class=\"wp-block-image\">\n<figure class=\"aligncenter size-full is-resized\"><img loading=\"lazy\" decoding=\"async\" src=\"https:\/\/macite.tg\/wp-content\/uploads\/2024\/11\/30-Depreciation.jpg\" alt=\"\" class=\"wp-image-17814\" width=\"388\" height=\"485\" srcset=\"https:\/\/macite.tg\/wp-content\/uploads\/2024\/11\/30-Depreciation.jpg 512w, https:\/\/macite.tg\/wp-content\/uploads\/2024\/11\/30-Depreciation-240x300.jpg 240w\" sizes=\"auto, (max-width: 388px) 100vw, 388px\" \/><\/figure>\n<\/div>\n\n\n<p class=\"wp-block-paragraph\">&nbsp;La r\u00e9ussite de la construction de la paroisse universitaire de Lom\u00e9 dot\u00e9e d\u2019un centre de conf\u00e9rence reconnu dans le pays ;<\/p>\n\n\n\n<p class=\"wp-block-paragraph\">Un r\u00e9seau d\u2019amis d\u00e9vou\u00e9s et de d\u00e9cideurs locaux, construit au long des ann\u00e9es ;<\/p>\n\n\n\n<p class=\"wp-block-paragraph\">Les r\u00e9alisations d\u00e9j\u00e0 faites depuis 7 ans sur place, pr\u00e9mices du projet global (un prieur\u00e9 avec 5 fr\u00e8res, 3 entreprises sociales et solidaires avec une trentaine de jeunes artisans en activit\u00e9, une cinquantaine de jeunes d\u00e9j\u00e0 form\u00e9s, des lieux d\u2019accueil pour le ressourcement\u2026).<\/p>\n\n\n\n<p class=\"wp-block-paragraph\">Ces r\u00e9alisations ont permis de valider tous les concepts et de construire le projet sur des fondations solides et concr\u00e8tes.<\/p>\n\n\n\n<p class=\"wp-block-paragraph\"><strong>Daniel A. <\/strong><strong>(In CHRONIQUE DE LA SEMAINE n\u00b0726 du 14 Novembre 2024)<\/strong><\/p>\n\n\n\n<p class=\"wp-block-paragraph\"><strong><em>@macite.tg&nbsp;&nbsp;&nbsp;&nbsp;&nbsp;&nbsp;&nbsp;&nbsp;<\/em><\/strong><\/p>\n\n\n\n<p class=\"wp-block-paragraph\"><strong><em>E-mail&nbsp;: <\/em><\/strong><a href=\"mailto:maciteinfo@gmail.com\"><strong><em>maciteinfo@gmail.com<\/em><\/strong><\/a><strong><em>; <\/em><\/strong><a href=\"mailto:bawela1@gmail.com\"><strong><em>bawela1@gmail.com<\/em><\/strong><\/a><strong><em><\/em><\/strong><\/p>\n\n\n\n<p class=\"wp-block-paragraph\"><strong><em>Pour vos annonces, (publi)reportages, etc., joignez-nous au (00228)91515309\/<strong>79872224 <\/strong>www.macite.tg, L\u2019information, la bonne&nbsp;!<\/em><\/strong><\/p>\n","protected":false},"excerpt":{"rendered":"<p class=\"text-justify mb-2\" >Apr\u00e8s avoir r\u00e9ussi \u00e0 faire du d\u00e9potoir le plus puant du quartier Tokoin Nutifafa o\u00f9 cohabitaient montages d\u2019ordures et gangs les plus redoutables de Lom\u00e9, l\u2019un des centres les plus chics de Lom\u00e9, le p\u00e8re \u00c9tienne Boudet dompte la for\u00eat de Djamd\u00e8 et \u00e9rige un [&hellip;]<\/p>\n","protected":false},"author":2,"featured_media":17953,"comment_status":"open","ping_status":"open","sticky":false,"template":"","format":"standard","meta":{"footnotes":""},"categories":[20,6],"tags":[],"class_list":["post-17952","post","type-post","status-publish","format-standard","has-post-thumbnail","hentry","category-actualite","category-societe"],"yoast_head":"<!-- This site is optimized with the Yoast SEO plugin v28.4 - https:\/\/yoast.com\/product\/yoast-seo-wordpress\/ -->\n<title>DU CENTRE SAINT JEAN DE LOME A LUMEN VALLEY DE KARA : P\u00e8re \u00c9tienne Boudet, ce grand b\u00e2tisseur hors pair -<\/title>\n<meta name=\"robots\" content=\"index, follow, max-snippet:-1, max-image-preview:large, max-video-preview:-1\" \/>\n<link rel=\"canonical\" href=\"https:\/\/macite.tg\/?p=17952\" \/>\n<meta property=\"og:locale\" content=\"fr_FR\" \/>\n<meta property=\"og:type\" content=\"article\" \/>\n<meta property=\"og:title\" content=\"DU CENTRE SAINT JEAN DE LOME A LUMEN VALLEY DE KARA : P\u00e8re \u00c9tienne Boudet, ce grand b\u00e2tisseur hors pair -\" \/>\n<meta property=\"og:description\" content=\"Apr\u00e8s avoir r\u00e9ussi \u00e0 faire du d\u00e9potoir le plus puant du quartier Tokoin Nutifafa o\u00f9 cohabitaient montages d\u2019ordures et gangs les plus redoutables de Lom\u00e9, l\u2019un des centres les plus chics de Lom\u00e9, le p\u00e8re \u00c9tienne Boudet dompte la for\u00eat de Djamd\u00e8 et \u00e9rige un [&hellip;]\" \/>\n<meta property=\"og:url\" content=\"https:\/\/macite.tg\/?p=17952\" \/>\n<meta property=\"article:published_time\" content=\"2024-11-14T14:04:50+00:00\" \/>\n<meta property=\"article:modified_time\" content=\"2024-11-14T14:05:11+00:00\" \/>\n<meta property=\"og:image\" content=\"https:\/\/macite.tg\/wp-content\/uploads\/2024\/11\/ARTISAN.jpg\" \/>\n\t<meta property=\"og:image:width\" content=\"500\" \/>\n\t<meta property=\"og:image:height\" content=\"204\" \/>\n\t<meta property=\"og:image:type\" content=\"image\/jpeg\" \/>\n<meta name=\"author\" content=\"Jean Pierre BAWELA\" \/>\n<meta name=\"twitter:card\" content=\"summary_large_image\" \/>\n<meta name=\"twitter:label1\" content=\"\u00c9crit par\" \/>\n\t<meta name=\"twitter:data1\" content=\"Jean Pierre BAWELA\" \/>\n\t<meta name=\"twitter:label2\" content=\"Dur\u00e9e de lecture estim\u00e9e\" \/>\n\t<meta name=\"twitter:data2\" content=\"9 minutes\" \/>\n<script type=\"application\/ld+json\" class=\"yoast-schema-graph\">{\"@context\":\"https:\\\/\\\/schema.org\",\"@graph\":[{\"@type\":\"Article\",\"@id\":\"https:\\\/\\\/macite.tg\\\/?p=17952#article\",\"isPartOf\":{\"@id\":\"https:\\\/\\\/macite.tg\\\/?p=17952\"},\"author\":{\"name\":\"Jean Pierre BAWELA\",\"@id\":\"https:\\\/\\\/macite.tg\\\/#\\\/schema\\\/person\\\/e9f2de7e5dbbe7770a9402c7ce82f5c2\"},\"headline\":\"DU CENTRE SAINT JEAN DE LOME A LUMEN VALLEY DE KARA : P\u00e8re \u00c9tienne Boudet, ce grand b\u00e2tisseur hors pair\",\"datePublished\":\"2024-11-14T14:04:50+00:00\",\"dateModified\":\"2024-11-14T14:05:11+00:00\",\"mainEntityOfPage\":{\"@id\":\"https:\\\/\\\/macite.tg\\\/?p=17952\"},\"wordCount\":1836,\"commentCount\":0,\"image\":{\"@id\":\"https:\\\/\\\/macite.tg\\\/?p=17952#primaryimage\"},\"thumbnailUrl\":\"https:\\\/\\\/macite.tg\\\/wp-content\\\/uploads\\\/2024\\\/11\\\/ARTISAN.jpg\",\"articleSection\":[\"ACTUALITE\",\"SOCIETE\"],\"inLanguage\":\"fr-FR\",\"potentialAction\":[{\"@type\":\"CommentAction\",\"name\":\"Comment\",\"target\":[\"https:\\\/\\\/macite.tg\\\/?p=17952#respond\"]}]},{\"@type\":\"WebPage\",\"@id\":\"https:\\\/\\\/macite.tg\\\/?p=17952\",\"url\":\"https:\\\/\\\/macite.tg\\\/?p=17952\",\"name\":\"DU CENTRE SAINT JEAN DE LOME A LUMEN VALLEY DE KARA : P\u00e8re \u00c9tienne Boudet, ce grand b\u00e2tisseur hors pair -\",\"isPartOf\":{\"@id\":\"https:\\\/\\\/macite.tg\\\/#website\"},\"primaryImageOfPage\":{\"@id\":\"https:\\\/\\\/macite.tg\\\/?p=17952#primaryimage\"},\"image\":{\"@id\":\"https:\\\/\\\/macite.tg\\\/?p=17952#primaryimage\"},\"thumbnailUrl\":\"https:\\\/\\\/macite.tg\\\/wp-content\\\/uploads\\\/2024\\\/11\\\/ARTISAN.jpg\",\"datePublished\":\"2024-11-14T14:04:50+00:00\",\"dateModified\":\"2024-11-14T14:05:11+00:00\",\"author\":{\"@id\":\"https:\\\/\\\/macite.tg\\\/#\\\/schema\\\/person\\\/e9f2de7e5dbbe7770a9402c7ce82f5c2\"},\"breadcrumb\":{\"@id\":\"https:\\\/\\\/macite.tg\\\/?p=17952#breadcrumb\"},\"inLanguage\":\"fr-FR\",\"potentialAction\":[{\"@type\":\"ReadAction\",\"target\":[\"https:\\\/\\\/macite.tg\\\/?p=17952\"]}]},{\"@type\":\"ImageObject\",\"inLanguage\":\"fr-FR\",\"@id\":\"https:\\\/\\\/macite.tg\\\/?p=17952#primaryimage\",\"url\":\"https:\\\/\\\/macite.tg\\\/wp-content\\\/uploads\\\/2024\\\/11\\\/ARTISAN.jpg\",\"contentUrl\":\"https:\\\/\\\/macite.tg\\\/wp-content\\\/uploads\\\/2024\\\/11\\\/ARTISAN.jpg\",\"width\":500,\"height\":204,\"caption\":\"Le P\u00e8re \u00c9tienne Boudet et une de ses oeuvres \u00e0 Djamd\u00e8, \u00e0 Kara.\"},{\"@type\":\"BreadcrumbList\",\"@id\":\"https:\\\/\\\/macite.tg\\\/?p=17952#breadcrumb\",\"itemListElement\":[{\"@type\":\"ListItem\",\"position\":1,\"name\":\"Accueil\",\"item\":\"https:\\\/\\\/macite.tg\\\/\"},{\"@type\":\"ListItem\",\"position\":2,\"name\":\"DU CENTRE SAINT JEAN DE LOME A LUMEN VALLEY DE KARA : P\u00e8re \u00c9tienne Boudet, ce grand b\u00e2tisseur hors pair\"}]},{\"@type\":\"WebSite\",\"@id\":\"https:\\\/\\\/macite.tg\\\/#website\",\"url\":\"https:\\\/\\\/macite.tg\\\/\",\"name\":\"\",\"description\":\"L&#039;information, la bonne!!!\",\"potentialAction\":[{\"@type\":\"SearchAction\",\"target\":{\"@type\":\"EntryPoint\",\"urlTemplate\":\"https:\\\/\\\/macite.tg\\\/?s={search_term_string}\"},\"query-input\":{\"@type\":\"PropertyValueSpecification\",\"valueRequired\":true,\"valueName\":\"search_term_string\"}}],\"inLanguage\":\"fr-FR\"},{\"@type\":\"Person\",\"@id\":\"https:\\\/\\\/macite.tg\\\/#\\\/schema\\\/person\\\/e9f2de7e5dbbe7770a9402c7ce82f5c2\",\"name\":\"Jean Pierre BAWELA\",\"image\":{\"@type\":\"ImageObject\",\"inLanguage\":\"fr-FR\",\"@id\":\"https:\\\/\\\/macite.tg\\\/wp-content\\\/uploads\\\/2023\\\/09\\\/WhatsApp-Image-2023-09-19-at-14.44.41-122x122.jpeg\",\"url\":\"https:\\\/\\\/macite.tg\\\/wp-content\\\/uploads\\\/2023\\\/09\\\/WhatsApp-Image-2023-09-19-at-14.44.41-122x122.jpeg\",\"contentUrl\":\"https:\\\/\\\/macite.tg\\\/wp-content\\\/uploads\\\/2023\\\/09\\\/WhatsApp-Image-2023-09-19-at-14.44.41-122x122.jpeg\",\"caption\":\"Jean Pierre BAWELA\"},\"url\":\"https:\\\/\\\/macite.tg\\\/?author=2\"}]}<\/script>\n<!-- \/ Yoast SEO plugin. -->","yoast_head_json":{"title":"DU CENTRE SAINT JEAN DE LOME A LUMEN VALLEY DE KARA : P\u00e8re \u00c9tienne Boudet, ce grand b\u00e2tisseur hors pair -","robots":{"index":"index","follow":"follow","max-snippet":"max-snippet:-1","max-image-preview":"max-image-preview:large","max-video-preview":"max-video-preview:-1"},"canonical":"https:\/\/macite.tg\/?p=17952","og_locale":"fr_FR","og_type":"article","og_title":"DU CENTRE SAINT JEAN DE LOME A LUMEN VALLEY DE KARA : P\u00e8re \u00c9tienne Boudet, ce grand b\u00e2tisseur hors pair -","og_description":"Apr\u00e8s avoir r\u00e9ussi \u00e0 faire du d\u00e9potoir le plus puant du quartier Tokoin Nutifafa o\u00f9 cohabitaient montages d\u2019ordures et gangs les plus redoutables de Lom\u00e9, l\u2019un des centres les plus chics de Lom\u00e9, le p\u00e8re \u00c9tienne Boudet dompte la for\u00eat de Djamd\u00e8 et \u00e9rige un [&hellip;]","og_url":"https:\/\/macite.tg\/?p=17952","article_published_time":"2024-11-14T14:04:50+00:00","article_modified_time":"2024-11-14T14:05:11+00:00","og_image":[{"width":500,"height":204,"url":"https:\/\/macite.tg\/wp-content\/uploads\/2024\/11\/ARTISAN.jpg","type":"image\/jpeg"}],"author":"Jean Pierre BAWELA","twitter_card":"summary_large_image","twitter_misc":{"\u00c9crit par":"Jean Pierre BAWELA","Dur\u00e9e de lecture estim\u00e9e":"9 minutes"},"schema":{"@context":"https:\/\/schema.org","@graph":[{"@type":"Article","@id":"https:\/\/macite.tg\/?p=17952#article","isPartOf":{"@id":"https:\/\/macite.tg\/?p=17952"},"author":{"name":"Jean Pierre BAWELA","@id":"https:\/\/macite.tg\/#\/schema\/person\/e9f2de7e5dbbe7770a9402c7ce82f5c2"},"headline":"DU CENTRE SAINT JEAN DE LOME A LUMEN VALLEY DE KARA : P\u00e8re \u00c9tienne Boudet, ce grand b\u00e2tisseur hors pair","datePublished":"2024-11-14T14:04:50+00:00","dateModified":"2024-11-14T14:05:11+00:00","mainEntityOfPage":{"@id":"https:\/\/macite.tg\/?p=17952"},"wordCount":1836,"commentCount":0,"image":{"@id":"https:\/\/macite.tg\/?p=17952#primaryimage"},"thumbnailUrl":"https:\/\/macite.tg\/wp-content\/uploads\/2024\/11\/ARTISAN.jpg","articleSection":["ACTUALITE","SOCIETE"],"inLanguage":"fr-FR","potentialAction":[{"@type":"CommentAction","name":"Comment","target":["https:\/\/macite.tg\/?p=17952#respond"]}]},{"@type":"WebPage","@id":"https:\/\/macite.tg\/?p=17952","url":"https:\/\/macite.tg\/?p=17952","name":"DU CENTRE SAINT JEAN DE LOME A LUMEN VALLEY DE KARA : P\u00e8re \u00c9tienne Boudet, ce grand b\u00e2tisseur hors pair -","isPartOf":{"@id":"https:\/\/macite.tg\/#website"},"primaryImageOfPage":{"@id":"https:\/\/macite.tg\/?p=17952#primaryimage"},"image":{"@id":"https:\/\/macite.tg\/?p=17952#primaryimage"},"thumbnailUrl":"https:\/\/macite.tg\/wp-content\/uploads\/2024\/11\/ARTISAN.jpg","datePublished":"2024-11-14T14:04:50+00:00","dateModified":"2024-11-14T14:05:11+00:00","author":{"@id":"https:\/\/macite.tg\/#\/schema\/person\/e9f2de7e5dbbe7770a9402c7ce82f5c2"},"breadcrumb":{"@id":"https:\/\/macite.tg\/?p=17952#breadcrumb"},"inLanguage":"fr-FR","potentialAction":[{"@type":"ReadAction","target":["https:\/\/macite.tg\/?p=17952"]}]},{"@type":"ImageObject","inLanguage":"fr-FR","@id":"https:\/\/macite.tg\/?p=17952#primaryimage","url":"https:\/\/macite.tg\/wp-content\/uploads\/2024\/11\/ARTISAN.jpg","contentUrl":"https:\/\/macite.tg\/wp-content\/uploads\/2024\/11\/ARTISAN.jpg","width":500,"height":204,"caption":"Le P\u00e8re \u00c9tienne Boudet et une de ses oeuvres \u00e0 Djamd\u00e8, \u00e0 Kara."},{"@type":"BreadcrumbList","@id":"https:\/\/macite.tg\/?p=17952#breadcrumb","itemListElement":[{"@type":"ListItem","position":1,"name":"Accueil","item":"https:\/\/macite.tg\/"},{"@type":"ListItem","position":2,"name":"DU CENTRE SAINT JEAN DE LOME A LUMEN VALLEY DE KARA : P\u00e8re \u00c9tienne Boudet, ce grand b\u00e2tisseur hors pair"}]},{"@type":"WebSite","@id":"https:\/\/macite.tg\/#website","url":"https:\/\/macite.tg\/","name":"","description":"L&#039;information, la bonne!!!","potentialAction":[{"@type":"SearchAction","target":{"@type":"EntryPoint","urlTemplate":"https:\/\/macite.tg\/?s={search_term_string}"},"query-input":{"@type":"PropertyValueSpecification","valueRequired":true,"valueName":"search_term_string"}}],"inLanguage":"fr-FR"},{"@type":"Person","@id":"https:\/\/macite.tg\/#\/schema\/person\/e9f2de7e5dbbe7770a9402c7ce82f5c2","name":"Jean Pierre BAWELA","image":{"@type":"ImageObject","inLanguage":"fr-FR","@id":"https:\/\/macite.tg\/wp-content\/uploads\/2023\/09\/WhatsApp-Image-2023-09-19-at-14.44.41-122x122.jpeg","url":"https:\/\/macite.tg\/wp-content\/uploads\/2023\/09\/WhatsApp-Image-2023-09-19-at-14.44.41-122x122.jpeg","contentUrl":"https:\/\/macite.tg\/wp-content\/uploads\/2023\/09\/WhatsApp-Image-2023-09-19-at-14.44.41-122x122.jpeg","caption":"Jean Pierre BAWELA"},"url":"https:\/\/macite.tg\/?author=2"}]}},"_links":{"self":[{"href":"https:\/\/macite.tg\/index.php?rest_route=\/wp\/v2\/posts\/17952","targetHints":{"allow":["GET"]}}],"collection":[{"href":"https:\/\/macite.tg\/index.php?rest_route=\/wp\/v2\/posts"}],"about":[{"href":"https:\/\/macite.tg\/index.php?rest_route=\/wp\/v2\/types\/post"}],"author":[{"embeddable":true,"href":"https:\/\/macite.tg\/index.php?rest_route=\/wp\/v2\/users\/2"}],"replies":[{"embeddable":true,"href":"https:\/\/macite.tg\/index.php?rest_route=%2Fwp%2Fv2%2Fcomments&post=17952"}],"version-history":[{"count":0,"href":"https:\/\/macite.tg\/index.php?rest_route=\/wp\/v2\/posts\/17952\/revisions"}],"wp:featuredmedia":[{"embeddable":true,"href":"https:\/\/macite.tg\/index.php?rest_route=\/wp\/v2\/media\/17953"}],"wp:attachment":[{"href":"https:\/\/macite.tg\/index.php?rest_route=%2Fwp%2Fv2%2Fmedia&parent=17952"}],"wp:term":[{"taxonomy":"category","embeddable":true,"href":"https:\/\/macite.tg\/index.php?rest_route=%2Fwp%2Fv2%2Fcategories&post=17952"},{"taxonomy":"post_tag","embeddable":true,"href":"https:\/\/macite.tg\/index.php?rest_route=%2Fwp%2Fv2%2Ftags&post=17952"}],"curies":[{"name":"wp","href":"https:\/\/api.w.org\/{rel}","templated":true}]}}