{"id":1795,"date":"2022-11-15T09:51:55","date_gmt":"2022-11-15T09:51:55","guid":{"rendered":"https:\/\/macite.info\/?p=1795"},"modified":"2022-11-15T09:51:56","modified_gmt":"2022-11-15T09:51:56","slug":"la-presse-togolaise-en-deuil-le-confrere-thibaut-adjibodin-passe-derriere-les-rideaux","status":"publish","type":"post","link":"https:\/\/macite.tg\/?p=1795","title":{"rendered":"LA PRESSE TOGOLAISE EN DEUIL\u00a0: Le confr\u00e8re Thibaut Adjibodin passe derri\u00e8re les rideaux&#8230;"},"content":{"rendered":"\n<p class=\"wp-block-paragraph\"><strong><em>On ne l\u2019entendra plus jamais\u00a0! Le Directeur de publication du magazine \u00ab\u00a0Le Contemporain\u00a0\u00bb a quitt\u00e9 le monde des vivants hier lundi des suites d\u2019une longue maladie, de source proche de famille.<\/em><\/strong><\/p>\n\n\n\n<p class=\"wp-block-paragraph\">Longtemps pris en \u00e9tau par un accident vasculaire c\u00e9r\u00e9bral (AVC) duquel il tentait de se remettre peu \u00e0 peu, le confr\u00e8re aurait fait, hier lundi, une ultime crise, qui a eu finalement raison de lui.<\/p>\n\n\n<div class=\"wp-block-image\">\n<figure class=\"aligncenter size-large\"><img loading=\"lazy\" decoding=\"async\" width=\"1024\" height=\"426\" src=\"https:\/\/macite.tg\/wp-content\/uploads\/2022\/11\/ANNONCES-1-1024x426.jpg\" alt=\"\" class=\"wp-image-1602\" srcset=\"https:\/\/macite.tg\/wp-content\/uploads\/2022\/11\/ANNONCES-1-1024x426.jpg 1024w, https:\/\/macite.tg\/wp-content\/uploads\/2022\/11\/ANNONCES-1-300x125.jpg 300w, https:\/\/macite.tg\/wp-content\/uploads\/2022\/11\/ANNONCES-1-768x319.jpg 768w, https:\/\/macite.tg\/wp-content\/uploads\/2022\/11\/ANNONCES-1.jpg 1080w\" sizes=\"auto, (max-width: 1024px) 100vw, 1024px\" \/><\/figure>\n<\/div>\n\n\n<p class=\"wp-block-paragraph\">Le Directeur de publication de <em>\u00ab&nbsp;Le Contemporain&nbsp;\u00bb, <\/em>longtemps collaborateur de&nbsp;<em>\u00ab&nbsp;Dounia Le monde&nbsp;\u00bb<\/em>, celui que l\u2019on appelle affectueusement \u2018\u2019Professeur\u2019\u2019, \u00e9tait \u00e9galement actif dans la vie associative.<\/p>\n\n\n\n<p class=\"wp-block-paragraph\">Ex Conseiller au sein du dernier bureau ex\u00e9cutif de l\u2019Union des journalistes ind\u00e9pendants du Togo (UJIT), il \u00e9tait pass\u00e9 membre de l\u2019actuel bureau de l\u2019Observatoire togolais des m\u00e9dias&nbsp;(OTM).&nbsp;<\/p>\n\n\n\n<p class=\"wp-block-paragraph\">Alors que l\u2019on n\u2019a pas encore fini de faire le deuil du confr\u00e8re Isidore Ay\u00e9ko arrach\u00e9 \u00e0 notre affection, c\u2019est un des n\u00f4tres qui nous fait ses adieux&nbsp;! Puisse son \u00e2me reposer en paix.<\/p>\n\n\n\n<p class=\"wp-block-paragraph\">Toutes nos condol\u00e9ances \u00e0 la famille biologique du confr\u00e8re Thibaut.<\/p>\n\n\n\n<p class=\"wp-block-paragraph\">Nous y reviendrons&nbsp;!!!<\/p>\n\n\n\n<p class=\"wp-block-paragraph\"><strong><em>@macite.info<\/em><\/strong><\/p>\n\n\n\n<p class=\"wp-block-paragraph\"><strong><em>E-mail&nbsp;: <\/em><\/strong><a href=\"mailto:maciteinfo@gmail.com\"><strong><em>maciteinfo@gmail.com<\/em><\/strong><\/a><strong><em>; <\/em><\/strong><a href=\"mailto:bawela1@gmail.com\"><strong><em>bawela1@gmail.com<\/em><\/strong><\/a><\/p>\n\n\n\n<p class=\"wp-block-paragraph\"><strong><em>Pour vos annonces, (publi)reportages, etc., joignez nous au (00228) 91515309\/<strong>79872224<\/strong><\/em><\/strong><em><\/em><\/p>\n\n\n\n<p class=\"wp-block-paragraph\"><a href=\"http:\/\/www.macite.info\"><strong><em>www.macite.info<\/em><\/strong><\/a><strong><em>, L\u2019information, la bonne&nbsp;!<\/em><\/strong><\/p>\n","protected":false},"excerpt":{"rendered":"<p class=\"text-justify mb-2\" >On ne l\u2019entendra plus jamais\u00a0! Le Directeur de publication du magazine \u00ab\u00a0Le Contemporain\u00a0\u00bb a quitt\u00e9 le monde des vivants hier lundi des suites d\u2019une longue maladie, de source proche de famille. Longtemps pris en \u00e9tau par un accident vasculaire c\u00e9r\u00e9bral (AVC) duquel il tentait de [&hellip;]<\/p>\n","protected":false},"author":2,"featured_media":1797,"comment_status":"open","ping_status":"open","sticky":false,"template":"","format":"standard","meta":{"footnotes":""},"categories":[35],"tags":[],"class_list":["post-1795","post","type-post","status-publish","format-standard","has-post-thumbnail","hentry","category-necrologie"],"yoast_head":"<!-- This site is optimized with the Yoast SEO plugin v28.4 - https:\/\/yoast.com\/product\/yoast-seo-wordpress\/ -->\n<title>LA PRESSE TOGOLAISE EN DEUIL\u00a0: Le confr\u00e8re Thibaut Adjibodin passe derri\u00e8re les rideaux... -<\/title>\n<meta name=\"robots\" content=\"index, follow, max-snippet:-1, max-image-preview:large, max-video-preview:-1\" \/>\n<link rel=\"canonical\" href=\"https:\/\/macite.tg\/?p=1795\" \/>\n<meta property=\"og:locale\" content=\"fr_FR\" \/>\n<meta property=\"og:type\" content=\"article\" \/>\n<meta property=\"og:title\" content=\"LA PRESSE TOGOLAISE EN DEUIL\u00a0: Le confr\u00e8re Thibaut Adjibodin passe derri\u00e8re les rideaux... -\" \/>\n<meta property=\"og:description\" content=\"On ne l\u2019entendra plus jamais\u00a0! Le Directeur de publication du magazine \u00ab\u00a0Le Contemporain\u00a0\u00bb a quitt\u00e9 le monde des vivants hier lundi des suites d\u2019une longue maladie, de source proche de famille. Longtemps pris en \u00e9tau par un accident vasculaire c\u00e9r\u00e9bral (AVC) duquel il tentait de [&hellip;]\" \/>\n<meta property=\"og:url\" content=\"https:\/\/macite.tg\/?p=1795\" \/>\n<meta property=\"article:published_time\" content=\"2022-11-15T09:51:55+00:00\" \/>\n<meta property=\"article:modified_time\" content=\"2022-11-15T09:51:56+00:00\" \/>\n<meta property=\"og:image\" content=\"https:\/\/macite.tg\/wp-content\/uploads\/2022\/11\/ADJIBODIN.jpg\" \/>\n\t<meta property=\"og:image:width\" content=\"750\" \/>\n\t<meta property=\"og:image:height\" content=\"480\" \/>\n\t<meta property=\"og:image:type\" content=\"image\/jpeg\" \/>\n<meta name=\"author\" content=\"Jean Pierre BAWELA\" \/>\n<meta name=\"twitter:card\" content=\"summary_large_image\" \/>\n<meta name=\"twitter:label1\" content=\"\u00c9crit par\" \/>\n\t<meta name=\"twitter:data1\" content=\"Jean Pierre BAWELA\" \/>\n\t<meta name=\"twitter:label2\" content=\"Dur\u00e9e de lecture estim\u00e9e\" \/>\n\t<meta name=\"twitter:data2\" content=\"2 minutes\" \/>\n<script type=\"application\/ld+json\" class=\"yoast-schema-graph\">{\"@context\":\"https:\\\/\\\/schema.org\",\"@graph\":[{\"@type\":\"Article\",\"@id\":\"https:\\\/\\\/macite.tg\\\/?p=1795#article\",\"isPartOf\":{\"@id\":\"https:\\\/\\\/macite.tg\\\/?p=1795\"},\"author\":{\"name\":\"Jean Pierre BAWELA\",\"@id\":\"https:\\\/\\\/macite.tg\\\/#\\\/schema\\\/person\\\/e9f2de7e5dbbe7770a9402c7ce82f5c2\"},\"headline\":\"LA PRESSE TOGOLAISE EN DEUIL\u00a0: Le confr\u00e8re Thibaut Adjibodin passe derri\u00e8re les rideaux&#8230;\",\"datePublished\":\"2022-11-15T09:51:55+00:00\",\"dateModified\":\"2022-11-15T09:51:56+00:00\",\"mainEntityOfPage\":{\"@id\":\"https:\\\/\\\/macite.tg\\\/?p=1795\"},\"wordCount\":236,\"commentCount\":0,\"image\":{\"@id\":\"https:\\\/\\\/macite.tg\\\/?p=1795#primaryimage\"},\"thumbnailUrl\":\"https:\\\/\\\/macite.tg\\\/wp-content\\\/uploads\\\/2022\\\/11\\\/ADJIBODIN.jpg\",\"articleSection\":[\"NECROLOGIE\"],\"inLanguage\":\"fr-FR\",\"potentialAction\":[{\"@type\":\"CommentAction\",\"name\":\"Comment\",\"target\":[\"https:\\\/\\\/macite.tg\\\/?p=1795#respond\"]}]},{\"@type\":\"WebPage\",\"@id\":\"https:\\\/\\\/macite.tg\\\/?p=1795\",\"url\":\"https:\\\/\\\/macite.tg\\\/?p=1795\",\"name\":\"LA PRESSE TOGOLAISE EN DEUIL\u00a0: Le confr\u00e8re Thibaut Adjibodin passe derri\u00e8re les rideaux... -\",\"isPartOf\":{\"@id\":\"https:\\\/\\\/macite.tg\\\/#website\"},\"primaryImageOfPage\":{\"@id\":\"https:\\\/\\\/macite.tg\\\/?p=1795#primaryimage\"},\"image\":{\"@id\":\"https:\\\/\\\/macite.tg\\\/?p=1795#primaryimage\"},\"thumbnailUrl\":\"https:\\\/\\\/macite.tg\\\/wp-content\\\/uploads\\\/2022\\\/11\\\/ADJIBODIN.jpg\",\"datePublished\":\"2022-11-15T09:51:55+00:00\",\"dateModified\":\"2022-11-15T09:51:56+00:00\",\"author\":{\"@id\":\"https:\\\/\\\/macite.tg\\\/#\\\/schema\\\/person\\\/e9f2de7e5dbbe7770a9402c7ce82f5c2\"},\"breadcrumb\":{\"@id\":\"https:\\\/\\\/macite.tg\\\/?p=1795#breadcrumb\"},\"inLanguage\":\"fr-FR\",\"potentialAction\":[{\"@type\":\"ReadAction\",\"target\":[\"https:\\\/\\\/macite.tg\\\/?p=1795\"]}]},{\"@type\":\"ImageObject\",\"inLanguage\":\"fr-FR\",\"@id\":\"https:\\\/\\\/macite.tg\\\/?p=1795#primaryimage\",\"url\":\"https:\\\/\\\/macite.tg\\\/wp-content\\\/uploads\\\/2022\\\/11\\\/ADJIBODIN.jpg\",\"contentUrl\":\"https:\\\/\\\/macite.tg\\\/wp-content\\\/uploads\\\/2022\\\/11\\\/ADJIBODIN.jpg\",\"width\":750,\"height\":480},{\"@type\":\"BreadcrumbList\",\"@id\":\"https:\\\/\\\/macite.tg\\\/?p=1795#breadcrumb\",\"itemListElement\":[{\"@type\":\"ListItem\",\"position\":1,\"name\":\"Accueil\",\"item\":\"https:\\\/\\\/macite.tg\\\/\"},{\"@type\":\"ListItem\",\"position\":2,\"name\":\"LA PRESSE TOGOLAISE EN DEUIL\u00a0: Le confr\u00e8re Thibaut Adjibodin passe derri\u00e8re les rideaux&#8230;\"}]},{\"@type\":\"WebSite\",\"@id\":\"https:\\\/\\\/macite.tg\\\/#website\",\"url\":\"https:\\\/\\\/macite.tg\\\/\",\"name\":\"\",\"description\":\"L&#039;information, la bonne!!!\",\"potentialAction\":[{\"@type\":\"SearchAction\",\"target\":{\"@type\":\"EntryPoint\",\"urlTemplate\":\"https:\\\/\\\/macite.tg\\\/?s={search_term_string}\"},\"query-input\":{\"@type\":\"PropertyValueSpecification\",\"valueRequired\":true,\"valueName\":\"search_term_string\"}}],\"inLanguage\":\"fr-FR\"},{\"@type\":\"Person\",\"@id\":\"https:\\\/\\\/macite.tg\\\/#\\\/schema\\\/person\\\/e9f2de7e5dbbe7770a9402c7ce82f5c2\",\"name\":\"Jean Pierre BAWELA\",\"image\":{\"@type\":\"ImageObject\",\"inLanguage\":\"fr-FR\",\"@id\":\"https:\\\/\\\/macite.tg\\\/wp-content\\\/uploads\\\/2023\\\/09\\\/WhatsApp-Image-2023-09-19-at-14.44.41-122x122.jpeg\",\"url\":\"https:\\\/\\\/macite.tg\\\/wp-content\\\/uploads\\\/2023\\\/09\\\/WhatsApp-Image-2023-09-19-at-14.44.41-122x122.jpeg\",\"contentUrl\":\"https:\\\/\\\/macite.tg\\\/wp-content\\\/uploads\\\/2023\\\/09\\\/WhatsApp-Image-2023-09-19-at-14.44.41-122x122.jpeg\",\"caption\":\"Jean Pierre BAWELA\"},\"url\":\"https:\\\/\\\/macite.tg\\\/?author=2\"}]}<\/script>\n<!-- \/ Yoast SEO plugin. -->","yoast_head_json":{"title":"LA PRESSE TOGOLAISE EN DEUIL\u00a0: Le confr\u00e8re Thibaut Adjibodin passe derri\u00e8re les rideaux... -","robots":{"index":"index","follow":"follow","max-snippet":"max-snippet:-1","max-image-preview":"max-image-preview:large","max-video-preview":"max-video-preview:-1"},"canonical":"https:\/\/macite.tg\/?p=1795","og_locale":"fr_FR","og_type":"article","og_title":"LA PRESSE TOGOLAISE EN DEUIL\u00a0: Le confr\u00e8re Thibaut Adjibodin passe derri\u00e8re les rideaux... -","og_description":"On ne l\u2019entendra plus jamais\u00a0! Le Directeur de publication du magazine \u00ab\u00a0Le Contemporain\u00a0\u00bb a quitt\u00e9 le monde des vivants hier lundi des suites d\u2019une longue maladie, de source proche de famille. Longtemps pris en \u00e9tau par un accident vasculaire c\u00e9r\u00e9bral (AVC) duquel il tentait de [&hellip;]","og_url":"https:\/\/macite.tg\/?p=1795","article_published_time":"2022-11-15T09:51:55+00:00","article_modified_time":"2022-11-15T09:51:56+00:00","og_image":[{"width":750,"height":480,"url":"https:\/\/macite.tg\/wp-content\/uploads\/2022\/11\/ADJIBODIN.jpg","type":"image\/jpeg"}],"author":"Jean Pierre BAWELA","twitter_card":"summary_large_image","twitter_misc":{"\u00c9crit par":"Jean Pierre BAWELA","Dur\u00e9e de lecture estim\u00e9e":"2 minutes"},"schema":{"@context":"https:\/\/schema.org","@graph":[{"@type":"Article","@id":"https:\/\/macite.tg\/?p=1795#article","isPartOf":{"@id":"https:\/\/macite.tg\/?p=1795"},"author":{"name":"Jean Pierre BAWELA","@id":"https:\/\/macite.tg\/#\/schema\/person\/e9f2de7e5dbbe7770a9402c7ce82f5c2"},"headline":"LA PRESSE TOGOLAISE EN DEUIL\u00a0: Le confr\u00e8re Thibaut Adjibodin passe derri\u00e8re les rideaux&#8230;","datePublished":"2022-11-15T09:51:55+00:00","dateModified":"2022-11-15T09:51:56+00:00","mainEntityOfPage":{"@id":"https:\/\/macite.tg\/?p=1795"},"wordCount":236,"commentCount":0,"image":{"@id":"https:\/\/macite.tg\/?p=1795#primaryimage"},"thumbnailUrl":"https:\/\/macite.tg\/wp-content\/uploads\/2022\/11\/ADJIBODIN.jpg","articleSection":["NECROLOGIE"],"inLanguage":"fr-FR","potentialAction":[{"@type":"CommentAction","name":"Comment","target":["https:\/\/macite.tg\/?p=1795#respond"]}]},{"@type":"WebPage","@id":"https:\/\/macite.tg\/?p=1795","url":"https:\/\/macite.tg\/?p=1795","name":"LA PRESSE TOGOLAISE EN DEUIL\u00a0: Le confr\u00e8re Thibaut Adjibodin passe derri\u00e8re les rideaux... -","isPartOf":{"@id":"https:\/\/macite.tg\/#website"},"primaryImageOfPage":{"@id":"https:\/\/macite.tg\/?p=1795#primaryimage"},"image":{"@id":"https:\/\/macite.tg\/?p=1795#primaryimage"},"thumbnailUrl":"https:\/\/macite.tg\/wp-content\/uploads\/2022\/11\/ADJIBODIN.jpg","datePublished":"2022-11-15T09:51:55+00:00","dateModified":"2022-11-15T09:51:56+00:00","author":{"@id":"https:\/\/macite.tg\/#\/schema\/person\/e9f2de7e5dbbe7770a9402c7ce82f5c2"},"breadcrumb":{"@id":"https:\/\/macite.tg\/?p=1795#breadcrumb"},"inLanguage":"fr-FR","potentialAction":[{"@type":"ReadAction","target":["https:\/\/macite.tg\/?p=1795"]}]},{"@type":"ImageObject","inLanguage":"fr-FR","@id":"https:\/\/macite.tg\/?p=1795#primaryimage","url":"https:\/\/macite.tg\/wp-content\/uploads\/2022\/11\/ADJIBODIN.jpg","contentUrl":"https:\/\/macite.tg\/wp-content\/uploads\/2022\/11\/ADJIBODIN.jpg","width":750,"height":480},{"@type":"BreadcrumbList","@id":"https:\/\/macite.tg\/?p=1795#breadcrumb","itemListElement":[{"@type":"ListItem","position":1,"name":"Accueil","item":"https:\/\/macite.tg\/"},{"@type":"ListItem","position":2,"name":"LA PRESSE TOGOLAISE EN DEUIL\u00a0: Le confr\u00e8re Thibaut Adjibodin passe derri\u00e8re les rideaux&#8230;"}]},{"@type":"WebSite","@id":"https:\/\/macite.tg\/#website","url":"https:\/\/macite.tg\/","name":"","description":"L&#039;information, la bonne!!!","potentialAction":[{"@type":"SearchAction","target":{"@type":"EntryPoint","urlTemplate":"https:\/\/macite.tg\/?s={search_term_string}"},"query-input":{"@type":"PropertyValueSpecification","valueRequired":true,"valueName":"search_term_string"}}],"inLanguage":"fr-FR"},{"@type":"Person","@id":"https:\/\/macite.tg\/#\/schema\/person\/e9f2de7e5dbbe7770a9402c7ce82f5c2","name":"Jean Pierre BAWELA","image":{"@type":"ImageObject","inLanguage":"fr-FR","@id":"https:\/\/macite.tg\/wp-content\/uploads\/2023\/09\/WhatsApp-Image-2023-09-19-at-14.44.41-122x122.jpeg","url":"https:\/\/macite.tg\/wp-content\/uploads\/2023\/09\/WhatsApp-Image-2023-09-19-at-14.44.41-122x122.jpeg","contentUrl":"https:\/\/macite.tg\/wp-content\/uploads\/2023\/09\/WhatsApp-Image-2023-09-19-at-14.44.41-122x122.jpeg","caption":"Jean Pierre BAWELA"},"url":"https:\/\/macite.tg\/?author=2"}]}},"_links":{"self":[{"href":"https:\/\/macite.tg\/index.php?rest_route=\/wp\/v2\/posts\/1795","targetHints":{"allow":["GET"]}}],"collection":[{"href":"https:\/\/macite.tg\/index.php?rest_route=\/wp\/v2\/posts"}],"about":[{"href":"https:\/\/macite.tg\/index.php?rest_route=\/wp\/v2\/types\/post"}],"author":[{"embeddable":true,"href":"https:\/\/macite.tg\/index.php?rest_route=\/wp\/v2\/users\/2"}],"replies":[{"embeddable":true,"href":"https:\/\/macite.tg\/index.php?rest_route=%2Fwp%2Fv2%2Fcomments&post=1795"}],"version-history":[{"count":0,"href":"https:\/\/macite.tg\/index.php?rest_route=\/wp\/v2\/posts\/1795\/revisions"}],"wp:featuredmedia":[{"embeddable":true,"href":"https:\/\/macite.tg\/index.php?rest_route=\/wp\/v2\/media\/1797"}],"wp:attachment":[{"href":"https:\/\/macite.tg\/index.php?rest_route=%2Fwp%2Fv2%2Fmedia&parent=1795"}],"wp:term":[{"taxonomy":"category","embeddable":true,"href":"https:\/\/macite.tg\/index.php?rest_route=%2Fwp%2Fv2%2Fcategories&post=1795"},{"taxonomy":"post_tag","embeddable":true,"href":"https:\/\/macite.tg\/index.php?rest_route=%2Fwp%2Fv2%2Ftags&post=1795"}],"curies":[{"name":"wp","href":"https:\/\/api.w.org\/{rel}","templated":true}]}}