{"id":17943,"date":"2024-11-14T12:23:29","date_gmt":"2024-11-14T12:23:29","guid":{"rendered":"https:\/\/macite.tg\/?p=17943"},"modified":"2024-11-14T12:27:46","modified_gmt":"2024-11-14T12:27:46","slug":"a-bakou-tete-a-tete-entre-faure-gnassingbe-et-son-homologue-azerbaidjanais-ilham-aliyev","status":"publish","type":"post","link":"https:\/\/macite.tg\/?p=17943","title":{"rendered":"\u00c0 BAKOU : T\u00eate-\u00e0-t\u00eate entre Faure Gnassingb\u00e9 et son homologue azerba\u00efdjanais, Ilham Aliyev"},"content":{"rendered":"\n<p class=\"wp-block-paragraph\"><strong><em>En marge des travaux de la Cop 29 qui se d\u00e9roule actuellement \u00e0 Bakou, en Azerba\u00efdjan, le chef de l\u2019Etat togolais, Faure Gnassingb\u00e9, a \u00e9chang\u00e9, en t\u00eate-\u00e0-t\u00eate avec son homologue Ilham Aliyev, hier mercredi 13 novembre \u00e0 Bakou.<\/em><\/strong><\/p>\n\n\n\n<p class=\"wp-block-paragraph\">A l\u2019occasion de la 29e Conf\u00e9rence des Parties \u00e0 la Convention-cadre des Nations Unies sur les changements climatiques (Cop29), les Pr\u00e9sidents togolais et azerba\u00efdjanais, respectivement Faure Gnassingb\u00e9 et Ilham Aliyev, ont eu une rencontre en t\u00eate-\u00e0-t\u00eate.<\/p>\n\n\n<div class=\"wp-block-image\">\n<figure class=\"aligncenter size-full\"><img loading=\"lazy\" decoding=\"async\" width=\"768\" height=\"319\" src=\"https:\/\/macite.tg\/wp-content\/uploads\/2024\/11\/ANNONCES-1-768x319-1.jpg\" alt=\"\" class=\"wp-image-17930\" srcset=\"https:\/\/macite.tg\/wp-content\/uploads\/2024\/11\/ANNONCES-1-768x319-1.jpg 768w, https:\/\/macite.tg\/wp-content\/uploads\/2024\/11\/ANNONCES-1-768x319-1-300x125.jpg 300w\" sizes=\"auto, (max-width: 768px) 100vw, 768px\" \/><\/figure>\n<\/div>\n\n\n<p class=\"wp-block-paragraph\">Premi\u00e8re du genre, cette rencontre a permis aux deux personnalit\u00e9s de passer en revue l\u2019\u00e9tat de la coop\u00e9ration entre leurs deux pays, mais aussi les perspectives pour le renforcement de ce partenariat. Les deux pr\u00e9sidents se sont r\u00e9ciproquement f\u00e9licit\u00e9s pour leur engagement pour la cause climatique, et salu\u00e9 l\u2019organisation de la 29<sup>\u00e8me<\/sup> Cop.<\/p>\n\n\n<div class=\"wp-block-image\">\n<figure class=\"aligncenter size-large is-resized\"><img loading=\"lazy\" decoding=\"async\" src=\"https:\/\/macite.tg\/wp-content\/uploads\/2024\/11\/Banques_OTR-1-710x1024.jpeg\" alt=\"\" class=\"wp-image-17914\" width=\"454\" height=\"655\" srcset=\"https:\/\/macite.tg\/wp-content\/uploads\/2024\/11\/Banques_OTR-1-710x1024.jpeg 710w, https:\/\/macite.tg\/wp-content\/uploads\/2024\/11\/Banques_OTR-1-208x300.jpeg 208w, https:\/\/macite.tg\/wp-content\/uploads\/2024\/11\/Banques_OTR-1-768x1107.jpeg 768w, https:\/\/macite.tg\/wp-content\/uploads\/2024\/11\/Banques_OTR-1.jpeg 888w\" sizes=\"auto, (max-width: 454px) 100vw, 454px\" \/><\/figure>\n<\/div>\n\n\n<p class=\"wp-block-paragraph\">Notons que le Togo et l\u2019Azerba\u00efdjan sont d\u00e9j\u00e0 li\u00e9s par des accords dans plusieurs domaines, notamment les douanes et les transports a\u00e9riens. Les leaders des deux pays entendent \u00e9largir la coop\u00e9ration bilat\u00e9rale \u00e0 d\u2019autres secteurs tels que l\u2019\u00e9ducation, l\u2019agriculture, etc.<\/p>\n\n\n\n<p class=\"wp-block-paragraph\"><strong>JPB<\/strong><\/p>\n\n\n\n<p class=\"wp-block-paragraph\"><a><strong><em>@macite.tg&nbsp;&nbsp;&nbsp;&nbsp;&nbsp;&nbsp;&nbsp;&nbsp;<\/em><\/strong><\/a><\/p>\n\n\n\n<p class=\"wp-block-paragraph\"><strong><em>E-mail&nbsp;: <\/em><\/strong><a href=\"mailto:maciteinfo@gmail.com\"><strong><em>maciteinfo@gmail.com<\/em><\/strong><\/a><strong><em>; <\/em><\/strong><a href=\"mailto:bawela1@gmail.com\"><strong><em>bawela1@gmail.com<\/em><\/strong><\/a><strong><em><\/em><\/strong><\/p>\n\n\n\n<p class=\"wp-block-paragraph\"><strong><em>Pour vos annonces, (publi)reportages, etc., joignez-nous au (00228)91515309\/<strong>79872224 <\/strong>www.macite.tg, L\u2019information, la bonne&nbsp;!<\/em><\/strong><\/p>\n","protected":false},"excerpt":{"rendered":"<p class=\"text-justify mb-2\" >En marge des travaux de la Cop 29 qui se d\u00e9roule actuellement \u00e0 Bakou, en Azerba\u00efdjan, le chef de l\u2019Etat togolais, Faure Gnassingb\u00e9, a \u00e9chang\u00e9, en t\u00eate-\u00e0-t\u00eate avec son homologue Ilham Aliyev, hier mercredi 13 novembre \u00e0 Bakou. A l\u2019occasion de la 29e Conf\u00e9rence des [&hellip;]<\/p>\n","protected":false},"author":2,"featured_media":17944,"comment_status":"open","ping_status":"open","sticky":false,"template":"","format":"standard","meta":{"footnotes":""},"categories":[20,8],"tags":[],"class_list":["post-17943","post","type-post","status-publish","format-standard","has-post-thumbnail","hentry","category-actualite","category-diplomatie"],"yoast_head":"<!-- This site is optimized with the Yoast SEO plugin v28.4 - https:\/\/yoast.com\/product\/yoast-seo-wordpress\/ -->\n<title>\u00c0 BAKOU : T\u00eate-\u00e0-t\u00eate entre Faure Gnassingb\u00e9 et son homologue azerba\u00efdjanais, Ilham Aliyev -<\/title>\n<meta name=\"robots\" content=\"index, follow, max-snippet:-1, max-image-preview:large, max-video-preview:-1\" \/>\n<link rel=\"canonical\" href=\"https:\/\/macite.tg\/?p=17943\" \/>\n<meta property=\"og:locale\" content=\"fr_FR\" \/>\n<meta property=\"og:type\" content=\"article\" \/>\n<meta property=\"og:title\" content=\"\u00c0 BAKOU : T\u00eate-\u00e0-t\u00eate entre Faure Gnassingb\u00e9 et son homologue azerba\u00efdjanais, Ilham Aliyev -\" \/>\n<meta property=\"og:description\" content=\"En marge des travaux de la Cop 29 qui se d\u00e9roule actuellement \u00e0 Bakou, en Azerba\u00efdjan, le chef de l\u2019Etat togolais, Faure Gnassingb\u00e9, a \u00e9chang\u00e9, en t\u00eate-\u00e0-t\u00eate avec son homologue Ilham Aliyev, hier mercredi 13 novembre \u00e0 Bakou. A l\u2019occasion de la 29e Conf\u00e9rence des [&hellip;]\" \/>\n<meta property=\"og:url\" content=\"https:\/\/macite.tg\/?p=17943\" \/>\n<meta property=\"article:published_time\" content=\"2024-11-14T12:23:29+00:00\" \/>\n<meta property=\"article:modified_time\" content=\"2024-11-14T12:27:46+00:00\" \/>\n<meta property=\"og:image\" content=\"https:\/\/macite.tg\/wp-content\/uploads\/2024\/11\/18317e39-8d8d-443e-bfe3-3fc63216dcac.jpg\" \/>\n\t<meta property=\"og:image:width\" content=\"500\" \/>\n\t<meta property=\"og:image:height\" content=\"334\" \/>\n\t<meta property=\"og:image:type\" content=\"image\/jpeg\" \/>\n<meta name=\"author\" content=\"Jean Pierre BAWELA\" \/>\n<meta name=\"twitter:card\" content=\"summary_large_image\" \/>\n<meta name=\"twitter:label1\" content=\"\u00c9crit par\" \/>\n\t<meta name=\"twitter:data1\" content=\"Jean Pierre BAWELA\" \/>\n\t<meta name=\"twitter:label2\" content=\"Dur\u00e9e de lecture estim\u00e9e\" \/>\n\t<meta name=\"twitter:data2\" content=\"1 minute\" \/>\n<script type=\"application\/ld+json\" class=\"yoast-schema-graph\">{\"@context\":\"https:\\\/\\\/schema.org\",\"@graph\":[{\"@type\":\"Article\",\"@id\":\"https:\\\/\\\/macite.tg\\\/?p=17943#article\",\"isPartOf\":{\"@id\":\"https:\\\/\\\/macite.tg\\\/?p=17943\"},\"author\":{\"name\":\"Jean Pierre BAWELA\",\"@id\":\"https:\\\/\\\/macite.tg\\\/#\\\/schema\\\/person\\\/e9f2de7e5dbbe7770a9402c7ce82f5c2\"},\"headline\":\"\u00c0 BAKOU : T\u00eate-\u00e0-t\u00eate entre Faure Gnassingb\u00e9 et son homologue azerba\u00efdjanais, Ilham Aliyev\",\"datePublished\":\"2024-11-14T12:23:29+00:00\",\"dateModified\":\"2024-11-14T12:27:46+00:00\",\"mainEntityOfPage\":{\"@id\":\"https:\\\/\\\/macite.tg\\\/?p=17943\"},\"wordCount\":243,\"commentCount\":0,\"image\":{\"@id\":\"https:\\\/\\\/macite.tg\\\/?p=17943#primaryimage\"},\"thumbnailUrl\":\"https:\\\/\\\/macite.tg\\\/wp-content\\\/uploads\\\/2024\\\/11\\\/18317e39-8d8d-443e-bfe3-3fc63216dcac.jpg\",\"articleSection\":[\"ACTUALITE\",\"DIPLOMATIE\"],\"inLanguage\":\"fr-FR\",\"potentialAction\":[{\"@type\":\"CommentAction\",\"name\":\"Comment\",\"target\":[\"https:\\\/\\\/macite.tg\\\/?p=17943#respond\"]}]},{\"@type\":\"WebPage\",\"@id\":\"https:\\\/\\\/macite.tg\\\/?p=17943\",\"url\":\"https:\\\/\\\/macite.tg\\\/?p=17943\",\"name\":\"\u00c0 BAKOU : T\u00eate-\u00e0-t\u00eate entre Faure Gnassingb\u00e9 et son homologue azerba\u00efdjanais, Ilham Aliyev -\",\"isPartOf\":{\"@id\":\"https:\\\/\\\/macite.tg\\\/#website\"},\"primaryImageOfPage\":{\"@id\":\"https:\\\/\\\/macite.tg\\\/?p=17943#primaryimage\"},\"image\":{\"@id\":\"https:\\\/\\\/macite.tg\\\/?p=17943#primaryimage\"},\"thumbnailUrl\":\"https:\\\/\\\/macite.tg\\\/wp-content\\\/uploads\\\/2024\\\/11\\\/18317e39-8d8d-443e-bfe3-3fc63216dcac.jpg\",\"datePublished\":\"2024-11-14T12:23:29+00:00\",\"dateModified\":\"2024-11-14T12:27:46+00:00\",\"author\":{\"@id\":\"https:\\\/\\\/macite.tg\\\/#\\\/schema\\\/person\\\/e9f2de7e5dbbe7770a9402c7ce82f5c2\"},\"breadcrumb\":{\"@id\":\"https:\\\/\\\/macite.tg\\\/?p=17943#breadcrumb\"},\"inLanguage\":\"fr-FR\",\"potentialAction\":[{\"@type\":\"ReadAction\",\"target\":[\"https:\\\/\\\/macite.tg\\\/?p=17943\"]}]},{\"@type\":\"ImageObject\",\"inLanguage\":\"fr-FR\",\"@id\":\"https:\\\/\\\/macite.tg\\\/?p=17943#primaryimage\",\"url\":\"https:\\\/\\\/macite.tg\\\/wp-content\\\/uploads\\\/2024\\\/11\\\/18317e39-8d8d-443e-bfe3-3fc63216dcac.jpg\",\"contentUrl\":\"https:\\\/\\\/macite.tg\\\/wp-content\\\/uploads\\\/2024\\\/11\\\/18317e39-8d8d-443e-bfe3-3fc63216dcac.jpg\",\"width\":500,\"height\":334,\"caption\":\"T\u00eate-\u00e0-t\u00eate entre les residents togolais (g) et azerba\u00efdjanais (dt)\"},{\"@type\":\"BreadcrumbList\",\"@id\":\"https:\\\/\\\/macite.tg\\\/?p=17943#breadcrumb\",\"itemListElement\":[{\"@type\":\"ListItem\",\"position\":1,\"name\":\"Accueil\",\"item\":\"https:\\\/\\\/macite.tg\\\/\"},{\"@type\":\"ListItem\",\"position\":2,\"name\":\"\u00c0 BAKOU : T\u00eate-\u00e0-t\u00eate entre Faure Gnassingb\u00e9 et son homologue azerba\u00efdjanais, Ilham Aliyev\"}]},{\"@type\":\"WebSite\",\"@id\":\"https:\\\/\\\/macite.tg\\\/#website\",\"url\":\"https:\\\/\\\/macite.tg\\\/\",\"name\":\"\",\"description\":\"L&#039;information, la bonne!!!\",\"potentialAction\":[{\"@type\":\"SearchAction\",\"target\":{\"@type\":\"EntryPoint\",\"urlTemplate\":\"https:\\\/\\\/macite.tg\\\/?s={search_term_string}\"},\"query-input\":{\"@type\":\"PropertyValueSpecification\",\"valueRequired\":true,\"valueName\":\"search_term_string\"}}],\"inLanguage\":\"fr-FR\"},{\"@type\":\"Person\",\"@id\":\"https:\\\/\\\/macite.tg\\\/#\\\/schema\\\/person\\\/e9f2de7e5dbbe7770a9402c7ce82f5c2\",\"name\":\"Jean Pierre BAWELA\",\"image\":{\"@type\":\"ImageObject\",\"inLanguage\":\"fr-FR\",\"@id\":\"https:\\\/\\\/macite.tg\\\/wp-content\\\/uploads\\\/2023\\\/09\\\/WhatsApp-Image-2023-09-19-at-14.44.41-122x122.jpeg\",\"url\":\"https:\\\/\\\/macite.tg\\\/wp-content\\\/uploads\\\/2023\\\/09\\\/WhatsApp-Image-2023-09-19-at-14.44.41-122x122.jpeg\",\"contentUrl\":\"https:\\\/\\\/macite.tg\\\/wp-content\\\/uploads\\\/2023\\\/09\\\/WhatsApp-Image-2023-09-19-at-14.44.41-122x122.jpeg\",\"caption\":\"Jean Pierre BAWELA\"},\"url\":\"https:\\\/\\\/macite.tg\\\/?author=2\"}]}<\/script>\n<!-- \/ Yoast SEO plugin. -->","yoast_head_json":{"title":"\u00c0 BAKOU : T\u00eate-\u00e0-t\u00eate entre Faure Gnassingb\u00e9 et son homologue azerba\u00efdjanais, Ilham Aliyev -","robots":{"index":"index","follow":"follow","max-snippet":"max-snippet:-1","max-image-preview":"max-image-preview:large","max-video-preview":"max-video-preview:-1"},"canonical":"https:\/\/macite.tg\/?p=17943","og_locale":"fr_FR","og_type":"article","og_title":"\u00c0 BAKOU : T\u00eate-\u00e0-t\u00eate entre Faure Gnassingb\u00e9 et son homologue azerba\u00efdjanais, Ilham Aliyev -","og_description":"En marge des travaux de la Cop 29 qui se d\u00e9roule actuellement \u00e0 Bakou, en Azerba\u00efdjan, le chef de l\u2019Etat togolais, Faure Gnassingb\u00e9, a \u00e9chang\u00e9, en t\u00eate-\u00e0-t\u00eate avec son homologue Ilham Aliyev, hier mercredi 13 novembre \u00e0 Bakou. A l\u2019occasion de la 29e Conf\u00e9rence des [&hellip;]","og_url":"https:\/\/macite.tg\/?p=17943","article_published_time":"2024-11-14T12:23:29+00:00","article_modified_time":"2024-11-14T12:27:46+00:00","og_image":[{"width":500,"height":334,"url":"https:\/\/macite.tg\/wp-content\/uploads\/2024\/11\/18317e39-8d8d-443e-bfe3-3fc63216dcac.jpg","type":"image\/jpeg"}],"author":"Jean Pierre BAWELA","twitter_card":"summary_large_image","twitter_misc":{"\u00c9crit par":"Jean Pierre BAWELA","Dur\u00e9e de lecture estim\u00e9e":"1 minute"},"schema":{"@context":"https:\/\/schema.org","@graph":[{"@type":"Article","@id":"https:\/\/macite.tg\/?p=17943#article","isPartOf":{"@id":"https:\/\/macite.tg\/?p=17943"},"author":{"name":"Jean Pierre BAWELA","@id":"https:\/\/macite.tg\/#\/schema\/person\/e9f2de7e5dbbe7770a9402c7ce82f5c2"},"headline":"\u00c0 BAKOU : T\u00eate-\u00e0-t\u00eate entre Faure Gnassingb\u00e9 et son homologue azerba\u00efdjanais, Ilham Aliyev","datePublished":"2024-11-14T12:23:29+00:00","dateModified":"2024-11-14T12:27:46+00:00","mainEntityOfPage":{"@id":"https:\/\/macite.tg\/?p=17943"},"wordCount":243,"commentCount":0,"image":{"@id":"https:\/\/macite.tg\/?p=17943#primaryimage"},"thumbnailUrl":"https:\/\/macite.tg\/wp-content\/uploads\/2024\/11\/18317e39-8d8d-443e-bfe3-3fc63216dcac.jpg","articleSection":["ACTUALITE","DIPLOMATIE"],"inLanguage":"fr-FR","potentialAction":[{"@type":"CommentAction","name":"Comment","target":["https:\/\/macite.tg\/?p=17943#respond"]}]},{"@type":"WebPage","@id":"https:\/\/macite.tg\/?p=17943","url":"https:\/\/macite.tg\/?p=17943","name":"\u00c0 BAKOU : T\u00eate-\u00e0-t\u00eate entre Faure Gnassingb\u00e9 et son homologue azerba\u00efdjanais, Ilham Aliyev -","isPartOf":{"@id":"https:\/\/macite.tg\/#website"},"primaryImageOfPage":{"@id":"https:\/\/macite.tg\/?p=17943#primaryimage"},"image":{"@id":"https:\/\/macite.tg\/?p=17943#primaryimage"},"thumbnailUrl":"https:\/\/macite.tg\/wp-content\/uploads\/2024\/11\/18317e39-8d8d-443e-bfe3-3fc63216dcac.jpg","datePublished":"2024-11-14T12:23:29+00:00","dateModified":"2024-11-14T12:27:46+00:00","author":{"@id":"https:\/\/macite.tg\/#\/schema\/person\/e9f2de7e5dbbe7770a9402c7ce82f5c2"},"breadcrumb":{"@id":"https:\/\/macite.tg\/?p=17943#breadcrumb"},"inLanguage":"fr-FR","potentialAction":[{"@type":"ReadAction","target":["https:\/\/macite.tg\/?p=17943"]}]},{"@type":"ImageObject","inLanguage":"fr-FR","@id":"https:\/\/macite.tg\/?p=17943#primaryimage","url":"https:\/\/macite.tg\/wp-content\/uploads\/2024\/11\/18317e39-8d8d-443e-bfe3-3fc63216dcac.jpg","contentUrl":"https:\/\/macite.tg\/wp-content\/uploads\/2024\/11\/18317e39-8d8d-443e-bfe3-3fc63216dcac.jpg","width":500,"height":334,"caption":"T\u00eate-\u00e0-t\u00eate entre les residents togolais (g) et azerba\u00efdjanais (dt)"},{"@type":"BreadcrumbList","@id":"https:\/\/macite.tg\/?p=17943#breadcrumb","itemListElement":[{"@type":"ListItem","position":1,"name":"Accueil","item":"https:\/\/macite.tg\/"},{"@type":"ListItem","position":2,"name":"\u00c0 BAKOU : T\u00eate-\u00e0-t\u00eate entre Faure Gnassingb\u00e9 et son homologue azerba\u00efdjanais, Ilham Aliyev"}]},{"@type":"WebSite","@id":"https:\/\/macite.tg\/#website","url":"https:\/\/macite.tg\/","name":"","description":"L&#039;information, la bonne!!!","potentialAction":[{"@type":"SearchAction","target":{"@type":"EntryPoint","urlTemplate":"https:\/\/macite.tg\/?s={search_term_string}"},"query-input":{"@type":"PropertyValueSpecification","valueRequired":true,"valueName":"search_term_string"}}],"inLanguage":"fr-FR"},{"@type":"Person","@id":"https:\/\/macite.tg\/#\/schema\/person\/e9f2de7e5dbbe7770a9402c7ce82f5c2","name":"Jean Pierre BAWELA","image":{"@type":"ImageObject","inLanguage":"fr-FR","@id":"https:\/\/macite.tg\/wp-content\/uploads\/2023\/09\/WhatsApp-Image-2023-09-19-at-14.44.41-122x122.jpeg","url":"https:\/\/macite.tg\/wp-content\/uploads\/2023\/09\/WhatsApp-Image-2023-09-19-at-14.44.41-122x122.jpeg","contentUrl":"https:\/\/macite.tg\/wp-content\/uploads\/2023\/09\/WhatsApp-Image-2023-09-19-at-14.44.41-122x122.jpeg","caption":"Jean Pierre BAWELA"},"url":"https:\/\/macite.tg\/?author=2"}]}},"_links":{"self":[{"href":"https:\/\/macite.tg\/index.php?rest_route=\/wp\/v2\/posts\/17943","targetHints":{"allow":["GET"]}}],"collection":[{"href":"https:\/\/macite.tg\/index.php?rest_route=\/wp\/v2\/posts"}],"about":[{"href":"https:\/\/macite.tg\/index.php?rest_route=\/wp\/v2\/types\/post"}],"author":[{"embeddable":true,"href":"https:\/\/macite.tg\/index.php?rest_route=\/wp\/v2\/users\/2"}],"replies":[{"embeddable":true,"href":"https:\/\/macite.tg\/index.php?rest_route=%2Fwp%2Fv2%2Fcomments&post=17943"}],"version-history":[{"count":0,"href":"https:\/\/macite.tg\/index.php?rest_route=\/wp\/v2\/posts\/17943\/revisions"}],"wp:featuredmedia":[{"embeddable":true,"href":"https:\/\/macite.tg\/index.php?rest_route=\/wp\/v2\/media\/17944"}],"wp:attachment":[{"href":"https:\/\/macite.tg\/index.php?rest_route=%2Fwp%2Fv2%2Fmedia&parent=17943"}],"wp:term":[{"taxonomy":"category","embeddable":true,"href":"https:\/\/macite.tg\/index.php?rest_route=%2Fwp%2Fv2%2Fcategories&post=17943"},{"taxonomy":"post_tag","embeddable":true,"href":"https:\/\/macite.tg\/index.php?rest_route=%2Fwp%2Fv2%2Ftags&post=17943"}],"curies":[{"name":"wp","href":"https:\/\/api.w.org\/{rel}","templated":true}]}}