{"id":17880,"date":"2024-11-12T09:51:07","date_gmt":"2024-11-12T09:51:07","guid":{"rendered":"https:\/\/macite.tg\/?p=17880"},"modified":"2024-11-12T09:51:34","modified_gmt":"2024-11-12T09:51:34","slug":"action-sociale-les-deputes-yawanke-wake-gbati-hatimi-tchabore-et-binantifame-ouadja-au-chevet-des-orphelins-de-saint-joseph-de-bassar","status":"publish","type":"post","link":"https:\/\/macite.tg\/?p=17880","title":{"rendered":"ACTION SOCIALE\u00a0: Les d\u00e9put\u00e9s Yawank\u00e9 Wak\u00e9 Gbati, Hatimi Tchabor\u00e9 et Binantifame Ouadja au chevet des orphelins de Saint Joseph de Bassar"},"content":{"rendered":"\n<p class=\"wp-block-paragraph\"><strong><em>Les d\u00e9put\u00e9s de la pr\u00e9fecture de Bassar \u00e9tendent leurs actions vers les couches sociales les plus vuln\u00e9rables.\u00a0 Le vendredi 08 novembre dernier, ils ont fait un don de vivres et non vivres \u00e0 l\u2019orphelinat Saint Joseph des s\u0153urs de la Providence Saint Andr\u00e9 de Peltre de Bassar. Compos\u00e9 de sacs de ma\u00efs, de sacs de riz (50 kilos), de bidons d&rsquo;huile, de cartons de tomates et de sardines, de v\u00e9los, de matelas et des chaussures de sport, ce don va contribuer \u00e0 soutenir ce centre d\u2019accueil, pour une meilleure prise en charge de ses pensionnaires.<\/em><\/strong><\/p>\n\n\n\n<p class=\"wp-block-paragraph\">\u00ab\u00a0<em>Il s\u2019agit pour nous de soutenir le travail que font les responsables de l\u2019orphelinat dans le but de permettre aux enfants qui, aujourd\u2019hui par la force des choses, se retrouvent sans p\u00e8re ni m\u00e8re, \u00e0 s\u2019\u00e9panouir comme tout autre enfant. <\/em><\/p>\n\n\n\n<p class=\"wp-block-paragraph\"><em>Il s\u2019agit \u00e9galement de soutenir le gouvernement togolais dans sa d\u00e9marche inclusive, en vue de permettre \u00e0 chaque couche sociale de notre pays de s\u2019\u00e9panouir. C\u2019est un geste de solidarit\u00e9, qui va toujours se perp\u00e9trer lorsqu\u2019on n\u2019a un peu de moyens. <\/em><\/p>\n\n\n\n<p class=\"wp-block-paragraph\"><em>Les orphelins et les orphelines n\u2019ont pas souhait\u00e9 la situation dans laquelle ils se retrouvent aujourd\u2019hui, c\u2019est par la force de certaines circonstances. Ils ont donc besoin de nous, et c\u2019est ce que nous, d\u00e9put\u00e9s de la pr\u00e9fecture de Bassar, avons fait\u00a0<\/em>\u00bb, a expliqu\u00e9 le porte-parole de la d\u00e9l\u00e9gation, l\u2019honorable Yawank\u00e9 Wak\u00e9 Gbati.\u00a0<\/p>\n\n\n<div class=\"wp-block-image\">\n<figure class=\"aligncenter size-full is-resized\"><img loading=\"lazy\" decoding=\"async\" src=\"https:\/\/macite.tg\/wp-content\/uploads\/2024\/11\/d9c67c76-4e2e-494c-8502-d57342f11fdc.jpg\" alt=\"\" class=\"wp-image-17771\" width=\"572\" height=\"786\" srcset=\"https:\/\/macite.tg\/wp-content\/uploads\/2024\/11\/d9c67c76-4e2e-494c-8502-d57342f11fdc.jpg 718w, https:\/\/macite.tg\/wp-content\/uploads\/2024\/11\/d9c67c76-4e2e-494c-8502-d57342f11fdc-218x300.jpg 218w\" sizes=\"auto, (max-width: 572px) 100vw, 572px\" \/><\/figure>\n<\/div>\n\n\n<p class=\"wp-block-paragraph\">Pour la s\u0153ur Judith Djiwa, responsable, charg\u00e9e de l&rsquo;encadrement des orphelins, ce geste des honorables d\u00e9put\u00e9s va accro\u00eetre le moral et l&rsquo;espoir des enfants. Elle a remerci\u00e9 les autorit\u00e9s de Bassar, en g\u00e9n\u00e9ral, et les d\u00e9put\u00e9s, en particulier, pour leur \u00e9coute attentive et la sollicitude dont ils \u00e9t\u00e9 toujours objet, afin de soutenir les enfants en situation difficile de Bassar.<\/p>\n\n\n\n<p class=\"wp-block-paragraph\">Le pr\u00e9fet de la pr\u00e9fecture, le Col Bonfo Far\u00e9, pr\u00e9sent \u00e0 cette c\u00e9r\u00e9monie, a remerci\u00e9 les donateurs et invit\u00e9 d\u2019autres bonnes volont\u00e9s \u00e0 leur embo\u00eeter le pas.<\/p>\n\n\n\n<p class=\"wp-block-paragraph\">Dieu Providence a \u00e9cout\u00e9 les supplications de l&rsquo;orphelinat Saint Joseph qui, il y a quelques jours, a b\u00e9n\u00e9fici\u00e9 des dons de l&rsquo;Ong \u2018\u2019Fi-Bassar\u2019\u2019 et ses partenaires Allemands.<\/p>\n\n\n\n<p class=\"wp-block-paragraph\">L\u2019orphelinat compte 22 pensionnaires (13 filles et 9 gar\u00e7ons) dont l\u2019\u00e2ge est compris entre 18 mois et 15 ans. Ils sont scolaris\u00e9s (maternelle, primaire et coll\u00e8ge). Le gar\u00e7on le plus \u00e2g\u00e9, a 15 ans, et est inscrit au coll\u00e8ge de formation technique et professionnelle de Bassar.<\/p>\n\n\n<div class=\"wp-block-image\">\n<figure class=\"aligncenter size-full is-resized\"><img loading=\"lazy\" decoding=\"async\" src=\"https:\/\/macite.tg\/wp-content\/uploads\/2024\/11\/30-Depreciation.jpg\" alt=\"\" class=\"wp-image-17814\" width=\"428\" height=\"535\" srcset=\"https:\/\/macite.tg\/wp-content\/uploads\/2024\/11\/30-Depreciation.jpg 512w, https:\/\/macite.tg\/wp-content\/uploads\/2024\/11\/30-Depreciation-240x300.jpg 240w\" sizes=\"auto, (max-width: 428px) 100vw, 428px\" \/><\/figure>\n<\/div>\n\n\n<p class=\"wp-block-paragraph\">Le chef sup\u00e9rieur de Bassar, le chef d&rsquo;inspection de l&rsquo;\u00e9ducation, les cadres politiques de Bassar et des personnalit\u00e9s religieuses ont \u00e9t\u00e9 les t\u00e9moins vivants de cette c\u00e9r\u00e9monie.<\/p>\n\n\n\n<p class=\"wp-block-paragraph\">Rappelons que les g\u00e9n\u00e9reux donateurs sont les d\u00e9put\u00e9s Yawank\u00e9 Wak\u00e9 Gbati, Hatimi Tchabor\u00e9 et&nbsp; Binantifame Ouadja.<\/p>\n\n\n\n<p class=\"wp-block-paragraph\"><strong>T. B.<\/strong><\/p>\n\n\n\n<p class=\"wp-block-paragraph\"><a><strong><em>@macite.tg&nbsp;&nbsp;&nbsp;&nbsp;&nbsp;&nbsp;&nbsp;&nbsp;<\/em><\/strong><\/a><\/p>\n\n\n\n<p class=\"wp-block-paragraph\"><strong><em>E-mail&nbsp;: <\/em><\/strong><a href=\"mailto:maciteinfo@gmail.com\"><strong><em>maciteinfo@gmail.com<\/em><\/strong><\/a><strong><em>; <\/em><\/strong><a href=\"mailto:bawela1@gmail.com\"><strong><em>bawela1@gmail.com<\/em><\/strong><\/a><strong><em><\/em><\/strong><\/p>\n\n\n\n<p class=\"wp-block-paragraph\"><strong><em>Pour vos annonces, (publi)reportages, etc., joignez-nous au (00228)91515309\/<strong>79872224 <\/strong>www.macite.tg, L\u2019information, la bonne&nbsp;!<\/em><\/strong><\/p>\n","protected":false},"excerpt":{"rendered":"<p class=\"text-justify mb-2\" >Les d\u00e9put\u00e9s de la pr\u00e9fecture de Bassar \u00e9tendent leurs actions vers les couches sociales les plus vuln\u00e9rables.\u00a0 Le vendredi 08 novembre dernier, ils ont fait un don de vivres et non vivres \u00e0 l\u2019orphelinat Saint Joseph des s\u0153urs de la Providence Saint Andr\u00e9 de Peltre [&hellip;]<\/p>\n","protected":false},"author":2,"featured_media":17882,"comment_status":"open","ping_status":"open","sticky":false,"template":"","format":"standard","meta":{"footnotes":""},"categories":[20,55],"tags":[],"class_list":["post-17880","post","type-post","status-publish","format-standard","has-post-thumbnail","hentry","category-actualite","category-humanitaire"],"yoast_head":"<!-- This site is optimized with the Yoast SEO plugin v28.4 - https:\/\/yoast.com\/product\/yoast-seo-wordpress\/ -->\n<title>ACTION SOCIALE\u00a0: Les d\u00e9put\u00e9s Yawank\u00e9 Wak\u00e9 Gbati, Hatimi Tchabor\u00e9 et Binantifame Ouadja au chevet des orphelins de Saint Joseph de Bassar -<\/title>\n<meta name=\"robots\" content=\"index, follow, max-snippet:-1, max-image-preview:large, max-video-preview:-1\" \/>\n<link rel=\"canonical\" href=\"https:\/\/macite.tg\/?p=17880\" \/>\n<meta property=\"og:locale\" content=\"fr_FR\" \/>\n<meta property=\"og:type\" content=\"article\" \/>\n<meta property=\"og:title\" content=\"ACTION SOCIALE\u00a0: Les d\u00e9put\u00e9s Yawank\u00e9 Wak\u00e9 Gbati, Hatimi Tchabor\u00e9 et Binantifame Ouadja au chevet des orphelins de Saint Joseph de Bassar -\" \/>\n<meta property=\"og:description\" content=\"Les d\u00e9put\u00e9s de la pr\u00e9fecture de Bassar \u00e9tendent leurs actions vers les couches sociales les plus vuln\u00e9rables.\u00a0 Le vendredi 08 novembre dernier, ils ont fait un don de vivres et non vivres \u00e0 l\u2019orphelinat Saint Joseph des s\u0153urs de la Providence Saint Andr\u00e9 de Peltre [&hellip;]\" \/>\n<meta property=\"og:url\" content=\"https:\/\/macite.tg\/?p=17880\" \/>\n<meta property=\"article:published_time\" content=\"2024-11-12T09:51:07+00:00\" \/>\n<meta property=\"article:modified_time\" content=\"2024-11-12T09:51:34+00:00\" \/>\n<meta property=\"og:image\" content=\"https:\/\/macite.tg\/wp-content\/uploads\/2024\/11\/Deputes-Bassar.jpg\" \/>\n\t<meta property=\"og:image:width\" content=\"500\" \/>\n\t<meta property=\"og:image:height\" content=\"256\" \/>\n\t<meta property=\"og:image:type\" content=\"image\/jpeg\" \/>\n<meta name=\"author\" content=\"Jean Pierre BAWELA\" \/>\n<meta name=\"twitter:card\" content=\"summary_large_image\" \/>\n<meta name=\"twitter:label1\" content=\"\u00c9crit par\" \/>\n\t<meta name=\"twitter:data1\" content=\"Jean Pierre BAWELA\" \/>\n\t<meta name=\"twitter:label2\" content=\"Dur\u00e9e de lecture estim\u00e9e\" \/>\n\t<meta name=\"twitter:data2\" content=\"3 minutes\" \/>\n<script type=\"application\/ld+json\" class=\"yoast-schema-graph\">{\"@context\":\"https:\\\/\\\/schema.org\",\"@graph\":[{\"@type\":\"Article\",\"@id\":\"https:\\\/\\\/macite.tg\\\/?p=17880#article\",\"isPartOf\":{\"@id\":\"https:\\\/\\\/macite.tg\\\/?p=17880\"},\"author\":{\"name\":\"Jean Pierre BAWELA\",\"@id\":\"https:\\\/\\\/macite.tg\\\/#\\\/schema\\\/person\\\/e9f2de7e5dbbe7770a9402c7ce82f5c2\"},\"headline\":\"ACTION SOCIALE\u00a0: Les d\u00e9put\u00e9s Yawank\u00e9 Wak\u00e9 Gbati, Hatimi Tchabor\u00e9 et Binantifame Ouadja au chevet des orphelins de Saint Joseph de Bassar\",\"datePublished\":\"2024-11-12T09:51:07+00:00\",\"dateModified\":\"2024-11-12T09:51:34+00:00\",\"mainEntityOfPage\":{\"@id\":\"https:\\\/\\\/macite.tg\\\/?p=17880\"},\"wordCount\":553,\"commentCount\":0,\"image\":{\"@id\":\"https:\\\/\\\/macite.tg\\\/?p=17880#primaryimage\"},\"thumbnailUrl\":\"https:\\\/\\\/macite.tg\\\/wp-content\\\/uploads\\\/2024\\\/11\\\/Deputes-Bassar.jpg\",\"articleSection\":[\"ACTUALITE\",\"HUMANITAIRE\"],\"inLanguage\":\"fr-FR\",\"potentialAction\":[{\"@type\":\"CommentAction\",\"name\":\"Comment\",\"target\":[\"https:\\\/\\\/macite.tg\\\/?p=17880#respond\"]}]},{\"@type\":\"WebPage\",\"@id\":\"https:\\\/\\\/macite.tg\\\/?p=17880\",\"url\":\"https:\\\/\\\/macite.tg\\\/?p=17880\",\"name\":\"ACTION SOCIALE\u00a0: Les d\u00e9put\u00e9s Yawank\u00e9 Wak\u00e9 Gbati, Hatimi Tchabor\u00e9 et Binantifame Ouadja au chevet des orphelins de Saint Joseph de Bassar -\",\"isPartOf\":{\"@id\":\"https:\\\/\\\/macite.tg\\\/#website\"},\"primaryImageOfPage\":{\"@id\":\"https:\\\/\\\/macite.tg\\\/?p=17880#primaryimage\"},\"image\":{\"@id\":\"https:\\\/\\\/macite.tg\\\/?p=17880#primaryimage\"},\"thumbnailUrl\":\"https:\\\/\\\/macite.tg\\\/wp-content\\\/uploads\\\/2024\\\/11\\\/Deputes-Bassar.jpg\",\"datePublished\":\"2024-11-12T09:51:07+00:00\",\"dateModified\":\"2024-11-12T09:51:34+00:00\",\"author\":{\"@id\":\"https:\\\/\\\/macite.tg\\\/#\\\/schema\\\/person\\\/e9f2de7e5dbbe7770a9402c7ce82f5c2\"},\"breadcrumb\":{\"@id\":\"https:\\\/\\\/macite.tg\\\/?p=17880#breadcrumb\"},\"inLanguage\":\"fr-FR\",\"potentialAction\":[{\"@type\":\"ReadAction\",\"target\":[\"https:\\\/\\\/macite.tg\\\/?p=17880\"]}]},{\"@type\":\"ImageObject\",\"inLanguage\":\"fr-FR\",\"@id\":\"https:\\\/\\\/macite.tg\\\/?p=17880#primaryimage\",\"url\":\"https:\\\/\\\/macite.tg\\\/wp-content\\\/uploads\\\/2024\\\/11\\\/Deputes-Bassar.jpg\",\"contentUrl\":\"https:\\\/\\\/macite.tg\\\/wp-content\\\/uploads\\\/2024\\\/11\\\/Deputes-Bassar.jpg\",\"width\":500,\"height\":256,\"caption\":\"Quelques temps forts de la c\u00e9r\u00e9monie de remise de don \u00e0 l'orphelinat \u00e0 Bassar.\"},{\"@type\":\"BreadcrumbList\",\"@id\":\"https:\\\/\\\/macite.tg\\\/?p=17880#breadcrumb\",\"itemListElement\":[{\"@type\":\"ListItem\",\"position\":1,\"name\":\"Accueil\",\"item\":\"https:\\\/\\\/macite.tg\\\/\"},{\"@type\":\"ListItem\",\"position\":2,\"name\":\"ACTION SOCIALE\u00a0: Les d\u00e9put\u00e9s Yawank\u00e9 Wak\u00e9 Gbati, Hatimi Tchabor\u00e9 et Binantifame Ouadja au chevet des orphelins de Saint Joseph de Bassar\"}]},{\"@type\":\"WebSite\",\"@id\":\"https:\\\/\\\/macite.tg\\\/#website\",\"url\":\"https:\\\/\\\/macite.tg\\\/\",\"name\":\"\",\"description\":\"L&#039;information, la bonne!!!\",\"potentialAction\":[{\"@type\":\"SearchAction\",\"target\":{\"@type\":\"EntryPoint\",\"urlTemplate\":\"https:\\\/\\\/macite.tg\\\/?s={search_term_string}\"},\"query-input\":{\"@type\":\"PropertyValueSpecification\",\"valueRequired\":true,\"valueName\":\"search_term_string\"}}],\"inLanguage\":\"fr-FR\"},{\"@type\":\"Person\",\"@id\":\"https:\\\/\\\/macite.tg\\\/#\\\/schema\\\/person\\\/e9f2de7e5dbbe7770a9402c7ce82f5c2\",\"name\":\"Jean Pierre BAWELA\",\"image\":{\"@type\":\"ImageObject\",\"inLanguage\":\"fr-FR\",\"@id\":\"https:\\\/\\\/macite.tg\\\/wp-content\\\/uploads\\\/2023\\\/09\\\/WhatsApp-Image-2023-09-19-at-14.44.41-122x122.jpeg\",\"url\":\"https:\\\/\\\/macite.tg\\\/wp-content\\\/uploads\\\/2023\\\/09\\\/WhatsApp-Image-2023-09-19-at-14.44.41-122x122.jpeg\",\"contentUrl\":\"https:\\\/\\\/macite.tg\\\/wp-content\\\/uploads\\\/2023\\\/09\\\/WhatsApp-Image-2023-09-19-at-14.44.41-122x122.jpeg\",\"caption\":\"Jean Pierre BAWELA\"},\"url\":\"https:\\\/\\\/macite.tg\\\/?author=2\"}]}<\/script>\n<!-- \/ Yoast SEO plugin. -->","yoast_head_json":{"title":"ACTION SOCIALE\u00a0: Les d\u00e9put\u00e9s Yawank\u00e9 Wak\u00e9 Gbati, Hatimi Tchabor\u00e9 et Binantifame Ouadja au chevet des orphelins de Saint Joseph de Bassar -","robots":{"index":"index","follow":"follow","max-snippet":"max-snippet:-1","max-image-preview":"max-image-preview:large","max-video-preview":"max-video-preview:-1"},"canonical":"https:\/\/macite.tg\/?p=17880","og_locale":"fr_FR","og_type":"article","og_title":"ACTION SOCIALE\u00a0: Les d\u00e9put\u00e9s Yawank\u00e9 Wak\u00e9 Gbati, Hatimi Tchabor\u00e9 et Binantifame Ouadja au chevet des orphelins de Saint Joseph de Bassar -","og_description":"Les d\u00e9put\u00e9s de la pr\u00e9fecture de Bassar \u00e9tendent leurs actions vers les couches sociales les plus vuln\u00e9rables.\u00a0 Le vendredi 08 novembre dernier, ils ont fait un don de vivres et non vivres \u00e0 l\u2019orphelinat Saint Joseph des s\u0153urs de la Providence Saint Andr\u00e9 de Peltre [&hellip;]","og_url":"https:\/\/macite.tg\/?p=17880","article_published_time":"2024-11-12T09:51:07+00:00","article_modified_time":"2024-11-12T09:51:34+00:00","og_image":[{"width":500,"height":256,"url":"https:\/\/macite.tg\/wp-content\/uploads\/2024\/11\/Deputes-Bassar.jpg","type":"image\/jpeg"}],"author":"Jean Pierre BAWELA","twitter_card":"summary_large_image","twitter_misc":{"\u00c9crit par":"Jean Pierre BAWELA","Dur\u00e9e de lecture estim\u00e9e":"3 minutes"},"schema":{"@context":"https:\/\/schema.org","@graph":[{"@type":"Article","@id":"https:\/\/macite.tg\/?p=17880#article","isPartOf":{"@id":"https:\/\/macite.tg\/?p=17880"},"author":{"name":"Jean Pierre BAWELA","@id":"https:\/\/macite.tg\/#\/schema\/person\/e9f2de7e5dbbe7770a9402c7ce82f5c2"},"headline":"ACTION SOCIALE\u00a0: Les d\u00e9put\u00e9s Yawank\u00e9 Wak\u00e9 Gbati, Hatimi Tchabor\u00e9 et Binantifame Ouadja au chevet des orphelins de Saint Joseph de Bassar","datePublished":"2024-11-12T09:51:07+00:00","dateModified":"2024-11-12T09:51:34+00:00","mainEntityOfPage":{"@id":"https:\/\/macite.tg\/?p=17880"},"wordCount":553,"commentCount":0,"image":{"@id":"https:\/\/macite.tg\/?p=17880#primaryimage"},"thumbnailUrl":"https:\/\/macite.tg\/wp-content\/uploads\/2024\/11\/Deputes-Bassar.jpg","articleSection":["ACTUALITE","HUMANITAIRE"],"inLanguage":"fr-FR","potentialAction":[{"@type":"CommentAction","name":"Comment","target":["https:\/\/macite.tg\/?p=17880#respond"]}]},{"@type":"WebPage","@id":"https:\/\/macite.tg\/?p=17880","url":"https:\/\/macite.tg\/?p=17880","name":"ACTION SOCIALE\u00a0: Les d\u00e9put\u00e9s Yawank\u00e9 Wak\u00e9 Gbati, Hatimi Tchabor\u00e9 et Binantifame Ouadja au chevet des orphelins de Saint Joseph de Bassar -","isPartOf":{"@id":"https:\/\/macite.tg\/#website"},"primaryImageOfPage":{"@id":"https:\/\/macite.tg\/?p=17880#primaryimage"},"image":{"@id":"https:\/\/macite.tg\/?p=17880#primaryimage"},"thumbnailUrl":"https:\/\/macite.tg\/wp-content\/uploads\/2024\/11\/Deputes-Bassar.jpg","datePublished":"2024-11-12T09:51:07+00:00","dateModified":"2024-11-12T09:51:34+00:00","author":{"@id":"https:\/\/macite.tg\/#\/schema\/person\/e9f2de7e5dbbe7770a9402c7ce82f5c2"},"breadcrumb":{"@id":"https:\/\/macite.tg\/?p=17880#breadcrumb"},"inLanguage":"fr-FR","potentialAction":[{"@type":"ReadAction","target":["https:\/\/macite.tg\/?p=17880"]}]},{"@type":"ImageObject","inLanguage":"fr-FR","@id":"https:\/\/macite.tg\/?p=17880#primaryimage","url":"https:\/\/macite.tg\/wp-content\/uploads\/2024\/11\/Deputes-Bassar.jpg","contentUrl":"https:\/\/macite.tg\/wp-content\/uploads\/2024\/11\/Deputes-Bassar.jpg","width":500,"height":256,"caption":"Quelques temps forts de la c\u00e9r\u00e9monie de remise de don \u00e0 l'orphelinat \u00e0 Bassar."},{"@type":"BreadcrumbList","@id":"https:\/\/macite.tg\/?p=17880#breadcrumb","itemListElement":[{"@type":"ListItem","position":1,"name":"Accueil","item":"https:\/\/macite.tg\/"},{"@type":"ListItem","position":2,"name":"ACTION SOCIALE\u00a0: Les d\u00e9put\u00e9s Yawank\u00e9 Wak\u00e9 Gbati, Hatimi Tchabor\u00e9 et Binantifame Ouadja au chevet des orphelins de Saint Joseph de Bassar"}]},{"@type":"WebSite","@id":"https:\/\/macite.tg\/#website","url":"https:\/\/macite.tg\/","name":"","description":"L&#039;information, la bonne!!!","potentialAction":[{"@type":"SearchAction","target":{"@type":"EntryPoint","urlTemplate":"https:\/\/macite.tg\/?s={search_term_string}"},"query-input":{"@type":"PropertyValueSpecification","valueRequired":true,"valueName":"search_term_string"}}],"inLanguage":"fr-FR"},{"@type":"Person","@id":"https:\/\/macite.tg\/#\/schema\/person\/e9f2de7e5dbbe7770a9402c7ce82f5c2","name":"Jean Pierre BAWELA","image":{"@type":"ImageObject","inLanguage":"fr-FR","@id":"https:\/\/macite.tg\/wp-content\/uploads\/2023\/09\/WhatsApp-Image-2023-09-19-at-14.44.41-122x122.jpeg","url":"https:\/\/macite.tg\/wp-content\/uploads\/2023\/09\/WhatsApp-Image-2023-09-19-at-14.44.41-122x122.jpeg","contentUrl":"https:\/\/macite.tg\/wp-content\/uploads\/2023\/09\/WhatsApp-Image-2023-09-19-at-14.44.41-122x122.jpeg","caption":"Jean Pierre BAWELA"},"url":"https:\/\/macite.tg\/?author=2"}]}},"_links":{"self":[{"href":"https:\/\/macite.tg\/index.php?rest_route=\/wp\/v2\/posts\/17880","targetHints":{"allow":["GET"]}}],"collection":[{"href":"https:\/\/macite.tg\/index.php?rest_route=\/wp\/v2\/posts"}],"about":[{"href":"https:\/\/macite.tg\/index.php?rest_route=\/wp\/v2\/types\/post"}],"author":[{"embeddable":true,"href":"https:\/\/macite.tg\/index.php?rest_route=\/wp\/v2\/users\/2"}],"replies":[{"embeddable":true,"href":"https:\/\/macite.tg\/index.php?rest_route=%2Fwp%2Fv2%2Fcomments&post=17880"}],"version-history":[{"count":0,"href":"https:\/\/macite.tg\/index.php?rest_route=\/wp\/v2\/posts\/17880\/revisions"}],"wp:featuredmedia":[{"embeddable":true,"href":"https:\/\/macite.tg\/index.php?rest_route=\/wp\/v2\/media\/17882"}],"wp:attachment":[{"href":"https:\/\/macite.tg\/index.php?rest_route=%2Fwp%2Fv2%2Fmedia&parent=17880"}],"wp:term":[{"taxonomy":"category","embeddable":true,"href":"https:\/\/macite.tg\/index.php?rest_route=%2Fwp%2Fv2%2Fcategories&post=17880"},{"taxonomy":"post_tag","embeddable":true,"href":"https:\/\/macite.tg\/index.php?rest_route=%2Fwp%2Fv2%2Ftags&post=17880"}],"curies":[{"name":"wp","href":"https:\/\/api.w.org\/{rel}","templated":true}]}}