{"id":17872,"date":"2024-11-11T14:13:23","date_gmt":"2024-11-11T14:13:23","guid":{"rendered":"https:\/\/macite.tg\/?p=17872"},"modified":"2024-11-11T14:13:38","modified_gmt":"2024-11-11T14:13:38","slug":"cooperation-economique-les-echanges-commerciaux-entre-le-togo-et-la-turquie-en-hausse-en-2023","status":"publish","type":"post","link":"https:\/\/macite.tg\/?p=17872","title":{"rendered":"COOPERATION ECONOMIQUE : Les \u00e9changes commerciaux entre le Togo et la Turquie en hausse en 2023"},"content":{"rendered":"\n<p class=\"wp-block-paragraph\"><strong><em>Le partenariat \u00e9conomique entre le Togo et la Turquie continue de se consolider depuis quelques ann\u00e9es d\u00e9j\u00e0 gr\u00e2ce aux nombreux accords et protocoles sign\u00e9s entre Lom\u00e9 et Ankara. Les \u00e9changes entre les deux pays ont atteint la barre des 300 millions de dollars\u2026<\/em><\/strong><\/p>\n\n\n\n<p class=\"wp-block-paragraph\">Boost\u00e9 ces derni\u00e8res ann\u00e9es par de nombreux accords et protocoles, le partenariat entre le Togo et la Turquie continue de se renforcer davantage.<\/p>\n\n\n\n<p class=\"wp-block-paragraph\">En effet, en fin de semaine derni\u00e8re, \u00e0 la faveur d\u2019une rencontre entre l\u2019ambassadeur turc, Muteber K\u0131l\u0131\u00e7, et le pr\u00e9sident de la chambre consulaire du Togo (Cci-Togo), Jos\u00e9 Sym\u00e9nouh, les deux personnalit\u00e9s ont relev\u00e9 une augmentation de 50% par rapport \u00e0 2022, des \u00e9changes commerciaux entre les deux pays.<\/p>\n\n\n<div class=\"wp-block-image\">\n<figure class=\"aligncenter size-full is-resized\"><img loading=\"lazy\" decoding=\"async\" src=\"https:\/\/macite.tg\/wp-content\/uploads\/2024\/11\/d9c67c76-4e2e-494c-8502-d57342f11fdc.jpg\" alt=\"\" class=\"wp-image-17771\" width=\"448\" height=\"616\" srcset=\"https:\/\/macite.tg\/wp-content\/uploads\/2024\/11\/d9c67c76-4e2e-494c-8502-d57342f11fdc.jpg 718w, https:\/\/macite.tg\/wp-content\/uploads\/2024\/11\/d9c67c76-4e2e-494c-8502-d57342f11fdc-218x300.jpg 218w\" sizes=\"auto, (max-width: 448px) 100vw, 448px\" \/><\/figure>\n<\/div>\n\n\n<p class=\"wp-block-paragraph\">Tout en se f\u00e9licitant de cette bonne sant\u00e9 du partenariat entre les deux pays, la diplomate turque, Muteber K\u0131l\u0131\u00e7, et Jos\u00e9 Sym\u00e9nouh ont explor\u00e9 de nouvelles opportunit\u00e9s pour booster les investissements bilat\u00e9raux, en mettant l\u2019accent sur le renforcement de la collaboration entre les op\u00e9rateurs \u00e9conomiques turcs et togolais.<\/p>\n\n\n\n<p class=\"wp-block-paragraph\">Dans cet \u00e9lan, l\u2019Ambassadeur turc a annonc\u00e9 l\u2019arriv\u00e9e, dans les prochaines semaines, d\u2019une d\u00e9l\u00e9gation d\u2019hommes d\u2019affaires turcs dans le cadre d&rsquo;un forum \u00e9conomique \u00e0 An\u00e9ho. Cette initiative devra permettre aux investisseurs turcs de d\u00e9couvrir les potentiels \u00e9conomiques localement et de nouer des partenariats strat\u00e9giques<\/p>\n\n\n<div class=\"wp-block-image\">\n<figure class=\"aligncenter size-full is-resized\"><img loading=\"lazy\" decoding=\"async\" src=\"https:\/\/macite.tg\/wp-content\/uploads\/2024\/11\/30-Depreciation.jpg\" alt=\"\" class=\"wp-image-17814\" width=\"418\" height=\"523\" srcset=\"https:\/\/macite.tg\/wp-content\/uploads\/2024\/11\/30-Depreciation.jpg 512w, https:\/\/macite.tg\/wp-content\/uploads\/2024\/11\/30-Depreciation-240x300.jpg 240w\" sizes=\"auto, (max-width: 418px) 100vw, 418px\" \/><\/figure>\n<\/div>\n\n\n<p class=\"wp-block-paragraph\">Notons que Lom\u00e9 et Ankara entretiennent de bonnes relations de partenariats, ceci dans plusieurs domaines, notamment l\u2019agriculture, le commerce, la s\u00e9curit\u00e9, mais aussi le tourisme.<\/p>\n\n\n\n<p class=\"wp-block-paragraph\"><strong>Mab\u00e9 B<\/strong>.<\/p>\n\n\n\n<p class=\"wp-block-paragraph\"><a><strong><em>@macite.tg&nbsp;&nbsp;&nbsp;&nbsp;&nbsp;&nbsp;&nbsp;&nbsp;<\/em><\/strong><\/a><\/p>\n\n\n\n<p class=\"wp-block-paragraph\"><strong><em>E-mail&nbsp;: <\/em><\/strong><a href=\"mailto:maciteinfo@gmail.com\"><strong><em>maciteinfo@gmail.com<\/em><\/strong><\/a><strong><em>; <\/em><\/strong><a href=\"mailto:bawela1@gmail.com\"><strong><em>bawela1@gmail.com<\/em><\/strong><\/a><strong><em><\/em><\/strong><\/p>\n\n\n\n<p class=\"wp-block-paragraph\"><strong><em>Pour vos annonces, (publi)reportages, etc., joignez-nous au (00228)91515309\/<strong>79872224 <\/strong>www.macite.tg, L\u2019information, la bonne&nbsp;!<\/em><\/strong><\/p>\n","protected":false},"excerpt":{"rendered":"<p class=\"text-justify mb-2\" >Le partenariat \u00e9conomique entre le Togo et la Turquie continue de se consolider depuis quelques ann\u00e9es d\u00e9j\u00e0 gr\u00e2ce aux nombreux accords et protocoles sign\u00e9s entre Lom\u00e9 et Ankara. Les \u00e9changes entre les deux pays ont atteint la barre des 300 millions de dollars\u2026 Boost\u00e9 ces [&hellip;]<\/p>\n","protected":false},"author":2,"featured_media":17873,"comment_status":"open","ping_status":"open","sticky":false,"template":"","format":"standard","meta":{"footnotes":""},"categories":[20,3],"tags":[],"class_list":["post-17872","post","type-post","status-publish","format-standard","has-post-thumbnail","hentry","category-actualite","category-economie"],"yoast_head":"<!-- This site is optimized with the Yoast SEO plugin v28.4 - https:\/\/yoast.com\/product\/yoast-seo-wordpress\/ -->\n<title>COOPERATION ECONOMIQUE : Les \u00e9changes commerciaux entre le Togo et la Turquie en hausse en 2023 -<\/title>\n<meta name=\"robots\" content=\"index, follow, max-snippet:-1, max-image-preview:large, max-video-preview:-1\" \/>\n<link rel=\"canonical\" href=\"https:\/\/macite.tg\/?p=17872\" \/>\n<meta property=\"og:locale\" content=\"fr_FR\" \/>\n<meta property=\"og:type\" content=\"article\" \/>\n<meta property=\"og:title\" content=\"COOPERATION ECONOMIQUE : Les \u00e9changes commerciaux entre le Togo et la Turquie en hausse en 2023 -\" \/>\n<meta property=\"og:description\" content=\"Le partenariat \u00e9conomique entre le Togo et la Turquie continue de se consolider depuis quelques ann\u00e9es d\u00e9j\u00e0 gr\u00e2ce aux nombreux accords et protocoles sign\u00e9s entre Lom\u00e9 et Ankara. Les \u00e9changes entre les deux pays ont atteint la barre des 300 millions de dollars\u2026 Boost\u00e9 ces [&hellip;]\" \/>\n<meta property=\"og:url\" content=\"https:\/\/macite.tg\/?p=17872\" \/>\n<meta property=\"article:published_time\" content=\"2024-11-11T14:13:23+00:00\" \/>\n<meta property=\"article:modified_time\" content=\"2024-11-11T14:13:38+00:00\" \/>\n<meta property=\"og:image\" content=\"https:\/\/macite.tg\/wp-content\/uploads\/2024\/11\/image-25.png\" \/>\n\t<meta property=\"og:image:width\" content=\"500\" \/>\n\t<meta property=\"og:image:height\" content=\"375\" \/>\n\t<meta property=\"og:image:type\" content=\"image\/png\" \/>\n<meta name=\"author\" content=\"Jean Pierre BAWELA\" \/>\n<meta name=\"twitter:card\" content=\"summary_large_image\" \/>\n<meta name=\"twitter:label1\" content=\"\u00c9crit par\" \/>\n\t<meta name=\"twitter:data1\" content=\"Jean Pierre BAWELA\" \/>\n\t<meta name=\"twitter:label2\" content=\"Dur\u00e9e de lecture estim\u00e9e\" \/>\n\t<meta name=\"twitter:data2\" content=\"1 minute\" \/>\n<script type=\"application\/ld+json\" class=\"yoast-schema-graph\">{\"@context\":\"https:\\\/\\\/schema.org\",\"@graph\":[{\"@type\":\"Article\",\"@id\":\"https:\\\/\\\/macite.tg\\\/?p=17872#article\",\"isPartOf\":{\"@id\":\"https:\\\/\\\/macite.tg\\\/?p=17872\"},\"author\":{\"name\":\"Jean Pierre BAWELA\",\"@id\":\"https:\\\/\\\/macite.tg\\\/#\\\/schema\\\/person\\\/e9f2de7e5dbbe7770a9402c7ce82f5c2\"},\"headline\":\"COOPERATION ECONOMIQUE : Les \u00e9changes commerciaux entre le Togo et la Turquie en hausse en 2023\",\"datePublished\":\"2024-11-11T14:13:23+00:00\",\"dateModified\":\"2024-11-11T14:13:38+00:00\",\"mainEntityOfPage\":{\"@id\":\"https:\\\/\\\/macite.tg\\\/?p=17872\"},\"wordCount\":310,\"commentCount\":0,\"image\":{\"@id\":\"https:\\\/\\\/macite.tg\\\/?p=17872#primaryimage\"},\"thumbnailUrl\":\"https:\\\/\\\/macite.tg\\\/wp-content\\\/uploads\\\/2024\\\/11\\\/image-25.png\",\"articleSection\":[\"ACTUALITE\",\"ECONOMIE\"],\"inLanguage\":\"fr-FR\",\"potentialAction\":[{\"@type\":\"CommentAction\",\"name\":\"Comment\",\"target\":[\"https:\\\/\\\/macite.tg\\\/?p=17872#respond\"]}]},{\"@type\":\"WebPage\",\"@id\":\"https:\\\/\\\/macite.tg\\\/?p=17872\",\"url\":\"https:\\\/\\\/macite.tg\\\/?p=17872\",\"name\":\"COOPERATION ECONOMIQUE : Les \u00e9changes commerciaux entre le Togo et la Turquie en hausse en 2023 -\",\"isPartOf\":{\"@id\":\"https:\\\/\\\/macite.tg\\\/#website\"},\"primaryImageOfPage\":{\"@id\":\"https:\\\/\\\/macite.tg\\\/?p=17872#primaryimage\"},\"image\":{\"@id\":\"https:\\\/\\\/macite.tg\\\/?p=17872#primaryimage\"},\"thumbnailUrl\":\"https:\\\/\\\/macite.tg\\\/wp-content\\\/uploads\\\/2024\\\/11\\\/image-25.png\",\"datePublished\":\"2024-11-11T14:13:23+00:00\",\"dateModified\":\"2024-11-11T14:13:38+00:00\",\"author\":{\"@id\":\"https:\\\/\\\/macite.tg\\\/#\\\/schema\\\/person\\\/e9f2de7e5dbbe7770a9402c7ce82f5c2\"},\"breadcrumb\":{\"@id\":\"https:\\\/\\\/macite.tg\\\/?p=17872#breadcrumb\"},\"inLanguage\":\"fr-FR\",\"potentialAction\":[{\"@type\":\"ReadAction\",\"target\":[\"https:\\\/\\\/macite.tg\\\/?p=17872\"]}]},{\"@type\":\"ImageObject\",\"inLanguage\":\"fr-FR\",\"@id\":\"https:\\\/\\\/macite.tg\\\/?p=17872#primaryimage\",\"url\":\"https:\\\/\\\/macite.tg\\\/wp-content\\\/uploads\\\/2024\\\/11\\\/image-25.png\",\"contentUrl\":\"https:\\\/\\\/macite.tg\\\/wp-content\\\/uploads\\\/2024\\\/11\\\/image-25.png\",\"width\":500,\"height\":375,\"caption\":\"Poign\u00e9e de mains entre la diplomate turque (g) et le pr\u00e9sident de la Cci-Togo, Jos\u00e9 Symenouh (dt)\"},{\"@type\":\"BreadcrumbList\",\"@id\":\"https:\\\/\\\/macite.tg\\\/?p=17872#breadcrumb\",\"itemListElement\":[{\"@type\":\"ListItem\",\"position\":1,\"name\":\"Accueil\",\"item\":\"https:\\\/\\\/macite.tg\\\/\"},{\"@type\":\"ListItem\",\"position\":2,\"name\":\"COOPERATION ECONOMIQUE : Les \u00e9changes commerciaux entre le Togo et la Turquie en hausse en 2023\"}]},{\"@type\":\"WebSite\",\"@id\":\"https:\\\/\\\/macite.tg\\\/#website\",\"url\":\"https:\\\/\\\/macite.tg\\\/\",\"name\":\"\",\"description\":\"L&#039;information, la bonne!!!\",\"potentialAction\":[{\"@type\":\"SearchAction\",\"target\":{\"@type\":\"EntryPoint\",\"urlTemplate\":\"https:\\\/\\\/macite.tg\\\/?s={search_term_string}\"},\"query-input\":{\"@type\":\"PropertyValueSpecification\",\"valueRequired\":true,\"valueName\":\"search_term_string\"}}],\"inLanguage\":\"fr-FR\"},{\"@type\":\"Person\",\"@id\":\"https:\\\/\\\/macite.tg\\\/#\\\/schema\\\/person\\\/e9f2de7e5dbbe7770a9402c7ce82f5c2\",\"name\":\"Jean Pierre BAWELA\",\"image\":{\"@type\":\"ImageObject\",\"inLanguage\":\"fr-FR\",\"@id\":\"https:\\\/\\\/macite.tg\\\/wp-content\\\/uploads\\\/2023\\\/09\\\/WhatsApp-Image-2023-09-19-at-14.44.41-122x122.jpeg\",\"url\":\"https:\\\/\\\/macite.tg\\\/wp-content\\\/uploads\\\/2023\\\/09\\\/WhatsApp-Image-2023-09-19-at-14.44.41-122x122.jpeg\",\"contentUrl\":\"https:\\\/\\\/macite.tg\\\/wp-content\\\/uploads\\\/2023\\\/09\\\/WhatsApp-Image-2023-09-19-at-14.44.41-122x122.jpeg\",\"caption\":\"Jean Pierre BAWELA\"},\"url\":\"https:\\\/\\\/macite.tg\\\/?author=2\"}]}<\/script>\n<!-- \/ Yoast SEO plugin. -->","yoast_head_json":{"title":"COOPERATION ECONOMIQUE : Les \u00e9changes commerciaux entre le Togo et la Turquie en hausse en 2023 -","robots":{"index":"index","follow":"follow","max-snippet":"max-snippet:-1","max-image-preview":"max-image-preview:large","max-video-preview":"max-video-preview:-1"},"canonical":"https:\/\/macite.tg\/?p=17872","og_locale":"fr_FR","og_type":"article","og_title":"COOPERATION ECONOMIQUE : Les \u00e9changes commerciaux entre le Togo et la Turquie en hausse en 2023 -","og_description":"Le partenariat \u00e9conomique entre le Togo et la Turquie continue de se consolider depuis quelques ann\u00e9es d\u00e9j\u00e0 gr\u00e2ce aux nombreux accords et protocoles sign\u00e9s entre Lom\u00e9 et Ankara. Les \u00e9changes entre les deux pays ont atteint la barre des 300 millions de dollars\u2026 Boost\u00e9 ces [&hellip;]","og_url":"https:\/\/macite.tg\/?p=17872","article_published_time":"2024-11-11T14:13:23+00:00","article_modified_time":"2024-11-11T14:13:38+00:00","og_image":[{"width":500,"height":375,"url":"https:\/\/macite.tg\/wp-content\/uploads\/2024\/11\/image-25.png","type":"image\/png"}],"author":"Jean Pierre BAWELA","twitter_card":"summary_large_image","twitter_misc":{"\u00c9crit par":"Jean Pierre BAWELA","Dur\u00e9e de lecture estim\u00e9e":"1 minute"},"schema":{"@context":"https:\/\/schema.org","@graph":[{"@type":"Article","@id":"https:\/\/macite.tg\/?p=17872#article","isPartOf":{"@id":"https:\/\/macite.tg\/?p=17872"},"author":{"name":"Jean Pierre BAWELA","@id":"https:\/\/macite.tg\/#\/schema\/person\/e9f2de7e5dbbe7770a9402c7ce82f5c2"},"headline":"COOPERATION ECONOMIQUE : Les \u00e9changes commerciaux entre le Togo et la Turquie en hausse en 2023","datePublished":"2024-11-11T14:13:23+00:00","dateModified":"2024-11-11T14:13:38+00:00","mainEntityOfPage":{"@id":"https:\/\/macite.tg\/?p=17872"},"wordCount":310,"commentCount":0,"image":{"@id":"https:\/\/macite.tg\/?p=17872#primaryimage"},"thumbnailUrl":"https:\/\/macite.tg\/wp-content\/uploads\/2024\/11\/image-25.png","articleSection":["ACTUALITE","ECONOMIE"],"inLanguage":"fr-FR","potentialAction":[{"@type":"CommentAction","name":"Comment","target":["https:\/\/macite.tg\/?p=17872#respond"]}]},{"@type":"WebPage","@id":"https:\/\/macite.tg\/?p=17872","url":"https:\/\/macite.tg\/?p=17872","name":"COOPERATION ECONOMIQUE : Les \u00e9changes commerciaux entre le Togo et la Turquie en hausse en 2023 -","isPartOf":{"@id":"https:\/\/macite.tg\/#website"},"primaryImageOfPage":{"@id":"https:\/\/macite.tg\/?p=17872#primaryimage"},"image":{"@id":"https:\/\/macite.tg\/?p=17872#primaryimage"},"thumbnailUrl":"https:\/\/macite.tg\/wp-content\/uploads\/2024\/11\/image-25.png","datePublished":"2024-11-11T14:13:23+00:00","dateModified":"2024-11-11T14:13:38+00:00","author":{"@id":"https:\/\/macite.tg\/#\/schema\/person\/e9f2de7e5dbbe7770a9402c7ce82f5c2"},"breadcrumb":{"@id":"https:\/\/macite.tg\/?p=17872#breadcrumb"},"inLanguage":"fr-FR","potentialAction":[{"@type":"ReadAction","target":["https:\/\/macite.tg\/?p=17872"]}]},{"@type":"ImageObject","inLanguage":"fr-FR","@id":"https:\/\/macite.tg\/?p=17872#primaryimage","url":"https:\/\/macite.tg\/wp-content\/uploads\/2024\/11\/image-25.png","contentUrl":"https:\/\/macite.tg\/wp-content\/uploads\/2024\/11\/image-25.png","width":500,"height":375,"caption":"Poign\u00e9e de mains entre la diplomate turque (g) et le pr\u00e9sident de la Cci-Togo, Jos\u00e9 Symenouh (dt)"},{"@type":"BreadcrumbList","@id":"https:\/\/macite.tg\/?p=17872#breadcrumb","itemListElement":[{"@type":"ListItem","position":1,"name":"Accueil","item":"https:\/\/macite.tg\/"},{"@type":"ListItem","position":2,"name":"COOPERATION ECONOMIQUE : Les \u00e9changes commerciaux entre le Togo et la Turquie en hausse en 2023"}]},{"@type":"WebSite","@id":"https:\/\/macite.tg\/#website","url":"https:\/\/macite.tg\/","name":"","description":"L&#039;information, la bonne!!!","potentialAction":[{"@type":"SearchAction","target":{"@type":"EntryPoint","urlTemplate":"https:\/\/macite.tg\/?s={search_term_string}"},"query-input":{"@type":"PropertyValueSpecification","valueRequired":true,"valueName":"search_term_string"}}],"inLanguage":"fr-FR"},{"@type":"Person","@id":"https:\/\/macite.tg\/#\/schema\/person\/e9f2de7e5dbbe7770a9402c7ce82f5c2","name":"Jean Pierre BAWELA","image":{"@type":"ImageObject","inLanguage":"fr-FR","@id":"https:\/\/macite.tg\/wp-content\/uploads\/2023\/09\/WhatsApp-Image-2023-09-19-at-14.44.41-122x122.jpeg","url":"https:\/\/macite.tg\/wp-content\/uploads\/2023\/09\/WhatsApp-Image-2023-09-19-at-14.44.41-122x122.jpeg","contentUrl":"https:\/\/macite.tg\/wp-content\/uploads\/2023\/09\/WhatsApp-Image-2023-09-19-at-14.44.41-122x122.jpeg","caption":"Jean Pierre BAWELA"},"url":"https:\/\/macite.tg\/?author=2"}]}},"_links":{"self":[{"href":"https:\/\/macite.tg\/index.php?rest_route=\/wp\/v2\/posts\/17872","targetHints":{"allow":["GET"]}}],"collection":[{"href":"https:\/\/macite.tg\/index.php?rest_route=\/wp\/v2\/posts"}],"about":[{"href":"https:\/\/macite.tg\/index.php?rest_route=\/wp\/v2\/types\/post"}],"author":[{"embeddable":true,"href":"https:\/\/macite.tg\/index.php?rest_route=\/wp\/v2\/users\/2"}],"replies":[{"embeddable":true,"href":"https:\/\/macite.tg\/index.php?rest_route=%2Fwp%2Fv2%2Fcomments&post=17872"}],"version-history":[{"count":0,"href":"https:\/\/macite.tg\/index.php?rest_route=\/wp\/v2\/posts\/17872\/revisions"}],"wp:featuredmedia":[{"embeddable":true,"href":"https:\/\/macite.tg\/index.php?rest_route=\/wp\/v2\/media\/17873"}],"wp:attachment":[{"href":"https:\/\/macite.tg\/index.php?rest_route=%2Fwp%2Fv2%2Fmedia&parent=17872"}],"wp:term":[{"taxonomy":"category","embeddable":true,"href":"https:\/\/macite.tg\/index.php?rest_route=%2Fwp%2Fv2%2Fcategories&post=17872"},{"taxonomy":"post_tag","embeddable":true,"href":"https:\/\/macite.tg\/index.php?rest_route=%2Fwp%2Fv2%2Ftags&post=17872"}],"curies":[{"name":"wp","href":"https:\/\/api.w.org\/{rel}","templated":true}]}}