{"id":17866,"date":"2024-11-11T12:42:31","date_gmt":"2024-11-11T12:42:31","guid":{"rendered":"https:\/\/macite.tg\/?p=17866"},"modified":"2024-11-11T12:42:45","modified_gmt":"2024-11-11T12:42:45","slug":"togo-allemagne-lambassadeur-dallemagne-au-togo-dr-claudius-fischbach-heureux-du-travail-aux-cotes-de-long-fi-bassar","status":"publish","type":"post","link":"https:\/\/macite.tg\/?p=17866","title":{"rendered":"TOGO-ALLEMAGNE\u00a0: L&rsquo;Ambassadeur d\u2019Allemagne au Togo, Dr Claudius Fischbach, heureux du travail aux c\u00f4t\u00e9s de l\u2019Ong \u2018\u2019Fi-Bassar\u2019\u2019"},"content":{"rendered":"\n<p class=\"wp-block-paragraph\"><strong><em>Les membres de l\u2019Ong \u2018\u2019Fi-Bassar\u2019\u2019 ont \u00e9chang\u00e9 avec Dr Claudius Fischbach, l\u2019Ambassadeur de la R\u00e9publique f\u00e9d\u00e9rale d\u2019Allemagne au Togo, le mardi 5 novembre 2024. C\u2019\u00e9tait au cours d\u2019une rencontre qui s\u2019inscrit dans le cadre de la tourn\u00e9e de remerciements qu\u2019a effectu\u00e9 la d\u00e9l\u00e9gation allemande et les membres de \u2018\u2019Fi-Bassar\u2019\u2019 au Togo pendant plus de quatre semaines.<\/em><\/strong><\/p>\n\n\n\n<p class=\"wp-block-paragraph\">Toujours attentive aux efforts et aux nombreuses initiatives de l\u2019Ong \u2018\u2019Fi-Bassar\u2019\u2019 pour le d\u00e9veloppement du Togo en g\u00e9n\u00e9ral et celui du Grand Bassar en particulier, la repr\u00e9sentation diplomatique allemande a exprim\u00e9 une fois encore son admiration \u00e0 l\u2019\u00e9gard du travail accompli sur le terrain et promet d\u2019apporter toujours sa contribution pour des projets futurs.<\/p>\n\n\n<div class=\"wp-block-image\">\n<figure class=\"aligncenter size-full is-resized\"><img loading=\"lazy\" decoding=\"async\" src=\"https:\/\/macite.tg\/wp-content\/uploads\/2024\/11\/d9c67c76-4e2e-494c-8502-d57342f11fdc.jpg\" alt=\"\" class=\"wp-image-17771\" width=\"520\" height=\"715\" srcset=\"https:\/\/macite.tg\/wp-content\/uploads\/2024\/11\/d9c67c76-4e2e-494c-8502-d57342f11fdc.jpg 718w, https:\/\/macite.tg\/wp-content\/uploads\/2024\/11\/d9c67c76-4e2e-494c-8502-d57342f11fdc-218x300.jpg 218w\" sizes=\"auto, (max-width: 520px) 100vw, 520px\" \/><\/figure>\n<\/div>\n\n\n<p class=\"wp-block-paragraph\">\u00ab&nbsp;<em>Mes pr\u00e9d\u00e9cesseurs avant moi ont dit du bien de l\u2019Ong \u2018\u2019Fi-Bassar\u2019\u2019. Et depuis ma prise de fonction en septembre 2023, j\u2019ai \u00e9t\u00e9 attentifs aux appels de cette organisation dont j\u2019appr\u00e9cie le travail concret sur le terrain<\/em>&nbsp;\u00bb, a affirm\u00e9 le chef de mission allemande au Togo.<\/p>\n\n\n\n<p class=\"wp-block-paragraph\">Dr Claudius Fischbach a r\u00e9affirm\u00e9 l\u2019engagement de la R\u00e9publique f\u00e9d\u00e9rale d\u2019Allemagne d\u2019accompagner le Togo dans sa vision de d\u00e9veloppement \u00e0 travers une coop\u00e9ration saine pour relever les d\u00e9fis communs.<\/p>\n\n\n\n<p class=\"wp-block-paragraph\"><em>&nbsp;\u00ab L\u2019Allemagne et le Togo sont particuli\u00e8rement li\u00e9s par l\u2019histoire. Je vais contribuer au renforcement de cette coop\u00e9ration s\u00e9culaire, pour mieux r\u00e9pondre aux d\u00e9sirs et aux espoirs du peuple et du gouvernement togolais \u00bb,<\/em> a-t-il pr\u00e9cis\u00e9.<\/p>\n\n\n<div class=\"wp-block-image\">\n<figure class=\"aligncenter size-full is-resized\"><img loading=\"lazy\" decoding=\"async\" src=\"https:\/\/macite.tg\/wp-content\/uploads\/2024\/11\/30-Depreciation.jpg\" alt=\"\" class=\"wp-image-17814\" width=\"410\" height=\"513\" srcset=\"https:\/\/macite.tg\/wp-content\/uploads\/2024\/11\/30-Depreciation.jpg 512w, https:\/\/macite.tg\/wp-content\/uploads\/2024\/11\/30-Depreciation-240x300.jpg 240w\" sizes=\"auto, (max-width: 410px) 100vw, 410px\" \/><\/figure>\n<\/div>\n\n\n<p class=\"wp-block-paragraph\">La d\u00e9l\u00e9gation de Fi-Bassar est repartie avec la satisfaction du devoir accompli et l\u2019espoir d\u2019un avenir meilleur pour le Togo en g\u00e9n\u00e9ral et les peuples du Grand Bassar en particulier.<\/p>\n\n\n\n<p class=\"wp-block-paragraph\"><strong>La R\u00e9daction<\/strong><\/p>\n\n\n\n<p class=\"wp-block-paragraph\"><a><strong><em>@macite.tg&nbsp;&nbsp;&nbsp;&nbsp;&nbsp;&nbsp;&nbsp;&nbsp;<\/em><\/strong><\/a><\/p>\n\n\n\n<p class=\"wp-block-paragraph\"><strong><em>E-mail&nbsp;: <\/em><\/strong><a href=\"mailto:maciteinfo@gmail.com\"><strong><em>maciteinfo@gmail.com<\/em><\/strong><\/a><strong><em>; <\/em><\/strong><a href=\"mailto:bawela1@gmail.com\"><strong><em>bawela1@gmail.com<\/em><\/strong><\/a><strong><em><\/em><\/strong><\/p>\n\n\n\n<p class=\"wp-block-paragraph\"><strong><em>Pour vos annonces, (publi)reportages, etc., joignez-nous au (00228)91515309\/<strong>79872224 <\/strong>www.macite.tg, L\u2019information, la bonne&nbsp;!<\/em><\/strong><\/p>\n","protected":false},"excerpt":{"rendered":"<p class=\"text-justify mb-2\" >Les membres de l\u2019Ong \u2018\u2019Fi-Bassar\u2019\u2019 ont \u00e9chang\u00e9 avec Dr Claudius Fischbach, l\u2019Ambassadeur de la R\u00e9publique f\u00e9d\u00e9rale d\u2019Allemagne au Togo, le mardi 5 novembre 2024. C\u2019\u00e9tait au cours d\u2019une rencontre qui s\u2019inscrit dans le cadre de la tourn\u00e9e de remerciements qu\u2019a effectu\u00e9 la d\u00e9l\u00e9gation allemande et [&hellip;]<\/p>\n","protected":false},"author":2,"featured_media":17867,"comment_status":"open","ping_status":"open","sticky":false,"template":"","format":"standard","meta":{"footnotes":""},"categories":[20,16],"tags":[],"class_list":["post-17866","post","type-post","status-publish","format-standard","has-post-thumbnail","hentry","category-actualite","category-cooperation"],"yoast_head":"<!-- This site is optimized with the Yoast SEO plugin v28.4 - https:\/\/yoast.com\/product\/yoast-seo-wordpress\/ -->\n<title>TOGO-ALLEMAGNE\u00a0: L&#039;Ambassadeur d\u2019Allemagne au Togo, Dr Claudius Fischbach, heureux du travail aux c\u00f4t\u00e9s de l\u2019Ong \u2018\u2019Fi-Bassar\u2019\u2019 -<\/title>\n<meta name=\"robots\" content=\"index, follow, max-snippet:-1, max-image-preview:large, max-video-preview:-1\" \/>\n<link rel=\"canonical\" href=\"https:\/\/macite.tg\/?p=17866\" \/>\n<meta property=\"og:locale\" content=\"fr_FR\" \/>\n<meta property=\"og:type\" content=\"article\" \/>\n<meta property=\"og:title\" content=\"TOGO-ALLEMAGNE\u00a0: L&#039;Ambassadeur d\u2019Allemagne au Togo, Dr Claudius Fischbach, heureux du travail aux c\u00f4t\u00e9s de l\u2019Ong \u2018\u2019Fi-Bassar\u2019\u2019 -\" \/>\n<meta property=\"og:description\" content=\"Les membres de l\u2019Ong \u2018\u2019Fi-Bassar\u2019\u2019 ont \u00e9chang\u00e9 avec Dr Claudius Fischbach, l\u2019Ambassadeur de la R\u00e9publique f\u00e9d\u00e9rale d\u2019Allemagne au Togo, le mardi 5 novembre 2024. C\u2019\u00e9tait au cours d\u2019une rencontre qui s\u2019inscrit dans le cadre de la tourn\u00e9e de remerciements qu\u2019a effectu\u00e9 la d\u00e9l\u00e9gation allemande et [&hellip;]\" \/>\n<meta property=\"og:url\" content=\"https:\/\/macite.tg\/?p=17866\" \/>\n<meta property=\"article:published_time\" content=\"2024-11-11T12:42:31+00:00\" \/>\n<meta property=\"article:modified_time\" content=\"2024-11-11T12:42:45+00:00\" \/>\n<meta property=\"og:image\" content=\"https:\/\/macite.tg\/wp-content\/uploads\/2024\/11\/FI-BASSAR.jpg\" \/>\n\t<meta property=\"og:image:width\" content=\"500\" \/>\n\t<meta property=\"og:image:height\" content=\"212\" \/>\n\t<meta property=\"og:image:type\" content=\"image\/jpeg\" \/>\n<meta name=\"author\" content=\"Jean Pierre BAWELA\" \/>\n<meta name=\"twitter:card\" content=\"summary_large_image\" \/>\n<meta name=\"twitter:label1\" content=\"\u00c9crit par\" \/>\n\t<meta name=\"twitter:data1\" content=\"Jean Pierre BAWELA\" \/>\n\t<meta name=\"twitter:label2\" content=\"Dur\u00e9e de lecture estim\u00e9e\" \/>\n\t<meta name=\"twitter:data2\" content=\"2 minutes\" \/>\n<script type=\"application\/ld+json\" class=\"yoast-schema-graph\">{\"@context\":\"https:\\\/\\\/schema.org\",\"@graph\":[{\"@type\":\"Article\",\"@id\":\"https:\\\/\\\/macite.tg\\\/?p=17866#article\",\"isPartOf\":{\"@id\":\"https:\\\/\\\/macite.tg\\\/?p=17866\"},\"author\":{\"name\":\"Jean Pierre BAWELA\",\"@id\":\"https:\\\/\\\/macite.tg\\\/#\\\/schema\\\/person\\\/e9f2de7e5dbbe7770a9402c7ce82f5c2\"},\"headline\":\"TOGO-ALLEMAGNE\u00a0: L&rsquo;Ambassadeur d\u2019Allemagne au Togo, Dr Claudius Fischbach, heureux du travail aux c\u00f4t\u00e9s de l\u2019Ong \u2018\u2019Fi-Bassar\u2019\u2019\",\"datePublished\":\"2024-11-11T12:42:31+00:00\",\"dateModified\":\"2024-11-11T12:42:45+00:00\",\"mainEntityOfPage\":{\"@id\":\"https:\\\/\\\/macite.tg\\\/?p=17866\"},\"wordCount\":355,\"commentCount\":0,\"image\":{\"@id\":\"https:\\\/\\\/macite.tg\\\/?p=17866#primaryimage\"},\"thumbnailUrl\":\"https:\\\/\\\/macite.tg\\\/wp-content\\\/uploads\\\/2024\\\/11\\\/FI-BASSAR.jpg\",\"articleSection\":[\"ACTUALITE\",\"COOPERATION\"],\"inLanguage\":\"fr-FR\",\"potentialAction\":[{\"@type\":\"CommentAction\",\"name\":\"Comment\",\"target\":[\"https:\\\/\\\/macite.tg\\\/?p=17866#respond\"]}]},{\"@type\":\"WebPage\",\"@id\":\"https:\\\/\\\/macite.tg\\\/?p=17866\",\"url\":\"https:\\\/\\\/macite.tg\\\/?p=17866\",\"name\":\"TOGO-ALLEMAGNE\u00a0: L'Ambassadeur d\u2019Allemagne au Togo, Dr Claudius Fischbach, heureux du travail aux c\u00f4t\u00e9s de l\u2019Ong \u2018\u2019Fi-Bassar\u2019\u2019 -\",\"isPartOf\":{\"@id\":\"https:\\\/\\\/macite.tg\\\/#website\"},\"primaryImageOfPage\":{\"@id\":\"https:\\\/\\\/macite.tg\\\/?p=17866#primaryimage\"},\"image\":{\"@id\":\"https:\\\/\\\/macite.tg\\\/?p=17866#primaryimage\"},\"thumbnailUrl\":\"https:\\\/\\\/macite.tg\\\/wp-content\\\/uploads\\\/2024\\\/11\\\/FI-BASSAR.jpg\",\"datePublished\":\"2024-11-11T12:42:31+00:00\",\"dateModified\":\"2024-11-11T12:42:45+00:00\",\"author\":{\"@id\":\"https:\\\/\\\/macite.tg\\\/#\\\/schema\\\/person\\\/e9f2de7e5dbbe7770a9402c7ce82f5c2\"},\"breadcrumb\":{\"@id\":\"https:\\\/\\\/macite.tg\\\/?p=17866#breadcrumb\"},\"inLanguage\":\"fr-FR\",\"potentialAction\":[{\"@type\":\"ReadAction\",\"target\":[\"https:\\\/\\\/macite.tg\\\/?p=17866\"]}]},{\"@type\":\"ImageObject\",\"inLanguage\":\"fr-FR\",\"@id\":\"https:\\\/\\\/macite.tg\\\/?p=17866#primaryimage\",\"url\":\"https:\\\/\\\/macite.tg\\\/wp-content\\\/uploads\\\/2024\\\/11\\\/FI-BASSAR.jpg\",\"contentUrl\":\"https:\\\/\\\/macite.tg\\\/wp-content\\\/uploads\\\/2024\\\/11\\\/FI-BASSAR.jpg\",\"width\":500,\"height\":212,\"caption\":\"Photo de famille\"},{\"@type\":\"BreadcrumbList\",\"@id\":\"https:\\\/\\\/macite.tg\\\/?p=17866#breadcrumb\",\"itemListElement\":[{\"@type\":\"ListItem\",\"position\":1,\"name\":\"Accueil\",\"item\":\"https:\\\/\\\/macite.tg\\\/\"},{\"@type\":\"ListItem\",\"position\":2,\"name\":\"TOGO-ALLEMAGNE\u00a0: L&rsquo;Ambassadeur d\u2019Allemagne au Togo, Dr Claudius Fischbach, heureux du travail aux c\u00f4t\u00e9s de l\u2019Ong \u2018\u2019Fi-Bassar\u2019\u2019\"}]},{\"@type\":\"WebSite\",\"@id\":\"https:\\\/\\\/macite.tg\\\/#website\",\"url\":\"https:\\\/\\\/macite.tg\\\/\",\"name\":\"\",\"description\":\"L&#039;information, la bonne!!!\",\"potentialAction\":[{\"@type\":\"SearchAction\",\"target\":{\"@type\":\"EntryPoint\",\"urlTemplate\":\"https:\\\/\\\/macite.tg\\\/?s={search_term_string}\"},\"query-input\":{\"@type\":\"PropertyValueSpecification\",\"valueRequired\":true,\"valueName\":\"search_term_string\"}}],\"inLanguage\":\"fr-FR\"},{\"@type\":\"Person\",\"@id\":\"https:\\\/\\\/macite.tg\\\/#\\\/schema\\\/person\\\/e9f2de7e5dbbe7770a9402c7ce82f5c2\",\"name\":\"Jean Pierre BAWELA\",\"image\":{\"@type\":\"ImageObject\",\"inLanguage\":\"fr-FR\",\"@id\":\"https:\\\/\\\/macite.tg\\\/wp-content\\\/uploads\\\/2023\\\/09\\\/WhatsApp-Image-2023-09-19-at-14.44.41-122x122.jpeg\",\"url\":\"https:\\\/\\\/macite.tg\\\/wp-content\\\/uploads\\\/2023\\\/09\\\/WhatsApp-Image-2023-09-19-at-14.44.41-122x122.jpeg\",\"contentUrl\":\"https:\\\/\\\/macite.tg\\\/wp-content\\\/uploads\\\/2023\\\/09\\\/WhatsApp-Image-2023-09-19-at-14.44.41-122x122.jpeg\",\"caption\":\"Jean Pierre BAWELA\"},\"url\":\"https:\\\/\\\/macite.tg\\\/?author=2\"}]}<\/script>\n<!-- \/ Yoast SEO plugin. -->","yoast_head_json":{"title":"TOGO-ALLEMAGNE\u00a0: L'Ambassadeur d\u2019Allemagne au Togo, Dr Claudius Fischbach, heureux du travail aux c\u00f4t\u00e9s de l\u2019Ong \u2018\u2019Fi-Bassar\u2019\u2019 -","robots":{"index":"index","follow":"follow","max-snippet":"max-snippet:-1","max-image-preview":"max-image-preview:large","max-video-preview":"max-video-preview:-1"},"canonical":"https:\/\/macite.tg\/?p=17866","og_locale":"fr_FR","og_type":"article","og_title":"TOGO-ALLEMAGNE\u00a0: L'Ambassadeur d\u2019Allemagne au Togo, Dr Claudius Fischbach, heureux du travail aux c\u00f4t\u00e9s de l\u2019Ong \u2018\u2019Fi-Bassar\u2019\u2019 -","og_description":"Les membres de l\u2019Ong \u2018\u2019Fi-Bassar\u2019\u2019 ont \u00e9chang\u00e9 avec Dr Claudius Fischbach, l\u2019Ambassadeur de la R\u00e9publique f\u00e9d\u00e9rale d\u2019Allemagne au Togo, le mardi 5 novembre 2024. C\u2019\u00e9tait au cours d\u2019une rencontre qui s\u2019inscrit dans le cadre de la tourn\u00e9e de remerciements qu\u2019a effectu\u00e9 la d\u00e9l\u00e9gation allemande et [&hellip;]","og_url":"https:\/\/macite.tg\/?p=17866","article_published_time":"2024-11-11T12:42:31+00:00","article_modified_time":"2024-11-11T12:42:45+00:00","og_image":[{"width":500,"height":212,"url":"https:\/\/macite.tg\/wp-content\/uploads\/2024\/11\/FI-BASSAR.jpg","type":"image\/jpeg"}],"author":"Jean Pierre BAWELA","twitter_card":"summary_large_image","twitter_misc":{"\u00c9crit par":"Jean Pierre BAWELA","Dur\u00e9e de lecture estim\u00e9e":"2 minutes"},"schema":{"@context":"https:\/\/schema.org","@graph":[{"@type":"Article","@id":"https:\/\/macite.tg\/?p=17866#article","isPartOf":{"@id":"https:\/\/macite.tg\/?p=17866"},"author":{"name":"Jean Pierre BAWELA","@id":"https:\/\/macite.tg\/#\/schema\/person\/e9f2de7e5dbbe7770a9402c7ce82f5c2"},"headline":"TOGO-ALLEMAGNE\u00a0: L&rsquo;Ambassadeur d\u2019Allemagne au Togo, Dr Claudius Fischbach, heureux du travail aux c\u00f4t\u00e9s de l\u2019Ong \u2018\u2019Fi-Bassar\u2019\u2019","datePublished":"2024-11-11T12:42:31+00:00","dateModified":"2024-11-11T12:42:45+00:00","mainEntityOfPage":{"@id":"https:\/\/macite.tg\/?p=17866"},"wordCount":355,"commentCount":0,"image":{"@id":"https:\/\/macite.tg\/?p=17866#primaryimage"},"thumbnailUrl":"https:\/\/macite.tg\/wp-content\/uploads\/2024\/11\/FI-BASSAR.jpg","articleSection":["ACTUALITE","COOPERATION"],"inLanguage":"fr-FR","potentialAction":[{"@type":"CommentAction","name":"Comment","target":["https:\/\/macite.tg\/?p=17866#respond"]}]},{"@type":"WebPage","@id":"https:\/\/macite.tg\/?p=17866","url":"https:\/\/macite.tg\/?p=17866","name":"TOGO-ALLEMAGNE\u00a0: L'Ambassadeur d\u2019Allemagne au Togo, Dr Claudius Fischbach, heureux du travail aux c\u00f4t\u00e9s de l\u2019Ong \u2018\u2019Fi-Bassar\u2019\u2019 -","isPartOf":{"@id":"https:\/\/macite.tg\/#website"},"primaryImageOfPage":{"@id":"https:\/\/macite.tg\/?p=17866#primaryimage"},"image":{"@id":"https:\/\/macite.tg\/?p=17866#primaryimage"},"thumbnailUrl":"https:\/\/macite.tg\/wp-content\/uploads\/2024\/11\/FI-BASSAR.jpg","datePublished":"2024-11-11T12:42:31+00:00","dateModified":"2024-11-11T12:42:45+00:00","author":{"@id":"https:\/\/macite.tg\/#\/schema\/person\/e9f2de7e5dbbe7770a9402c7ce82f5c2"},"breadcrumb":{"@id":"https:\/\/macite.tg\/?p=17866#breadcrumb"},"inLanguage":"fr-FR","potentialAction":[{"@type":"ReadAction","target":["https:\/\/macite.tg\/?p=17866"]}]},{"@type":"ImageObject","inLanguage":"fr-FR","@id":"https:\/\/macite.tg\/?p=17866#primaryimage","url":"https:\/\/macite.tg\/wp-content\/uploads\/2024\/11\/FI-BASSAR.jpg","contentUrl":"https:\/\/macite.tg\/wp-content\/uploads\/2024\/11\/FI-BASSAR.jpg","width":500,"height":212,"caption":"Photo de famille"},{"@type":"BreadcrumbList","@id":"https:\/\/macite.tg\/?p=17866#breadcrumb","itemListElement":[{"@type":"ListItem","position":1,"name":"Accueil","item":"https:\/\/macite.tg\/"},{"@type":"ListItem","position":2,"name":"TOGO-ALLEMAGNE\u00a0: L&rsquo;Ambassadeur d\u2019Allemagne au Togo, Dr Claudius Fischbach, heureux du travail aux c\u00f4t\u00e9s de l\u2019Ong \u2018\u2019Fi-Bassar\u2019\u2019"}]},{"@type":"WebSite","@id":"https:\/\/macite.tg\/#website","url":"https:\/\/macite.tg\/","name":"","description":"L&#039;information, la bonne!!!","potentialAction":[{"@type":"SearchAction","target":{"@type":"EntryPoint","urlTemplate":"https:\/\/macite.tg\/?s={search_term_string}"},"query-input":{"@type":"PropertyValueSpecification","valueRequired":true,"valueName":"search_term_string"}}],"inLanguage":"fr-FR"},{"@type":"Person","@id":"https:\/\/macite.tg\/#\/schema\/person\/e9f2de7e5dbbe7770a9402c7ce82f5c2","name":"Jean Pierre BAWELA","image":{"@type":"ImageObject","inLanguage":"fr-FR","@id":"https:\/\/macite.tg\/wp-content\/uploads\/2023\/09\/WhatsApp-Image-2023-09-19-at-14.44.41-122x122.jpeg","url":"https:\/\/macite.tg\/wp-content\/uploads\/2023\/09\/WhatsApp-Image-2023-09-19-at-14.44.41-122x122.jpeg","contentUrl":"https:\/\/macite.tg\/wp-content\/uploads\/2023\/09\/WhatsApp-Image-2023-09-19-at-14.44.41-122x122.jpeg","caption":"Jean Pierre BAWELA"},"url":"https:\/\/macite.tg\/?author=2"}]}},"_links":{"self":[{"href":"https:\/\/macite.tg\/index.php?rest_route=\/wp\/v2\/posts\/17866","targetHints":{"allow":["GET"]}}],"collection":[{"href":"https:\/\/macite.tg\/index.php?rest_route=\/wp\/v2\/posts"}],"about":[{"href":"https:\/\/macite.tg\/index.php?rest_route=\/wp\/v2\/types\/post"}],"author":[{"embeddable":true,"href":"https:\/\/macite.tg\/index.php?rest_route=\/wp\/v2\/users\/2"}],"replies":[{"embeddable":true,"href":"https:\/\/macite.tg\/index.php?rest_route=%2Fwp%2Fv2%2Fcomments&post=17866"}],"version-history":[{"count":0,"href":"https:\/\/macite.tg\/index.php?rest_route=\/wp\/v2\/posts\/17866\/revisions"}],"wp:featuredmedia":[{"embeddable":true,"href":"https:\/\/macite.tg\/index.php?rest_route=\/wp\/v2\/media\/17867"}],"wp:attachment":[{"href":"https:\/\/macite.tg\/index.php?rest_route=%2Fwp%2Fv2%2Fmedia&parent=17866"}],"wp:term":[{"taxonomy":"category","embeddable":true,"href":"https:\/\/macite.tg\/index.php?rest_route=%2Fwp%2Fv2%2Fcategories&post=17866"},{"taxonomy":"post_tag","embeddable":true,"href":"https:\/\/macite.tg\/index.php?rest_route=%2Fwp%2Fv2%2Ftags&post=17866"}],"curies":[{"name":"wp","href":"https:\/\/api.w.org\/{rel}","templated":true}]}}