{"id":17858,"date":"2024-11-11T12:19:12","date_gmt":"2024-11-11T12:19:12","guid":{"rendered":"https:\/\/macite.tg\/?p=17858"},"modified":"2024-11-11T12:19:41","modified_gmt":"2024-11-11T12:19:41","slug":"jubile-dor-du-sanctuaire-marial-de-togoville-le-president-faure-gnassingbe-a-assiste-a-lapotheose-hier-dimanche","status":"publish","type":"post","link":"https:\/\/macite.tg\/?p=17858","title":{"rendered":"JUBILE D\u2019OR DU SANCTUAIRE MARIAL DE TOGOVILLE\u00a0: Le Pr\u00e9sident Faure Gnassingb\u00e9 a assist\u00e9 \u00e0 l\u2019apoth\u00e9ose hier dimanche"},"content":{"rendered":"\n<p class=\"wp-block-paragraph\"><strong><em>Entam\u00e9es un an plus t\u00f4t, l\u2019apoth\u00e9ose des activit\u00e9s marquant le Jubil\u00e9 d\u2019Or du sanctuaire Notre-Dame du Lac Togo, M\u00e8re de la Mis\u00e9ricorde, ont eu lieu hier dimanche, en pr\u00e9sence du Chef de l\u2019Etat, Faure Essozimna Gnassingb\u00e9.<\/em><\/strong><\/p>\n\n\n\n<p class=\"wp-block-paragraph\">La communaut\u00e9 catholique du Togo c\u00e9l\u00e8bre le demi-si\u00e8cle de fois, de solidarit\u00e9 et d\u00e9vouement. Les activit\u00e9s d\u00e9marr\u00e9es un an plus t\u00f4t, ont connu leur apoth\u00e9ose hier dimanche 10 novembre.<\/p>\n\n\n<div class=\"wp-block-image\">\n<figure class=\"aligncenter size-full is-resized\"><img loading=\"lazy\" decoding=\"async\" src=\"https:\/\/macite.tg\/wp-content\/uploads\/2024\/11\/Sanctuaire1.jpg\" alt=\"\" class=\"wp-image-17862\" width=\"610\" height=\"375\" srcset=\"https:\/\/macite.tg\/wp-content\/uploads\/2024\/11\/Sanctuaire1.jpg 500w, https:\/\/macite.tg\/wp-content\/uploads\/2024\/11\/Sanctuaire1-300x184.jpg 300w\" sizes=\"auto, (max-width: 610px) 100vw, 610px\" \/><figcaption class=\"wp-element-caption\"><strong><em>Quelques temps forts de la c\u00e9l\u00e9bration<\/em><\/strong><\/figcaption><\/figure>\n<\/div>\n\n\n<p class=\"wp-block-paragraph\">Des milliers de fid\u00e8les catholiques ont converg\u00e9 vers le Togoville qui abrite ce sanctuaire depuis 1973. Dans la foule, on y note la pr\u00e9sence du Pr\u00e9sident de la R\u00e9publique, Faure Essozimna Gnassingb\u00e9, entour\u00e9 de plusieurs membres du gouvernement.<\/p>\n\n\n\n<p class=\"wp-block-paragraph\">\u00ab\u00a0<em>J\u2019ai eu l\u2019honneur de c\u00e9l\u00e9brer aux c\u00f4t\u00e9s de la communaut\u00e9 catholique un demi-si\u00e8cle de foi, de solidarit\u00e9 et de d\u00e9vouement. Que cette journ\u00e9e m\u00e9morable inspire chacun \u00e0 poursuivre avec dext\u00e9rit\u00e9 l\u2019engagement envers la paix et la concorde nationale\u00a0\u00bb<\/em>, a indiqu\u00e9 Faure Gnassingb\u00e9.<\/p>\n\n\n\n<p class=\"wp-block-paragraph\">Le Chef de l&rsquo;Etat a ensuite exhort\u00e9 \u00e0 une pri\u00e8re commune \u00ab\u00a0<em>pour que la paix, l&rsquo;amour et l&rsquo;unit\u00e9 continuent de prosp\u00e9rer au Togo, et que nous avancions main dans la main vers un avenir rempli d&rsquo;esp\u00e9rance et de foi\u00a0\u00bb<\/em>.<\/p>\n\n\n<div class=\"wp-block-image\">\n<figure class=\"aligncenter size-full is-resized\"><img loading=\"lazy\" decoding=\"async\" src=\"https:\/\/macite.tg\/wp-content\/uploads\/2024\/11\/d9c67c76-4e2e-494c-8502-d57342f11fdc.jpg\" alt=\"\" class=\"wp-image-17771\" width=\"472\" height=\"649\" srcset=\"https:\/\/macite.tg\/wp-content\/uploads\/2024\/11\/d9c67c76-4e2e-494c-8502-d57342f11fdc.jpg 718w, https:\/\/macite.tg\/wp-content\/uploads\/2024\/11\/d9c67c76-4e2e-494c-8502-d57342f11fdc-218x300.jpg 218w\" sizes=\"auto, (max-width: 472px) 100vw, 472px\" \/><\/figure>\n<\/div>\n\n\n<p class=\"wp-block-paragraph\">Consacr\u00e9 en 1973, le sanctuaire marial de Togoville est un lieu de p\u00e8lerinage annuel important pour la communaut\u00e9 chr\u00e9tienne du Togo et d\u2019ailleurs.<\/p>\n\n\n\n<p class=\"wp-block-paragraph\"><strong>La R\u00e9daction<\/strong><\/p>\n\n\n\n<p class=\"wp-block-paragraph\"><strong><em>@macite.tg&nbsp;&nbsp;&nbsp;&nbsp;&nbsp;&nbsp;&nbsp;&nbsp;<\/em><\/strong><\/p>\n\n\n\n<p class=\"wp-block-paragraph\"><strong><em>E-mail&nbsp;: <\/em><\/strong><a href=\"mailto:maciteinfo@gmail.com\"><strong><em>maciteinfo@gmail.com<\/em><\/strong><\/a><strong><em>; <\/em><\/strong><a href=\"mailto:bawela1@gmail.com\"><strong><em>bawela1@gmail.com<\/em><\/strong><\/a><strong><em><\/em><\/strong><\/p>\n\n\n\n<p class=\"wp-block-paragraph\"><strong><em>Pour vos annonces, (publi)reportages, etc., joignez-nous au (00228)91515309\/<strong>79872224 <\/strong>www.macite.tg, L\u2019information, la bonne&nbsp;!<\/em><\/strong><\/p>\n","protected":false},"excerpt":{"rendered":"<p class=\"text-justify mb-2\" >Entam\u00e9es un an plus t\u00f4t, l\u2019apoth\u00e9ose des activit\u00e9s marquant le Jubil\u00e9 d\u2019Or du sanctuaire Notre-Dame du Lac Togo, M\u00e8re de la Mis\u00e9ricorde, ont eu lieu hier dimanche, en pr\u00e9sence du Chef de l\u2019Etat, Faure Essozimna Gnassingb\u00e9. La communaut\u00e9 catholique du Togo c\u00e9l\u00e8bre le demi-si\u00e8cle de [&hellip;]<\/p>\n","protected":false},"author":2,"featured_media":17860,"comment_status":"open","ping_status":"open","sticky":false,"template":"","format":"standard","meta":{"footnotes":""},"categories":[20,40],"tags":[],"class_list":["post-17858","post","type-post","status-publish","format-standard","has-post-thumbnail","hentry","category-actualite","category-religion"],"yoast_head":"<!-- This site is optimized with the Yoast SEO plugin v28.4 - https:\/\/yoast.com\/product\/yoast-seo-wordpress\/ -->\n<title>JUBILE D\u2019OR DU SANCTUAIRE MARIAL DE TOGOVILLE\u00a0: Le Pr\u00e9sident Faure Gnassingb\u00e9 a assist\u00e9 \u00e0 l\u2019apoth\u00e9ose hier dimanche -<\/title>\n<meta name=\"robots\" content=\"index, follow, max-snippet:-1, max-image-preview:large, max-video-preview:-1\" \/>\n<link rel=\"canonical\" href=\"https:\/\/macite.tg\/?p=17858\" \/>\n<meta property=\"og:locale\" content=\"fr_FR\" \/>\n<meta property=\"og:type\" content=\"article\" \/>\n<meta property=\"og:title\" content=\"JUBILE D\u2019OR DU SANCTUAIRE MARIAL DE TOGOVILLE\u00a0: Le Pr\u00e9sident Faure Gnassingb\u00e9 a assist\u00e9 \u00e0 l\u2019apoth\u00e9ose hier dimanche -\" \/>\n<meta property=\"og:description\" content=\"Entam\u00e9es un an plus t\u00f4t, l\u2019apoth\u00e9ose des activit\u00e9s marquant le Jubil\u00e9 d\u2019Or du sanctuaire Notre-Dame du Lac Togo, M\u00e8re de la Mis\u00e9ricorde, ont eu lieu hier dimanche, en pr\u00e9sence du Chef de l\u2019Etat, Faure Essozimna Gnassingb\u00e9. La communaut\u00e9 catholique du Togo c\u00e9l\u00e8bre le demi-si\u00e8cle de [&hellip;]\" \/>\n<meta property=\"og:url\" content=\"https:\/\/macite.tg\/?p=17858\" \/>\n<meta property=\"article:published_time\" content=\"2024-11-11T12:19:12+00:00\" \/>\n<meta property=\"article:modified_time\" content=\"2024-11-11T12:19:41+00:00\" \/>\n<meta property=\"og:image\" content=\"https:\/\/macite.tg\/wp-content\/uploads\/2024\/11\/Sanctuaire.jpg\" \/>\n\t<meta property=\"og:image:width\" content=\"500\" \/>\n\t<meta property=\"og:image:height\" content=\"334\" \/>\n\t<meta property=\"og:image:type\" content=\"image\/jpeg\" \/>\n<meta name=\"author\" content=\"Jean Pierre BAWELA\" \/>\n<meta name=\"twitter:card\" content=\"summary_large_image\" \/>\n<meta name=\"twitter:label1\" content=\"\u00c9crit par\" \/>\n\t<meta name=\"twitter:data1\" content=\"Jean Pierre BAWELA\" \/>\n\t<meta name=\"twitter:label2\" content=\"Dur\u00e9e de lecture estim\u00e9e\" \/>\n\t<meta name=\"twitter:data2\" content=\"1 minute\" \/>\n<script type=\"application\/ld+json\" class=\"yoast-schema-graph\">{\"@context\":\"https:\\\/\\\/schema.org\",\"@graph\":[{\"@type\":\"Article\",\"@id\":\"https:\\\/\\\/macite.tg\\\/?p=17858#article\",\"isPartOf\":{\"@id\":\"https:\\\/\\\/macite.tg\\\/?p=17858\"},\"author\":{\"name\":\"Jean Pierre BAWELA\",\"@id\":\"https:\\\/\\\/macite.tg\\\/#\\\/schema\\\/person\\\/e9f2de7e5dbbe7770a9402c7ce82f5c2\"},\"headline\":\"JUBILE D\u2019OR DU SANCTUAIRE MARIAL DE TOGOVILLE\u00a0: Le Pr\u00e9sident Faure Gnassingb\u00e9 a assist\u00e9 \u00e0 l\u2019apoth\u00e9ose hier dimanche\",\"datePublished\":\"2024-11-11T12:19:12+00:00\",\"dateModified\":\"2024-11-11T12:19:41+00:00\",\"mainEntityOfPage\":{\"@id\":\"https:\\\/\\\/macite.tg\\\/?p=17858\"},\"wordCount\":312,\"commentCount\":0,\"image\":{\"@id\":\"https:\\\/\\\/macite.tg\\\/?p=17858#primaryimage\"},\"thumbnailUrl\":\"https:\\\/\\\/macite.tg\\\/wp-content\\\/uploads\\\/2024\\\/11\\\/Sanctuaire.jpg\",\"articleSection\":[\"ACTUALITE\",\"RELIGION\"],\"inLanguage\":\"fr-FR\",\"potentialAction\":[{\"@type\":\"CommentAction\",\"name\":\"Comment\",\"target\":[\"https:\\\/\\\/macite.tg\\\/?p=17858#respond\"]}]},{\"@type\":\"WebPage\",\"@id\":\"https:\\\/\\\/macite.tg\\\/?p=17858\",\"url\":\"https:\\\/\\\/macite.tg\\\/?p=17858\",\"name\":\"JUBILE D\u2019OR DU SANCTUAIRE MARIAL DE TOGOVILLE\u00a0: Le Pr\u00e9sident Faure Gnassingb\u00e9 a assist\u00e9 \u00e0 l\u2019apoth\u00e9ose hier dimanche -\",\"isPartOf\":{\"@id\":\"https:\\\/\\\/macite.tg\\\/#website\"},\"primaryImageOfPage\":{\"@id\":\"https:\\\/\\\/macite.tg\\\/?p=17858#primaryimage\"},\"image\":{\"@id\":\"https:\\\/\\\/macite.tg\\\/?p=17858#primaryimage\"},\"thumbnailUrl\":\"https:\\\/\\\/macite.tg\\\/wp-content\\\/uploads\\\/2024\\\/11\\\/Sanctuaire.jpg\",\"datePublished\":\"2024-11-11T12:19:12+00:00\",\"dateModified\":\"2024-11-11T12:19:41+00:00\",\"author\":{\"@id\":\"https:\\\/\\\/macite.tg\\\/#\\\/schema\\\/person\\\/e9f2de7e5dbbe7770a9402c7ce82f5c2\"},\"breadcrumb\":{\"@id\":\"https:\\\/\\\/macite.tg\\\/?p=17858#breadcrumb\"},\"inLanguage\":\"fr-FR\",\"potentialAction\":[{\"@type\":\"ReadAction\",\"target\":[\"https:\\\/\\\/macite.tg\\\/?p=17858\"]}]},{\"@type\":\"ImageObject\",\"inLanguage\":\"fr-FR\",\"@id\":\"https:\\\/\\\/macite.tg\\\/?p=17858#primaryimage\",\"url\":\"https:\\\/\\\/macite.tg\\\/wp-content\\\/uploads\\\/2024\\\/11\\\/Sanctuaire.jpg\",\"contentUrl\":\"https:\\\/\\\/macite.tg\\\/wp-content\\\/uploads\\\/2024\\\/11\\\/Sanctuaire.jpg\",\"width\":500,\"height\":334},{\"@type\":\"BreadcrumbList\",\"@id\":\"https:\\\/\\\/macite.tg\\\/?p=17858#breadcrumb\",\"itemListElement\":[{\"@type\":\"ListItem\",\"position\":1,\"name\":\"Accueil\",\"item\":\"https:\\\/\\\/macite.tg\\\/\"},{\"@type\":\"ListItem\",\"position\":2,\"name\":\"JUBILE D\u2019OR DU SANCTUAIRE MARIAL DE TOGOVILLE\u00a0: Le Pr\u00e9sident Faure Gnassingb\u00e9 a assist\u00e9 \u00e0 l\u2019apoth\u00e9ose hier dimanche\"}]},{\"@type\":\"WebSite\",\"@id\":\"https:\\\/\\\/macite.tg\\\/#website\",\"url\":\"https:\\\/\\\/macite.tg\\\/\",\"name\":\"\",\"description\":\"L&#039;information, la bonne!!!\",\"potentialAction\":[{\"@type\":\"SearchAction\",\"target\":{\"@type\":\"EntryPoint\",\"urlTemplate\":\"https:\\\/\\\/macite.tg\\\/?s={search_term_string}\"},\"query-input\":{\"@type\":\"PropertyValueSpecification\",\"valueRequired\":true,\"valueName\":\"search_term_string\"}}],\"inLanguage\":\"fr-FR\"},{\"@type\":\"Person\",\"@id\":\"https:\\\/\\\/macite.tg\\\/#\\\/schema\\\/person\\\/e9f2de7e5dbbe7770a9402c7ce82f5c2\",\"name\":\"Jean Pierre BAWELA\",\"image\":{\"@type\":\"ImageObject\",\"inLanguage\":\"fr-FR\",\"@id\":\"https:\\\/\\\/macite.tg\\\/wp-content\\\/uploads\\\/2023\\\/09\\\/WhatsApp-Image-2023-09-19-at-14.44.41-122x122.jpeg\",\"url\":\"https:\\\/\\\/macite.tg\\\/wp-content\\\/uploads\\\/2023\\\/09\\\/WhatsApp-Image-2023-09-19-at-14.44.41-122x122.jpeg\",\"contentUrl\":\"https:\\\/\\\/macite.tg\\\/wp-content\\\/uploads\\\/2023\\\/09\\\/WhatsApp-Image-2023-09-19-at-14.44.41-122x122.jpeg\",\"caption\":\"Jean Pierre BAWELA\"},\"url\":\"https:\\\/\\\/macite.tg\\\/?author=2\"}]}<\/script>\n<!-- \/ Yoast SEO plugin. -->","yoast_head_json":{"title":"JUBILE D\u2019OR DU SANCTUAIRE MARIAL DE TOGOVILLE\u00a0: Le Pr\u00e9sident Faure Gnassingb\u00e9 a assist\u00e9 \u00e0 l\u2019apoth\u00e9ose hier dimanche -","robots":{"index":"index","follow":"follow","max-snippet":"max-snippet:-1","max-image-preview":"max-image-preview:large","max-video-preview":"max-video-preview:-1"},"canonical":"https:\/\/macite.tg\/?p=17858","og_locale":"fr_FR","og_type":"article","og_title":"JUBILE D\u2019OR DU SANCTUAIRE MARIAL DE TOGOVILLE\u00a0: Le Pr\u00e9sident Faure Gnassingb\u00e9 a assist\u00e9 \u00e0 l\u2019apoth\u00e9ose hier dimanche -","og_description":"Entam\u00e9es un an plus t\u00f4t, l\u2019apoth\u00e9ose des activit\u00e9s marquant le Jubil\u00e9 d\u2019Or du sanctuaire Notre-Dame du Lac Togo, M\u00e8re de la Mis\u00e9ricorde, ont eu lieu hier dimanche, en pr\u00e9sence du Chef de l\u2019Etat, Faure Essozimna Gnassingb\u00e9. La communaut\u00e9 catholique du Togo c\u00e9l\u00e8bre le demi-si\u00e8cle de [&hellip;]","og_url":"https:\/\/macite.tg\/?p=17858","article_published_time":"2024-11-11T12:19:12+00:00","article_modified_time":"2024-11-11T12:19:41+00:00","og_image":[{"width":500,"height":334,"url":"https:\/\/macite.tg\/wp-content\/uploads\/2024\/11\/Sanctuaire.jpg","type":"image\/jpeg"}],"author":"Jean Pierre BAWELA","twitter_card":"summary_large_image","twitter_misc":{"\u00c9crit par":"Jean Pierre BAWELA","Dur\u00e9e de lecture estim\u00e9e":"1 minute"},"schema":{"@context":"https:\/\/schema.org","@graph":[{"@type":"Article","@id":"https:\/\/macite.tg\/?p=17858#article","isPartOf":{"@id":"https:\/\/macite.tg\/?p=17858"},"author":{"name":"Jean Pierre BAWELA","@id":"https:\/\/macite.tg\/#\/schema\/person\/e9f2de7e5dbbe7770a9402c7ce82f5c2"},"headline":"JUBILE D\u2019OR DU SANCTUAIRE MARIAL DE TOGOVILLE\u00a0: Le Pr\u00e9sident Faure Gnassingb\u00e9 a assist\u00e9 \u00e0 l\u2019apoth\u00e9ose hier dimanche","datePublished":"2024-11-11T12:19:12+00:00","dateModified":"2024-11-11T12:19:41+00:00","mainEntityOfPage":{"@id":"https:\/\/macite.tg\/?p=17858"},"wordCount":312,"commentCount":0,"image":{"@id":"https:\/\/macite.tg\/?p=17858#primaryimage"},"thumbnailUrl":"https:\/\/macite.tg\/wp-content\/uploads\/2024\/11\/Sanctuaire.jpg","articleSection":["ACTUALITE","RELIGION"],"inLanguage":"fr-FR","potentialAction":[{"@type":"CommentAction","name":"Comment","target":["https:\/\/macite.tg\/?p=17858#respond"]}]},{"@type":"WebPage","@id":"https:\/\/macite.tg\/?p=17858","url":"https:\/\/macite.tg\/?p=17858","name":"JUBILE D\u2019OR DU SANCTUAIRE MARIAL DE TOGOVILLE\u00a0: Le Pr\u00e9sident Faure Gnassingb\u00e9 a assist\u00e9 \u00e0 l\u2019apoth\u00e9ose hier dimanche -","isPartOf":{"@id":"https:\/\/macite.tg\/#website"},"primaryImageOfPage":{"@id":"https:\/\/macite.tg\/?p=17858#primaryimage"},"image":{"@id":"https:\/\/macite.tg\/?p=17858#primaryimage"},"thumbnailUrl":"https:\/\/macite.tg\/wp-content\/uploads\/2024\/11\/Sanctuaire.jpg","datePublished":"2024-11-11T12:19:12+00:00","dateModified":"2024-11-11T12:19:41+00:00","author":{"@id":"https:\/\/macite.tg\/#\/schema\/person\/e9f2de7e5dbbe7770a9402c7ce82f5c2"},"breadcrumb":{"@id":"https:\/\/macite.tg\/?p=17858#breadcrumb"},"inLanguage":"fr-FR","potentialAction":[{"@type":"ReadAction","target":["https:\/\/macite.tg\/?p=17858"]}]},{"@type":"ImageObject","inLanguage":"fr-FR","@id":"https:\/\/macite.tg\/?p=17858#primaryimage","url":"https:\/\/macite.tg\/wp-content\/uploads\/2024\/11\/Sanctuaire.jpg","contentUrl":"https:\/\/macite.tg\/wp-content\/uploads\/2024\/11\/Sanctuaire.jpg","width":500,"height":334},{"@type":"BreadcrumbList","@id":"https:\/\/macite.tg\/?p=17858#breadcrumb","itemListElement":[{"@type":"ListItem","position":1,"name":"Accueil","item":"https:\/\/macite.tg\/"},{"@type":"ListItem","position":2,"name":"JUBILE D\u2019OR DU SANCTUAIRE MARIAL DE TOGOVILLE\u00a0: Le Pr\u00e9sident Faure Gnassingb\u00e9 a assist\u00e9 \u00e0 l\u2019apoth\u00e9ose hier dimanche"}]},{"@type":"WebSite","@id":"https:\/\/macite.tg\/#website","url":"https:\/\/macite.tg\/","name":"","description":"L&#039;information, la bonne!!!","potentialAction":[{"@type":"SearchAction","target":{"@type":"EntryPoint","urlTemplate":"https:\/\/macite.tg\/?s={search_term_string}"},"query-input":{"@type":"PropertyValueSpecification","valueRequired":true,"valueName":"search_term_string"}}],"inLanguage":"fr-FR"},{"@type":"Person","@id":"https:\/\/macite.tg\/#\/schema\/person\/e9f2de7e5dbbe7770a9402c7ce82f5c2","name":"Jean Pierre BAWELA","image":{"@type":"ImageObject","inLanguage":"fr-FR","@id":"https:\/\/macite.tg\/wp-content\/uploads\/2023\/09\/WhatsApp-Image-2023-09-19-at-14.44.41-122x122.jpeg","url":"https:\/\/macite.tg\/wp-content\/uploads\/2023\/09\/WhatsApp-Image-2023-09-19-at-14.44.41-122x122.jpeg","contentUrl":"https:\/\/macite.tg\/wp-content\/uploads\/2023\/09\/WhatsApp-Image-2023-09-19-at-14.44.41-122x122.jpeg","caption":"Jean Pierre BAWELA"},"url":"https:\/\/macite.tg\/?author=2"}]}},"_links":{"self":[{"href":"https:\/\/macite.tg\/index.php?rest_route=\/wp\/v2\/posts\/17858","targetHints":{"allow":["GET"]}}],"collection":[{"href":"https:\/\/macite.tg\/index.php?rest_route=\/wp\/v2\/posts"}],"about":[{"href":"https:\/\/macite.tg\/index.php?rest_route=\/wp\/v2\/types\/post"}],"author":[{"embeddable":true,"href":"https:\/\/macite.tg\/index.php?rest_route=\/wp\/v2\/users\/2"}],"replies":[{"embeddable":true,"href":"https:\/\/macite.tg\/index.php?rest_route=%2Fwp%2Fv2%2Fcomments&post=17858"}],"version-history":[{"count":0,"href":"https:\/\/macite.tg\/index.php?rest_route=\/wp\/v2\/posts\/17858\/revisions"}],"wp:featuredmedia":[{"embeddable":true,"href":"https:\/\/macite.tg\/index.php?rest_route=\/wp\/v2\/media\/17860"}],"wp:attachment":[{"href":"https:\/\/macite.tg\/index.php?rest_route=%2Fwp%2Fv2%2Fmedia&parent=17858"}],"wp:term":[{"taxonomy":"category","embeddable":true,"href":"https:\/\/macite.tg\/index.php?rest_route=%2Fwp%2Fv2%2Fcategories&post=17858"},{"taxonomy":"post_tag","embeddable":true,"href":"https:\/\/macite.tg\/index.php?rest_route=%2Fwp%2Fv2%2Ftags&post=17858"}],"curies":[{"name":"wp","href":"https:\/\/api.w.org\/{rel}","templated":true}]}}