{"id":17855,"date":"2024-11-11T11:34:45","date_gmt":"2024-11-11T11:34:45","guid":{"rendered":"https:\/\/macite.tg\/?p=17855"},"modified":"2024-11-11T11:34:52","modified_gmt":"2024-11-11T11:34:52","slug":"92e-assemblee-generale-dinterpol-le-maroc-elu-a-la-grande-majorite-vice-president-dinterpol-pour-lafrique","status":"publish","type":"post","link":"https:\/\/macite.tg\/?p=17855","title":{"rendered":"92E ASSEMBLEE GENERALE D\u2019INTERPOL : Le Maroc \u00e9lu, \u00e0 la grande majorit\u00e9, Vice-pr\u00e9sident d\u2019Interpol pour l\u2019Afrique"},"content":{"rendered":"\n<p class=\"wp-block-paragraph\"><strong><em>Les efforts du Royaume du Maroc pour la pr\u00e9servation de la s\u00e9curit\u00e9 et de la stabilit\u00e9 au niveau sous r\u00e9gionale mais \u00e9galement \u00e0 l\u2019international, sont r\u00e9compens\u00e9s. En effet, \u00e0 l\u2019issue des \u00e9lections du Comit\u00e9 ex\u00e9cutif de l\u2019Interpol pour l\u2019Afrique, tenues lors de la 92\u00e8 Assembl\u00e9e g\u00e9n\u00e9rale d\u2019Interpol (04 au 07 novembre dernier \u00e0 Glasgow, en Ecosse), le Maroc a \u00e9t\u00e9 \u00e9lu, \u00e0 la grande majorit\u00e9, au poste de Vice-pr\u00e9sident de l\u2019organisation.<\/em><\/strong><\/p>\n\n\n\n<p class=\"wp-block-paragraph\">La 92\u00e8 Assembl\u00e9e g\u00e9n\u00e9rale d\u2019Interpol, tenue du 04 au 07 novembre dernier \u00e0 Glasgow, en Ecosse, a port\u00e9 sur le renouvellement des instances de l\u2019organisation. Lors des \u00e9lections du Comit\u00e9 ex\u00e9cutif, le Maroc a \u00e9t\u00e9 \u00e9lu, \u00e0 la grande majorit\u00e9, vice-pr\u00e9sident d\u2019Interpol pour l\u2019Afrique, par les d\u00e9l\u00e9gu\u00e9s de 96 pays membres, avec une large avance par rapport au reste des candidats en lice, a indiqu\u00e9 un communiqu\u00e9 de la Direction G\u00e9n\u00e9rale de la S\u00fbret\u00e9 nationale (Dgsn).<\/p>\n\n\n\n<p class=\"wp-block-paragraph\">Anim\u00e9 d\u2019une ferme volont\u00e9 d\u2019apporter sa contribution au d\u00e9veloppement des structures polici\u00e8res sur le continent africain, le Royaume du Maroc avait fait acte de candidature \u00e0 ce poste, dans l\u2019optique de <em>\u00ab&nbsp;renforcer la coop\u00e9ration s\u00e9curitaire Sud-Sud et \u00e9changer ses exp\u00e9riences et expertises avec les services de s\u00e9curit\u00e9 dans son environnement continental&nbsp;\u00bb, <\/em>indique ledit communiqu\u00e9.<\/p>\n\n\n<div class=\"wp-block-image\">\n<figure class=\"aligncenter size-full is-resized\"><img loading=\"lazy\" decoding=\"async\" src=\"https:\/\/macite.tg\/wp-content\/uploads\/2024\/11\/d9c67c76-4e2e-494c-8502-d57342f11fdc.jpg\" alt=\"\" class=\"wp-image-17771\" width=\"588\" height=\"808\" srcset=\"https:\/\/macite.tg\/wp-content\/uploads\/2024\/11\/d9c67c76-4e2e-494c-8502-d57342f11fdc.jpg 718w, https:\/\/macite.tg\/wp-content\/uploads\/2024\/11\/d9c67c76-4e2e-494c-8502-d57342f11fdc-218x300.jpg 218w\" sizes=\"auto, (max-width: 588px) 100vw, 588px\" \/><\/figure>\n<\/div>\n\n\n<p class=\"wp-block-paragraph\">Sur la base des Hautes Orientations Royales, fond\u00e9es sur une vision pragmatique qui a \u00e9rig\u00e9 la coop\u00e9ration Sud-Sud en choix strat\u00e9gique et en priorit\u00e9 pour le Royaume et ses partenaires africains, ceci \u00e0 tous les niveau y compris s\u00e9curitaire, la candidature du Maroc, bien men\u00e9e, s\u2019est appuy\u00e9e sur <em>\u00ab&nbsp;l&rsquo;investissement dans les ressources humaines polici\u00e8res en Afrique, le d\u00e9veloppement des structures de s\u00e9curit\u00e9 et la consolidation de la coop\u00e9ration polici\u00e8re au sein de l&rsquo;espace africain en vue d\u2019ass\u00e9cher les sources de l&rsquo;immigration irr\u00e9guli\u00e8re et de trafic d\u2019\u00eatres humains et d&#8217;emp\u00eacher leurs liaisons avec les r\u00e9seaux de crime transfrontalier&nbsp;\u00bb.<\/em><\/p>\n\n\n\n<p class=\"wp-block-paragraph\">Ainsi, l\u2019\u00e9lection du Royaume du Maroc au poste de Vice-pr\u00e9sident d\u2019Interpol pour l\u2019Afrique, vise \u00e0 donner les cl\u00e9s n\u00e9cessaires \u00e0 Rabat pour, non seulement coordonner <em>\u00ab&nbsp;les efforts avec les bureaux centraux nationaux dans les pays africains et dans le reste des pays du monde, afin de r\u00e9pondre avec c\u00e9l\u00e9rit\u00e9 et efficience aux menaces terroristes li\u00e9es aux ramifications r\u00e9gionales des organisations extr\u00e9mistes&nbsp;\u00bb,<\/em> mais aussi et surtout de <em>\u00ab&nbsp;mettre en lumi\u00e8re et de coordonner les efforts de lutte contre les risques non conventionnels se rapportant au recours malveillant \u00e0 l&rsquo;Intelligence artificielle et aux nouvelles technologies par les groupes de crimes organis\u00e9s&nbsp;\u00bb.<\/em><\/p>\n\n\n\n<p class=\"wp-block-paragraph\">Notons que la candidature du Maroc \u00e9tait port\u00e9e par pr\u00e9fet de police Mohamed Dkhissi, Directeur de la police judiciaire et chef du Bureau central national d\u2019Interpol-Rabat. La d\u00e9l\u00e9gation marocaine qui a pris part aux travaux de cette 92\u00e8me session de l\u2019Assembl\u00e9e G\u00e9n\u00e9rale d\u2019Interpol \u00e0 Glasgow, \u00e9tait conduite par le Directeur g\u00e9n\u00e9ral de la S\u00fbret\u00e9 Nationale et de la Surveillance du Territoire (Dgsn-Dgst), M. Abdellatif Hammouchi. Outre les discussions multilat\u00e9rales, la d\u00e9l\u00e9gation a particip\u00e9 \u00e0 des travaux bilat\u00e9rales portant sur les moyens de <em>\u00ab&nbsp;renforcer la coop\u00e9ration s\u00e9curitaire internationale et l\u2019action polici\u00e8re commune&nbsp;\u00bb.<\/em><\/p>\n\n\n<div class=\"wp-block-image\">\n<figure class=\"aligncenter size-full is-resized\"><img loading=\"lazy\" decoding=\"async\" src=\"https:\/\/macite.tg\/wp-content\/uploads\/2024\/11\/30-Depreciation.jpg\" alt=\"\" class=\"wp-image-17814\" width=\"444\" height=\"555\" srcset=\"https:\/\/macite.tg\/wp-content\/uploads\/2024\/11\/30-Depreciation.jpg 512w, https:\/\/macite.tg\/wp-content\/uploads\/2024\/11\/30-Depreciation-240x300.jpg 240w\" sizes=\"auto, (max-width: 444px) 100vw, 444px\" \/><\/figure>\n<\/div>\n\n\n<p class=\"wp-block-paragraph\">Rappelons qu\u2019Interpol est une organisation internationale de police criminelle cr\u00e9\u00e9 en 1923. Elle a pour objectif principal  de <em>\u00ab\u00a0soutenir les capacit\u00e9s nationales et l\u2019\u00e9change\u00a0d\u2019informations et d\u2019expertises entre les services s\u00e9curitaires des 196 pays membres\u00a0\u00bb,<\/em> dans l\u2019optique de\u00a0pr\u00e9venir efficacement et <em>\u00ab\u00a0lutter contre les ramifications transnationales des diff\u00e9rentes formes de crimes et de menaces s\u00e9curitaires\u00a0\u00bb.<\/em><\/p>\n\n\n\n<p class=\"wp-block-paragraph\"><strong>MC<\/strong><\/p>\n\n\n\n<p class=\"wp-block-paragraph\"><a><strong><em>@macite.tg&nbsp;&nbsp;&nbsp;&nbsp;&nbsp;&nbsp;&nbsp;&nbsp;<\/em><\/strong><\/a><\/p>\n\n\n\n<p class=\"wp-block-paragraph\"><strong><em>E-mail&nbsp;: <\/em><\/strong><a href=\"mailto:maciteinfo@gmail.com\"><strong><em>maciteinfo@gmail.com<\/em><\/strong><\/a><strong><em>; <\/em><\/strong><a href=\"mailto:bawela1@gmail.com\"><strong><em>bawela1@gmail.com<\/em><\/strong><\/a><strong><em><\/em><\/strong><\/p>\n\n\n\n<p class=\"wp-block-paragraph\"><strong><em>Pour vos annonces, (publi)reportages, etc., joignez-nous au (00228)91515309\/<strong>79872224 <\/strong>www.macite.tg, L\u2019information, la bonne&nbsp;!<\/em><\/strong><\/p>\n","protected":false},"excerpt":{"rendered":"<p class=\"text-justify mb-2\" >Les efforts du Royaume du Maroc pour la pr\u00e9servation de la s\u00e9curit\u00e9 et de la stabilit\u00e9 au niveau sous r\u00e9gionale mais \u00e9galement \u00e0 l\u2019international, sont r\u00e9compens\u00e9s. En effet, \u00e0 l\u2019issue des \u00e9lections du Comit\u00e9 ex\u00e9cutif de l\u2019Interpol pour l\u2019Afrique, tenues lors de la 92\u00e8 Assembl\u00e9e [&hellip;]<\/p>\n","protected":false},"author":2,"featured_media":17856,"comment_status":"open","ping_status":"open","sticky":false,"template":"","format":"standard","meta":{"footnotes":""},"categories":[20,16,28],"tags":[],"class_list":["post-17855","post","type-post","status-publish","format-standard","has-post-thumbnail","hentry","category-actualite","category-cooperation","category-securite"],"yoast_head":"<!-- This site is optimized with the Yoast SEO plugin v28.4 - https:\/\/yoast.com\/product\/yoast-seo-wordpress\/ -->\n<title>92E ASSEMBLEE GENERALE D\u2019INTERPOL : Le Maroc \u00e9lu, \u00e0 la grande majorit\u00e9, Vice-pr\u00e9sident d\u2019Interpol pour l\u2019Afrique -<\/title>\n<meta name=\"robots\" content=\"index, follow, max-snippet:-1, max-image-preview:large, max-video-preview:-1\" \/>\n<link rel=\"canonical\" href=\"https:\/\/macite.tg\/?p=17855\" \/>\n<meta property=\"og:locale\" content=\"fr_FR\" \/>\n<meta property=\"og:type\" content=\"article\" \/>\n<meta property=\"og:title\" content=\"92E ASSEMBLEE GENERALE D\u2019INTERPOL : Le Maroc \u00e9lu, \u00e0 la grande majorit\u00e9, Vice-pr\u00e9sident d\u2019Interpol pour l\u2019Afrique -\" \/>\n<meta property=\"og:description\" content=\"Les efforts du Royaume du Maroc pour la pr\u00e9servation de la s\u00e9curit\u00e9 et de la stabilit\u00e9 au niveau sous r\u00e9gionale mais \u00e9galement \u00e0 l\u2019international, sont r\u00e9compens\u00e9s. En effet, \u00e0 l\u2019issue des \u00e9lections du Comit\u00e9 ex\u00e9cutif de l\u2019Interpol pour l\u2019Afrique, tenues lors de la 92\u00e8 Assembl\u00e9e [&hellip;]\" \/>\n<meta property=\"og:url\" content=\"https:\/\/macite.tg\/?p=17855\" \/>\n<meta property=\"article:published_time\" content=\"2024-11-11T11:34:45+00:00\" \/>\n<meta property=\"article:modified_time\" content=\"2024-11-11T11:34:52+00:00\" \/>\n<meta property=\"og:image\" content=\"https:\/\/macite.tg\/wp-content\/uploads\/2024\/11\/cbca60e5-6e5b-4952-967e-27f339d33dd4.jpg\" \/>\n\t<meta property=\"og:image:width\" content=\"500\" \/>\n\t<meta property=\"og:image:height\" content=\"281\" \/>\n\t<meta property=\"og:image:type\" content=\"image\/jpeg\" \/>\n<meta name=\"author\" content=\"Jean Pierre BAWELA\" \/>\n<meta name=\"twitter:card\" content=\"summary_large_image\" \/>\n<meta name=\"twitter:label1\" content=\"\u00c9crit par\" \/>\n\t<meta name=\"twitter:data1\" content=\"Jean Pierre BAWELA\" \/>\n\t<meta name=\"twitter:label2\" content=\"Dur\u00e9e de lecture estim\u00e9e\" \/>\n\t<meta name=\"twitter:data2\" content=\"3 minutes\" \/>\n<script type=\"application\/ld+json\" class=\"yoast-schema-graph\">{\"@context\":\"https:\\\/\\\/schema.org\",\"@graph\":[{\"@type\":\"Article\",\"@id\":\"https:\\\/\\\/macite.tg\\\/?p=17855#article\",\"isPartOf\":{\"@id\":\"https:\\\/\\\/macite.tg\\\/?p=17855\"},\"author\":{\"name\":\"Jean Pierre BAWELA\",\"@id\":\"https:\\\/\\\/macite.tg\\\/#\\\/schema\\\/person\\\/e9f2de7e5dbbe7770a9402c7ce82f5c2\"},\"headline\":\"92E ASSEMBLEE GENERALE D\u2019INTERPOL : Le Maroc \u00e9lu, \u00e0 la grande majorit\u00e9, Vice-pr\u00e9sident d\u2019Interpol pour l\u2019Afrique\",\"datePublished\":\"2024-11-11T11:34:45+00:00\",\"dateModified\":\"2024-11-11T11:34:52+00:00\",\"mainEntityOfPage\":{\"@id\":\"https:\\\/\\\/macite.tg\\\/?p=17855\"},\"wordCount\":693,\"commentCount\":0,\"image\":{\"@id\":\"https:\\\/\\\/macite.tg\\\/?p=17855#primaryimage\"},\"thumbnailUrl\":\"https:\\\/\\\/macite.tg\\\/wp-content\\\/uploads\\\/2024\\\/11\\\/cbca60e5-6e5b-4952-967e-27f339d33dd4.jpg\",\"articleSection\":[\"ACTUALITE\",\"COOPERATION\",\"SECURITE\"],\"inLanguage\":\"fr-FR\",\"potentialAction\":[{\"@type\":\"CommentAction\",\"name\":\"Comment\",\"target\":[\"https:\\\/\\\/macite.tg\\\/?p=17855#respond\"]}]},{\"@type\":\"WebPage\",\"@id\":\"https:\\\/\\\/macite.tg\\\/?p=17855\",\"url\":\"https:\\\/\\\/macite.tg\\\/?p=17855\",\"name\":\"92E ASSEMBLEE GENERALE D\u2019INTERPOL : Le Maroc \u00e9lu, \u00e0 la grande majorit\u00e9, Vice-pr\u00e9sident d\u2019Interpol pour l\u2019Afrique -\",\"isPartOf\":{\"@id\":\"https:\\\/\\\/macite.tg\\\/#website\"},\"primaryImageOfPage\":{\"@id\":\"https:\\\/\\\/macite.tg\\\/?p=17855#primaryimage\"},\"image\":{\"@id\":\"https:\\\/\\\/macite.tg\\\/?p=17855#primaryimage\"},\"thumbnailUrl\":\"https:\\\/\\\/macite.tg\\\/wp-content\\\/uploads\\\/2024\\\/11\\\/cbca60e5-6e5b-4952-967e-27f339d33dd4.jpg\",\"datePublished\":\"2024-11-11T11:34:45+00:00\",\"dateModified\":\"2024-11-11T11:34:52+00:00\",\"author\":{\"@id\":\"https:\\\/\\\/macite.tg\\\/#\\\/schema\\\/person\\\/e9f2de7e5dbbe7770a9402c7ce82f5c2\"},\"breadcrumb\":{\"@id\":\"https:\\\/\\\/macite.tg\\\/?p=17855#breadcrumb\"},\"inLanguage\":\"fr-FR\",\"potentialAction\":[{\"@type\":\"ReadAction\",\"target\":[\"https:\\\/\\\/macite.tg\\\/?p=17855\"]}]},{\"@type\":\"ImageObject\",\"inLanguage\":\"fr-FR\",\"@id\":\"https:\\\/\\\/macite.tg\\\/?p=17855#primaryimage\",\"url\":\"https:\\\/\\\/macite.tg\\\/wp-content\\\/uploads\\\/2024\\\/11\\\/cbca60e5-6e5b-4952-967e-27f339d33dd4.jpg\",\"contentUrl\":\"https:\\\/\\\/macite.tg\\\/wp-content\\\/uploads\\\/2024\\\/11\\\/cbca60e5-6e5b-4952-967e-27f339d33dd4.jpg\",\"width\":500,\"height\":281,\"caption\":\"pr\u00e9fet de police Mohamed Dkhissi, Directeur de la police judiciaire et chef du Bureau central national d\u2019Interpol-Rabat\"},{\"@type\":\"BreadcrumbList\",\"@id\":\"https:\\\/\\\/macite.tg\\\/?p=17855#breadcrumb\",\"itemListElement\":[{\"@type\":\"ListItem\",\"position\":1,\"name\":\"Accueil\",\"item\":\"https:\\\/\\\/macite.tg\\\/\"},{\"@type\":\"ListItem\",\"position\":2,\"name\":\"92E ASSEMBLEE GENERALE D\u2019INTERPOL : Le Maroc \u00e9lu, \u00e0 la grande majorit\u00e9, Vice-pr\u00e9sident d\u2019Interpol pour l\u2019Afrique\"}]},{\"@type\":\"WebSite\",\"@id\":\"https:\\\/\\\/macite.tg\\\/#website\",\"url\":\"https:\\\/\\\/macite.tg\\\/\",\"name\":\"\",\"description\":\"L&#039;information, la bonne!!!\",\"potentialAction\":[{\"@type\":\"SearchAction\",\"target\":{\"@type\":\"EntryPoint\",\"urlTemplate\":\"https:\\\/\\\/macite.tg\\\/?s={search_term_string}\"},\"query-input\":{\"@type\":\"PropertyValueSpecification\",\"valueRequired\":true,\"valueName\":\"search_term_string\"}}],\"inLanguage\":\"fr-FR\"},{\"@type\":\"Person\",\"@id\":\"https:\\\/\\\/macite.tg\\\/#\\\/schema\\\/person\\\/e9f2de7e5dbbe7770a9402c7ce82f5c2\",\"name\":\"Jean Pierre BAWELA\",\"image\":{\"@type\":\"ImageObject\",\"inLanguage\":\"fr-FR\",\"@id\":\"https:\\\/\\\/macite.tg\\\/wp-content\\\/uploads\\\/2023\\\/09\\\/WhatsApp-Image-2023-09-19-at-14.44.41-122x122.jpeg\",\"url\":\"https:\\\/\\\/macite.tg\\\/wp-content\\\/uploads\\\/2023\\\/09\\\/WhatsApp-Image-2023-09-19-at-14.44.41-122x122.jpeg\",\"contentUrl\":\"https:\\\/\\\/macite.tg\\\/wp-content\\\/uploads\\\/2023\\\/09\\\/WhatsApp-Image-2023-09-19-at-14.44.41-122x122.jpeg\",\"caption\":\"Jean Pierre BAWELA\"},\"url\":\"https:\\\/\\\/macite.tg\\\/?author=2\"}]}<\/script>\n<!-- \/ Yoast SEO plugin. -->","yoast_head_json":{"title":"92E ASSEMBLEE GENERALE D\u2019INTERPOL : Le Maroc \u00e9lu, \u00e0 la grande majorit\u00e9, Vice-pr\u00e9sident d\u2019Interpol pour l\u2019Afrique -","robots":{"index":"index","follow":"follow","max-snippet":"max-snippet:-1","max-image-preview":"max-image-preview:large","max-video-preview":"max-video-preview:-1"},"canonical":"https:\/\/macite.tg\/?p=17855","og_locale":"fr_FR","og_type":"article","og_title":"92E ASSEMBLEE GENERALE D\u2019INTERPOL : Le Maroc \u00e9lu, \u00e0 la grande majorit\u00e9, Vice-pr\u00e9sident d\u2019Interpol pour l\u2019Afrique -","og_description":"Les efforts du Royaume du Maroc pour la pr\u00e9servation de la s\u00e9curit\u00e9 et de la stabilit\u00e9 au niveau sous r\u00e9gionale mais \u00e9galement \u00e0 l\u2019international, sont r\u00e9compens\u00e9s. En effet, \u00e0 l\u2019issue des \u00e9lections du Comit\u00e9 ex\u00e9cutif de l\u2019Interpol pour l\u2019Afrique, tenues lors de la 92\u00e8 Assembl\u00e9e [&hellip;]","og_url":"https:\/\/macite.tg\/?p=17855","article_published_time":"2024-11-11T11:34:45+00:00","article_modified_time":"2024-11-11T11:34:52+00:00","og_image":[{"width":500,"height":281,"url":"https:\/\/macite.tg\/wp-content\/uploads\/2024\/11\/cbca60e5-6e5b-4952-967e-27f339d33dd4.jpg","type":"image\/jpeg"}],"author":"Jean Pierre BAWELA","twitter_card":"summary_large_image","twitter_misc":{"\u00c9crit par":"Jean Pierre BAWELA","Dur\u00e9e de lecture estim\u00e9e":"3 minutes"},"schema":{"@context":"https:\/\/schema.org","@graph":[{"@type":"Article","@id":"https:\/\/macite.tg\/?p=17855#article","isPartOf":{"@id":"https:\/\/macite.tg\/?p=17855"},"author":{"name":"Jean Pierre BAWELA","@id":"https:\/\/macite.tg\/#\/schema\/person\/e9f2de7e5dbbe7770a9402c7ce82f5c2"},"headline":"92E ASSEMBLEE GENERALE D\u2019INTERPOL : Le Maroc \u00e9lu, \u00e0 la grande majorit\u00e9, Vice-pr\u00e9sident d\u2019Interpol pour l\u2019Afrique","datePublished":"2024-11-11T11:34:45+00:00","dateModified":"2024-11-11T11:34:52+00:00","mainEntityOfPage":{"@id":"https:\/\/macite.tg\/?p=17855"},"wordCount":693,"commentCount":0,"image":{"@id":"https:\/\/macite.tg\/?p=17855#primaryimage"},"thumbnailUrl":"https:\/\/macite.tg\/wp-content\/uploads\/2024\/11\/cbca60e5-6e5b-4952-967e-27f339d33dd4.jpg","articleSection":["ACTUALITE","COOPERATION","SECURITE"],"inLanguage":"fr-FR","potentialAction":[{"@type":"CommentAction","name":"Comment","target":["https:\/\/macite.tg\/?p=17855#respond"]}]},{"@type":"WebPage","@id":"https:\/\/macite.tg\/?p=17855","url":"https:\/\/macite.tg\/?p=17855","name":"92E ASSEMBLEE GENERALE D\u2019INTERPOL : Le Maroc \u00e9lu, \u00e0 la grande majorit\u00e9, Vice-pr\u00e9sident d\u2019Interpol pour l\u2019Afrique -","isPartOf":{"@id":"https:\/\/macite.tg\/#website"},"primaryImageOfPage":{"@id":"https:\/\/macite.tg\/?p=17855#primaryimage"},"image":{"@id":"https:\/\/macite.tg\/?p=17855#primaryimage"},"thumbnailUrl":"https:\/\/macite.tg\/wp-content\/uploads\/2024\/11\/cbca60e5-6e5b-4952-967e-27f339d33dd4.jpg","datePublished":"2024-11-11T11:34:45+00:00","dateModified":"2024-11-11T11:34:52+00:00","author":{"@id":"https:\/\/macite.tg\/#\/schema\/person\/e9f2de7e5dbbe7770a9402c7ce82f5c2"},"breadcrumb":{"@id":"https:\/\/macite.tg\/?p=17855#breadcrumb"},"inLanguage":"fr-FR","potentialAction":[{"@type":"ReadAction","target":["https:\/\/macite.tg\/?p=17855"]}]},{"@type":"ImageObject","inLanguage":"fr-FR","@id":"https:\/\/macite.tg\/?p=17855#primaryimage","url":"https:\/\/macite.tg\/wp-content\/uploads\/2024\/11\/cbca60e5-6e5b-4952-967e-27f339d33dd4.jpg","contentUrl":"https:\/\/macite.tg\/wp-content\/uploads\/2024\/11\/cbca60e5-6e5b-4952-967e-27f339d33dd4.jpg","width":500,"height":281,"caption":"pr\u00e9fet de police Mohamed Dkhissi, Directeur de la police judiciaire et chef du Bureau central national d\u2019Interpol-Rabat"},{"@type":"BreadcrumbList","@id":"https:\/\/macite.tg\/?p=17855#breadcrumb","itemListElement":[{"@type":"ListItem","position":1,"name":"Accueil","item":"https:\/\/macite.tg\/"},{"@type":"ListItem","position":2,"name":"92E ASSEMBLEE GENERALE D\u2019INTERPOL : Le Maroc \u00e9lu, \u00e0 la grande majorit\u00e9, Vice-pr\u00e9sident d\u2019Interpol pour l\u2019Afrique"}]},{"@type":"WebSite","@id":"https:\/\/macite.tg\/#website","url":"https:\/\/macite.tg\/","name":"","description":"L&#039;information, la bonne!!!","potentialAction":[{"@type":"SearchAction","target":{"@type":"EntryPoint","urlTemplate":"https:\/\/macite.tg\/?s={search_term_string}"},"query-input":{"@type":"PropertyValueSpecification","valueRequired":true,"valueName":"search_term_string"}}],"inLanguage":"fr-FR"},{"@type":"Person","@id":"https:\/\/macite.tg\/#\/schema\/person\/e9f2de7e5dbbe7770a9402c7ce82f5c2","name":"Jean Pierre BAWELA","image":{"@type":"ImageObject","inLanguage":"fr-FR","@id":"https:\/\/macite.tg\/wp-content\/uploads\/2023\/09\/WhatsApp-Image-2023-09-19-at-14.44.41-122x122.jpeg","url":"https:\/\/macite.tg\/wp-content\/uploads\/2023\/09\/WhatsApp-Image-2023-09-19-at-14.44.41-122x122.jpeg","contentUrl":"https:\/\/macite.tg\/wp-content\/uploads\/2023\/09\/WhatsApp-Image-2023-09-19-at-14.44.41-122x122.jpeg","caption":"Jean Pierre BAWELA"},"url":"https:\/\/macite.tg\/?author=2"}]}},"_links":{"self":[{"href":"https:\/\/macite.tg\/index.php?rest_route=\/wp\/v2\/posts\/17855","targetHints":{"allow":["GET"]}}],"collection":[{"href":"https:\/\/macite.tg\/index.php?rest_route=\/wp\/v2\/posts"}],"about":[{"href":"https:\/\/macite.tg\/index.php?rest_route=\/wp\/v2\/types\/post"}],"author":[{"embeddable":true,"href":"https:\/\/macite.tg\/index.php?rest_route=\/wp\/v2\/users\/2"}],"replies":[{"embeddable":true,"href":"https:\/\/macite.tg\/index.php?rest_route=%2Fwp%2Fv2%2Fcomments&post=17855"}],"version-history":[{"count":0,"href":"https:\/\/macite.tg\/index.php?rest_route=\/wp\/v2\/posts\/17855\/revisions"}],"wp:featuredmedia":[{"embeddable":true,"href":"https:\/\/macite.tg\/index.php?rest_route=\/wp\/v2\/media\/17856"}],"wp:attachment":[{"href":"https:\/\/macite.tg\/index.php?rest_route=%2Fwp%2Fv2%2Fmedia&parent=17855"}],"wp:term":[{"taxonomy":"category","embeddable":true,"href":"https:\/\/macite.tg\/index.php?rest_route=%2Fwp%2Fv2%2Fcategories&post=17855"},{"taxonomy":"post_tag","embeddable":true,"href":"https:\/\/macite.tg\/index.php?rest_route=%2Fwp%2Fv2%2Ftags&post=17855"}],"curies":[{"name":"wp","href":"https:\/\/api.w.org\/{rel}","templated":true}]}}