{"id":17849,"date":"2024-11-11T10:00:31","date_gmt":"2024-11-11T10:00:31","guid":{"rendered":"https:\/\/macite.tg\/?p=17849"},"modified":"2024-11-11T10:00:54","modified_gmt":"2024-11-11T10:00:54","slug":"8eme-edition-du-africa-sings-le-choeur-de-lunite-togolaise-decroche-le-premier-prix-de-la-2eme-categorie","status":"publish","type":"post","link":"https:\/\/macite.tg\/?p=17849","title":{"rendered":"8EME EDITION DU \u201cAFRICA SINGS\u201d: Le Ch\u0153ur de l\u2019Unit\u00e9 Togolaise d\u00e9croche le premier prix de la 2\u00e8me cat\u00e9gorie"},"content":{"rendered":"\n<p class=\"wp-block-paragraph\"><strong><em>\u00c0 Asaba Delta State au Nigeria, s&rsquo;est tenue du 08 au 13 Octobre 2024, la 8\u00e8me \u00e9dition du festival international du chant choral d\u00e9nomm\u00e9 \u00ab\u00a0Africa Sings\u00a0\u00bb. Cette rencontre panafricaine de la musique Choral et Gospel, qui a r\u00e9uni plusieurs groupes de chant choral de l&rsquo;Afrique dont le Ch\u0153ur de l\u2019Unit\u00e9 Togolaise (Cut), a \u00e9t\u00e9 une r\u00e9ussite pour le repr\u00e9sentant national.<\/em><\/strong><\/p>\n\n\n\n<p class=\"wp-block-paragraph\">Tr\u00e8s reconnu pour ses talents en mati\u00e8re du chant choral dans la sous-r\u00e9gion ouest africaine, le Ch\u0153ur de l\u2019Unit\u00e9 Togolaise (Cut) a une fois encore fait parler de lui, en remportant l&rsquo;une des premi\u00e8res places sur deux cat\u00e9gories mises en comp\u00e9tition.<\/p>\n\n\n<div class=\"wp-block-image\">\n<figure class=\"aligncenter size-large is-resized\"><img loading=\"lazy\" decoding=\"async\" src=\"https:\/\/macite.tg\/wp-content\/uploads\/2024\/11\/7309eb9c-dd96-41a9-b3ce-d0d397ae47b3-1024x768.jpg\" alt=\"\" class=\"wp-image-17851\" width=\"540\" height=\"405\" srcset=\"https:\/\/macite.tg\/wp-content\/uploads\/2024\/11\/7309eb9c-dd96-41a9-b3ce-d0d397ae47b3-1024x768.jpg 1024w, https:\/\/macite.tg\/wp-content\/uploads\/2024\/11\/7309eb9c-dd96-41a9-b3ce-d0d397ae47b3-300x225.jpg 300w, https:\/\/macite.tg\/wp-content\/uploads\/2024\/11\/7309eb9c-dd96-41a9-b3ce-d0d397ae47b3-768x576.jpg 768w, https:\/\/macite.tg\/wp-content\/uploads\/2024\/11\/7309eb9c-dd96-41a9-b3ce-d0d397ae47b3.jpg 1156w\" sizes=\"auto, (max-width: 540px) 100vw, 540px\" \/><figcaption class=\"wp-element-caption\"><strong><em>Les members de la chorale Ch\u0153ur de l\u2019Unit\u00e9 Togolaise (Cut).<\/em><\/strong><\/figcaption><\/figure>\n<\/div>\n\n\n<p class=\"wp-block-paragraph\">En effet, la comp\u00e9tition des chorales mixtes est organis\u00e9e en deux (02) cat\u00e9gories. La premi\u00e8re cat\u00e9gorie avait pour le titre du chant impos\u00e9 \u00ab\u00a0Toboli\u00a0\u00bb et pour la 2\u00e8me cat\u00e9gorie le chant impos\u00e9 est intitul\u00e9 \u00ab\u00a0Ishe Orin\u00a0\u00bb.<\/p>\n\n\n\n<p class=\"wp-block-paragraph\">Le repr\u00e9sentant togolais, qui a concouru dans les deux cat\u00e9gories, a remport\u00e9 la premi\u00e8re place dans la cat\u00e9gorie 2. Il a surclass\u00e9 ses deux concurrents, notamment Glorious choral du Ghana et Ang\u00e9lic voice du Nigeria. Une prouesse qui confirme la qualit\u00e9 des prestations du Ch\u0153ur de l\u2019Unit\u00e9 Togolaise au-del\u00e0 des fronti\u00e8res nationales et qui honore le Togo. Au total, ce festival a eu six (06) cat\u00e9gories de concours.<\/p>\n\n\n\n<p class=\"wp-block-paragraph\">Rappelons que Africa Sings est un festival organis\u00e9 par la structure Soprano Event Ltd, dirig\u00e9 par Jean Lolonyo Dogb\u00e9, et qui a fait le tour de plusieurs capitales sous r\u00e9gionales, notamment Lom\u00e9 en 2012 et 2022, Accra en 2013, Burundi en 2014, Londres UK en 2018, Strasbourg France en 2019 et Cotonou au B\u00e9nin en 2023.<\/p>\n\n\n<div class=\"wp-block-image\">\n<figure class=\"aligncenter size-full is-resized\"><img loading=\"lazy\" decoding=\"async\" src=\"https:\/\/macite.tg\/wp-content\/uploads\/2024\/11\/d9c67c76-4e2e-494c-8502-d57342f11fdc.jpg\" alt=\"\" class=\"wp-image-17771\" width=\"526\" height=\"723\" srcset=\"https:\/\/macite.tg\/wp-content\/uploads\/2024\/11\/d9c67c76-4e2e-494c-8502-d57342f11fdc.jpg 718w, https:\/\/macite.tg\/wp-content\/uploads\/2024\/11\/d9c67c76-4e2e-494c-8502-d57342f11fdc-218x300.jpg 218w\" sizes=\"auto, (max-width: 526px) 100vw, 526px\" \/><\/figure>\n<\/div>\n\n\n<p class=\"wp-block-paragraph\"><strong>Pour la 9\u00e8me \u00e9dition, \u00ab\u00a0Africa Sings\u00a0\u00bb est attendu en Nairobi au Kenya du 7 au 11 Octobre 2026.<\/strong><\/p>\n\n\n\n<p class=\"wp-block-paragraph\">Pour l\u2019\u00e9dition prochaine, le Ch\u0153ur de l\u2019Unit\u00e9 Togolaise (Cut) lance un appel au minist\u00e8re tutelle de prioriser cet \u00e9v\u00e9nement dans son agenda pour une bonne organisation.<\/p>\n\n\n\n<p class=\"wp-block-paragraph\"><strong>Carole AGHEY<\/strong><\/p>\n\n\n\n<p class=\"wp-block-paragraph\"><a><strong><em>@macite.tg&nbsp;&nbsp;&nbsp;&nbsp;&nbsp;&nbsp;&nbsp;&nbsp;<\/em><\/strong><\/a><\/p>\n\n\n\n<p class=\"wp-block-paragraph\"><strong><em>E-mail&nbsp;: <\/em><\/strong><a href=\"mailto:maciteinfo@gmail.com\"><strong><em>maciteinfo@gmail.com<\/em><\/strong><\/a><strong><em>; <\/em><\/strong><a href=\"mailto:bawela1@gmail.com\"><strong><em>bawela1@gmail.com<\/em><\/strong><\/a><strong><em><\/em><\/strong><\/p>\n\n\n\n<p class=\"wp-block-paragraph\"><strong><em>Pour vos annonces, (publi)reportages, etc., joignez-nous au (00228)91515309\/<strong>79872224 <\/strong>www.macite.tg, L\u2019information, la bonne&nbsp;!<\/em><\/strong><\/p>\n","protected":false},"excerpt":{"rendered":"<p class=\"text-justify mb-2\" >\u00c0 Asaba Delta State au Nigeria, s&rsquo;est tenue du 08 au 13 Octobre 2024, la 8\u00e8me \u00e9dition du festival international du chant choral d\u00e9nomm\u00e9 \u00ab\u00a0Africa Sings\u00a0\u00bb. Cette rencontre panafricaine de la musique Choral et Gospel, qui a r\u00e9uni plusieurs groupes de chant choral de l&rsquo;Afrique [&hellip;]<\/p>\n","protected":false},"author":2,"featured_media":17850,"comment_status":"open","ping_status":"open","sticky":false,"template":"","format":"standard","meta":{"footnotes":""},"categories":[20,51,40],"tags":[],"class_list":["post-17849","post","type-post","status-publish","format-standard","has-post-thumbnail","hentry","category-actualite","category-musique","category-religion"],"yoast_head":"<!-- This site is optimized with the Yoast SEO plugin v28.4 - https:\/\/yoast.com\/product\/yoast-seo-wordpress\/ -->\n<title>8EME EDITION DU \u201cAFRICA SINGS\u201d: Le Ch\u0153ur de l\u2019Unit\u00e9 Togolaise d\u00e9croche le premier prix de la 2\u00e8me cat\u00e9gorie -<\/title>\n<meta name=\"robots\" content=\"index, follow, max-snippet:-1, max-image-preview:large, max-video-preview:-1\" \/>\n<link rel=\"canonical\" href=\"https:\/\/macite.tg\/?p=17849\" \/>\n<meta property=\"og:locale\" content=\"fr_FR\" \/>\n<meta property=\"og:type\" content=\"article\" \/>\n<meta property=\"og:title\" content=\"8EME EDITION DU \u201cAFRICA SINGS\u201d: Le Ch\u0153ur de l\u2019Unit\u00e9 Togolaise d\u00e9croche le premier prix de la 2\u00e8me cat\u00e9gorie -\" \/>\n<meta property=\"og:description\" content=\"\u00c0 Asaba Delta State au Nigeria, s&rsquo;est tenue du 08 au 13 Octobre 2024, la 8\u00e8me \u00e9dition du festival international du chant choral d\u00e9nomm\u00e9 \u00ab\u00a0Africa Sings\u00a0\u00bb. Cette rencontre panafricaine de la musique Choral et Gospel, qui a r\u00e9uni plusieurs groupes de chant choral de l&rsquo;Afrique [&hellip;]\" \/>\n<meta property=\"og:url\" content=\"https:\/\/macite.tg\/?p=17849\" \/>\n<meta property=\"article:published_time\" content=\"2024-11-11T10:00:31+00:00\" \/>\n<meta property=\"article:modified_time\" content=\"2024-11-11T10:00:54+00:00\" \/>\n<meta property=\"og:image\" content=\"https:\/\/macite.tg\/wp-content\/uploads\/2024\/11\/CUT.jpg\" \/>\n\t<meta property=\"og:image:width\" content=\"500\" \/>\n\t<meta property=\"og:image:height\" content=\"399\" \/>\n\t<meta property=\"og:image:type\" content=\"image\/jpeg\" \/>\n<meta name=\"author\" content=\"Jean Pierre BAWELA\" \/>\n<meta name=\"twitter:card\" content=\"summary_large_image\" \/>\n<meta name=\"twitter:label1\" content=\"\u00c9crit par\" \/>\n\t<meta name=\"twitter:data1\" content=\"Jean Pierre BAWELA\" \/>\n\t<meta name=\"twitter:label2\" content=\"Dur\u00e9e de lecture estim\u00e9e\" \/>\n\t<meta name=\"twitter:data2\" content=\"2 minutes\" \/>\n<script type=\"application\/ld+json\" class=\"yoast-schema-graph\">{\"@context\":\"https:\\\/\\\/schema.org\",\"@graph\":[{\"@type\":\"Article\",\"@id\":\"https:\\\/\\\/macite.tg\\\/?p=17849#article\",\"isPartOf\":{\"@id\":\"https:\\\/\\\/macite.tg\\\/?p=17849\"},\"author\":{\"name\":\"Jean Pierre BAWELA\",\"@id\":\"https:\\\/\\\/macite.tg\\\/#\\\/schema\\\/person\\\/e9f2de7e5dbbe7770a9402c7ce82f5c2\"},\"headline\":\"8EME EDITION DU \u201cAFRICA SINGS\u201d: Le Ch\u0153ur de l\u2019Unit\u00e9 Togolaise d\u00e9croche le premier prix de la 2\u00e8me cat\u00e9gorie\",\"datePublished\":\"2024-11-11T10:00:31+00:00\",\"dateModified\":\"2024-11-11T10:00:54+00:00\",\"mainEntityOfPage\":{\"@id\":\"https:\\\/\\\/macite.tg\\\/?p=17849\"},\"wordCount\":397,\"commentCount\":0,\"image\":{\"@id\":\"https:\\\/\\\/macite.tg\\\/?p=17849#primaryimage\"},\"thumbnailUrl\":\"https:\\\/\\\/macite.tg\\\/wp-content\\\/uploads\\\/2024\\\/11\\\/CUT.jpg\",\"articleSection\":[\"ACTUALITE\",\"MUSIQUE\",\"RELIGION\"],\"inLanguage\":\"fr-FR\",\"potentialAction\":[{\"@type\":\"CommentAction\",\"name\":\"Comment\",\"target\":[\"https:\\\/\\\/macite.tg\\\/?p=17849#respond\"]}]},{\"@type\":\"WebPage\",\"@id\":\"https:\\\/\\\/macite.tg\\\/?p=17849\",\"url\":\"https:\\\/\\\/macite.tg\\\/?p=17849\",\"name\":\"8EME EDITION DU \u201cAFRICA SINGS\u201d: Le Ch\u0153ur de l\u2019Unit\u00e9 Togolaise d\u00e9croche le premier prix de la 2\u00e8me cat\u00e9gorie -\",\"isPartOf\":{\"@id\":\"https:\\\/\\\/macite.tg\\\/#website\"},\"primaryImageOfPage\":{\"@id\":\"https:\\\/\\\/macite.tg\\\/?p=17849#primaryimage\"},\"image\":{\"@id\":\"https:\\\/\\\/macite.tg\\\/?p=17849#primaryimage\"},\"thumbnailUrl\":\"https:\\\/\\\/macite.tg\\\/wp-content\\\/uploads\\\/2024\\\/11\\\/CUT.jpg\",\"datePublished\":\"2024-11-11T10:00:31+00:00\",\"dateModified\":\"2024-11-11T10:00:54+00:00\",\"author\":{\"@id\":\"https:\\\/\\\/macite.tg\\\/#\\\/schema\\\/person\\\/e9f2de7e5dbbe7770a9402c7ce82f5c2\"},\"breadcrumb\":{\"@id\":\"https:\\\/\\\/macite.tg\\\/?p=17849#breadcrumb\"},\"inLanguage\":\"fr-FR\",\"potentialAction\":[{\"@type\":\"ReadAction\",\"target\":[\"https:\\\/\\\/macite.tg\\\/?p=17849\"]}]},{\"@type\":\"ImageObject\",\"inLanguage\":\"fr-FR\",\"@id\":\"https:\\\/\\\/macite.tg\\\/?p=17849#primaryimage\",\"url\":\"https:\\\/\\\/macite.tg\\\/wp-content\\\/uploads\\\/2024\\\/11\\\/CUT.jpg\",\"contentUrl\":\"https:\\\/\\\/macite.tg\\\/wp-content\\\/uploads\\\/2024\\\/11\\\/CUT.jpg\",\"width\":500,\"height\":399,\"caption\":\"Quelques images de la c\u00e9l\u00e9bration\"},{\"@type\":\"BreadcrumbList\",\"@id\":\"https:\\\/\\\/macite.tg\\\/?p=17849#breadcrumb\",\"itemListElement\":[{\"@type\":\"ListItem\",\"position\":1,\"name\":\"Accueil\",\"item\":\"https:\\\/\\\/macite.tg\\\/\"},{\"@type\":\"ListItem\",\"position\":2,\"name\":\"8EME EDITION DU \u201cAFRICA SINGS\u201d: Le Ch\u0153ur de l\u2019Unit\u00e9 Togolaise d\u00e9croche le premier prix de la 2\u00e8me cat\u00e9gorie\"}]},{\"@type\":\"WebSite\",\"@id\":\"https:\\\/\\\/macite.tg\\\/#website\",\"url\":\"https:\\\/\\\/macite.tg\\\/\",\"name\":\"\",\"description\":\"L&#039;information, la bonne!!!\",\"potentialAction\":[{\"@type\":\"SearchAction\",\"target\":{\"@type\":\"EntryPoint\",\"urlTemplate\":\"https:\\\/\\\/macite.tg\\\/?s={search_term_string}\"},\"query-input\":{\"@type\":\"PropertyValueSpecification\",\"valueRequired\":true,\"valueName\":\"search_term_string\"}}],\"inLanguage\":\"fr-FR\"},{\"@type\":\"Person\",\"@id\":\"https:\\\/\\\/macite.tg\\\/#\\\/schema\\\/person\\\/e9f2de7e5dbbe7770a9402c7ce82f5c2\",\"name\":\"Jean Pierre BAWELA\",\"image\":{\"@type\":\"ImageObject\",\"inLanguage\":\"fr-FR\",\"@id\":\"https:\\\/\\\/macite.tg\\\/wp-content\\\/uploads\\\/2023\\\/09\\\/WhatsApp-Image-2023-09-19-at-14.44.41-122x122.jpeg\",\"url\":\"https:\\\/\\\/macite.tg\\\/wp-content\\\/uploads\\\/2023\\\/09\\\/WhatsApp-Image-2023-09-19-at-14.44.41-122x122.jpeg\",\"contentUrl\":\"https:\\\/\\\/macite.tg\\\/wp-content\\\/uploads\\\/2023\\\/09\\\/WhatsApp-Image-2023-09-19-at-14.44.41-122x122.jpeg\",\"caption\":\"Jean Pierre BAWELA\"},\"url\":\"https:\\\/\\\/macite.tg\\\/?author=2\"}]}<\/script>\n<!-- \/ Yoast SEO plugin. -->","yoast_head_json":{"title":"8EME EDITION DU \u201cAFRICA SINGS\u201d: Le Ch\u0153ur de l\u2019Unit\u00e9 Togolaise d\u00e9croche le premier prix de la 2\u00e8me cat\u00e9gorie -","robots":{"index":"index","follow":"follow","max-snippet":"max-snippet:-1","max-image-preview":"max-image-preview:large","max-video-preview":"max-video-preview:-1"},"canonical":"https:\/\/macite.tg\/?p=17849","og_locale":"fr_FR","og_type":"article","og_title":"8EME EDITION DU \u201cAFRICA SINGS\u201d: Le Ch\u0153ur de l\u2019Unit\u00e9 Togolaise d\u00e9croche le premier prix de la 2\u00e8me cat\u00e9gorie -","og_description":"\u00c0 Asaba Delta State au Nigeria, s&rsquo;est tenue du 08 au 13 Octobre 2024, la 8\u00e8me \u00e9dition du festival international du chant choral d\u00e9nomm\u00e9 \u00ab\u00a0Africa Sings\u00a0\u00bb. Cette rencontre panafricaine de la musique Choral et Gospel, qui a r\u00e9uni plusieurs groupes de chant choral de l&rsquo;Afrique [&hellip;]","og_url":"https:\/\/macite.tg\/?p=17849","article_published_time":"2024-11-11T10:00:31+00:00","article_modified_time":"2024-11-11T10:00:54+00:00","og_image":[{"width":500,"height":399,"url":"https:\/\/macite.tg\/wp-content\/uploads\/2024\/11\/CUT.jpg","type":"image\/jpeg"}],"author":"Jean Pierre BAWELA","twitter_card":"summary_large_image","twitter_misc":{"\u00c9crit par":"Jean Pierre BAWELA","Dur\u00e9e de lecture estim\u00e9e":"2 minutes"},"schema":{"@context":"https:\/\/schema.org","@graph":[{"@type":"Article","@id":"https:\/\/macite.tg\/?p=17849#article","isPartOf":{"@id":"https:\/\/macite.tg\/?p=17849"},"author":{"name":"Jean Pierre BAWELA","@id":"https:\/\/macite.tg\/#\/schema\/person\/e9f2de7e5dbbe7770a9402c7ce82f5c2"},"headline":"8EME EDITION DU \u201cAFRICA SINGS\u201d: Le Ch\u0153ur de l\u2019Unit\u00e9 Togolaise d\u00e9croche le premier prix de la 2\u00e8me cat\u00e9gorie","datePublished":"2024-11-11T10:00:31+00:00","dateModified":"2024-11-11T10:00:54+00:00","mainEntityOfPage":{"@id":"https:\/\/macite.tg\/?p=17849"},"wordCount":397,"commentCount":0,"image":{"@id":"https:\/\/macite.tg\/?p=17849#primaryimage"},"thumbnailUrl":"https:\/\/macite.tg\/wp-content\/uploads\/2024\/11\/CUT.jpg","articleSection":["ACTUALITE","MUSIQUE","RELIGION"],"inLanguage":"fr-FR","potentialAction":[{"@type":"CommentAction","name":"Comment","target":["https:\/\/macite.tg\/?p=17849#respond"]}]},{"@type":"WebPage","@id":"https:\/\/macite.tg\/?p=17849","url":"https:\/\/macite.tg\/?p=17849","name":"8EME EDITION DU \u201cAFRICA SINGS\u201d: Le Ch\u0153ur de l\u2019Unit\u00e9 Togolaise d\u00e9croche le premier prix de la 2\u00e8me cat\u00e9gorie -","isPartOf":{"@id":"https:\/\/macite.tg\/#website"},"primaryImageOfPage":{"@id":"https:\/\/macite.tg\/?p=17849#primaryimage"},"image":{"@id":"https:\/\/macite.tg\/?p=17849#primaryimage"},"thumbnailUrl":"https:\/\/macite.tg\/wp-content\/uploads\/2024\/11\/CUT.jpg","datePublished":"2024-11-11T10:00:31+00:00","dateModified":"2024-11-11T10:00:54+00:00","author":{"@id":"https:\/\/macite.tg\/#\/schema\/person\/e9f2de7e5dbbe7770a9402c7ce82f5c2"},"breadcrumb":{"@id":"https:\/\/macite.tg\/?p=17849#breadcrumb"},"inLanguage":"fr-FR","potentialAction":[{"@type":"ReadAction","target":["https:\/\/macite.tg\/?p=17849"]}]},{"@type":"ImageObject","inLanguage":"fr-FR","@id":"https:\/\/macite.tg\/?p=17849#primaryimage","url":"https:\/\/macite.tg\/wp-content\/uploads\/2024\/11\/CUT.jpg","contentUrl":"https:\/\/macite.tg\/wp-content\/uploads\/2024\/11\/CUT.jpg","width":500,"height":399,"caption":"Quelques images de la c\u00e9l\u00e9bration"},{"@type":"BreadcrumbList","@id":"https:\/\/macite.tg\/?p=17849#breadcrumb","itemListElement":[{"@type":"ListItem","position":1,"name":"Accueil","item":"https:\/\/macite.tg\/"},{"@type":"ListItem","position":2,"name":"8EME EDITION DU \u201cAFRICA SINGS\u201d: Le Ch\u0153ur de l\u2019Unit\u00e9 Togolaise d\u00e9croche le premier prix de la 2\u00e8me cat\u00e9gorie"}]},{"@type":"WebSite","@id":"https:\/\/macite.tg\/#website","url":"https:\/\/macite.tg\/","name":"","description":"L&#039;information, la bonne!!!","potentialAction":[{"@type":"SearchAction","target":{"@type":"EntryPoint","urlTemplate":"https:\/\/macite.tg\/?s={search_term_string}"},"query-input":{"@type":"PropertyValueSpecification","valueRequired":true,"valueName":"search_term_string"}}],"inLanguage":"fr-FR"},{"@type":"Person","@id":"https:\/\/macite.tg\/#\/schema\/person\/e9f2de7e5dbbe7770a9402c7ce82f5c2","name":"Jean Pierre BAWELA","image":{"@type":"ImageObject","inLanguage":"fr-FR","@id":"https:\/\/macite.tg\/wp-content\/uploads\/2023\/09\/WhatsApp-Image-2023-09-19-at-14.44.41-122x122.jpeg","url":"https:\/\/macite.tg\/wp-content\/uploads\/2023\/09\/WhatsApp-Image-2023-09-19-at-14.44.41-122x122.jpeg","contentUrl":"https:\/\/macite.tg\/wp-content\/uploads\/2023\/09\/WhatsApp-Image-2023-09-19-at-14.44.41-122x122.jpeg","caption":"Jean Pierre BAWELA"},"url":"https:\/\/macite.tg\/?author=2"}]}},"_links":{"self":[{"href":"https:\/\/macite.tg\/index.php?rest_route=\/wp\/v2\/posts\/17849","targetHints":{"allow":["GET"]}}],"collection":[{"href":"https:\/\/macite.tg\/index.php?rest_route=\/wp\/v2\/posts"}],"about":[{"href":"https:\/\/macite.tg\/index.php?rest_route=\/wp\/v2\/types\/post"}],"author":[{"embeddable":true,"href":"https:\/\/macite.tg\/index.php?rest_route=\/wp\/v2\/users\/2"}],"replies":[{"embeddable":true,"href":"https:\/\/macite.tg\/index.php?rest_route=%2Fwp%2Fv2%2Fcomments&post=17849"}],"version-history":[{"count":0,"href":"https:\/\/macite.tg\/index.php?rest_route=\/wp\/v2\/posts\/17849\/revisions"}],"wp:featuredmedia":[{"embeddable":true,"href":"https:\/\/macite.tg\/index.php?rest_route=\/wp\/v2\/media\/17850"}],"wp:attachment":[{"href":"https:\/\/macite.tg\/index.php?rest_route=%2Fwp%2Fv2%2Fmedia&parent=17849"}],"wp:term":[{"taxonomy":"category","embeddable":true,"href":"https:\/\/macite.tg\/index.php?rest_route=%2Fwp%2Fv2%2Fcategories&post=17849"},{"taxonomy":"post_tag","embeddable":true,"href":"https:\/\/macite.tg\/index.php?rest_route=%2Fwp%2Fv2%2Ftags&post=17849"}],"curies":[{"name":"wp","href":"https:\/\/api.w.org\/{rel}","templated":true}]}}