{"id":17848,"date":"2024-11-11T10:12:55","date_gmt":"2024-11-11T10:12:55","guid":{"rendered":"https:\/\/macite.tg\/?p=17848"},"modified":"2024-11-11T10:13:04","modified_gmt":"2024-11-11T10:13:04","slug":"centre-de-ressourcement-un-cadre-ideal-daccompagnement-des-jeunes-ruraux-inaugure-a-kara-par-le-chef-de-letat","status":"publish","type":"post","link":"https:\/\/macite.tg\/?p=17848","title":{"rendered":"CENTRE DE RESSOURCEMENT\u00a0: Un cadre id\u00e9al d\u2019accompagnement des jeunes ruraux inaugur\u00e9 \u00e0 Kara par le Chef de l\u2019Etat"},"content":{"rendered":"\n<p class=\"wp-block-paragraph\"><strong><em>Coupure de ruban m\u00e9morial, un geste symbolique du Pr\u00e9sident de la R\u00e9publique, Faure Essozimna Gnassingb\u00e9, pour inaugurer, le samedi 09 novembre dernier \u00e0 Djamd\u00e8, le premier Centre international de ressourcement et d\u2019\u00e9cotourisme de Kara, d\u00e9nomm\u00e9 Lumen Valley (Vall\u00e9e de lumi\u00e8res). Pour la circonstance, il avait \u00e0 ses c\u00f4t\u00e9s des autorit\u00e9s politiques, administratives et religieuses.<\/em><\/strong><\/p>\n\n\n\n<p class=\"wp-block-paragraph\">Lumen Valley est une initiative \u00e0 haute valeur \u00e9conomique, sociale et spirituelle port\u00e9e par la Congr\u00e9gation des Fr\u00e8res Saint-Jean de Kara, avec le soutien de l\u2019Etat togolais. Elle est con\u00e7ue sur une rentabilit\u00e9 g\u00e9n\u00e9ratrice d\u2019\u00e9coles-entreprises o\u00f9 leadership, d\u00e9veloppement personnel, formation, valeur spirituelle, savoirs locaux, contemplation et \u00e9co-tourisme se conjuguent.<\/p>\n\n\n\n<p class=\"wp-block-paragraph\">Le projet vise ainsi \u00e0 accompagner les jeunes des zones rurales dans le d\u00e9veloppement de leurs comp\u00e9tences, savoir-faire et savoir-\u00eatre, les activit\u00e9s porteuses d\u2019avenir et leur qu\u00eate d\u2019une meilleure vie humaine.<\/p>\n\n\n<div class=\"wp-block-image\">\n<figure class=\"aligncenter size-full is-resized\"><img loading=\"lazy\" decoding=\"async\" src=\"https:\/\/macite.tg\/wp-content\/uploads\/2024\/11\/d9c67c76-4e2e-494c-8502-d57342f11fdc.jpg\" alt=\"\" class=\"wp-image-17771\" width=\"554\" height=\"762\" srcset=\"https:\/\/macite.tg\/wp-content\/uploads\/2024\/11\/d9c67c76-4e2e-494c-8502-d57342f11fdc.jpg 718w, https:\/\/macite.tg\/wp-content\/uploads\/2024\/11\/d9c67c76-4e2e-494c-8502-d57342f11fdc-218x300.jpg 218w\" sizes=\"auto, (max-width: 554px) 100vw, 554px\" \/><\/figure>\n<\/div>\n\n\n<p class=\"wp-block-paragraph\">Cette initiative r\u00e9pond \u00e0 cet \u00e9gard \u00e0 la vision du Pr\u00e9sident de la R\u00e9publique de cr\u00e9er des p\u00f4les r\u00e9gionaux g\u00e9n\u00e9rateurs de d\u00e9veloppement humain, en partenariat avec les acteurs de la soci\u00e9t\u00e9 civile, en vue d\u2019offrir \u00e0 la jeunesse togolaise un meilleur cadre de formation, de retraite et de d\u00e9veloppement des incubateurs pour l\u2019entrepreneuriat social.<\/p>\n\n\n\n<p class=\"wp-block-paragraph\">Cette vision salvatrice du chef de l\u2019Etat de renforcer les m\u00e9canismes de promotion de la jeunesse a \u00e9t\u00e9 salu\u00e9e tour \u00e0 tour par les responsables de la Congr\u00e9gation Saint-Jean de Kara, le clerg\u00e9 et les autorit\u00e9s locales.<\/p>\n\n\n\n<p class=\"wp-block-paragraph\">Le P\u00e8re Etienne Boudet, promoteur et cheville ouvri\u00e8re de ce projet novateur, a remerci\u00e9 le Pr\u00e9sident de la R\u00e9publique pour ses orientations dans la mise en \u0153uvre de cette initiative avec des groupes d\u2019acteurs essentiellement constitu\u00e9s de jeunes togolais venus de toutes les r\u00e9gions du pays.<\/p>\n\n\n\n<p class=\"wp-block-paragraph\"><em>\u00ab La r\u00e9ussite de ce projet nous montre que la jeunesse togolaise est au service de la Nation. Et en aucun moment, le Pr\u00e9sident de la R\u00e9publique ne m\u2019a autoris\u00e9 \u00e0 douter de la jeunesse, m\u00eame dans les moments difficiles. Cela constitue une tr\u00e8s grande le\u00e7on dans ma vie de pr\u00eatre \u00bb,<\/em> a-t-il d\u00e9clar\u00e9.<\/p>\n\n\n\n<p class=\"wp-block-paragraph\">L\u2019implication personnelle du chef de l\u2019Etat dans la r\u00e9alisation effective de cette infrastructure d\u00e9di\u00e9e sp\u00e9cialement \u00e0 la promotion de l\u2019\u00e9conomie sociale et solidaire, de l\u2019\u00e9cotourisme et du d\u00e9veloppement personnel a \u00e9t\u00e9 \u00e9galement salu\u00e9e par le Prieur Provincial d\u2019Afrique, le Fr\u00e8re C\u00f4me-Emmanuel.<\/p>\n\n\n<div class=\"wp-block-image\">\n<figure class=\"aligncenter size-full is-resized\"><img loading=\"lazy\" decoding=\"async\" src=\"https:\/\/macite.tg\/wp-content\/uploads\/2024\/10\/IMG-20240313-WA0013-2.jpg\" alt=\"\" class=\"wp-image-17605\" width=\"834\" height=\"205\" srcset=\"https:\/\/macite.tg\/wp-content\/uploads\/2024\/10\/IMG-20240313-WA0013-2.jpg 690w, https:\/\/macite.tg\/wp-content\/uploads\/2024\/10\/IMG-20240313-WA0013-2-300x74.jpg 300w\" sizes=\"auto, (max-width: 834px) 100vw, 834px\" \/><\/figure>\n<\/div>\n\n\n<p class=\"wp-block-paragraph\"><em>\u00ab Cette \u0153uvre est l\u2019une des concr\u00e9tisations de la politique nationale de d\u00e9veloppement fond\u00e9e sur la confiance que Son Excellence Monsieur le Pr\u00e9sident de la R\u00e9publique, Faure Essozimna Gnassingb\u00e9 place en la jeunesse togolaise. Sans la d\u00e9termination, l\u2019engagement et l\u2019implication du chef de l\u2019Etat, ce complexe que nous contemplons avec plein d\u2019admiration n\u2019aurait pas pu exister \u00bb.<\/em><\/p>\n\n\n\n<p class=\"wp-block-paragraph\">Pour sa part, le Vicaire g\u00e9n\u00e9ral Aristide Kagnouda, a au nom de l\u2019Ev\u00eaque de Kara, rendu un vibrant hommage au Pr\u00e9sident de la R\u00e9publique pour ses actions en faveur de la jeunesse, sa politique de promotion du consommer local et son soutien r\u00e9gulier \u00e0 la communaut\u00e9 chr\u00e9tienne \u00e0 travers notamment la cr\u00e9ation de cet \u00e9cosyst\u00e8me.<\/p>\n\n\n\n<p class=\"wp-block-paragraph\"><em>\u00ab Avec les ressources locales, on peut faire du beau et du luxe. Nous rentrons ainsi dans la vision et la politique du chef de l\u2019Etat qui travaille sans rel\u00e2che \u00e0 promouvoir les jeunes et le consommer local. C\u2019est l\u2019occasion de rendre un hommage appuy\u00e9 au chef de l\u2019Etat qui avait cru d\u00e8s le d\u00e9but avec conviction, et soutenu le projet de diverses mani\u00e8res. Le chef de l\u2019Etat encourage et stimule ainsi des initiatives de d\u00e9veloppement local \u00bb,<\/em> a-t-il pr\u00e9cis\u00e9.<\/p>\n\n\n\n<p class=\"wp-block-paragraph\">Le Vicaire g\u00e9n\u00e9ral du Dioc\u00e8se de Kara a saisi l\u2019occasion pour implorer la b\u00e9n\u00e9diction divine sur le Togo et ses dirigeants, et pri\u00e9 pour la paix et la stabilit\u00e9 dans notre pays.<\/p>\n\n\n<div class=\"wp-block-image\">\n<figure class=\"aligncenter size-full is-resized\"><img loading=\"lazy\" decoding=\"async\" src=\"https:\/\/macite.tg\/wp-content\/uploads\/2024\/11\/30-Depreciation.jpg\" alt=\"\" class=\"wp-image-17814\" width=\"464\" height=\"580\" srcset=\"https:\/\/macite.tg\/wp-content\/uploads\/2024\/11\/30-Depreciation.jpg 512w, https:\/\/macite.tg\/wp-content\/uploads\/2024\/11\/30-Depreciation-240x300.jpg 240w\" sizes=\"auto, (max-width: 464px) 100vw, 464px\" \/><\/figure>\n<\/div>\n\n\n<p class=\"wp-block-paragraph\">Lumen Valley est nich\u00e9e dans la r\u00e9serve naturelle de Djamd\u00e9, en altitude de 500 m au c\u0153ur d\u2019un cirque de montagnes et face \u00e0 une vall\u00e9e verdoyante, \u00e0 pr\u00e8s de 20 km de la ville de Kara. Les activit\u00e9s du Centre s\u2019organisent autour de trois p\u00f4les consacr\u00e9s respectivement \u00e0 la formation-entrepreneuriat avec une \u00e9cole des arts, des m\u00e9tiers et des incubateurs, aux retraites et conf\u00e9rences et au ressourcement spirituel. Le complexe dispose pour cela des infrastructures d\u2019accueil de qualit\u00e9 telles que des salles de conf\u00e9rence, un auditorium, des salles de classe, des ateliers, des dortoirs et villas, une chapelle, un restaurant, une piscine, toutes construites avec des mat\u00e9riaux locaux notamment la pierre et la paille.<\/p>\n\n\n\n<p class=\"wp-block-paragraph\"><strong>Source&nbsp;: Presidence.gouv<\/strong><\/p>\n\n\n\n<p class=\"wp-block-paragraph\"><a><strong><em>@macite.tg&nbsp;&nbsp;&nbsp;&nbsp;&nbsp;&nbsp;&nbsp;&nbsp;<\/em><\/strong><\/a><\/p>\n\n\n\n<p class=\"wp-block-paragraph\"><strong><em>E-mail&nbsp;: <\/em><\/strong><a href=\"mailto:maciteinfo@gmail.com\"><strong><em>maciteinfo@gmail.com<\/em><\/strong><\/a><strong><em>; <\/em><\/strong><a href=\"mailto:bawela1@gmail.com\"><strong><em>bawela1@gmail.com<\/em><\/strong><\/a><strong><em><\/em><\/strong><\/p>\n\n\n\n<p class=\"wp-block-paragraph\"><strong><em>Pour vos annonces, (publi)reportages, etc., joignez-nous au (00228)91515309\/<strong>79872224 <\/strong>www.macite.tg, L\u2019information, la bonne&nbsp;!<\/em><\/strong><\/p>\n","protected":false},"excerpt":{"rendered":"<p class=\"text-justify mb-2\" >Coupure de ruban m\u00e9morial, un geste symbolique du Pr\u00e9sident de la R\u00e9publique, Faure Essozimna Gnassingb\u00e9, pour inaugurer, le samedi 09 novembre dernier \u00e0 Djamd\u00e8, le premier Centre international de ressourcement et d\u2019\u00e9cotourisme de Kara, d\u00e9nomm\u00e9 Lumen Valley (Vall\u00e9e de lumi\u00e8res). Pour la circonstance, il avait [&hellip;]<\/p>\n","protected":false},"author":2,"featured_media":17853,"comment_status":"open","ping_status":"open","sticky":false,"template":"","format":"standard","meta":{"footnotes":""},"categories":[20,6],"tags":[],"class_list":["post-17848","post","type-post","status-publish","format-standard","has-post-thumbnail","hentry","category-actualite","category-societe"],"yoast_head":"<!-- This site is optimized with the Yoast SEO plugin v28.4 - https:\/\/yoast.com\/product\/yoast-seo-wordpress\/ -->\n<title>CENTRE DE RESSOURCEMENT\u00a0: Un cadre id\u00e9al d\u2019accompagnement des jeunes ruraux inaugur\u00e9 \u00e0 Kara par le Chef de l\u2019Etat -<\/title>\n<meta name=\"robots\" content=\"index, follow, max-snippet:-1, max-image-preview:large, max-video-preview:-1\" \/>\n<link rel=\"canonical\" href=\"https:\/\/macite.tg\/?p=17848\" \/>\n<meta property=\"og:locale\" content=\"fr_FR\" \/>\n<meta property=\"og:type\" content=\"article\" \/>\n<meta property=\"og:title\" content=\"CENTRE DE RESSOURCEMENT\u00a0: Un cadre id\u00e9al d\u2019accompagnement des jeunes ruraux inaugur\u00e9 \u00e0 Kara par le Chef de l\u2019Etat -\" \/>\n<meta property=\"og:description\" content=\"Coupure de ruban m\u00e9morial, un geste symbolique du Pr\u00e9sident de la R\u00e9publique, Faure Essozimna Gnassingb\u00e9, pour inaugurer, le samedi 09 novembre dernier \u00e0 Djamd\u00e8, le premier Centre international de ressourcement et d\u2019\u00e9cotourisme de Kara, d\u00e9nomm\u00e9 Lumen Valley (Vall\u00e9e de lumi\u00e8res). Pour la circonstance, il avait [&hellip;]\" \/>\n<meta property=\"og:url\" content=\"https:\/\/macite.tg\/?p=17848\" \/>\n<meta property=\"article:published_time\" content=\"2024-11-11T10:12:55+00:00\" \/>\n<meta property=\"article:modified_time\" content=\"2024-11-11T10:13:04+00:00\" \/>\n<meta property=\"og:image\" content=\"https:\/\/macite.tg\/wp-content\/uploads\/2024\/11\/CCENTRE.jpg\" \/>\n\t<meta property=\"og:image:width\" content=\"500\" \/>\n\t<meta property=\"og:image:height\" content=\"245\" \/>\n\t<meta property=\"og:image:type\" content=\"image\/jpeg\" \/>\n<meta name=\"author\" content=\"Jean Pierre BAWELA\" \/>\n<meta name=\"twitter:card\" content=\"summary_large_image\" \/>\n<meta name=\"twitter:label1\" content=\"\u00c9crit par\" \/>\n\t<meta name=\"twitter:data1\" content=\"Jean Pierre BAWELA\" \/>\n\t<meta name=\"twitter:label2\" content=\"Dur\u00e9e de lecture estim\u00e9e\" \/>\n\t<meta name=\"twitter:data2\" content=\"4 minutes\" \/>\n<script type=\"application\/ld+json\" class=\"yoast-schema-graph\">{\"@context\":\"https:\\\/\\\/schema.org\",\"@graph\":[{\"@type\":\"Article\",\"@id\":\"https:\\\/\\\/macite.tg\\\/?p=17848#article\",\"isPartOf\":{\"@id\":\"https:\\\/\\\/macite.tg\\\/?p=17848\"},\"author\":{\"name\":\"Jean Pierre BAWELA\",\"@id\":\"https:\\\/\\\/macite.tg\\\/#\\\/schema\\\/person\\\/e9f2de7e5dbbe7770a9402c7ce82f5c2\"},\"headline\":\"CENTRE DE RESSOURCEMENT\u00a0: Un cadre id\u00e9al d\u2019accompagnement des jeunes ruraux inaugur\u00e9 \u00e0 Kara par le Chef de l\u2019Etat\",\"datePublished\":\"2024-11-11T10:12:55+00:00\",\"dateModified\":\"2024-11-11T10:13:04+00:00\",\"mainEntityOfPage\":{\"@id\":\"https:\\\/\\\/macite.tg\\\/?p=17848\"},\"wordCount\":865,\"commentCount\":0,\"image\":{\"@id\":\"https:\\\/\\\/macite.tg\\\/?p=17848#primaryimage\"},\"thumbnailUrl\":\"https:\\\/\\\/macite.tg\\\/wp-content\\\/uploads\\\/2024\\\/11\\\/CCENTRE.jpg\",\"articleSection\":[\"ACTUALITE\",\"SOCIETE\"],\"inLanguage\":\"fr-FR\",\"potentialAction\":[{\"@type\":\"CommentAction\",\"name\":\"Comment\",\"target\":[\"https:\\\/\\\/macite.tg\\\/?p=17848#respond\"]}]},{\"@type\":\"WebPage\",\"@id\":\"https:\\\/\\\/macite.tg\\\/?p=17848\",\"url\":\"https:\\\/\\\/macite.tg\\\/?p=17848\",\"name\":\"CENTRE DE RESSOURCEMENT\u00a0: Un cadre id\u00e9al d\u2019accompagnement des jeunes ruraux inaugur\u00e9 \u00e0 Kara par le Chef de l\u2019Etat -\",\"isPartOf\":{\"@id\":\"https:\\\/\\\/macite.tg\\\/#website\"},\"primaryImageOfPage\":{\"@id\":\"https:\\\/\\\/macite.tg\\\/?p=17848#primaryimage\"},\"image\":{\"@id\":\"https:\\\/\\\/macite.tg\\\/?p=17848#primaryimage\"},\"thumbnailUrl\":\"https:\\\/\\\/macite.tg\\\/wp-content\\\/uploads\\\/2024\\\/11\\\/CCENTRE.jpg\",\"datePublished\":\"2024-11-11T10:12:55+00:00\",\"dateModified\":\"2024-11-11T10:13:04+00:00\",\"author\":{\"@id\":\"https:\\\/\\\/macite.tg\\\/#\\\/schema\\\/person\\\/e9f2de7e5dbbe7770a9402c7ce82f5c2\"},\"breadcrumb\":{\"@id\":\"https:\\\/\\\/macite.tg\\\/?p=17848#breadcrumb\"},\"inLanguage\":\"fr-FR\",\"potentialAction\":[{\"@type\":\"ReadAction\",\"target\":[\"https:\\\/\\\/macite.tg\\\/?p=17848\"]}]},{\"@type\":\"ImageObject\",\"inLanguage\":\"fr-FR\",\"@id\":\"https:\\\/\\\/macite.tg\\\/?p=17848#primaryimage\",\"url\":\"https:\\\/\\\/macite.tg\\\/wp-content\\\/uploads\\\/2024\\\/11\\\/CCENTRE.jpg\",\"contentUrl\":\"https:\\\/\\\/macite.tg\\\/wp-content\\\/uploads\\\/2024\\\/11\\\/CCENTRE.jpg\",\"width\":500,\"height\":245},{\"@type\":\"BreadcrumbList\",\"@id\":\"https:\\\/\\\/macite.tg\\\/?p=17848#breadcrumb\",\"itemListElement\":[{\"@type\":\"ListItem\",\"position\":1,\"name\":\"Accueil\",\"item\":\"https:\\\/\\\/macite.tg\\\/\"},{\"@type\":\"ListItem\",\"position\":2,\"name\":\"CENTRE DE RESSOURCEMENT\u00a0: Un cadre id\u00e9al d\u2019accompagnement des jeunes ruraux inaugur\u00e9 \u00e0 Kara par le Chef de l\u2019Etat\"}]},{\"@type\":\"WebSite\",\"@id\":\"https:\\\/\\\/macite.tg\\\/#website\",\"url\":\"https:\\\/\\\/macite.tg\\\/\",\"name\":\"\",\"description\":\"L&#039;information, la bonne!!!\",\"potentialAction\":[{\"@type\":\"SearchAction\",\"target\":{\"@type\":\"EntryPoint\",\"urlTemplate\":\"https:\\\/\\\/macite.tg\\\/?s={search_term_string}\"},\"query-input\":{\"@type\":\"PropertyValueSpecification\",\"valueRequired\":true,\"valueName\":\"search_term_string\"}}],\"inLanguage\":\"fr-FR\"},{\"@type\":\"Person\",\"@id\":\"https:\\\/\\\/macite.tg\\\/#\\\/schema\\\/person\\\/e9f2de7e5dbbe7770a9402c7ce82f5c2\",\"name\":\"Jean Pierre BAWELA\",\"image\":{\"@type\":\"ImageObject\",\"inLanguage\":\"fr-FR\",\"@id\":\"https:\\\/\\\/macite.tg\\\/wp-content\\\/uploads\\\/2023\\\/09\\\/WhatsApp-Image-2023-09-19-at-14.44.41-122x122.jpeg\",\"url\":\"https:\\\/\\\/macite.tg\\\/wp-content\\\/uploads\\\/2023\\\/09\\\/WhatsApp-Image-2023-09-19-at-14.44.41-122x122.jpeg\",\"contentUrl\":\"https:\\\/\\\/macite.tg\\\/wp-content\\\/uploads\\\/2023\\\/09\\\/WhatsApp-Image-2023-09-19-at-14.44.41-122x122.jpeg\",\"caption\":\"Jean Pierre BAWELA\"},\"url\":\"https:\\\/\\\/macite.tg\\\/?author=2\"}]}<\/script>\n<!-- \/ Yoast SEO plugin. -->","yoast_head_json":{"title":"CENTRE DE RESSOURCEMENT\u00a0: Un cadre id\u00e9al d\u2019accompagnement des jeunes ruraux inaugur\u00e9 \u00e0 Kara par le Chef de l\u2019Etat -","robots":{"index":"index","follow":"follow","max-snippet":"max-snippet:-1","max-image-preview":"max-image-preview:large","max-video-preview":"max-video-preview:-1"},"canonical":"https:\/\/macite.tg\/?p=17848","og_locale":"fr_FR","og_type":"article","og_title":"CENTRE DE RESSOURCEMENT\u00a0: Un cadre id\u00e9al d\u2019accompagnement des jeunes ruraux inaugur\u00e9 \u00e0 Kara par le Chef de l\u2019Etat -","og_description":"Coupure de ruban m\u00e9morial, un geste symbolique du Pr\u00e9sident de la R\u00e9publique, Faure Essozimna Gnassingb\u00e9, pour inaugurer, le samedi 09 novembre dernier \u00e0 Djamd\u00e8, le premier Centre international de ressourcement et d\u2019\u00e9cotourisme de Kara, d\u00e9nomm\u00e9 Lumen Valley (Vall\u00e9e de lumi\u00e8res). Pour la circonstance, il avait [&hellip;]","og_url":"https:\/\/macite.tg\/?p=17848","article_published_time":"2024-11-11T10:12:55+00:00","article_modified_time":"2024-11-11T10:13:04+00:00","og_image":[{"width":500,"height":245,"url":"https:\/\/macite.tg\/wp-content\/uploads\/2024\/11\/CCENTRE.jpg","type":"image\/jpeg"}],"author":"Jean Pierre BAWELA","twitter_card":"summary_large_image","twitter_misc":{"\u00c9crit par":"Jean Pierre BAWELA","Dur\u00e9e de lecture estim\u00e9e":"4 minutes"},"schema":{"@context":"https:\/\/schema.org","@graph":[{"@type":"Article","@id":"https:\/\/macite.tg\/?p=17848#article","isPartOf":{"@id":"https:\/\/macite.tg\/?p=17848"},"author":{"name":"Jean Pierre BAWELA","@id":"https:\/\/macite.tg\/#\/schema\/person\/e9f2de7e5dbbe7770a9402c7ce82f5c2"},"headline":"CENTRE DE RESSOURCEMENT\u00a0: Un cadre id\u00e9al d\u2019accompagnement des jeunes ruraux inaugur\u00e9 \u00e0 Kara par le Chef de l\u2019Etat","datePublished":"2024-11-11T10:12:55+00:00","dateModified":"2024-11-11T10:13:04+00:00","mainEntityOfPage":{"@id":"https:\/\/macite.tg\/?p=17848"},"wordCount":865,"commentCount":0,"image":{"@id":"https:\/\/macite.tg\/?p=17848#primaryimage"},"thumbnailUrl":"https:\/\/macite.tg\/wp-content\/uploads\/2024\/11\/CCENTRE.jpg","articleSection":["ACTUALITE","SOCIETE"],"inLanguage":"fr-FR","potentialAction":[{"@type":"CommentAction","name":"Comment","target":["https:\/\/macite.tg\/?p=17848#respond"]}]},{"@type":"WebPage","@id":"https:\/\/macite.tg\/?p=17848","url":"https:\/\/macite.tg\/?p=17848","name":"CENTRE DE RESSOURCEMENT\u00a0: Un cadre id\u00e9al d\u2019accompagnement des jeunes ruraux inaugur\u00e9 \u00e0 Kara par le Chef de l\u2019Etat -","isPartOf":{"@id":"https:\/\/macite.tg\/#website"},"primaryImageOfPage":{"@id":"https:\/\/macite.tg\/?p=17848#primaryimage"},"image":{"@id":"https:\/\/macite.tg\/?p=17848#primaryimage"},"thumbnailUrl":"https:\/\/macite.tg\/wp-content\/uploads\/2024\/11\/CCENTRE.jpg","datePublished":"2024-11-11T10:12:55+00:00","dateModified":"2024-11-11T10:13:04+00:00","author":{"@id":"https:\/\/macite.tg\/#\/schema\/person\/e9f2de7e5dbbe7770a9402c7ce82f5c2"},"breadcrumb":{"@id":"https:\/\/macite.tg\/?p=17848#breadcrumb"},"inLanguage":"fr-FR","potentialAction":[{"@type":"ReadAction","target":["https:\/\/macite.tg\/?p=17848"]}]},{"@type":"ImageObject","inLanguage":"fr-FR","@id":"https:\/\/macite.tg\/?p=17848#primaryimage","url":"https:\/\/macite.tg\/wp-content\/uploads\/2024\/11\/CCENTRE.jpg","contentUrl":"https:\/\/macite.tg\/wp-content\/uploads\/2024\/11\/CCENTRE.jpg","width":500,"height":245},{"@type":"BreadcrumbList","@id":"https:\/\/macite.tg\/?p=17848#breadcrumb","itemListElement":[{"@type":"ListItem","position":1,"name":"Accueil","item":"https:\/\/macite.tg\/"},{"@type":"ListItem","position":2,"name":"CENTRE DE RESSOURCEMENT\u00a0: Un cadre id\u00e9al d\u2019accompagnement des jeunes ruraux inaugur\u00e9 \u00e0 Kara par le Chef de l\u2019Etat"}]},{"@type":"WebSite","@id":"https:\/\/macite.tg\/#website","url":"https:\/\/macite.tg\/","name":"","description":"L&#039;information, la bonne!!!","potentialAction":[{"@type":"SearchAction","target":{"@type":"EntryPoint","urlTemplate":"https:\/\/macite.tg\/?s={search_term_string}"},"query-input":{"@type":"PropertyValueSpecification","valueRequired":true,"valueName":"search_term_string"}}],"inLanguage":"fr-FR"},{"@type":"Person","@id":"https:\/\/macite.tg\/#\/schema\/person\/e9f2de7e5dbbe7770a9402c7ce82f5c2","name":"Jean Pierre BAWELA","image":{"@type":"ImageObject","inLanguage":"fr-FR","@id":"https:\/\/macite.tg\/wp-content\/uploads\/2023\/09\/WhatsApp-Image-2023-09-19-at-14.44.41-122x122.jpeg","url":"https:\/\/macite.tg\/wp-content\/uploads\/2023\/09\/WhatsApp-Image-2023-09-19-at-14.44.41-122x122.jpeg","contentUrl":"https:\/\/macite.tg\/wp-content\/uploads\/2023\/09\/WhatsApp-Image-2023-09-19-at-14.44.41-122x122.jpeg","caption":"Jean Pierre BAWELA"},"url":"https:\/\/macite.tg\/?author=2"}]}},"_links":{"self":[{"href":"https:\/\/macite.tg\/index.php?rest_route=\/wp\/v2\/posts\/17848","targetHints":{"allow":["GET"]}}],"collection":[{"href":"https:\/\/macite.tg\/index.php?rest_route=\/wp\/v2\/posts"}],"about":[{"href":"https:\/\/macite.tg\/index.php?rest_route=\/wp\/v2\/types\/post"}],"author":[{"embeddable":true,"href":"https:\/\/macite.tg\/index.php?rest_route=\/wp\/v2\/users\/2"}],"replies":[{"embeddable":true,"href":"https:\/\/macite.tg\/index.php?rest_route=%2Fwp%2Fv2%2Fcomments&post=17848"}],"version-history":[{"count":0,"href":"https:\/\/macite.tg\/index.php?rest_route=\/wp\/v2\/posts\/17848\/revisions"}],"wp:featuredmedia":[{"embeddable":true,"href":"https:\/\/macite.tg\/index.php?rest_route=\/wp\/v2\/media\/17853"}],"wp:attachment":[{"href":"https:\/\/macite.tg\/index.php?rest_route=%2Fwp%2Fv2%2Fmedia&parent=17848"}],"wp:term":[{"taxonomy":"category","embeddable":true,"href":"https:\/\/macite.tg\/index.php?rest_route=%2Fwp%2Fv2%2Fcategories&post=17848"},{"taxonomy":"post_tag","embeddable":true,"href":"https:\/\/macite.tg\/index.php?rest_route=%2Fwp%2Fv2%2Ftags&post=17848"}],"curies":[{"name":"wp","href":"https:\/\/api.w.org\/{rel}","templated":true}]}}