{"id":17840,"date":"2024-11-08T18:20:38","date_gmt":"2024-11-08T18:20:38","guid":{"rendered":"https:\/\/macite.tg\/?p=17840"},"modified":"2024-11-08T18:20:52","modified_gmt":"2024-11-08T18:20:52","slug":"gestion-des-finances-publiques-le-togo-enregistre-des-progres-suite-a-levaluation-pefa-2016","status":"publish","type":"post","link":"https:\/\/macite.tg\/?p=17840","title":{"rendered":"GESTION DES FINANCES PUBLIQUES : Le Togo enregistre des progr\u00e8s\u2026 suite \u00e0 l\u2019\u00e9valuation Pefa 2016"},"content":{"rendered":"\n<p class=\"wp-block-paragraph\"><strong><em>Le Togo a proc\u00e9d\u00e9, le mardi 05 novembre dernier, \u00e0 la diss\u00e9mination des rapports finaux du Programme d&rsquo;\u00c9valuation des Performances des Finances Publiques (Pefa) couvrant la p\u00e9riode de 2019 \u00e0 2021. Selon les premi\u00e8res conclusions, le pays a r\u00e9alis\u00e9 des progr\u00e8s car, le syst\u00e8me de de gestion des finances publiques a consid\u00e9rablement \u00e9volu\u00e9 depuis la derni\u00e8re \u00e9valuation de 2016.<\/em><\/strong><\/p>\n\n\n\n<p class=\"wp-block-paragraph\">Le ministre de l\u2019Economie et des finances, Georges E. Barcola, a pr\u00e9sid\u00e9, le mardi 05 novembre dernier, la c\u00e9r\u00e9monie de diss\u00e9mination des trois rapports portant sur la Gestion des Finances Publiques (Gfp), le Genre et le Climat.<\/p>\n\n\n\n<p class=\"wp-block-paragraph\">Pour ce qui est de la troisi\u00e8me \u00e9valuation Public Expenditure and Financial Accountability (Pefa), portant sur les ann\u00e9es 2019 \u00e0 2021, l\u2019\u00e9valuation a&nbsp;permis d\u2019analyser de mani\u00e8re pointue, le syst\u00e8me de gestion des finances publiques du Togo. Ainsi, une analyse objective et d\u00e9taill\u00e9e de la performance du Togo en mati\u00e8re de gestion publique, a \u00e9t\u00e9 r\u00e9alis\u00e9e, ceci \u00e0 la demande des autorit\u00e9s togolaises.<\/p>\n\n\n<div class=\"wp-block-image\">\n<figure class=\"aligncenter size-full is-resized\"><img loading=\"lazy\" decoding=\"async\" src=\"https:\/\/macite.tg\/wp-content\/uploads\/2024\/11\/d9c67c76-4e2e-494c-8502-d57342f11fdc.jpg\" alt=\"\" class=\"wp-image-17771\" width=\"492\" height=\"676\" srcset=\"https:\/\/macite.tg\/wp-content\/uploads\/2024\/11\/d9c67c76-4e2e-494c-8502-d57342f11fdc.jpg 718w, https:\/\/macite.tg\/wp-content\/uploads\/2024\/11\/d9c67c76-4e2e-494c-8502-d57342f11fdc-218x300.jpg 218w\" sizes=\"auto, (max-width: 492px) 100vw, 492px\" \/><\/figure>\n<\/div>\n\n\n<p class=\"wp-block-paragraph\">Selon les conclusions de ce rapport Pefa 2023, le syst\u00e8me de gestion des finances publiques du Togo est en rapide \u00e9volution, et selon les normes Pefa, beaucoup d\u2019avanc\u00e9es ont \u00e9t\u00e9 enregistr\u00e9es entre l\u2019\u00e9valuation de 2016 et celle de 2023.<\/p>\n\n\n\n<p class=\"wp-block-paragraph\">Ledit rapport met en \u00e9vidence une nette am\u00e9lioration dans les phases initiales de la pr\u00e9paration du budget, notamment au niveau de la fiabilit\u00e9 du budget, et des marges d\u2019am\u00e9lioration \u00e0 la fin du cycle budg\u00e9taire, en particulier au niveau du syst\u00e8me de supervision et d\u2019audit externe.<\/p>\n\n\n\n<p class=\"wp-block-paragraph\">En effet, sur 17 des 31 indicateurs, soit 55%, ont connu une nette progression, t\u00e9moignant ainsi d\u2019un renforcement des pratiques budg\u00e9taires et de la transparence. Cette \u00e9valuation, il faut le souligner, a pris en compte les volets sur le Genre mais aussi sur le Climat&nbsp;; ce qui fait du Togo, le premier pays d\u2019Afrique \u00e0 inclure ces dimensions dans son rapport Pefa.<\/p>\n\n\n<div class=\"wp-block-image\">\n<figure class=\"aligncenter size-full is-resized\"><img loading=\"lazy\" decoding=\"async\" src=\"https:\/\/macite.tg\/wp-content\/uploads\/2024\/10\/IMG-20240313-WA0013-2.jpg\" alt=\"\" class=\"wp-image-17605\" width=\"842\" height=\"207\" srcset=\"https:\/\/macite.tg\/wp-content\/uploads\/2024\/10\/IMG-20240313-WA0013-2.jpg 690w, https:\/\/macite.tg\/wp-content\/uploads\/2024\/10\/IMG-20240313-WA0013-2-300x74.jpg 300w\" sizes=\"auto, (max-width: 842px) 100vw, 842px\" \/><\/figure>\n<\/div>\n\n\n<p class=\"wp-block-paragraph\">\u00ab&nbsp;<em>Face aux nombreux besoins de notre population et aux chocs mondiaux r\u00e9cents, tels que la crise sanitaire et la guerre en Ukraine, les objectifs de d\u00e9veloppement et de r\u00e9duction de la pauvret\u00e9 ne pourront \u00eatre atteints qu&rsquo;\u00e0 travers une gestion rigoureuse de nos finances publiques<\/em>&nbsp;\u00bb, a expliqu\u00e9 le ministre de l\u2019Economie et des finances, Essow\u00e8 Georges Barcola, en pr\u00e9sence de l\u2019Ambassadeur de l\u2019Union Europ\u00e9enne (Ue), Gwilym Jones.<\/p>\n\n\n\n<p class=\"wp-block-paragraph\">Au regard des r\u00e9sultats, le diplomate europ\u00e9en, Gwilym Jones, a exprim\u00e9 sa satisfaction et salu\u00e9 les efforts du gouvernement&nbsp;dans la mise en \u0153uvre des r\u00e9formes. Il a, dans cet \u00e9lan, r\u00e9affirm\u00e9 l\u2019engagement de l\u2019Ue \u00e0 accompagner le Togo dans ses initiatives de consolidation des finances publiques.<\/p>\n\n\n<div class=\"wp-block-image\">\n<figure class=\"aligncenter size-full is-resized\"><img loading=\"lazy\" decoding=\"async\" src=\"https:\/\/macite.tg\/wp-content\/uploads\/2024\/11\/30-Depreciation.jpg\" alt=\"\" class=\"wp-image-17814\" width=\"424\" height=\"530\" srcset=\"https:\/\/macite.tg\/wp-content\/uploads\/2024\/11\/30-Depreciation.jpg 512w, https:\/\/macite.tg\/wp-content\/uploads\/2024\/11\/30-Depreciation-240x300.jpg 240w\" sizes=\"auto, (max-width: 424px) 100vw, 424px\" \/><\/figure>\n<\/div>\n\n\n<p class=\"wp-block-paragraph\">Notons que le Pefa a \u00e9t\u00e9 con\u00e7u en 2005, dans l\u2019optique de mieux r\u00e9pondre aux enjeux modernes de la gestion publique. Ce cadre d\u2019\u00e9valuation a \u00e9t\u00e9, une premi\u00e8re fois am\u00e9nag\u00e9e et renforc\u00e9e en 2011, puis encore en 2016, pour r\u00e9pondre aux exigences syst\u00e9miques en mati\u00e8re de gestion des finances publiques. Avec ces r\u00e9sultats encourageants, c\u2019est un regain de confiance que peuvent avoir les investisseurs et autres partenaires du Togo, premier pays d\u2019Afrique subsaharienne \u00e0 adopter cette version actualis\u00e9e de la m\u00e9thodologie Pefa de 2016.<\/p>\n\n\n\n<p class=\"wp-block-paragraph\"><strong>JPB<\/strong><\/p>\n\n\n\n<p class=\"wp-block-paragraph\"><a><strong><em>@macite.tg&nbsp;&nbsp;&nbsp;&nbsp;&nbsp;&nbsp;&nbsp;&nbsp;<\/em><\/strong><\/a><\/p>\n\n\n\n<p class=\"wp-block-paragraph\"><strong><em>E-mail&nbsp;: <\/em><\/strong><a href=\"mailto:maciteinfo@gmail.com\"><strong><em>maciteinfo@gmail.com<\/em><\/strong><\/a><strong><em>; <\/em><\/strong><a href=\"mailto:bawela1@gmail.com\"><strong><em>bawela1@gmail.com<\/em><\/strong><\/a><strong><em><\/em><\/strong><\/p>\n\n\n\n<p class=\"wp-block-paragraph\"><strong><em>Pour vos annonces, (publi)reportages, etc., joignez-nous au (00228)91515309\/<strong>79872224 <\/strong>www.macite.tg, L\u2019information, la bonne&nbsp;!<\/em><\/strong><\/p>\n","protected":false},"excerpt":{"rendered":"<p class=\"text-justify mb-2\" >Le Togo a proc\u00e9d\u00e9, le mardi 05 novembre dernier, \u00e0 la diss\u00e9mination des rapports finaux du Programme d&rsquo;\u00c9valuation des Performances des Finances Publiques (Pefa) couvrant la p\u00e9riode de 2019 \u00e0 2021. Selon les premi\u00e8res conclusions, le pays a r\u00e9alis\u00e9 des progr\u00e8s car, le syst\u00e8me de [&hellip;]<\/p>\n","protected":false},"author":2,"featured_media":17841,"comment_status":"open","ping_status":"open","sticky":false,"template":"","format":"standard","meta":{"footnotes":""},"categories":[20,3],"tags":[],"class_list":["post-17840","post","type-post","status-publish","format-standard","has-post-thumbnail","hentry","category-actualite","category-economie"],"yoast_head":"<!-- This site is optimized with the Yoast SEO plugin v28.4 - https:\/\/yoast.com\/product\/yoast-seo-wordpress\/ -->\n<title>GESTION DES FINANCES PUBLIQUES : Le Togo enregistre des progr\u00e8s\u2026 suite \u00e0 l\u2019\u00e9valuation Pefa 2016 -<\/title>\n<meta name=\"robots\" content=\"index, follow, max-snippet:-1, max-image-preview:large, max-video-preview:-1\" \/>\n<link rel=\"canonical\" href=\"https:\/\/macite.tg\/?p=17840\" \/>\n<meta property=\"og:locale\" content=\"fr_FR\" \/>\n<meta property=\"og:type\" content=\"article\" \/>\n<meta property=\"og:title\" content=\"GESTION DES FINANCES PUBLIQUES : Le Togo enregistre des progr\u00e8s\u2026 suite \u00e0 l\u2019\u00e9valuation Pefa 2016 -\" \/>\n<meta property=\"og:description\" content=\"Le Togo a proc\u00e9d\u00e9, le mardi 05 novembre dernier, \u00e0 la diss\u00e9mination des rapports finaux du Programme d&rsquo;\u00c9valuation des Performances des Finances Publiques (Pefa) couvrant la p\u00e9riode de 2019 \u00e0 2021. Selon les premi\u00e8res conclusions, le pays a r\u00e9alis\u00e9 des progr\u00e8s car, le syst\u00e8me de [&hellip;]\" \/>\n<meta property=\"og:url\" content=\"https:\/\/macite.tg\/?p=17840\" \/>\n<meta property=\"article:published_time\" content=\"2024-11-08T18:20:38+00:00\" \/>\n<meta property=\"article:modified_time\" content=\"2024-11-08T18:20:52+00:00\" \/>\n<meta property=\"og:image\" content=\"https:\/\/macite.tg\/wp-content\/uploads\/2024\/11\/Pefa.jpg\" \/>\n\t<meta property=\"og:image:width\" content=\"500\" \/>\n\t<meta property=\"og:image:height\" content=\"222\" \/>\n\t<meta property=\"og:image:type\" content=\"image\/jpeg\" \/>\n<meta name=\"author\" content=\"Jean Pierre BAWELA\" \/>\n<meta name=\"twitter:card\" content=\"summary_large_image\" \/>\n<meta name=\"twitter:label1\" content=\"\u00c9crit par\" \/>\n\t<meta name=\"twitter:data1\" content=\"Jean Pierre BAWELA\" \/>\n\t<meta name=\"twitter:label2\" content=\"Dur\u00e9e de lecture estim\u00e9e\" \/>\n\t<meta name=\"twitter:data2\" content=\"3 minutes\" \/>\n<script type=\"application\/ld+json\" class=\"yoast-schema-graph\">{\"@context\":\"https:\\\/\\\/schema.org\",\"@graph\":[{\"@type\":\"Article\",\"@id\":\"https:\\\/\\\/macite.tg\\\/?p=17840#article\",\"isPartOf\":{\"@id\":\"https:\\\/\\\/macite.tg\\\/?p=17840\"},\"author\":{\"name\":\"Jean Pierre BAWELA\",\"@id\":\"https:\\\/\\\/macite.tg\\\/#\\\/schema\\\/person\\\/e9f2de7e5dbbe7770a9402c7ce82f5c2\"},\"headline\":\"GESTION DES FINANCES PUBLIQUES : Le Togo enregistre des progr\u00e8s\u2026 suite \u00e0 l\u2019\u00e9valuation Pefa 2016\",\"datePublished\":\"2024-11-08T18:20:38+00:00\",\"dateModified\":\"2024-11-08T18:20:52+00:00\",\"mainEntityOfPage\":{\"@id\":\"https:\\\/\\\/macite.tg\\\/?p=17840\"},\"wordCount\":606,\"commentCount\":0,\"image\":{\"@id\":\"https:\\\/\\\/macite.tg\\\/?p=17840#primaryimage\"},\"thumbnailUrl\":\"https:\\\/\\\/macite.tg\\\/wp-content\\\/uploads\\\/2024\\\/11\\\/Pefa.jpg\",\"articleSection\":[\"ACTUALITE\",\"ECONOMIE\"],\"inLanguage\":\"fr-FR\",\"potentialAction\":[{\"@type\":\"CommentAction\",\"name\":\"Comment\",\"target\":[\"https:\\\/\\\/macite.tg\\\/?p=17840#respond\"]}]},{\"@type\":\"WebPage\",\"@id\":\"https:\\\/\\\/macite.tg\\\/?p=17840\",\"url\":\"https:\\\/\\\/macite.tg\\\/?p=17840\",\"name\":\"GESTION DES FINANCES PUBLIQUES : Le Togo enregistre des progr\u00e8s\u2026 suite \u00e0 l\u2019\u00e9valuation Pefa 2016 -\",\"isPartOf\":{\"@id\":\"https:\\\/\\\/macite.tg\\\/#website\"},\"primaryImageOfPage\":{\"@id\":\"https:\\\/\\\/macite.tg\\\/?p=17840#primaryimage\"},\"image\":{\"@id\":\"https:\\\/\\\/macite.tg\\\/?p=17840#primaryimage\"},\"thumbnailUrl\":\"https:\\\/\\\/macite.tg\\\/wp-content\\\/uploads\\\/2024\\\/11\\\/Pefa.jpg\",\"datePublished\":\"2024-11-08T18:20:38+00:00\",\"dateModified\":\"2024-11-08T18:20:52+00:00\",\"author\":{\"@id\":\"https:\\\/\\\/macite.tg\\\/#\\\/schema\\\/person\\\/e9f2de7e5dbbe7770a9402c7ce82f5c2\"},\"breadcrumb\":{\"@id\":\"https:\\\/\\\/macite.tg\\\/?p=17840#breadcrumb\"},\"inLanguage\":\"fr-FR\",\"potentialAction\":[{\"@type\":\"ReadAction\",\"target\":[\"https:\\\/\\\/macite.tg\\\/?p=17840\"]}]},{\"@type\":\"ImageObject\",\"inLanguage\":\"fr-FR\",\"@id\":\"https:\\\/\\\/macite.tg\\\/?p=17840#primaryimage\",\"url\":\"https:\\\/\\\/macite.tg\\\/wp-content\\\/uploads\\\/2024\\\/11\\\/Pefa.jpg\",\"contentUrl\":\"https:\\\/\\\/macite.tg\\\/wp-content\\\/uploads\\\/2024\\\/11\\\/Pefa.jpg\",\"width\":500,\"height\":222,\"caption\":\"Le ministre Georges Barcola lors de son adresse...\"},{\"@type\":\"BreadcrumbList\",\"@id\":\"https:\\\/\\\/macite.tg\\\/?p=17840#breadcrumb\",\"itemListElement\":[{\"@type\":\"ListItem\",\"position\":1,\"name\":\"Accueil\",\"item\":\"https:\\\/\\\/macite.tg\\\/\"},{\"@type\":\"ListItem\",\"position\":2,\"name\":\"GESTION DES FINANCES PUBLIQUES : Le Togo enregistre des progr\u00e8s\u2026 suite \u00e0 l\u2019\u00e9valuation Pefa 2016\"}]},{\"@type\":\"WebSite\",\"@id\":\"https:\\\/\\\/macite.tg\\\/#website\",\"url\":\"https:\\\/\\\/macite.tg\\\/\",\"name\":\"\",\"description\":\"L&#039;information, la bonne!!!\",\"potentialAction\":[{\"@type\":\"SearchAction\",\"target\":{\"@type\":\"EntryPoint\",\"urlTemplate\":\"https:\\\/\\\/macite.tg\\\/?s={search_term_string}\"},\"query-input\":{\"@type\":\"PropertyValueSpecification\",\"valueRequired\":true,\"valueName\":\"search_term_string\"}}],\"inLanguage\":\"fr-FR\"},{\"@type\":\"Person\",\"@id\":\"https:\\\/\\\/macite.tg\\\/#\\\/schema\\\/person\\\/e9f2de7e5dbbe7770a9402c7ce82f5c2\",\"name\":\"Jean Pierre BAWELA\",\"image\":{\"@type\":\"ImageObject\",\"inLanguage\":\"fr-FR\",\"@id\":\"https:\\\/\\\/macite.tg\\\/wp-content\\\/uploads\\\/2023\\\/09\\\/WhatsApp-Image-2023-09-19-at-14.44.41-122x122.jpeg\",\"url\":\"https:\\\/\\\/macite.tg\\\/wp-content\\\/uploads\\\/2023\\\/09\\\/WhatsApp-Image-2023-09-19-at-14.44.41-122x122.jpeg\",\"contentUrl\":\"https:\\\/\\\/macite.tg\\\/wp-content\\\/uploads\\\/2023\\\/09\\\/WhatsApp-Image-2023-09-19-at-14.44.41-122x122.jpeg\",\"caption\":\"Jean Pierre BAWELA\"},\"url\":\"https:\\\/\\\/macite.tg\\\/?author=2\"}]}<\/script>\n<!-- \/ Yoast SEO plugin. -->","yoast_head_json":{"title":"GESTION DES FINANCES PUBLIQUES : Le Togo enregistre des progr\u00e8s\u2026 suite \u00e0 l\u2019\u00e9valuation Pefa 2016 -","robots":{"index":"index","follow":"follow","max-snippet":"max-snippet:-1","max-image-preview":"max-image-preview:large","max-video-preview":"max-video-preview:-1"},"canonical":"https:\/\/macite.tg\/?p=17840","og_locale":"fr_FR","og_type":"article","og_title":"GESTION DES FINANCES PUBLIQUES : Le Togo enregistre des progr\u00e8s\u2026 suite \u00e0 l\u2019\u00e9valuation Pefa 2016 -","og_description":"Le Togo a proc\u00e9d\u00e9, le mardi 05 novembre dernier, \u00e0 la diss\u00e9mination des rapports finaux du Programme d&rsquo;\u00c9valuation des Performances des Finances Publiques (Pefa) couvrant la p\u00e9riode de 2019 \u00e0 2021. Selon les premi\u00e8res conclusions, le pays a r\u00e9alis\u00e9 des progr\u00e8s car, le syst\u00e8me de [&hellip;]","og_url":"https:\/\/macite.tg\/?p=17840","article_published_time":"2024-11-08T18:20:38+00:00","article_modified_time":"2024-11-08T18:20:52+00:00","og_image":[{"width":500,"height":222,"url":"https:\/\/macite.tg\/wp-content\/uploads\/2024\/11\/Pefa.jpg","type":"image\/jpeg"}],"author":"Jean Pierre BAWELA","twitter_card":"summary_large_image","twitter_misc":{"\u00c9crit par":"Jean Pierre BAWELA","Dur\u00e9e de lecture estim\u00e9e":"3 minutes"},"schema":{"@context":"https:\/\/schema.org","@graph":[{"@type":"Article","@id":"https:\/\/macite.tg\/?p=17840#article","isPartOf":{"@id":"https:\/\/macite.tg\/?p=17840"},"author":{"name":"Jean Pierre BAWELA","@id":"https:\/\/macite.tg\/#\/schema\/person\/e9f2de7e5dbbe7770a9402c7ce82f5c2"},"headline":"GESTION DES FINANCES PUBLIQUES : Le Togo enregistre des progr\u00e8s\u2026 suite \u00e0 l\u2019\u00e9valuation Pefa 2016","datePublished":"2024-11-08T18:20:38+00:00","dateModified":"2024-11-08T18:20:52+00:00","mainEntityOfPage":{"@id":"https:\/\/macite.tg\/?p=17840"},"wordCount":606,"commentCount":0,"image":{"@id":"https:\/\/macite.tg\/?p=17840#primaryimage"},"thumbnailUrl":"https:\/\/macite.tg\/wp-content\/uploads\/2024\/11\/Pefa.jpg","articleSection":["ACTUALITE","ECONOMIE"],"inLanguage":"fr-FR","potentialAction":[{"@type":"CommentAction","name":"Comment","target":["https:\/\/macite.tg\/?p=17840#respond"]}]},{"@type":"WebPage","@id":"https:\/\/macite.tg\/?p=17840","url":"https:\/\/macite.tg\/?p=17840","name":"GESTION DES FINANCES PUBLIQUES : Le Togo enregistre des progr\u00e8s\u2026 suite \u00e0 l\u2019\u00e9valuation Pefa 2016 -","isPartOf":{"@id":"https:\/\/macite.tg\/#website"},"primaryImageOfPage":{"@id":"https:\/\/macite.tg\/?p=17840#primaryimage"},"image":{"@id":"https:\/\/macite.tg\/?p=17840#primaryimage"},"thumbnailUrl":"https:\/\/macite.tg\/wp-content\/uploads\/2024\/11\/Pefa.jpg","datePublished":"2024-11-08T18:20:38+00:00","dateModified":"2024-11-08T18:20:52+00:00","author":{"@id":"https:\/\/macite.tg\/#\/schema\/person\/e9f2de7e5dbbe7770a9402c7ce82f5c2"},"breadcrumb":{"@id":"https:\/\/macite.tg\/?p=17840#breadcrumb"},"inLanguage":"fr-FR","potentialAction":[{"@type":"ReadAction","target":["https:\/\/macite.tg\/?p=17840"]}]},{"@type":"ImageObject","inLanguage":"fr-FR","@id":"https:\/\/macite.tg\/?p=17840#primaryimage","url":"https:\/\/macite.tg\/wp-content\/uploads\/2024\/11\/Pefa.jpg","contentUrl":"https:\/\/macite.tg\/wp-content\/uploads\/2024\/11\/Pefa.jpg","width":500,"height":222,"caption":"Le ministre Georges Barcola lors de son adresse..."},{"@type":"BreadcrumbList","@id":"https:\/\/macite.tg\/?p=17840#breadcrumb","itemListElement":[{"@type":"ListItem","position":1,"name":"Accueil","item":"https:\/\/macite.tg\/"},{"@type":"ListItem","position":2,"name":"GESTION DES FINANCES PUBLIQUES : Le Togo enregistre des progr\u00e8s\u2026 suite \u00e0 l\u2019\u00e9valuation Pefa 2016"}]},{"@type":"WebSite","@id":"https:\/\/macite.tg\/#website","url":"https:\/\/macite.tg\/","name":"","description":"L&#039;information, la bonne!!!","potentialAction":[{"@type":"SearchAction","target":{"@type":"EntryPoint","urlTemplate":"https:\/\/macite.tg\/?s={search_term_string}"},"query-input":{"@type":"PropertyValueSpecification","valueRequired":true,"valueName":"search_term_string"}}],"inLanguage":"fr-FR"},{"@type":"Person","@id":"https:\/\/macite.tg\/#\/schema\/person\/e9f2de7e5dbbe7770a9402c7ce82f5c2","name":"Jean Pierre BAWELA","image":{"@type":"ImageObject","inLanguage":"fr-FR","@id":"https:\/\/macite.tg\/wp-content\/uploads\/2023\/09\/WhatsApp-Image-2023-09-19-at-14.44.41-122x122.jpeg","url":"https:\/\/macite.tg\/wp-content\/uploads\/2023\/09\/WhatsApp-Image-2023-09-19-at-14.44.41-122x122.jpeg","contentUrl":"https:\/\/macite.tg\/wp-content\/uploads\/2023\/09\/WhatsApp-Image-2023-09-19-at-14.44.41-122x122.jpeg","caption":"Jean Pierre BAWELA"},"url":"https:\/\/macite.tg\/?author=2"}]}},"_links":{"self":[{"href":"https:\/\/macite.tg\/index.php?rest_route=\/wp\/v2\/posts\/17840","targetHints":{"allow":["GET"]}}],"collection":[{"href":"https:\/\/macite.tg\/index.php?rest_route=\/wp\/v2\/posts"}],"about":[{"href":"https:\/\/macite.tg\/index.php?rest_route=\/wp\/v2\/types\/post"}],"author":[{"embeddable":true,"href":"https:\/\/macite.tg\/index.php?rest_route=\/wp\/v2\/users\/2"}],"replies":[{"embeddable":true,"href":"https:\/\/macite.tg\/index.php?rest_route=%2Fwp%2Fv2%2Fcomments&post=17840"}],"version-history":[{"count":0,"href":"https:\/\/macite.tg\/index.php?rest_route=\/wp\/v2\/posts\/17840\/revisions"}],"wp:featuredmedia":[{"embeddable":true,"href":"https:\/\/macite.tg\/index.php?rest_route=\/wp\/v2\/media\/17841"}],"wp:attachment":[{"href":"https:\/\/macite.tg\/index.php?rest_route=%2Fwp%2Fv2%2Fmedia&parent=17840"}],"wp:term":[{"taxonomy":"category","embeddable":true,"href":"https:\/\/macite.tg\/index.php?rest_route=%2Fwp%2Fv2%2Fcategories&post=17840"},{"taxonomy":"post_tag","embeddable":true,"href":"https:\/\/macite.tg\/index.php?rest_route=%2Fwp%2Fv2%2Ftags&post=17840"}],"curies":[{"name":"wp","href":"https:\/\/api.w.org\/{rel}","templated":true}]}}