{"id":17829,"date":"2024-11-08T16:28:37","date_gmt":"2024-11-08T16:28:37","guid":{"rendered":"https:\/\/macite.tg\/?p=17829"},"modified":"2024-11-08T16:47:41","modified_gmt":"2024-11-08T16:47:41","slug":"humanitaires-long-fi-bassar-et-ses-partenaires-allemands-aux-cotes-des-orphelins-de-bassar","status":"publish","type":"post","link":"https:\/\/macite.tg\/?p=17829","title":{"rendered":"HUMANITAIRE : L\u2019Ong \u2018\u2019Fi-Bassar\u2019\u2019 et ses partenaires Allemands aux c\u00f4t\u00e9s des orphelins de Bassar"},"content":{"rendered":"\n<p class=\"wp-block-paragraph\"><strong><em>Pr\u00e9sents au Togo dans la r\u00e9gion de la Kara depuis plusieurs semaines d\u00e9j\u00e0, l\u2019Ong \u2018\u2019Fi-Bassar\u2019\u2019 et ses partenaires Allemands ont rendu visite, le jeudi 07 novembre dernier, \u00e0 deux centres de prise en charge des orphelins dans la pr\u00e9fecture de Bassar, notamment le centre Saint Joseph des S\u0153urs Catholique et l\u2019orphelinat islamique. L\u2019objectif \u00e9tait de d\u2019apporter un r\u00e9confort aux enfants mais aussi au personnel d\u2019encadrement des deux centres d\u2019accueil.<\/em><\/strong><\/p>\n\n\n\n<p class=\"wp-block-paragraph\">Les premiers responsables de l\u2019Ong \u2018\u2019Fi-Bassar\u2019\u2019 et leurs partenaires Allemands ont rendu visite, hier jeudi 07 novembre, \u00e0 deux centres d\u2019accueil des orphelins de la pr\u00e9fecture de Bassar.<\/p>\n\n\n\n<p class=\"wp-block-paragraph\">A l\u2019orphelinat Saint Joseph des S\u0153urs Catholique tout comme l\u2019orphelinat islamique, les visiteurs ont f\u00e9licit\u00e9 le personnel pour leur courage et leur sens \u00e9lev\u00e9 d\u2019amour pour l\u2019\u00eatre humain, et encourager les enfants \u00e0 continuer par croire en leur avenir. &nbsp;<\/p>\n\n\n<div class=\"wp-block-image\">\n<figure class=\"aligncenter size-full is-resized\"><img loading=\"lazy\" decoding=\"async\" src=\"https:\/\/macite.tg\/wp-content\/uploads\/2024\/11\/d9c67c76-4e2e-494c-8502-d57342f11fdc.jpg\" alt=\"\" class=\"wp-image-17771\" width=\"500\" height=\"687\" srcset=\"https:\/\/macite.tg\/wp-content\/uploads\/2024\/11\/d9c67c76-4e2e-494c-8502-d57342f11fdc.jpg 718w, https:\/\/macite.tg\/wp-content\/uploads\/2024\/11\/d9c67c76-4e2e-494c-8502-d57342f11fdc-218x300.jpg 218w\" sizes=\"auto, (max-width: 500px) 100vw, 500px\" \/><\/figure>\n<\/div>\n\n\n<p class=\"wp-block-paragraph\">A l\u2019occasion de cette visite, des kits scolaires, de aides alimentaires, des tenues vestimentaires, des soins de sant\u00e9 et pris en compte bien d\u2019autres besoins n\u00e9cessaires \u00e0 leur \u00e9panouissement, ont \u00e9t\u00e9 offerts, comme toujours, aux pensionnaires de ces deux centres.<\/p>\n\n\n\n<p class=\"wp-block-paragraph\">Notons que le centre Saint Joseph prend en charge 22 pensionnaires dont 13 filles et 09 gar\u00e7ons, \u00e2g\u00e9s de 18 mois \u00e0 15 ans.<\/p>\n\n\n\n<p class=\"wp-block-paragraph\">Le centre islamique, cr\u00e9\u00e9 en 2019, compte un effectif de 51 jeunes orphelins, tous de sexe masculin, issus de plusieurs localit\u00e9s du grand Bassar, notamment la pr\u00e9fecture de Danpken et celle de Bassar. L\u00e0, les orphelins suivent les cours r\u00e9guliers en Fran\u00e7ais et en Arabe du cours primaire au coll\u00e8ge. Ils sont pris en charge par le promoteur du centre, El-hadj Mohamed Ali Tchakala et ses collaborateurs. Le centre dot\u00e9 d\u2019un internat, un terrain de sport et de jeux et un espace cultivable.<\/p>\n\n\n<div class=\"wp-block-image\">\n<figure class=\"aligncenter size-full is-resized\"><img loading=\"lazy\" decoding=\"async\" src=\"https:\/\/macite.tg\/wp-content\/uploads\/2024\/11\/30-Depreciation.jpg\" alt=\"\" class=\"wp-image-17814\" width=\"434\" height=\"543\" srcset=\"https:\/\/macite.tg\/wp-content\/uploads\/2024\/11\/30-Depreciation.jpg 512w, https:\/\/macite.tg\/wp-content\/uploads\/2024\/11\/30-Depreciation-240x300.jpg 240w\" sizes=\"auto, (max-width: 434px) 100vw, 434px\" \/><\/figure>\n<\/div>\n\n\n<p class=\"wp-block-paragraph\">Chose int\u00e9ressante, le centre islamique, avec le soutien de l\u2019Ong, entend mettre en \u0153uvre un programme de formation technique, afin d\u2019orienter ces orphelins vers des formations pratiques et professionnelles. Les meilleurs \u00e9l\u00e8ves recevront une bourse offerte par le promoteur et l\u2019Ong, pour poursuivre leurs \u00e9tudes en Arabie Saoudite.<\/p>\n\n\n\n<p class=\"wp-block-paragraph\"><strong>Omar<\/strong><\/p>\n\n\n\n<p class=\"wp-block-paragraph\"><a><strong><em>@macite.tg&nbsp;&nbsp;&nbsp;&nbsp;&nbsp;&nbsp;&nbsp;&nbsp;<\/em><\/strong><\/a><\/p>\n\n\n\n<p class=\"wp-block-paragraph\"><strong><em>E-mail&nbsp;: <\/em><\/strong><a href=\"mailto:maciteinfo@gmail.com\"><strong><em>maciteinfo@gmail.com<\/em><\/strong><\/a><strong><em>; <\/em><\/strong><a href=\"mailto:bawela1@gmail.com\"><strong><em>bawela1@gmail.com<\/em><\/strong><\/a><strong><em><\/em><\/strong><\/p>\n\n\n\n<p class=\"wp-block-paragraph\"><strong><em>Pour vos annonces, (publi)reportages, etc., joignez-nous au (00228)91515309\/<strong>79872224 <\/strong>www.macite.tg, L\u2019information, la bonne&nbsp;!<\/em><\/strong><\/p>\n","protected":false},"excerpt":{"rendered":"<p class=\"text-justify mb-2\" >Pr\u00e9sents au Togo dans la r\u00e9gion de la Kara depuis plusieurs semaines d\u00e9j\u00e0, l\u2019Ong \u2018\u2019Fi-Bassar\u2019\u2019 et ses partenaires Allemands ont rendu visite, le jeudi 07 novembre dernier, \u00e0 deux centres de prise en charge des orphelins dans la pr\u00e9fecture de Bassar, notamment le centre Saint [&hellip;]<\/p>\n","protected":false},"author":2,"featured_media":17831,"comment_status":"open","ping_status":"open","sticky":false,"template":"","format":"standard","meta":{"footnotes":""},"categories":[20,55],"tags":[],"class_list":["post-17829","post","type-post","status-publish","format-standard","has-post-thumbnail","hentry","category-actualite","category-humanitaire"],"yoast_head":"<!-- This site is optimized with the Yoast SEO plugin v28.4 - https:\/\/yoast.com\/product\/yoast-seo-wordpress\/ -->\n<title>HUMANITAIRE : L\u2019Ong \u2018\u2019Fi-Bassar\u2019\u2019 et ses partenaires Allemands aux c\u00f4t\u00e9s des orphelins de Bassar -<\/title>\n<meta name=\"robots\" content=\"index, follow, max-snippet:-1, max-image-preview:large, max-video-preview:-1\" \/>\n<link rel=\"canonical\" href=\"https:\/\/macite.tg\/?p=17829\" \/>\n<meta property=\"og:locale\" content=\"fr_FR\" \/>\n<meta property=\"og:type\" content=\"article\" \/>\n<meta property=\"og:title\" content=\"HUMANITAIRE : L\u2019Ong \u2018\u2019Fi-Bassar\u2019\u2019 et ses partenaires Allemands aux c\u00f4t\u00e9s des orphelins de Bassar -\" \/>\n<meta property=\"og:description\" content=\"Pr\u00e9sents au Togo dans la r\u00e9gion de la Kara depuis plusieurs semaines d\u00e9j\u00e0, l\u2019Ong \u2018\u2019Fi-Bassar\u2019\u2019 et ses partenaires Allemands ont rendu visite, le jeudi 07 novembre dernier, \u00e0 deux centres de prise en charge des orphelins dans la pr\u00e9fecture de Bassar, notamment le centre Saint [&hellip;]\" \/>\n<meta property=\"og:url\" content=\"https:\/\/macite.tg\/?p=17829\" \/>\n<meta property=\"article:published_time\" content=\"2024-11-08T16:28:37+00:00\" \/>\n<meta property=\"article:modified_time\" content=\"2024-11-08T16:47:41+00:00\" \/>\n<meta property=\"og:image\" content=\"https:\/\/macite.tg\/wp-content\/uploads\/2024\/11\/Bassar-orphelinat.jpg\" \/>\n\t<meta property=\"og:image:width\" content=\"500\" \/>\n\t<meta property=\"og:image:height\" content=\"404\" \/>\n\t<meta property=\"og:image:type\" content=\"image\/jpeg\" \/>\n<meta name=\"author\" content=\"Jean Pierre BAWELA\" \/>\n<meta name=\"twitter:card\" content=\"summary_large_image\" \/>\n<meta name=\"twitter:label1\" content=\"\u00c9crit par\" \/>\n\t<meta name=\"twitter:data1\" content=\"Jean Pierre BAWELA\" \/>\n\t<meta name=\"twitter:label2\" content=\"Dur\u00e9e de lecture estim\u00e9e\" \/>\n\t<meta name=\"twitter:data2\" content=\"2 minutes\" \/>\n<script type=\"application\/ld+json\" class=\"yoast-schema-graph\">{\"@context\":\"https:\\\/\\\/schema.org\",\"@graph\":[{\"@type\":\"Article\",\"@id\":\"https:\\\/\\\/macite.tg\\\/?p=17829#article\",\"isPartOf\":{\"@id\":\"https:\\\/\\\/macite.tg\\\/?p=17829\"},\"author\":{\"name\":\"Jean Pierre BAWELA\",\"@id\":\"https:\\\/\\\/macite.tg\\\/#\\\/schema\\\/person\\\/e9f2de7e5dbbe7770a9402c7ce82f5c2\"},\"headline\":\"HUMANITAIRE : L\u2019Ong \u2018\u2019Fi-Bassar\u2019\u2019 et ses partenaires Allemands aux c\u00f4t\u00e9s des orphelins de Bassar\",\"datePublished\":\"2024-11-08T16:28:37+00:00\",\"dateModified\":\"2024-11-08T16:47:41+00:00\",\"mainEntityOfPage\":{\"@id\":\"https:\\\/\\\/macite.tg\\\/?p=17829\"},\"wordCount\":406,\"commentCount\":0,\"image\":{\"@id\":\"https:\\\/\\\/macite.tg\\\/?p=17829#primaryimage\"},\"thumbnailUrl\":\"https:\\\/\\\/macite.tg\\\/wp-content\\\/uploads\\\/2024\\\/11\\\/Bassar-orphelinat.jpg\",\"articleSection\":[\"ACTUALITE\",\"HUMANITAIRE\"],\"inLanguage\":\"fr-FR\",\"potentialAction\":[{\"@type\":\"CommentAction\",\"name\":\"Comment\",\"target\":[\"https:\\\/\\\/macite.tg\\\/?p=17829#respond\"]}]},{\"@type\":\"WebPage\",\"@id\":\"https:\\\/\\\/macite.tg\\\/?p=17829\",\"url\":\"https:\\\/\\\/macite.tg\\\/?p=17829\",\"name\":\"HUMANITAIRE : L\u2019Ong \u2018\u2019Fi-Bassar\u2019\u2019 et ses partenaires Allemands aux c\u00f4t\u00e9s des orphelins de Bassar -\",\"isPartOf\":{\"@id\":\"https:\\\/\\\/macite.tg\\\/#website\"},\"primaryImageOfPage\":{\"@id\":\"https:\\\/\\\/macite.tg\\\/?p=17829#primaryimage\"},\"image\":{\"@id\":\"https:\\\/\\\/macite.tg\\\/?p=17829#primaryimage\"},\"thumbnailUrl\":\"https:\\\/\\\/macite.tg\\\/wp-content\\\/uploads\\\/2024\\\/11\\\/Bassar-orphelinat.jpg\",\"datePublished\":\"2024-11-08T16:28:37+00:00\",\"dateModified\":\"2024-11-08T16:47:41+00:00\",\"author\":{\"@id\":\"https:\\\/\\\/macite.tg\\\/#\\\/schema\\\/person\\\/e9f2de7e5dbbe7770a9402c7ce82f5c2\"},\"breadcrumb\":{\"@id\":\"https:\\\/\\\/macite.tg\\\/?p=17829#breadcrumb\"},\"inLanguage\":\"fr-FR\",\"potentialAction\":[{\"@type\":\"ReadAction\",\"target\":[\"https:\\\/\\\/macite.tg\\\/?p=17829\"]}]},{\"@type\":\"ImageObject\",\"inLanguage\":\"fr-FR\",\"@id\":\"https:\\\/\\\/macite.tg\\\/?p=17829#primaryimage\",\"url\":\"https:\\\/\\\/macite.tg\\\/wp-content\\\/uploads\\\/2024\\\/11\\\/Bassar-orphelinat.jpg\",\"contentUrl\":\"https:\\\/\\\/macite.tg\\\/wp-content\\\/uploads\\\/2024\\\/11\\\/Bassar-orphelinat.jpg\",\"width\":500,\"height\":404},{\"@type\":\"BreadcrumbList\",\"@id\":\"https:\\\/\\\/macite.tg\\\/?p=17829#breadcrumb\",\"itemListElement\":[{\"@type\":\"ListItem\",\"position\":1,\"name\":\"Accueil\",\"item\":\"https:\\\/\\\/macite.tg\\\/\"},{\"@type\":\"ListItem\",\"position\":2,\"name\":\"HUMANITAIRE : L\u2019Ong \u2018\u2019Fi-Bassar\u2019\u2019 et ses partenaires Allemands aux c\u00f4t\u00e9s des orphelins de Bassar\"}]},{\"@type\":\"WebSite\",\"@id\":\"https:\\\/\\\/macite.tg\\\/#website\",\"url\":\"https:\\\/\\\/macite.tg\\\/\",\"name\":\"\",\"description\":\"L&#039;information, la bonne!!!\",\"potentialAction\":[{\"@type\":\"SearchAction\",\"target\":{\"@type\":\"EntryPoint\",\"urlTemplate\":\"https:\\\/\\\/macite.tg\\\/?s={search_term_string}\"},\"query-input\":{\"@type\":\"PropertyValueSpecification\",\"valueRequired\":true,\"valueName\":\"search_term_string\"}}],\"inLanguage\":\"fr-FR\"},{\"@type\":\"Person\",\"@id\":\"https:\\\/\\\/macite.tg\\\/#\\\/schema\\\/person\\\/e9f2de7e5dbbe7770a9402c7ce82f5c2\",\"name\":\"Jean Pierre BAWELA\",\"image\":{\"@type\":\"ImageObject\",\"inLanguage\":\"fr-FR\",\"@id\":\"https:\\\/\\\/macite.tg\\\/wp-content\\\/uploads\\\/2023\\\/09\\\/WhatsApp-Image-2023-09-19-at-14.44.41-122x122.jpeg\",\"url\":\"https:\\\/\\\/macite.tg\\\/wp-content\\\/uploads\\\/2023\\\/09\\\/WhatsApp-Image-2023-09-19-at-14.44.41-122x122.jpeg\",\"contentUrl\":\"https:\\\/\\\/macite.tg\\\/wp-content\\\/uploads\\\/2023\\\/09\\\/WhatsApp-Image-2023-09-19-at-14.44.41-122x122.jpeg\",\"caption\":\"Jean Pierre BAWELA\"},\"url\":\"https:\\\/\\\/macite.tg\\\/?author=2\"}]}<\/script>\n<!-- \/ Yoast SEO plugin. -->","yoast_head_json":{"title":"HUMANITAIRE : L\u2019Ong \u2018\u2019Fi-Bassar\u2019\u2019 et ses partenaires Allemands aux c\u00f4t\u00e9s des orphelins de Bassar -","robots":{"index":"index","follow":"follow","max-snippet":"max-snippet:-1","max-image-preview":"max-image-preview:large","max-video-preview":"max-video-preview:-1"},"canonical":"https:\/\/macite.tg\/?p=17829","og_locale":"fr_FR","og_type":"article","og_title":"HUMANITAIRE : L\u2019Ong \u2018\u2019Fi-Bassar\u2019\u2019 et ses partenaires Allemands aux c\u00f4t\u00e9s des orphelins de Bassar -","og_description":"Pr\u00e9sents au Togo dans la r\u00e9gion de la Kara depuis plusieurs semaines d\u00e9j\u00e0, l\u2019Ong \u2018\u2019Fi-Bassar\u2019\u2019 et ses partenaires Allemands ont rendu visite, le jeudi 07 novembre dernier, \u00e0 deux centres de prise en charge des orphelins dans la pr\u00e9fecture de Bassar, notamment le centre Saint [&hellip;]","og_url":"https:\/\/macite.tg\/?p=17829","article_published_time":"2024-11-08T16:28:37+00:00","article_modified_time":"2024-11-08T16:47:41+00:00","og_image":[{"width":500,"height":404,"url":"https:\/\/macite.tg\/wp-content\/uploads\/2024\/11\/Bassar-orphelinat.jpg","type":"image\/jpeg"}],"author":"Jean Pierre BAWELA","twitter_card":"summary_large_image","twitter_misc":{"\u00c9crit par":"Jean Pierre BAWELA","Dur\u00e9e de lecture estim\u00e9e":"2 minutes"},"schema":{"@context":"https:\/\/schema.org","@graph":[{"@type":"Article","@id":"https:\/\/macite.tg\/?p=17829#article","isPartOf":{"@id":"https:\/\/macite.tg\/?p=17829"},"author":{"name":"Jean Pierre BAWELA","@id":"https:\/\/macite.tg\/#\/schema\/person\/e9f2de7e5dbbe7770a9402c7ce82f5c2"},"headline":"HUMANITAIRE : L\u2019Ong \u2018\u2019Fi-Bassar\u2019\u2019 et ses partenaires Allemands aux c\u00f4t\u00e9s des orphelins de Bassar","datePublished":"2024-11-08T16:28:37+00:00","dateModified":"2024-11-08T16:47:41+00:00","mainEntityOfPage":{"@id":"https:\/\/macite.tg\/?p=17829"},"wordCount":406,"commentCount":0,"image":{"@id":"https:\/\/macite.tg\/?p=17829#primaryimage"},"thumbnailUrl":"https:\/\/macite.tg\/wp-content\/uploads\/2024\/11\/Bassar-orphelinat.jpg","articleSection":["ACTUALITE","HUMANITAIRE"],"inLanguage":"fr-FR","potentialAction":[{"@type":"CommentAction","name":"Comment","target":["https:\/\/macite.tg\/?p=17829#respond"]}]},{"@type":"WebPage","@id":"https:\/\/macite.tg\/?p=17829","url":"https:\/\/macite.tg\/?p=17829","name":"HUMANITAIRE : L\u2019Ong \u2018\u2019Fi-Bassar\u2019\u2019 et ses partenaires Allemands aux c\u00f4t\u00e9s des orphelins de Bassar -","isPartOf":{"@id":"https:\/\/macite.tg\/#website"},"primaryImageOfPage":{"@id":"https:\/\/macite.tg\/?p=17829#primaryimage"},"image":{"@id":"https:\/\/macite.tg\/?p=17829#primaryimage"},"thumbnailUrl":"https:\/\/macite.tg\/wp-content\/uploads\/2024\/11\/Bassar-orphelinat.jpg","datePublished":"2024-11-08T16:28:37+00:00","dateModified":"2024-11-08T16:47:41+00:00","author":{"@id":"https:\/\/macite.tg\/#\/schema\/person\/e9f2de7e5dbbe7770a9402c7ce82f5c2"},"breadcrumb":{"@id":"https:\/\/macite.tg\/?p=17829#breadcrumb"},"inLanguage":"fr-FR","potentialAction":[{"@type":"ReadAction","target":["https:\/\/macite.tg\/?p=17829"]}]},{"@type":"ImageObject","inLanguage":"fr-FR","@id":"https:\/\/macite.tg\/?p=17829#primaryimage","url":"https:\/\/macite.tg\/wp-content\/uploads\/2024\/11\/Bassar-orphelinat.jpg","contentUrl":"https:\/\/macite.tg\/wp-content\/uploads\/2024\/11\/Bassar-orphelinat.jpg","width":500,"height":404},{"@type":"BreadcrumbList","@id":"https:\/\/macite.tg\/?p=17829#breadcrumb","itemListElement":[{"@type":"ListItem","position":1,"name":"Accueil","item":"https:\/\/macite.tg\/"},{"@type":"ListItem","position":2,"name":"HUMANITAIRE : L\u2019Ong \u2018\u2019Fi-Bassar\u2019\u2019 et ses partenaires Allemands aux c\u00f4t\u00e9s des orphelins de Bassar"}]},{"@type":"WebSite","@id":"https:\/\/macite.tg\/#website","url":"https:\/\/macite.tg\/","name":"","description":"L&#039;information, la bonne!!!","potentialAction":[{"@type":"SearchAction","target":{"@type":"EntryPoint","urlTemplate":"https:\/\/macite.tg\/?s={search_term_string}"},"query-input":{"@type":"PropertyValueSpecification","valueRequired":true,"valueName":"search_term_string"}}],"inLanguage":"fr-FR"},{"@type":"Person","@id":"https:\/\/macite.tg\/#\/schema\/person\/e9f2de7e5dbbe7770a9402c7ce82f5c2","name":"Jean Pierre BAWELA","image":{"@type":"ImageObject","inLanguage":"fr-FR","@id":"https:\/\/macite.tg\/wp-content\/uploads\/2023\/09\/WhatsApp-Image-2023-09-19-at-14.44.41-122x122.jpeg","url":"https:\/\/macite.tg\/wp-content\/uploads\/2023\/09\/WhatsApp-Image-2023-09-19-at-14.44.41-122x122.jpeg","contentUrl":"https:\/\/macite.tg\/wp-content\/uploads\/2023\/09\/WhatsApp-Image-2023-09-19-at-14.44.41-122x122.jpeg","caption":"Jean Pierre BAWELA"},"url":"https:\/\/macite.tg\/?author=2"}]}},"_links":{"self":[{"href":"https:\/\/macite.tg\/index.php?rest_route=\/wp\/v2\/posts\/17829","targetHints":{"allow":["GET"]}}],"collection":[{"href":"https:\/\/macite.tg\/index.php?rest_route=\/wp\/v2\/posts"}],"about":[{"href":"https:\/\/macite.tg\/index.php?rest_route=\/wp\/v2\/types\/post"}],"author":[{"embeddable":true,"href":"https:\/\/macite.tg\/index.php?rest_route=\/wp\/v2\/users\/2"}],"replies":[{"embeddable":true,"href":"https:\/\/macite.tg\/index.php?rest_route=%2Fwp%2Fv2%2Fcomments&post=17829"}],"version-history":[{"count":0,"href":"https:\/\/macite.tg\/index.php?rest_route=\/wp\/v2\/posts\/17829\/revisions"}],"wp:featuredmedia":[{"embeddable":true,"href":"https:\/\/macite.tg\/index.php?rest_route=\/wp\/v2\/media\/17831"}],"wp:attachment":[{"href":"https:\/\/macite.tg\/index.php?rest_route=%2Fwp%2Fv2%2Fmedia&parent=17829"}],"wp:term":[{"taxonomy":"category","embeddable":true,"href":"https:\/\/macite.tg\/index.php?rest_route=%2Fwp%2Fv2%2Fcategories&post=17829"},{"taxonomy":"post_tag","embeddable":true,"href":"https:\/\/macite.tg\/index.php?rest_route=%2Fwp%2Fv2%2Ftags&post=17829"}],"curies":[{"name":"wp","href":"https:\/\/api.w.org\/{rel}","templated":true}]}}