{"id":1772,"date":"2022-11-14T09:46:09","date_gmt":"2022-11-14T09:46:09","guid":{"rendered":"https:\/\/macite.info\/?p=1772"},"modified":"2022-11-14T09:46:10","modified_gmt":"2022-11-14T09:46:10","slug":"17e-foire-de-lome-tout-le-monde-veut-renouer-avec-lactivite-economique-cette-edition-sera-tres-speciale-yakpey-comlan-nomadoli-dg-par-interim-du-cete","status":"publish","type":"post","link":"https:\/\/macite.tg\/?p=1772","title":{"rendered":"17E FOIRE DE LOME\u00a0: \u00ab\u00a0Tout le monde veut renouer avec l\u2019activit\u00e9 \u00e9conomique\u2026 Cette \u00e9dition sera tr\u00e8s sp\u00e9ciale\u00a0\u00bb (Yakpey Comlan Nomadoli, DG par int\u00e9rim du CETEF)"},"content":{"rendered":"\n<p class=\"wp-block-paragraph\"><em><strong>\u00c0 quelques jours de l\u2019ouverture de la foire internationale de Lom\u00e9 (FIL), les pr\u00e9paratifs s\u2019acc\u00e9l\u00e8rent sur le site du Centre togolais des expositions et foires de Lom\u00e9 (CETEF-Lom\u00e9). Dans une interview accord\u00e9e \u00e0 nos confr\u00e8res d\u2019agridigitale, le Directeur G\u00e9n\u00e9ral par int\u00e9rim de la foire internationale de Lom\u00e9 (FIL), Yakpey Comlan Nomadoli, a d\u00e9clar\u00e9 que cette 17\u00e8 \u00e9dition sera tr\u00e8s sp\u00e9ciale pour certaines raisons. Il a \u00e9galement \u00e9voqu\u00e9 les d\u00e9fis et la particularit\u00e9 de cette \u00e9dition 2022 par rapport aux pr\u00e9c\u00e9dentes.<\/strong><\/em><\/p>\n\n\n\n<p class=\"wp-block-paragraph\"><strong><em>Quel est \u00e0 ce jour le niveau des pr\u00e9paratifs ?<\/em><\/strong><\/p>\n\n\n\n<p class=\"wp-block-paragraph\"><strong><u>Yakpey Comlan Nomadoli<\/u> :<\/strong> Les pr\u00e9paratifs vont bon train et actuellement je peux vous dire que les stands sont d\u00e9j\u00e0 c\u00e9d\u00e9s \u00e0 95 %. C\u2019est pour dire qu\u2019apr\u00e8s la suspension, l\u2019affluence est \u00e0 noter cette ann\u00e9e, tout le monde veut renouer avec l\u2019activit\u00e9 \u00e9conomique.<\/p>\n\n\n\n<p class=\"wp-block-paragraph\">Si vous passez au-devant du site d\u2019accueil de cette 17\u00e9me \u00e9dition, vous verrez que le site est en plein travaux et nous sommes en train de faire ce qu\u2019il faut pour appr\u00eater les stands avant le d\u00e9but de la foire.<\/p>\n\n\n\n<p class=\"wp-block-paragraph\"><\/p>\n\n\n\n<p class=\"wp-block-paragraph\"><strong><em>La digitalisation est c\u0153ur des innovations. Les raisons de ce choix ?<\/em><\/strong><\/p>\n\n\n\n<p class=\"wp-block-paragraph\">Les derni\u00e8res semaines de foire, le centre fait son plein et ce sont d\u2019interminables queues qu\u2019on n\u2019arrive pas \u00e0 forc\u00e9ment g\u00e9rer. Et c\u2019est tout ce long processus qu\u2019on a voulu att\u00e9nuer en digitalisant l\u2019achat des tickets.<\/p>\n\n\n\n<p class=\"wp-block-paragraph\">Nous sommes donc dans un processus de digitalisation de tout le fonctionnement de la foire Togo 2022. Ce n\u2019est pas seulement les billetteries car quand il y a digitalisation, \u00e7a facilite la vie aux citoyens. Vous n\u2019avez donc plus besoin de vous d\u00e9placer physiquement avant d\u2019acqu\u00e9rir votre stand ou de venir sur le site avant d\u2019acheter votre ticket d\u2019entr\u00e9e.<\/p>\n\n\n\n<p class=\"wp-block-paragraph\">Depuis votre lit, vous pouvez donc acheter votre ticket et entrer librement sur le site des expositions.<\/p>\n\n\n<div class=\"wp-block-image\">\n<figure class=\"aligncenter size-large is-resized\"><img loading=\"lazy\" decoding=\"async\" src=\"https:\/\/macite.tg\/wp-content\/uploads\/2022\/11\/Capture1-1-1-1024x386.jpg\" alt=\"\" class=\"wp-image-1774\" width=\"715\" height=\"269\" srcset=\"https:\/\/macite.tg\/wp-content\/uploads\/2022\/11\/Capture1-1-1-1024x386.jpg 1024w, https:\/\/macite.tg\/wp-content\/uploads\/2022\/11\/Capture1-1-1-300x113.jpg 300w, https:\/\/macite.tg\/wp-content\/uploads\/2022\/11\/Capture1-1-1-768x290.jpg 768w, https:\/\/macite.tg\/wp-content\/uploads\/2022\/11\/Capture1-1-1.jpg 1522w\" sizes=\"auto, (max-width: 715px) 100vw, 715px\" \/><\/figure>\n<\/div>\n\n\n<p class=\"wp-block-paragraph\"><strong><em>Et ceux qui n\u2019ont pas une vraie culture du digital ?<\/em><\/strong><\/p>\n\n\n\n<p class=\"wp-block-paragraph\">Avec l\u2019application WhatsApp, vous pouvez m\u00eame acheter votre ticket. Le processus sera d\u00e9crit gr\u00e2ce \u00e0 des affiches en ville et en 3 clics vous avez votre ticket.<\/p>\n\n\n\n<p class=\"wp-block-paragraph\">Pour les personnes qui ont des difficult\u00e9s avec le num\u00e9rique, l\u2019une des possibilit\u00e9s est de demander de l\u2019aide \u00e0 son entourage pour l\u2019achat du ticket. Il suffit apr\u00e8s d\u2019imprimer le code QR ou l\u2019avoir sur son mobile pour favoriser le scan \u00e0 l\u2019entr\u00e9e.<\/p>\n\n\n\n<p class=\"wp-block-paragraph\">L\u2019autre option est de se rendre dans un terminal de distribution de tickets sur l\u2019esplanade des expositions qui sont l\u00e0 pour g\u00e9n\u00e9rer automatiquement des tickets.<\/p>\n\n\n\n<p class=\"wp-block-paragraph\"><\/p>\n\n\n\n<p class=\"wp-block-paragraph\"><strong><em>A chaque \u00e9dition, le pays invit\u00e9 d\u2019honneur\u2026<\/em><\/strong><\/p>\n\n\n\n<p class=\"wp-block-paragraph\">Le pays invit\u00e9 d\u2019honneur de cette ann\u00e9e est la Turquie. Nous connaissons la dynamique des activit\u00e9s \u00e9conomiques turques et dans le but de renforcer les liens entre les deux pays, nous voulons faire le focus sur la Turquie.<\/p>\n\n\n<div class=\"wp-block-image\">\n<figure class=\"aligncenter size-large is-resized\"><img loading=\"lazy\" decoding=\"async\" src=\"https:\/\/macite.tg\/wp-content\/uploads\/2022\/11\/ANNONCES-1-1024x426.jpg\" alt=\"\" class=\"wp-image-1602\" width=\"643\" height=\"267\" srcset=\"https:\/\/macite.tg\/wp-content\/uploads\/2022\/11\/ANNONCES-1-1024x426.jpg 1024w, https:\/\/macite.tg\/wp-content\/uploads\/2022\/11\/ANNONCES-1-300x125.jpg 300w, https:\/\/macite.tg\/wp-content\/uploads\/2022\/11\/ANNONCES-1-768x319.jpg 768w, https:\/\/macite.tg\/wp-content\/uploads\/2022\/11\/ANNONCES-1.jpg 1080w\" sizes=\"auto, (max-width: 643px) 100vw, 643px\" \/><\/figure>\n<\/div>\n\n\n<p class=\"wp-block-paragraph\"><strong><em>Comp\u00e9titivit\u00e9 des biens et services pour la relance \u00e9conomique post-covid 19, qu\u2019est-ce qui justifie le choix du th\u00e8me ?<\/em><\/strong><\/p>\n\n\n\n<p class=\"wp-block-paragraph\">La pand\u00e9mie \u00e9tant derri\u00e8re, il urge de relancer pour le Togo et bon nombre de pays africains leurs \u00e9conomies d\u2019o\u00f9 la foire qui se pr\u00e9sente comme une occasion de confronter nos produits aux standards internationaux afin de tester la comp\u00e9titivit\u00e9 de nos biens et services.<\/p>\n\n\n\n<p class=\"wp-block-paragraph\"><\/p>\n\n\n\n<p class=\"wp-block-paragraph\"><strong><em>Qu\u2019est-ce qui fera la particularit\u00e9 de la FIL2022 ?<\/em><\/strong><\/p>\n\n\n\n<p class=\"wp-block-paragraph\">Cette \u00e9dition est tr\u00e8s sp\u00e9ciale parce qu\u2019elle co\u00efncide avec la coupe du monde. Et nous savons que la population togolaise est une population jeune et dynamique qui adore le football.<\/p>\n\n\n\n<p class=\"wp-block-paragraph\">Nous allons donc mettre ensemble ces deux \u00e9v\u00e8nements en \u00e9quipant le site de la foire des \u00e9crans g\u00e9ants pour permettre aux visiteurs et exposants de suivre les matchs. Et \u00e7a donne l\u2019opportunit\u00e9 de pouvoir vivre cette comp\u00e9tition dans une ambiance extraordinaire. Ce qui va donc drainer plus de monde.<\/p>\n\n\n\n<p class=\"wp-block-paragraph\">Vous l\u2019aurez compris, cette 17\u00e8 \u00e9dition de la foire Internationale Togo 2000 sera donc tr\u00e8s riche en \u00e9v\u00e8nements et plein de surprises pour tous les acteurs concern\u00e9s.<\/p>\n\n\n\n<p class=\"wp-block-paragraph\"><strong><u>Source&nbsp;:<\/u> actu-togo<\/strong><\/p>\n\n\n\n<p class=\"wp-block-paragraph\">&nbsp;<strong><em>@macite.info<\/em><\/strong><\/p>\n\n\n\n<p class=\"wp-block-paragraph\"><strong><em>E-mail&nbsp;: <\/em><\/strong><a href=\"mailto:maciteinfo@gmail.com\"><em>maciteinfo@gmail.com<\/em><\/a><strong><em>; <\/em><\/strong><a href=\"mailto:bawela1@gmail.com\"><em>bawela1@gmail.com<\/em><\/a><strong><em><\/em><\/strong><\/p>\n\n\n\n<p class=\"wp-block-paragraph\"><strong><em>Pour vos annonces, (publi)reportages, etc., joignez nous au (00228) 91515309\/<\/em><\/strong><strong>79872224<\/strong><em><\/em><\/p>\n\n\n\n<p class=\"wp-block-paragraph\"><a href=\"http:\/\/www.macite.info\"><em>www.macite.info<\/em><\/a><strong><em>, L\u2019information, la bonne&nbsp;!<\/em><\/strong><\/p>\n","protected":false},"excerpt":{"rendered":"<p class=\"text-justify mb-2\" >\u00c0 quelques jours de l\u2019ouverture de la foire internationale de Lom\u00e9 (FIL), les pr\u00e9paratifs s\u2019acc\u00e9l\u00e8rent sur le site du Centre togolais des expositions et foires de Lom\u00e9 (CETEF-Lom\u00e9). Dans une interview accord\u00e9e \u00e0 nos confr\u00e8res d\u2019agridigitale, le Directeur G\u00e9n\u00e9ral par int\u00e9rim de la foire internationale [&hellip;]<\/p>\n","protected":false},"author":2,"featured_media":1773,"comment_status":"open","ping_status":"open","sticky":false,"template":"","format":"standard","meta":{"footnotes":""},"categories":[3],"tags":[],"class_list":["post-1772","post","type-post","status-publish","format-standard","has-post-thumbnail","hentry","category-economie"],"yoast_head":"<!-- This site is optimized with the Yoast SEO plugin v28.4 - https:\/\/yoast.com\/product\/yoast-seo-wordpress\/ -->\n<title>17E FOIRE DE LOME\u00a0: \u00ab\u00a0Tout le monde veut renouer avec l\u2019activit\u00e9 \u00e9conomique\u2026 Cette \u00e9dition sera tr\u00e8s sp\u00e9ciale\u00a0\u00bb (Yakpey Comlan Nomadoli, DG par int\u00e9rim du CETEF) -<\/title>\n<meta name=\"robots\" content=\"index, follow, max-snippet:-1, max-image-preview:large, max-video-preview:-1\" \/>\n<link rel=\"canonical\" href=\"https:\/\/macite.tg\/?p=1772\" \/>\n<meta property=\"og:locale\" content=\"fr_FR\" \/>\n<meta property=\"og:type\" content=\"article\" \/>\n<meta property=\"og:title\" content=\"17E FOIRE DE LOME\u00a0: \u00ab\u00a0Tout le monde veut renouer avec l\u2019activit\u00e9 \u00e9conomique\u2026 Cette \u00e9dition sera tr\u00e8s sp\u00e9ciale\u00a0\u00bb (Yakpey Comlan Nomadoli, DG par int\u00e9rim du CETEF) -\" \/>\n<meta property=\"og:description\" content=\"\u00c0 quelques jours de l\u2019ouverture de la foire internationale de Lom\u00e9 (FIL), les pr\u00e9paratifs s\u2019acc\u00e9l\u00e8rent sur le site du Centre togolais des expositions et foires de Lom\u00e9 (CETEF-Lom\u00e9). Dans une interview accord\u00e9e \u00e0 nos confr\u00e8res d\u2019agridigitale, le Directeur G\u00e9n\u00e9ral par int\u00e9rim de la foire internationale [&hellip;]\" \/>\n<meta property=\"og:url\" content=\"https:\/\/macite.tg\/?p=1772\" \/>\n<meta property=\"article:published_time\" content=\"2022-11-14T09:46:09+00:00\" \/>\n<meta property=\"article:modified_time\" content=\"2022-11-14T09:46:10+00:00\" \/>\n<meta property=\"og:image\" content=\"https:\/\/macite.tg\/wp-content\/uploads\/2022\/11\/Conmlan-Yakpey-N.jpg\" \/>\n\t<meta property=\"og:image:width\" content=\"690\" \/>\n\t<meta property=\"og:image:height\" content=\"460\" \/>\n\t<meta property=\"og:image:type\" content=\"image\/jpeg\" \/>\n<meta name=\"author\" content=\"Jean Pierre BAWELA\" \/>\n<meta name=\"twitter:card\" content=\"summary_large_image\" \/>\n<meta name=\"twitter:label1\" content=\"\u00c9crit par\" \/>\n\t<meta name=\"twitter:data1\" content=\"Jean Pierre BAWELA\" \/>\n\t<meta name=\"twitter:label2\" content=\"Dur\u00e9e de lecture estim\u00e9e\" \/>\n\t<meta name=\"twitter:data2\" content=\"4 minutes\" \/>\n<script type=\"application\/ld+json\" class=\"yoast-schema-graph\">{\"@context\":\"https:\\\/\\\/schema.org\",\"@graph\":[{\"@type\":\"Article\",\"@id\":\"https:\\\/\\\/macite.tg\\\/?p=1772#article\",\"isPartOf\":{\"@id\":\"https:\\\/\\\/macite.tg\\\/?p=1772\"},\"author\":{\"name\":\"Jean Pierre BAWELA\",\"@id\":\"https:\\\/\\\/macite.tg\\\/#\\\/schema\\\/person\\\/e9f2de7e5dbbe7770a9402c7ce82f5c2\"},\"headline\":\"17E FOIRE DE LOME\u00a0: \u00ab\u00a0Tout le monde veut renouer avec l\u2019activit\u00e9 \u00e9conomique\u2026 Cette \u00e9dition sera tr\u00e8s sp\u00e9ciale\u00a0\u00bb (Yakpey Comlan Nomadoli, DG par int\u00e9rim du CETEF)\",\"datePublished\":\"2022-11-14T09:46:09+00:00\",\"dateModified\":\"2022-11-14T09:46:10+00:00\",\"mainEntityOfPage\":{\"@id\":\"https:\\\/\\\/macite.tg\\\/?p=1772\"},\"wordCount\":760,\"commentCount\":0,\"image\":{\"@id\":\"https:\\\/\\\/macite.tg\\\/?p=1772#primaryimage\"},\"thumbnailUrl\":\"https:\\\/\\\/macite.tg\\\/wp-content\\\/uploads\\\/2022\\\/11\\\/Conmlan-Yakpey-N.jpg\",\"articleSection\":[\"ECONOMIE\"],\"inLanguage\":\"fr-FR\",\"potentialAction\":[{\"@type\":\"CommentAction\",\"name\":\"Comment\",\"target\":[\"https:\\\/\\\/macite.tg\\\/?p=1772#respond\"]}]},{\"@type\":\"WebPage\",\"@id\":\"https:\\\/\\\/macite.tg\\\/?p=1772\",\"url\":\"https:\\\/\\\/macite.tg\\\/?p=1772\",\"name\":\"17E FOIRE DE LOME\u00a0: \u00ab\u00a0Tout le monde veut renouer avec l\u2019activit\u00e9 \u00e9conomique\u2026 Cette \u00e9dition sera tr\u00e8s sp\u00e9ciale\u00a0\u00bb (Yakpey Comlan Nomadoli, DG par int\u00e9rim du CETEF) -\",\"isPartOf\":{\"@id\":\"https:\\\/\\\/macite.tg\\\/#website\"},\"primaryImageOfPage\":{\"@id\":\"https:\\\/\\\/macite.tg\\\/?p=1772#primaryimage\"},\"image\":{\"@id\":\"https:\\\/\\\/macite.tg\\\/?p=1772#primaryimage\"},\"thumbnailUrl\":\"https:\\\/\\\/macite.tg\\\/wp-content\\\/uploads\\\/2022\\\/11\\\/Conmlan-Yakpey-N.jpg\",\"datePublished\":\"2022-11-14T09:46:09+00:00\",\"dateModified\":\"2022-11-14T09:46:10+00:00\",\"author\":{\"@id\":\"https:\\\/\\\/macite.tg\\\/#\\\/schema\\\/person\\\/e9f2de7e5dbbe7770a9402c7ce82f5c2\"},\"breadcrumb\":{\"@id\":\"https:\\\/\\\/macite.tg\\\/?p=1772#breadcrumb\"},\"inLanguage\":\"fr-FR\",\"potentialAction\":[{\"@type\":\"ReadAction\",\"target\":[\"https:\\\/\\\/macite.tg\\\/?p=1772\"]}]},{\"@type\":\"ImageObject\",\"inLanguage\":\"fr-FR\",\"@id\":\"https:\\\/\\\/macite.tg\\\/?p=1772#primaryimage\",\"url\":\"https:\\\/\\\/macite.tg\\\/wp-content\\\/uploads\\\/2022\\\/11\\\/Conmlan-Yakpey-N.jpg\",\"contentUrl\":\"https:\\\/\\\/macite.tg\\\/wp-content\\\/uploads\\\/2022\\\/11\\\/Conmlan-Yakpey-N.jpg\",\"width\":690,\"height\":460},{\"@type\":\"BreadcrumbList\",\"@id\":\"https:\\\/\\\/macite.tg\\\/?p=1772#breadcrumb\",\"itemListElement\":[{\"@type\":\"ListItem\",\"position\":1,\"name\":\"Accueil\",\"item\":\"https:\\\/\\\/macite.tg\\\/\"},{\"@type\":\"ListItem\",\"position\":2,\"name\":\"17E FOIRE DE LOME\u00a0: \u00ab\u00a0Tout le monde veut renouer avec l\u2019activit\u00e9 \u00e9conomique\u2026 Cette \u00e9dition sera tr\u00e8s sp\u00e9ciale\u00a0\u00bb (Yakpey Comlan Nomadoli, DG par int\u00e9rim du CETEF)\"}]},{\"@type\":\"WebSite\",\"@id\":\"https:\\\/\\\/macite.tg\\\/#website\",\"url\":\"https:\\\/\\\/macite.tg\\\/\",\"name\":\"\",\"description\":\"L&#039;information, la bonne!!!\",\"potentialAction\":[{\"@type\":\"SearchAction\",\"target\":{\"@type\":\"EntryPoint\",\"urlTemplate\":\"https:\\\/\\\/macite.tg\\\/?s={search_term_string}\"},\"query-input\":{\"@type\":\"PropertyValueSpecification\",\"valueRequired\":true,\"valueName\":\"search_term_string\"}}],\"inLanguage\":\"fr-FR\"},{\"@type\":\"Person\",\"@id\":\"https:\\\/\\\/macite.tg\\\/#\\\/schema\\\/person\\\/e9f2de7e5dbbe7770a9402c7ce82f5c2\",\"name\":\"Jean Pierre BAWELA\",\"image\":{\"@type\":\"ImageObject\",\"inLanguage\":\"fr-FR\",\"@id\":\"https:\\\/\\\/macite.tg\\\/wp-content\\\/uploads\\\/2023\\\/09\\\/WhatsApp-Image-2023-09-19-at-14.44.41-122x122.jpeg\",\"url\":\"https:\\\/\\\/macite.tg\\\/wp-content\\\/uploads\\\/2023\\\/09\\\/WhatsApp-Image-2023-09-19-at-14.44.41-122x122.jpeg\",\"contentUrl\":\"https:\\\/\\\/macite.tg\\\/wp-content\\\/uploads\\\/2023\\\/09\\\/WhatsApp-Image-2023-09-19-at-14.44.41-122x122.jpeg\",\"caption\":\"Jean Pierre BAWELA\"},\"url\":\"https:\\\/\\\/macite.tg\\\/?author=2\"}]}<\/script>\n<!-- \/ Yoast SEO plugin. -->","yoast_head_json":{"title":"17E FOIRE DE LOME\u00a0: \u00ab\u00a0Tout le monde veut renouer avec l\u2019activit\u00e9 \u00e9conomique\u2026 Cette \u00e9dition sera tr\u00e8s sp\u00e9ciale\u00a0\u00bb (Yakpey Comlan Nomadoli, DG par int\u00e9rim du CETEF) -","robots":{"index":"index","follow":"follow","max-snippet":"max-snippet:-1","max-image-preview":"max-image-preview:large","max-video-preview":"max-video-preview:-1"},"canonical":"https:\/\/macite.tg\/?p=1772","og_locale":"fr_FR","og_type":"article","og_title":"17E FOIRE DE LOME\u00a0: \u00ab\u00a0Tout le monde veut renouer avec l\u2019activit\u00e9 \u00e9conomique\u2026 Cette \u00e9dition sera tr\u00e8s sp\u00e9ciale\u00a0\u00bb (Yakpey Comlan Nomadoli, DG par int\u00e9rim du CETEF) -","og_description":"\u00c0 quelques jours de l\u2019ouverture de la foire internationale de Lom\u00e9 (FIL), les pr\u00e9paratifs s\u2019acc\u00e9l\u00e8rent sur le site du Centre togolais des expositions et foires de Lom\u00e9 (CETEF-Lom\u00e9). Dans une interview accord\u00e9e \u00e0 nos confr\u00e8res d\u2019agridigitale, le Directeur G\u00e9n\u00e9ral par int\u00e9rim de la foire internationale [&hellip;]","og_url":"https:\/\/macite.tg\/?p=1772","article_published_time":"2022-11-14T09:46:09+00:00","article_modified_time":"2022-11-14T09:46:10+00:00","og_image":[{"width":690,"height":460,"url":"https:\/\/macite.tg\/wp-content\/uploads\/2022\/11\/Conmlan-Yakpey-N.jpg","type":"image\/jpeg"}],"author":"Jean Pierre BAWELA","twitter_card":"summary_large_image","twitter_misc":{"\u00c9crit par":"Jean Pierre BAWELA","Dur\u00e9e de lecture estim\u00e9e":"4 minutes"},"schema":{"@context":"https:\/\/schema.org","@graph":[{"@type":"Article","@id":"https:\/\/macite.tg\/?p=1772#article","isPartOf":{"@id":"https:\/\/macite.tg\/?p=1772"},"author":{"name":"Jean Pierre BAWELA","@id":"https:\/\/macite.tg\/#\/schema\/person\/e9f2de7e5dbbe7770a9402c7ce82f5c2"},"headline":"17E FOIRE DE LOME\u00a0: \u00ab\u00a0Tout le monde veut renouer avec l\u2019activit\u00e9 \u00e9conomique\u2026 Cette \u00e9dition sera tr\u00e8s sp\u00e9ciale\u00a0\u00bb (Yakpey Comlan Nomadoli, DG par int\u00e9rim du CETEF)","datePublished":"2022-11-14T09:46:09+00:00","dateModified":"2022-11-14T09:46:10+00:00","mainEntityOfPage":{"@id":"https:\/\/macite.tg\/?p=1772"},"wordCount":760,"commentCount":0,"image":{"@id":"https:\/\/macite.tg\/?p=1772#primaryimage"},"thumbnailUrl":"https:\/\/macite.tg\/wp-content\/uploads\/2022\/11\/Conmlan-Yakpey-N.jpg","articleSection":["ECONOMIE"],"inLanguage":"fr-FR","potentialAction":[{"@type":"CommentAction","name":"Comment","target":["https:\/\/macite.tg\/?p=1772#respond"]}]},{"@type":"WebPage","@id":"https:\/\/macite.tg\/?p=1772","url":"https:\/\/macite.tg\/?p=1772","name":"17E FOIRE DE LOME\u00a0: \u00ab\u00a0Tout le monde veut renouer avec l\u2019activit\u00e9 \u00e9conomique\u2026 Cette \u00e9dition sera tr\u00e8s sp\u00e9ciale\u00a0\u00bb (Yakpey Comlan Nomadoli, DG par int\u00e9rim du CETEF) -","isPartOf":{"@id":"https:\/\/macite.tg\/#website"},"primaryImageOfPage":{"@id":"https:\/\/macite.tg\/?p=1772#primaryimage"},"image":{"@id":"https:\/\/macite.tg\/?p=1772#primaryimage"},"thumbnailUrl":"https:\/\/macite.tg\/wp-content\/uploads\/2022\/11\/Conmlan-Yakpey-N.jpg","datePublished":"2022-11-14T09:46:09+00:00","dateModified":"2022-11-14T09:46:10+00:00","author":{"@id":"https:\/\/macite.tg\/#\/schema\/person\/e9f2de7e5dbbe7770a9402c7ce82f5c2"},"breadcrumb":{"@id":"https:\/\/macite.tg\/?p=1772#breadcrumb"},"inLanguage":"fr-FR","potentialAction":[{"@type":"ReadAction","target":["https:\/\/macite.tg\/?p=1772"]}]},{"@type":"ImageObject","inLanguage":"fr-FR","@id":"https:\/\/macite.tg\/?p=1772#primaryimage","url":"https:\/\/macite.tg\/wp-content\/uploads\/2022\/11\/Conmlan-Yakpey-N.jpg","contentUrl":"https:\/\/macite.tg\/wp-content\/uploads\/2022\/11\/Conmlan-Yakpey-N.jpg","width":690,"height":460},{"@type":"BreadcrumbList","@id":"https:\/\/macite.tg\/?p=1772#breadcrumb","itemListElement":[{"@type":"ListItem","position":1,"name":"Accueil","item":"https:\/\/macite.tg\/"},{"@type":"ListItem","position":2,"name":"17E FOIRE DE LOME\u00a0: \u00ab\u00a0Tout le monde veut renouer avec l\u2019activit\u00e9 \u00e9conomique\u2026 Cette \u00e9dition sera tr\u00e8s sp\u00e9ciale\u00a0\u00bb (Yakpey Comlan Nomadoli, DG par int\u00e9rim du CETEF)"}]},{"@type":"WebSite","@id":"https:\/\/macite.tg\/#website","url":"https:\/\/macite.tg\/","name":"","description":"L&#039;information, la bonne!!!","potentialAction":[{"@type":"SearchAction","target":{"@type":"EntryPoint","urlTemplate":"https:\/\/macite.tg\/?s={search_term_string}"},"query-input":{"@type":"PropertyValueSpecification","valueRequired":true,"valueName":"search_term_string"}}],"inLanguage":"fr-FR"},{"@type":"Person","@id":"https:\/\/macite.tg\/#\/schema\/person\/e9f2de7e5dbbe7770a9402c7ce82f5c2","name":"Jean Pierre BAWELA","image":{"@type":"ImageObject","inLanguage":"fr-FR","@id":"https:\/\/macite.tg\/wp-content\/uploads\/2023\/09\/WhatsApp-Image-2023-09-19-at-14.44.41-122x122.jpeg","url":"https:\/\/macite.tg\/wp-content\/uploads\/2023\/09\/WhatsApp-Image-2023-09-19-at-14.44.41-122x122.jpeg","contentUrl":"https:\/\/macite.tg\/wp-content\/uploads\/2023\/09\/WhatsApp-Image-2023-09-19-at-14.44.41-122x122.jpeg","caption":"Jean Pierre BAWELA"},"url":"https:\/\/macite.tg\/?author=2"}]}},"_links":{"self":[{"href":"https:\/\/macite.tg\/index.php?rest_route=\/wp\/v2\/posts\/1772","targetHints":{"allow":["GET"]}}],"collection":[{"href":"https:\/\/macite.tg\/index.php?rest_route=\/wp\/v2\/posts"}],"about":[{"href":"https:\/\/macite.tg\/index.php?rest_route=\/wp\/v2\/types\/post"}],"author":[{"embeddable":true,"href":"https:\/\/macite.tg\/index.php?rest_route=\/wp\/v2\/users\/2"}],"replies":[{"embeddable":true,"href":"https:\/\/macite.tg\/index.php?rest_route=%2Fwp%2Fv2%2Fcomments&post=1772"}],"version-history":[{"count":0,"href":"https:\/\/macite.tg\/index.php?rest_route=\/wp\/v2\/posts\/1772\/revisions"}],"wp:featuredmedia":[{"embeddable":true,"href":"https:\/\/macite.tg\/index.php?rest_route=\/wp\/v2\/media\/1773"}],"wp:attachment":[{"href":"https:\/\/macite.tg\/index.php?rest_route=%2Fwp%2Fv2%2Fmedia&parent=1772"}],"wp:term":[{"taxonomy":"category","embeddable":true,"href":"https:\/\/macite.tg\/index.php?rest_route=%2Fwp%2Fv2%2Fcategories&post=1772"},{"taxonomy":"post_tag","embeddable":true,"href":"https:\/\/macite.tg\/index.php?rest_route=%2Fwp%2Fv2%2Ftags&post=1772"}],"curies":[{"name":"wp","href":"https:\/\/api.w.org\/{rel}","templated":true}]}}