{"id":17687,"date":"2024-11-01T16:04:25","date_gmt":"2024-11-01T16:04:25","guid":{"rendered":"https:\/\/macite.tg\/?p=17687"},"modified":"2024-11-01T16:04:33","modified_gmt":"2024-11-01T16:04:33","slug":"fonction-publique-le-concours-de-2020-annule-un-nouveau-lance","status":"publish","type":"post","link":"https:\/\/macite.tg\/?p=17687","title":{"rendered":"FONCTION PUBLIQUE : Le concours de 2020 annul\u00e9\u2026 un nouveau lanc\u00e9"},"content":{"rendered":"\n<p class=\"wp-block-paragraph\"><\/p>\n\n\n\n<p class=\"wp-block-paragraph\"><strong><em>Le minist\u00e8re de la r\u00e9forme du service public, du travail et du dialogue social vient d\u2019annoncer le lancement d\u2019un\u00a0<a href=\"https:\/\/fonctionpublique.gouv.tg\/wp-content\/uploads\/2024\/10\/Communique-et-arrete-douverture-du-concours-pour-le-compte-du-MEF-2024.pdf\">nouveau concours national de recrutement<\/a>\u00a0de fonctionnaires pour le compte du minist\u00e8re de l\u2019\u00e9conomie et des finances. Ce nouveau concours, qui sera officiellement ouvert du\u00a0lundi 04 au vendredi 29 novembre, intervient apr\u00e8s l\u2019annulation de\u00a0<a href=\"https:\/\/www.republiquetogolaise.com\/services-publics\/2401-3990-le-ministere-de-l-economie-et-des-finances-recrute-700-fonctionnaires\">celui de janvier 2020<\/a>.<\/em><\/strong><\/p>\n\n\n\n<p class=\"wp-block-paragraph\">En tout, 800 postes sont \u00e0 pourvoir, r\u00e9partis dans pr\u00e8s de 90 sp\u00e9cialit\u00e9s ou profils divers. Les \u00e9preuves, fix\u00e9es au\u00a0<strong>21 d\u00e9cembre 2024<\/strong>, se d\u00e9rouleront \u00e0\u00a0<strong>Lom\u00e9<\/strong>, \u00e0\u00a0<strong>Kara<\/strong>, et \u00e0\u00a0<strong>Dapaong<\/strong>.\u00a0\u00a0\u00a0\u00a0\u00a0 <\/p>\n\n\n\n<p class=\"wp-block-paragraph\">Sont autoris\u00e9s \u00e0 participer, les Togolais des deux sexes jouissant de leurs droits civiques, \u00e2g\u00e9s de 18 ans au moins et 40 ans au plus \u00e0 la date du concours.&nbsp;<strong>Toutefois, pour les candidats ayant exerc\u00e9 ou exer\u00e7ant en qualit\u00e9 de volontaires nationaux, qui postulent pour exercer le m\u00eame emploi, ainsi que ceux ayant fait acte de candidature au concours initial du 22 janvier 2020, la limite d\u2019\u00e2ge est port\u00e9e respectivement \u00e0 44 et 45 ans.<\/strong><\/p>\n\n\n<div class=\"wp-block-image\">\n<figure class=\"aligncenter size-large is-resized\"><img loading=\"lazy\" decoding=\"async\" src=\"https:\/\/macite.tg\/wp-content\/uploads\/2024\/10\/COMMUNIQUE_DCCF_31-1-724x1024.jpg\" alt=\"\" class=\"wp-image-17604\" width=\"594\" height=\"840\" srcset=\"https:\/\/macite.tg\/wp-content\/uploads\/2024\/10\/COMMUNIQUE_DCCF_31-1-724x1024.jpg 724w, https:\/\/macite.tg\/wp-content\/uploads\/2024\/10\/COMMUNIQUE_DCCF_31-1-212x300.jpg 212w, https:\/\/macite.tg\/wp-content\/uploads\/2024\/10\/COMMUNIQUE_DCCF_31-1-768x1086.jpg 768w, https:\/\/macite.tg\/wp-content\/uploads\/2024\/10\/COMMUNIQUE_DCCF_31-1-1086x1536.jpg 1086w, https:\/\/macite.tg\/wp-content\/uploads\/2024\/10\/COMMUNIQUE_DCCF_31-1-1448x2048.jpg 1448w, https:\/\/macite.tg\/wp-content\/uploads\/2024\/10\/COMMUNIQUE_DCCF_31-1-scaled.jpg 1810w\" sizes=\"auto, (max-width: 594px) 100vw, 594px\" \/><\/figure>\n<\/div>\n\n\n<p class=\"wp-block-paragraph\">Les frais de candidature, fix\u00e9s \u00e0&nbsp;<strong>5000 FCFA<\/strong>&nbsp;(quittance attestant le paiement des droits), font \u00e9galement l&rsquo;objet d\u2019un am\u00e9nagement. En effet,&nbsp;<strong>les candidats ayant fait acte de candidature au concours initial du 22 janvier 2020 et \u00e2g\u00e9s de 45 au 31 d\u00e9cembre 2024 sont dispens\u00e9s des formalit\u00e9s de d\u00e9p\u00f4t de dossiers de candidature et de paiement des frais de quittance, s\u2019ils concourent pour les m\u00eames sp\u00e9cialit\u00e9s et cat\u00e9gories<\/strong>, a pr\u00e9cis\u00e9 le minist\u00e8re.&nbsp;<\/p>\n\n\n\n<p class=\"wp-block-paragraph\">Toutes les conditions de candidature sont disponibles sur le&nbsp;<a href=\"https:\/\/fonctionpublique.gouv.tg\/concours-de-recrutement-pour-le-compte-du-ministere-de-leconomie-et-des-finances\/\">site du minist\u00e8re<\/a>, ainsi que dans le Quotidien national.<\/p>\n\n\n\n<p class=\"wp-block-paragraph\"><strong>Source&nbsp;: Republiquetogolaise<\/strong><\/p>\n\n\n\n<p class=\"wp-block-paragraph\"><a><strong><em>@macite.tg&nbsp;&nbsp;&nbsp;&nbsp;&nbsp;&nbsp;&nbsp;&nbsp;<\/em><\/strong><\/a><\/p>\n\n\n\n<p class=\"wp-block-paragraph\"><strong><em>E-mail&nbsp;: <\/em><\/strong><a href=\"mailto:maciteinfo@gmail.com\"><strong><em>maciteinfo@gmail.com<\/em><\/strong><\/a><strong><em>; <\/em><\/strong><a href=\"mailto:bawela1@gmail.com\"><strong><em>bawela1@gmail.com<\/em><\/strong><\/a><strong><em><\/em><\/strong><\/p>\n\n\n\n<p class=\"wp-block-paragraph\"><strong><em>Pour vos annonces, (publi)reportages, etc., joignez-nous au (00228)91515309\/<strong>79872224 <\/strong>www.macite.tg, L\u2019information, la bonne&nbsp;!<\/em><\/strong><\/p>\n","protected":false},"excerpt":{"rendered":"<p class=\"text-justify mb-2\" >Le minist\u00e8re de la r\u00e9forme du service public, du travail et du dialogue social vient d\u2019annoncer le lancement d\u2019un\u00a0nouveau concours national de recrutement\u00a0de fonctionnaires pour le compte du minist\u00e8re de l\u2019\u00e9conomie et des finances. Ce nouveau concours, qui sera officiellement ouvert du\u00a0lundi 04 au vendredi [&hellip;]<\/p>\n","protected":false},"author":2,"featured_media":17688,"comment_status":"open","ping_status":"open","sticky":false,"template":"","format":"standard","meta":{"footnotes":""},"categories":[20,64],"tags":[],"class_list":["post-17687","post","type-post","status-publish","format-standard","has-post-thumbnail","hentry","category-actualite","category-recrutement"],"yoast_head":"<!-- This site is optimized with the Yoast SEO plugin v28.4 - https:\/\/yoast.com\/product\/yoast-seo-wordpress\/ -->\n<title>FONCTION PUBLIQUE : Le concours de 2020 annul\u00e9\u2026 un nouveau lanc\u00e9 -<\/title>\n<meta name=\"robots\" content=\"index, follow, max-snippet:-1, max-image-preview:large, max-video-preview:-1\" \/>\n<link rel=\"canonical\" href=\"https:\/\/macite.tg\/?p=17687\" \/>\n<meta property=\"og:locale\" content=\"fr_FR\" \/>\n<meta property=\"og:type\" content=\"article\" \/>\n<meta property=\"og:title\" content=\"FONCTION PUBLIQUE : Le concours de 2020 annul\u00e9\u2026 un nouveau lanc\u00e9 -\" \/>\n<meta property=\"og:description\" content=\"Le minist\u00e8re de la r\u00e9forme du service public, du travail et du dialogue social vient d\u2019annoncer le lancement d\u2019un\u00a0nouveau concours national de recrutement\u00a0de fonctionnaires pour le compte du minist\u00e8re de l\u2019\u00e9conomie et des finances. Ce nouveau concours, qui sera officiellement ouvert du\u00a0lundi 04 au vendredi [&hellip;]\" \/>\n<meta property=\"og:url\" content=\"https:\/\/macite.tg\/?p=17687\" \/>\n<meta property=\"article:published_time\" content=\"2024-11-01T16:04:25+00:00\" \/>\n<meta property=\"article:modified_time\" content=\"2024-11-01T16:04:33+00:00\" \/>\n<meta property=\"og:image\" content=\"https:\/\/macite.tg\/wp-content\/uploads\/2024\/11\/image-1.png\" \/>\n\t<meta property=\"og:image:width\" content=\"309\" \/>\n\t<meta property=\"og:image:height\" content=\"270\" \/>\n\t<meta property=\"og:image:type\" content=\"image\/png\" \/>\n<meta name=\"author\" content=\"Jean Pierre BAWELA\" \/>\n<meta name=\"twitter:card\" content=\"summary_large_image\" \/>\n<meta name=\"twitter:label1\" content=\"\u00c9crit par\" \/>\n\t<meta name=\"twitter:data1\" content=\"Jean Pierre BAWELA\" \/>\n\t<meta name=\"twitter:label2\" content=\"Dur\u00e9e de lecture estim\u00e9e\" \/>\n\t<meta name=\"twitter:data2\" content=\"2 minutes\" \/>\n<script type=\"application\/ld+json\" class=\"yoast-schema-graph\">{\"@context\":\"https:\\\/\\\/schema.org\",\"@graph\":[{\"@type\":\"Article\",\"@id\":\"https:\\\/\\\/macite.tg\\\/?p=17687#article\",\"isPartOf\":{\"@id\":\"https:\\\/\\\/macite.tg\\\/?p=17687\"},\"author\":{\"name\":\"Jean Pierre BAWELA\",\"@id\":\"https:\\\/\\\/macite.tg\\\/#\\\/schema\\\/person\\\/e9f2de7e5dbbe7770a9402c7ce82f5c2\"},\"headline\":\"FONCTION PUBLIQUE : Le concours de 2020 annul\u00e9\u2026 un nouveau lanc\u00e9\",\"datePublished\":\"2024-11-01T16:04:25+00:00\",\"dateModified\":\"2024-11-01T16:04:33+00:00\",\"mainEntityOfPage\":{\"@id\":\"https:\\\/\\\/macite.tg\\\/?p=17687\"},\"wordCount\":320,\"commentCount\":0,\"image\":{\"@id\":\"https:\\\/\\\/macite.tg\\\/?p=17687#primaryimage\"},\"thumbnailUrl\":\"https:\\\/\\\/macite.tg\\\/wp-content\\\/uploads\\\/2024\\\/11\\\/image-1.png\",\"articleSection\":[\"ACTUALITE\",\"RECRUTEMENT\"],\"inLanguage\":\"fr-FR\",\"potentialAction\":[{\"@type\":\"CommentAction\",\"name\":\"Comment\",\"target\":[\"https:\\\/\\\/macite.tg\\\/?p=17687#respond\"]}]},{\"@type\":\"WebPage\",\"@id\":\"https:\\\/\\\/macite.tg\\\/?p=17687\",\"url\":\"https:\\\/\\\/macite.tg\\\/?p=17687\",\"name\":\"FONCTION PUBLIQUE : Le concours de 2020 annul\u00e9\u2026 un nouveau lanc\u00e9 -\",\"isPartOf\":{\"@id\":\"https:\\\/\\\/macite.tg\\\/#website\"},\"primaryImageOfPage\":{\"@id\":\"https:\\\/\\\/macite.tg\\\/?p=17687#primaryimage\"},\"image\":{\"@id\":\"https:\\\/\\\/macite.tg\\\/?p=17687#primaryimage\"},\"thumbnailUrl\":\"https:\\\/\\\/macite.tg\\\/wp-content\\\/uploads\\\/2024\\\/11\\\/image-1.png\",\"datePublished\":\"2024-11-01T16:04:25+00:00\",\"dateModified\":\"2024-11-01T16:04:33+00:00\",\"author\":{\"@id\":\"https:\\\/\\\/macite.tg\\\/#\\\/schema\\\/person\\\/e9f2de7e5dbbe7770a9402c7ce82f5c2\"},\"breadcrumb\":{\"@id\":\"https:\\\/\\\/macite.tg\\\/?p=17687#breadcrumb\"},\"inLanguage\":\"fr-FR\",\"potentialAction\":[{\"@type\":\"ReadAction\",\"target\":[\"https:\\\/\\\/macite.tg\\\/?p=17687\"]}]},{\"@type\":\"ImageObject\",\"inLanguage\":\"fr-FR\",\"@id\":\"https:\\\/\\\/macite.tg\\\/?p=17687#primaryimage\",\"url\":\"https:\\\/\\\/macite.tg\\\/wp-content\\\/uploads\\\/2024\\\/11\\\/image-1.png\",\"contentUrl\":\"https:\\\/\\\/macite.tg\\\/wp-content\\\/uploads\\\/2024\\\/11\\\/image-1.png\",\"width\":309,\"height\":270},{\"@type\":\"BreadcrumbList\",\"@id\":\"https:\\\/\\\/macite.tg\\\/?p=17687#breadcrumb\",\"itemListElement\":[{\"@type\":\"ListItem\",\"position\":1,\"name\":\"Accueil\",\"item\":\"https:\\\/\\\/macite.tg\\\/\"},{\"@type\":\"ListItem\",\"position\":2,\"name\":\"FONCTION PUBLIQUE : Le concours de 2020 annul\u00e9\u2026 un nouveau lanc\u00e9\"}]},{\"@type\":\"WebSite\",\"@id\":\"https:\\\/\\\/macite.tg\\\/#website\",\"url\":\"https:\\\/\\\/macite.tg\\\/\",\"name\":\"\",\"description\":\"L&#039;information, la bonne!!!\",\"potentialAction\":[{\"@type\":\"SearchAction\",\"target\":{\"@type\":\"EntryPoint\",\"urlTemplate\":\"https:\\\/\\\/macite.tg\\\/?s={search_term_string}\"},\"query-input\":{\"@type\":\"PropertyValueSpecification\",\"valueRequired\":true,\"valueName\":\"search_term_string\"}}],\"inLanguage\":\"fr-FR\"},{\"@type\":\"Person\",\"@id\":\"https:\\\/\\\/macite.tg\\\/#\\\/schema\\\/person\\\/e9f2de7e5dbbe7770a9402c7ce82f5c2\",\"name\":\"Jean Pierre BAWELA\",\"image\":{\"@type\":\"ImageObject\",\"inLanguage\":\"fr-FR\",\"@id\":\"https:\\\/\\\/macite.tg\\\/wp-content\\\/uploads\\\/2023\\\/09\\\/WhatsApp-Image-2023-09-19-at-14.44.41-122x122.jpeg\",\"url\":\"https:\\\/\\\/macite.tg\\\/wp-content\\\/uploads\\\/2023\\\/09\\\/WhatsApp-Image-2023-09-19-at-14.44.41-122x122.jpeg\",\"contentUrl\":\"https:\\\/\\\/macite.tg\\\/wp-content\\\/uploads\\\/2023\\\/09\\\/WhatsApp-Image-2023-09-19-at-14.44.41-122x122.jpeg\",\"caption\":\"Jean Pierre BAWELA\"},\"url\":\"https:\\\/\\\/macite.tg\\\/?author=2\"}]}<\/script>\n<!-- \/ Yoast SEO plugin. -->","yoast_head_json":{"title":"FONCTION PUBLIQUE : Le concours de 2020 annul\u00e9\u2026 un nouveau lanc\u00e9 -","robots":{"index":"index","follow":"follow","max-snippet":"max-snippet:-1","max-image-preview":"max-image-preview:large","max-video-preview":"max-video-preview:-1"},"canonical":"https:\/\/macite.tg\/?p=17687","og_locale":"fr_FR","og_type":"article","og_title":"FONCTION PUBLIQUE : Le concours de 2020 annul\u00e9\u2026 un nouveau lanc\u00e9 -","og_description":"Le minist\u00e8re de la r\u00e9forme du service public, du travail et du dialogue social vient d\u2019annoncer le lancement d\u2019un\u00a0nouveau concours national de recrutement\u00a0de fonctionnaires pour le compte du minist\u00e8re de l\u2019\u00e9conomie et des finances. Ce nouveau concours, qui sera officiellement ouvert du\u00a0lundi 04 au vendredi [&hellip;]","og_url":"https:\/\/macite.tg\/?p=17687","article_published_time":"2024-11-01T16:04:25+00:00","article_modified_time":"2024-11-01T16:04:33+00:00","og_image":[{"width":309,"height":270,"url":"https:\/\/macite.tg\/wp-content\/uploads\/2024\/11\/image-1.png","type":"image\/png"}],"author":"Jean Pierre BAWELA","twitter_card":"summary_large_image","twitter_misc":{"\u00c9crit par":"Jean Pierre BAWELA","Dur\u00e9e de lecture estim\u00e9e":"2 minutes"},"schema":{"@context":"https:\/\/schema.org","@graph":[{"@type":"Article","@id":"https:\/\/macite.tg\/?p=17687#article","isPartOf":{"@id":"https:\/\/macite.tg\/?p=17687"},"author":{"name":"Jean Pierre BAWELA","@id":"https:\/\/macite.tg\/#\/schema\/person\/e9f2de7e5dbbe7770a9402c7ce82f5c2"},"headline":"FONCTION PUBLIQUE : Le concours de 2020 annul\u00e9\u2026 un nouveau lanc\u00e9","datePublished":"2024-11-01T16:04:25+00:00","dateModified":"2024-11-01T16:04:33+00:00","mainEntityOfPage":{"@id":"https:\/\/macite.tg\/?p=17687"},"wordCount":320,"commentCount":0,"image":{"@id":"https:\/\/macite.tg\/?p=17687#primaryimage"},"thumbnailUrl":"https:\/\/macite.tg\/wp-content\/uploads\/2024\/11\/image-1.png","articleSection":["ACTUALITE","RECRUTEMENT"],"inLanguage":"fr-FR","potentialAction":[{"@type":"CommentAction","name":"Comment","target":["https:\/\/macite.tg\/?p=17687#respond"]}]},{"@type":"WebPage","@id":"https:\/\/macite.tg\/?p=17687","url":"https:\/\/macite.tg\/?p=17687","name":"FONCTION PUBLIQUE : Le concours de 2020 annul\u00e9\u2026 un nouveau lanc\u00e9 -","isPartOf":{"@id":"https:\/\/macite.tg\/#website"},"primaryImageOfPage":{"@id":"https:\/\/macite.tg\/?p=17687#primaryimage"},"image":{"@id":"https:\/\/macite.tg\/?p=17687#primaryimage"},"thumbnailUrl":"https:\/\/macite.tg\/wp-content\/uploads\/2024\/11\/image-1.png","datePublished":"2024-11-01T16:04:25+00:00","dateModified":"2024-11-01T16:04:33+00:00","author":{"@id":"https:\/\/macite.tg\/#\/schema\/person\/e9f2de7e5dbbe7770a9402c7ce82f5c2"},"breadcrumb":{"@id":"https:\/\/macite.tg\/?p=17687#breadcrumb"},"inLanguage":"fr-FR","potentialAction":[{"@type":"ReadAction","target":["https:\/\/macite.tg\/?p=17687"]}]},{"@type":"ImageObject","inLanguage":"fr-FR","@id":"https:\/\/macite.tg\/?p=17687#primaryimage","url":"https:\/\/macite.tg\/wp-content\/uploads\/2024\/11\/image-1.png","contentUrl":"https:\/\/macite.tg\/wp-content\/uploads\/2024\/11\/image-1.png","width":309,"height":270},{"@type":"BreadcrumbList","@id":"https:\/\/macite.tg\/?p=17687#breadcrumb","itemListElement":[{"@type":"ListItem","position":1,"name":"Accueil","item":"https:\/\/macite.tg\/"},{"@type":"ListItem","position":2,"name":"FONCTION PUBLIQUE : Le concours de 2020 annul\u00e9\u2026 un nouveau lanc\u00e9"}]},{"@type":"WebSite","@id":"https:\/\/macite.tg\/#website","url":"https:\/\/macite.tg\/","name":"","description":"L&#039;information, la bonne!!!","potentialAction":[{"@type":"SearchAction","target":{"@type":"EntryPoint","urlTemplate":"https:\/\/macite.tg\/?s={search_term_string}"},"query-input":{"@type":"PropertyValueSpecification","valueRequired":true,"valueName":"search_term_string"}}],"inLanguage":"fr-FR"},{"@type":"Person","@id":"https:\/\/macite.tg\/#\/schema\/person\/e9f2de7e5dbbe7770a9402c7ce82f5c2","name":"Jean Pierre BAWELA","image":{"@type":"ImageObject","inLanguage":"fr-FR","@id":"https:\/\/macite.tg\/wp-content\/uploads\/2023\/09\/WhatsApp-Image-2023-09-19-at-14.44.41-122x122.jpeg","url":"https:\/\/macite.tg\/wp-content\/uploads\/2023\/09\/WhatsApp-Image-2023-09-19-at-14.44.41-122x122.jpeg","contentUrl":"https:\/\/macite.tg\/wp-content\/uploads\/2023\/09\/WhatsApp-Image-2023-09-19-at-14.44.41-122x122.jpeg","caption":"Jean Pierre BAWELA"},"url":"https:\/\/macite.tg\/?author=2"}]}},"_links":{"self":[{"href":"https:\/\/macite.tg\/index.php?rest_route=\/wp\/v2\/posts\/17687","targetHints":{"allow":["GET"]}}],"collection":[{"href":"https:\/\/macite.tg\/index.php?rest_route=\/wp\/v2\/posts"}],"about":[{"href":"https:\/\/macite.tg\/index.php?rest_route=\/wp\/v2\/types\/post"}],"author":[{"embeddable":true,"href":"https:\/\/macite.tg\/index.php?rest_route=\/wp\/v2\/users\/2"}],"replies":[{"embeddable":true,"href":"https:\/\/macite.tg\/index.php?rest_route=%2Fwp%2Fv2%2Fcomments&post=17687"}],"version-history":[{"count":0,"href":"https:\/\/macite.tg\/index.php?rest_route=\/wp\/v2\/posts\/17687\/revisions"}],"wp:featuredmedia":[{"embeddable":true,"href":"https:\/\/macite.tg\/index.php?rest_route=\/wp\/v2\/media\/17688"}],"wp:attachment":[{"href":"https:\/\/macite.tg\/index.php?rest_route=%2Fwp%2Fv2%2Fmedia&parent=17687"}],"wp:term":[{"taxonomy":"category","embeddable":true,"href":"https:\/\/macite.tg\/index.php?rest_route=%2Fwp%2Fv2%2Fcategories&post=17687"},{"taxonomy":"post_tag","embeddable":true,"href":"https:\/\/macite.tg\/index.php?rest_route=%2Fwp%2Fv2%2Ftags&post=17687"}],"curies":[{"name":"wp","href":"https:\/\/api.w.org\/{rel}","templated":true}]}}