{"id":17678,"date":"2024-10-31T19:13:16","date_gmt":"2024-10-31T19:13:16","guid":{"rendered":"https:\/\/macite.tg\/?p=17678"},"modified":"2024-10-31T19:13:25","modified_gmt":"2024-10-31T19:13:25","slug":"region-des-savanes-lacces-a-lelectricite-en-nette-progression","status":"publish","type":"post","link":"https:\/\/macite.tg\/?p=17678","title":{"rendered":"REGION DES SAVANES\u00a0: L\u2019acc\u00e8s \u00e0 l\u2019\u00e9lectricit\u00e9 en nette progression\u2026"},"content":{"rendered":"\n<p class=\"wp-block-paragraph\"><strong><em>Sur son chemin vers la r\u00e9duction des in\u00e9galit\u00e9s et l&rsquo;am\u00e9lioration des conditions de vie des populations, le gouvernement s&rsquo;est alli\u00e9 avec le Programme d&rsquo;urgence pour la r\u00e9gion des Savanes (Purs). Multidimensionnel, il se concentre sur plusieurs aspects du d\u00e9veloppement social et \u00e9conomique, dont l&rsquo;acc\u00e8s \u00e0 l&rsquo;\u00e9lectricit\u00e9, un facteur essentiellement cl\u00e9 de la transformation \u00e9conomique et sociale.<\/em><\/strong><\/p>\n\n\n\n<p class=\"wp-block-paragraph\">Par le truchement des r\u00e9alisations du Purs, l&rsquo;\u00e9nergie \u00e9lectrique gagne la r\u00e9gion des Savanes \u00e0 une allure rapide. Pr\u00e9c\u00e9demment sous-\u00e9quip\u00e9es, les zones qui b\u00e9n\u00e9ficient du programme ont de plus en plus de la lumi\u00e8re, avec les retomb\u00e9es positives que cela engendre. <\/p>\n\n\n\n<p class=\"wp-block-paragraph\"><strong>Une \u00e9lectrification r\u00e9ussie<\/strong><\/p>\n\n\n\n<p class=\"wp-block-paragraph\">Le Purs, lanc\u00e9 en d\u00e9but de 2022, s&rsquo;attaque vraiment \u00e0 des enjeux structurels. Parmi les initiatives notables, on compte l&rsquo;\u00e9lectrification rurale de 18 localit\u00e9s de la r\u00e9gion, lanc\u00e9e en juillet 2023, pour am\u00e9liorer l&rsquo;acc\u00e8s \u00e0 l&rsquo;\u00e9lectricit\u00e9 et favoriser le d\u00e9veloppement \u00e9conomique.<\/p>\n\n\n\n<p class=\"wp-block-paragraph\">Sur le volet \u00e9nerg\u00e9tique, le programme revendique 15.000 m\u00e9nages qui ont \u00e9t\u00e9 raccord\u00e9s \u00e0 l&rsquo;\u00e9lectricit\u00e9. Ces raccordements ont port\u00e9 le taux de couverture de 22 % en 2021 \u00e0 27 % en 2022, soit une progression de cinq (05) points.<\/p>\n\n\n<div class=\"wp-block-image\">\n<figure class=\"aligncenter size-large is-resized\"><img loading=\"lazy\" decoding=\"async\" src=\"https:\/\/macite.tg\/wp-content\/uploads\/2024\/10\/COMMUNIQUE_DCCF_31-724x1024.jpg\" alt=\"\" class=\"wp-image-17560\" width=\"610\" height=\"863\" srcset=\"https:\/\/macite.tg\/wp-content\/uploads\/2024\/10\/COMMUNIQUE_DCCF_31-724x1024.jpg 724w, https:\/\/macite.tg\/wp-content\/uploads\/2024\/10\/COMMUNIQUE_DCCF_31-212x300.jpg 212w, https:\/\/macite.tg\/wp-content\/uploads\/2024\/10\/COMMUNIQUE_DCCF_31-768x1086.jpg 768w, https:\/\/macite.tg\/wp-content\/uploads\/2024\/10\/COMMUNIQUE_DCCF_31-1086x1536.jpg 1086w, https:\/\/macite.tg\/wp-content\/uploads\/2024\/10\/COMMUNIQUE_DCCF_31-1448x2048.jpg 1448w, https:\/\/macite.tg\/wp-content\/uploads\/2024\/10\/COMMUNIQUE_DCCF_31-scaled.jpg 1810w\" sizes=\"auto, (max-width: 610px) 100vw, 610px\" \/><\/figure>\n<\/div>\n\n\n<p class=\"wp-block-paragraph\">Lorsqu&rsquo;il a \u00e9t\u00e9 mis en march\u00e9, le Purs a b\u00e9n\u00e9fici\u00e9, lors de sa premi\u00e8re ann\u00e9e de mise en \u0153uvre, de 50 milliards de francs Cfa investis. Pour lutter contre le terrorisme et renforcer la r\u00e9silience des communaut\u00e9s, le Purs, qui a entre-temps \u00e9t\u00e9 \u00e9largi \u00e0 l&rsquo;ensemble du territoire, va maintenant avec un budget pr\u00e9visionnel de 326 milliards de francs Cfa.<\/p>\n\n\n\n<p class=\"wp-block-paragraph\"><strong>Autres m\u00e9canismes louables<\/strong><\/p>\n\n\n\n<p class=\"wp-block-paragraph\">En mati\u00e8re d&rsquo;acc\u00e8s \u00e0 l&rsquo;\u00e9lectricit\u00e9, plusieurs programmes se relaient dans le pays. Cizo, par exemple, offre de l&rsquo;\u00e9lectricit\u00e9 de qualit\u00e9 aux populations rurales \u00e0 moindre co\u00fbt.<\/p>\n\n\n\n<p class=\"wp-block-paragraph\">De 2017 \u00e0 la fin du mois de juin 2023, Cizo a facilit\u00e9 la distribution de 134&nbsp;431 kits solaires aux m\u00e9nages. Le programme pr\u00e9sidentiel offre aux populations rurales de l&rsquo;\u00e9lectricit\u00e9 domestique avec pour ambition d&rsquo;\u00e9lectrifier 200.000 m\u00e9nages par kits solaires. L&rsquo;initiative est faite sur un mod\u00e8le de &lsquo;pay as you go&rsquo;, une tarification \u00e0 l&rsquo;usage.<\/p>\n\n\n\n<p class=\"wp-block-paragraph\">Outre Cizo, le fonds Tinga raccorde facilement \u00e0 l&rsquo;\u00e9lectricit\u00e9 en offrant la possibilit\u00e9 aux communaut\u00e9s rurales de payer seulement 1.000 francs Cfa. Le reste du montant \u00e0 rembourser est \u00e9tal\u00e9 sur une p\u00e9riode allant de 4 \u00e0 10 ans pour ces populations \u00e0 faible revenu.<\/p>\n\n\n<div class=\"wp-block-image\">\n<figure class=\"aligncenter size-large is-resized\"><img loading=\"lazy\" decoding=\"async\" src=\"https:\/\/macite.tg\/wp-content\/uploads\/2024\/10\/COMMUNIQUE_DCCF_32-724x1024.jpg\" alt=\"\" class=\"wp-image-17561\" width=\"528\" height=\"747\" srcset=\"https:\/\/macite.tg\/wp-content\/uploads\/2024\/10\/COMMUNIQUE_DCCF_32-724x1024.jpg 724w, https:\/\/macite.tg\/wp-content\/uploads\/2024\/10\/COMMUNIQUE_DCCF_32-212x300.jpg 212w, https:\/\/macite.tg\/wp-content\/uploads\/2024\/10\/COMMUNIQUE_DCCF_32-768x1086.jpg 768w, https:\/\/macite.tg\/wp-content\/uploads\/2024\/10\/COMMUNIQUE_DCCF_32-1086x1536.jpg 1086w, https:\/\/macite.tg\/wp-content\/uploads\/2024\/10\/COMMUNIQUE_DCCF_32-1448x2048.jpg 1448w, https:\/\/macite.tg\/wp-content\/uploads\/2024\/10\/COMMUNIQUE_DCCF_32-scaled.jpg 1810w\" sizes=\"auto, (max-width: 528px) 100vw, 528px\" \/><\/figure>\n<\/div>\n\n\n<p class=\"wp-block-paragraph\">En 2023, 20&nbsp;971 branchements ont \u00e9t\u00e9 effectu\u00e9s dans 3 r\u00e9gions&nbsp;: les Savanes, la Kara et les Plateaux. Le taux d&rsquo;acc\u00e8s est pass\u00e9 de 22&nbsp;\u00e0 33&nbsp;% entre 2022 et 2023 dans la r\u00e9gion des Savanes, de 35 \u00e0 44&nbsp;% dans la r\u00e9gion de la Kara et de 29 \u00e0 39&nbsp;% dans la r\u00e9gion des Plateaux.<\/p>\n\n\n\n<p class=\"wp-block-paragraph\">Op\u00e9rationnel depuis avril 2022, le fonds Tinga a d\u00e9j\u00e0 permis de raccorder pr\u00e8s de 42.000 foyers, soit pr\u00e8s de 300.000 personnes. Le Togo a boucl\u00e9 l&rsquo;ann\u00e9e 2023 avec un taux national d&rsquo;acc\u00e8s \u00e0 l&rsquo;\u00e9lectricit\u00e9 de 66 %, contre 63 % en 2022 et 59 % en 2021.<\/p>\n\n\n\n<p class=\"wp-block-paragraph\"><strong>Samir<\/strong><\/p>\n\n\n\n<p class=\"wp-block-paragraph\"><a><strong><em>@macite.tg&nbsp;&nbsp;&nbsp;&nbsp;&nbsp;&nbsp;&nbsp;&nbsp;<\/em><\/strong><\/a><\/p>\n\n\n\n<p class=\"wp-block-paragraph\"><strong><em>E-mail&nbsp;: <\/em><\/strong><a href=\"mailto:maciteinfo@gmail.com\"><strong><em>maciteinfo@gmail.com<\/em><\/strong><\/a><strong><em>; <\/em><\/strong><a href=\"mailto:bawela1@gmail.com\"><strong><em>bawela1@gmail.com<\/em><\/strong><\/a><strong><em><\/em><\/strong><\/p>\n\n\n\n<p class=\"wp-block-paragraph\"><strong><em>Pour vos annonces, (publi)reportages, etc., joignez-nous au (00228)91515309\/<strong>79872224 <\/strong>www.macite.tg, L\u2019information, la bonne&nbsp;!<\/em><\/strong><\/p>\n","protected":false},"excerpt":{"rendered":"<p class=\"text-justify mb-2\" >Sur son chemin vers la r\u00e9duction des in\u00e9galit\u00e9s et l&rsquo;am\u00e9lioration des conditions de vie des populations, le gouvernement s&rsquo;est alli\u00e9 avec le Programme d&rsquo;urgence pour la r\u00e9gion des Savanes (Purs). Multidimensionnel, il se concentre sur plusieurs aspects du d\u00e9veloppement social et \u00e9conomique, dont l&rsquo;acc\u00e8s \u00e0 [&hellip;]<\/p>\n","protected":false},"author":2,"featured_media":17680,"comment_status":"open","ping_status":"open","sticky":false,"template":"","format":"standard","meta":{"footnotes":""},"categories":[20,38],"tags":[],"class_list":["post-17678","post","type-post","status-publish","format-standard","has-post-thumbnail","hentry","category-actualite","category-energie"],"yoast_head":"<!-- This site is optimized with the Yoast SEO plugin v28.4 - https:\/\/yoast.com\/product\/yoast-seo-wordpress\/ -->\n<title>REGION DES SAVANES\u00a0: L\u2019acc\u00e8s \u00e0 l\u2019\u00e9lectricit\u00e9 en nette progression\u2026 -<\/title>\n<meta name=\"robots\" content=\"index, follow, max-snippet:-1, max-image-preview:large, max-video-preview:-1\" \/>\n<link rel=\"canonical\" href=\"https:\/\/macite.tg\/?p=17678\" \/>\n<meta property=\"og:locale\" content=\"fr_FR\" \/>\n<meta property=\"og:type\" content=\"article\" \/>\n<meta property=\"og:title\" content=\"REGION DES SAVANES\u00a0: L\u2019acc\u00e8s \u00e0 l\u2019\u00e9lectricit\u00e9 en nette progression\u2026 -\" \/>\n<meta property=\"og:description\" content=\"Sur son chemin vers la r\u00e9duction des in\u00e9galit\u00e9s et l&rsquo;am\u00e9lioration des conditions de vie des populations, le gouvernement s&rsquo;est alli\u00e9 avec le Programme d&rsquo;urgence pour la r\u00e9gion des Savanes (Purs). Multidimensionnel, il se concentre sur plusieurs aspects du d\u00e9veloppement social et \u00e9conomique, dont l&rsquo;acc\u00e8s \u00e0 [&hellip;]\" \/>\n<meta property=\"og:url\" content=\"https:\/\/macite.tg\/?p=17678\" \/>\n<meta property=\"article:published_time\" content=\"2024-10-31T19:13:16+00:00\" \/>\n<meta property=\"article:modified_time\" content=\"2024-10-31T19:13:25+00:00\" \/>\n<meta property=\"og:image\" content=\"https:\/\/macite.tg\/wp-content\/uploads\/2024\/10\/image-78.png\" \/>\n\t<meta property=\"og:image:width\" content=\"334\" \/>\n\t<meta property=\"og:image:height\" content=\"270\" \/>\n\t<meta property=\"og:image:type\" content=\"image\/png\" \/>\n<meta name=\"author\" content=\"Jean Pierre BAWELA\" \/>\n<meta name=\"twitter:card\" content=\"summary_large_image\" \/>\n<meta name=\"twitter:label1\" content=\"\u00c9crit par\" \/>\n\t<meta name=\"twitter:data1\" content=\"Jean Pierre BAWELA\" \/>\n\t<meta name=\"twitter:label2\" content=\"Dur\u00e9e de lecture estim\u00e9e\" \/>\n\t<meta name=\"twitter:data2\" content=\"3 minutes\" \/>\n<script type=\"application\/ld+json\" class=\"yoast-schema-graph\">{\"@context\":\"https:\\\/\\\/schema.org\",\"@graph\":[{\"@type\":\"Article\",\"@id\":\"https:\\\/\\\/macite.tg\\\/?p=17678#article\",\"isPartOf\":{\"@id\":\"https:\\\/\\\/macite.tg\\\/?p=17678\"},\"author\":{\"name\":\"Jean Pierre BAWELA\",\"@id\":\"https:\\\/\\\/macite.tg\\\/#\\\/schema\\\/person\\\/e9f2de7e5dbbe7770a9402c7ce82f5c2\"},\"headline\":\"REGION DES SAVANES\u00a0: L\u2019acc\u00e8s \u00e0 l\u2019\u00e9lectricit\u00e9 en nette progression\u2026\",\"datePublished\":\"2024-10-31T19:13:16+00:00\",\"dateModified\":\"2024-10-31T19:13:25+00:00\",\"mainEntityOfPage\":{\"@id\":\"https:\\\/\\\/macite.tg\\\/?p=17678\"},\"wordCount\":545,\"commentCount\":0,\"image\":{\"@id\":\"https:\\\/\\\/macite.tg\\\/?p=17678#primaryimage\"},\"thumbnailUrl\":\"https:\\\/\\\/macite.tg\\\/wp-content\\\/uploads\\\/2024\\\/10\\\/image-78.png\",\"articleSection\":[\"ACTUALITE\",\"ENERGIE\"],\"inLanguage\":\"fr-FR\",\"potentialAction\":[{\"@type\":\"CommentAction\",\"name\":\"Comment\",\"target\":[\"https:\\\/\\\/macite.tg\\\/?p=17678#respond\"]}]},{\"@type\":\"WebPage\",\"@id\":\"https:\\\/\\\/macite.tg\\\/?p=17678\",\"url\":\"https:\\\/\\\/macite.tg\\\/?p=17678\",\"name\":\"REGION DES SAVANES\u00a0: L\u2019acc\u00e8s \u00e0 l\u2019\u00e9lectricit\u00e9 en nette progression\u2026 -\",\"isPartOf\":{\"@id\":\"https:\\\/\\\/macite.tg\\\/#website\"},\"primaryImageOfPage\":{\"@id\":\"https:\\\/\\\/macite.tg\\\/?p=17678#primaryimage\"},\"image\":{\"@id\":\"https:\\\/\\\/macite.tg\\\/?p=17678#primaryimage\"},\"thumbnailUrl\":\"https:\\\/\\\/macite.tg\\\/wp-content\\\/uploads\\\/2024\\\/10\\\/image-78.png\",\"datePublished\":\"2024-10-31T19:13:16+00:00\",\"dateModified\":\"2024-10-31T19:13:25+00:00\",\"author\":{\"@id\":\"https:\\\/\\\/macite.tg\\\/#\\\/schema\\\/person\\\/e9f2de7e5dbbe7770a9402c7ce82f5c2\"},\"breadcrumb\":{\"@id\":\"https:\\\/\\\/macite.tg\\\/?p=17678#breadcrumb\"},\"inLanguage\":\"fr-FR\",\"potentialAction\":[{\"@type\":\"ReadAction\",\"target\":[\"https:\\\/\\\/macite.tg\\\/?p=17678\"]}]},{\"@type\":\"ImageObject\",\"inLanguage\":\"fr-FR\",\"@id\":\"https:\\\/\\\/macite.tg\\\/?p=17678#primaryimage\",\"url\":\"https:\\\/\\\/macite.tg\\\/wp-content\\\/uploads\\\/2024\\\/10\\\/image-78.png\",\"contentUrl\":\"https:\\\/\\\/macite.tg\\\/wp-content\\\/uploads\\\/2024\\\/10\\\/image-78.png\",\"width\":334,\"height\":270},{\"@type\":\"BreadcrumbList\",\"@id\":\"https:\\\/\\\/macite.tg\\\/?p=17678#breadcrumb\",\"itemListElement\":[{\"@type\":\"ListItem\",\"position\":1,\"name\":\"Accueil\",\"item\":\"https:\\\/\\\/macite.tg\\\/\"},{\"@type\":\"ListItem\",\"position\":2,\"name\":\"REGION DES SAVANES\u00a0: L\u2019acc\u00e8s \u00e0 l\u2019\u00e9lectricit\u00e9 en nette progression\u2026\"}]},{\"@type\":\"WebSite\",\"@id\":\"https:\\\/\\\/macite.tg\\\/#website\",\"url\":\"https:\\\/\\\/macite.tg\\\/\",\"name\":\"\",\"description\":\"L&#039;information, la bonne!!!\",\"potentialAction\":[{\"@type\":\"SearchAction\",\"target\":{\"@type\":\"EntryPoint\",\"urlTemplate\":\"https:\\\/\\\/macite.tg\\\/?s={search_term_string}\"},\"query-input\":{\"@type\":\"PropertyValueSpecification\",\"valueRequired\":true,\"valueName\":\"search_term_string\"}}],\"inLanguage\":\"fr-FR\"},{\"@type\":\"Person\",\"@id\":\"https:\\\/\\\/macite.tg\\\/#\\\/schema\\\/person\\\/e9f2de7e5dbbe7770a9402c7ce82f5c2\",\"name\":\"Jean Pierre BAWELA\",\"image\":{\"@type\":\"ImageObject\",\"inLanguage\":\"fr-FR\",\"@id\":\"https:\\\/\\\/macite.tg\\\/wp-content\\\/uploads\\\/2023\\\/09\\\/WhatsApp-Image-2023-09-19-at-14.44.41-122x122.jpeg\",\"url\":\"https:\\\/\\\/macite.tg\\\/wp-content\\\/uploads\\\/2023\\\/09\\\/WhatsApp-Image-2023-09-19-at-14.44.41-122x122.jpeg\",\"contentUrl\":\"https:\\\/\\\/macite.tg\\\/wp-content\\\/uploads\\\/2023\\\/09\\\/WhatsApp-Image-2023-09-19-at-14.44.41-122x122.jpeg\",\"caption\":\"Jean Pierre BAWELA\"},\"url\":\"https:\\\/\\\/macite.tg\\\/?author=2\"}]}<\/script>\n<!-- \/ Yoast SEO plugin. -->","yoast_head_json":{"title":"REGION DES SAVANES\u00a0: L\u2019acc\u00e8s \u00e0 l\u2019\u00e9lectricit\u00e9 en nette progression\u2026 -","robots":{"index":"index","follow":"follow","max-snippet":"max-snippet:-1","max-image-preview":"max-image-preview:large","max-video-preview":"max-video-preview:-1"},"canonical":"https:\/\/macite.tg\/?p=17678","og_locale":"fr_FR","og_type":"article","og_title":"REGION DES SAVANES\u00a0: L\u2019acc\u00e8s \u00e0 l\u2019\u00e9lectricit\u00e9 en nette progression\u2026 -","og_description":"Sur son chemin vers la r\u00e9duction des in\u00e9galit\u00e9s et l&rsquo;am\u00e9lioration des conditions de vie des populations, le gouvernement s&rsquo;est alli\u00e9 avec le Programme d&rsquo;urgence pour la r\u00e9gion des Savanes (Purs). Multidimensionnel, il se concentre sur plusieurs aspects du d\u00e9veloppement social et \u00e9conomique, dont l&rsquo;acc\u00e8s \u00e0 [&hellip;]","og_url":"https:\/\/macite.tg\/?p=17678","article_published_time":"2024-10-31T19:13:16+00:00","article_modified_time":"2024-10-31T19:13:25+00:00","og_image":[{"width":334,"height":270,"url":"https:\/\/macite.tg\/wp-content\/uploads\/2024\/10\/image-78.png","type":"image\/png"}],"author":"Jean Pierre BAWELA","twitter_card":"summary_large_image","twitter_misc":{"\u00c9crit par":"Jean Pierre BAWELA","Dur\u00e9e de lecture estim\u00e9e":"3 minutes"},"schema":{"@context":"https:\/\/schema.org","@graph":[{"@type":"Article","@id":"https:\/\/macite.tg\/?p=17678#article","isPartOf":{"@id":"https:\/\/macite.tg\/?p=17678"},"author":{"name":"Jean Pierre BAWELA","@id":"https:\/\/macite.tg\/#\/schema\/person\/e9f2de7e5dbbe7770a9402c7ce82f5c2"},"headline":"REGION DES SAVANES\u00a0: L\u2019acc\u00e8s \u00e0 l\u2019\u00e9lectricit\u00e9 en nette progression\u2026","datePublished":"2024-10-31T19:13:16+00:00","dateModified":"2024-10-31T19:13:25+00:00","mainEntityOfPage":{"@id":"https:\/\/macite.tg\/?p=17678"},"wordCount":545,"commentCount":0,"image":{"@id":"https:\/\/macite.tg\/?p=17678#primaryimage"},"thumbnailUrl":"https:\/\/macite.tg\/wp-content\/uploads\/2024\/10\/image-78.png","articleSection":["ACTUALITE","ENERGIE"],"inLanguage":"fr-FR","potentialAction":[{"@type":"CommentAction","name":"Comment","target":["https:\/\/macite.tg\/?p=17678#respond"]}]},{"@type":"WebPage","@id":"https:\/\/macite.tg\/?p=17678","url":"https:\/\/macite.tg\/?p=17678","name":"REGION DES SAVANES\u00a0: L\u2019acc\u00e8s \u00e0 l\u2019\u00e9lectricit\u00e9 en nette progression\u2026 -","isPartOf":{"@id":"https:\/\/macite.tg\/#website"},"primaryImageOfPage":{"@id":"https:\/\/macite.tg\/?p=17678#primaryimage"},"image":{"@id":"https:\/\/macite.tg\/?p=17678#primaryimage"},"thumbnailUrl":"https:\/\/macite.tg\/wp-content\/uploads\/2024\/10\/image-78.png","datePublished":"2024-10-31T19:13:16+00:00","dateModified":"2024-10-31T19:13:25+00:00","author":{"@id":"https:\/\/macite.tg\/#\/schema\/person\/e9f2de7e5dbbe7770a9402c7ce82f5c2"},"breadcrumb":{"@id":"https:\/\/macite.tg\/?p=17678#breadcrumb"},"inLanguage":"fr-FR","potentialAction":[{"@type":"ReadAction","target":["https:\/\/macite.tg\/?p=17678"]}]},{"@type":"ImageObject","inLanguage":"fr-FR","@id":"https:\/\/macite.tg\/?p=17678#primaryimage","url":"https:\/\/macite.tg\/wp-content\/uploads\/2024\/10\/image-78.png","contentUrl":"https:\/\/macite.tg\/wp-content\/uploads\/2024\/10\/image-78.png","width":334,"height":270},{"@type":"BreadcrumbList","@id":"https:\/\/macite.tg\/?p=17678#breadcrumb","itemListElement":[{"@type":"ListItem","position":1,"name":"Accueil","item":"https:\/\/macite.tg\/"},{"@type":"ListItem","position":2,"name":"REGION DES SAVANES\u00a0: L\u2019acc\u00e8s \u00e0 l\u2019\u00e9lectricit\u00e9 en nette progression\u2026"}]},{"@type":"WebSite","@id":"https:\/\/macite.tg\/#website","url":"https:\/\/macite.tg\/","name":"","description":"L&#039;information, la bonne!!!","potentialAction":[{"@type":"SearchAction","target":{"@type":"EntryPoint","urlTemplate":"https:\/\/macite.tg\/?s={search_term_string}"},"query-input":{"@type":"PropertyValueSpecification","valueRequired":true,"valueName":"search_term_string"}}],"inLanguage":"fr-FR"},{"@type":"Person","@id":"https:\/\/macite.tg\/#\/schema\/person\/e9f2de7e5dbbe7770a9402c7ce82f5c2","name":"Jean Pierre BAWELA","image":{"@type":"ImageObject","inLanguage":"fr-FR","@id":"https:\/\/macite.tg\/wp-content\/uploads\/2023\/09\/WhatsApp-Image-2023-09-19-at-14.44.41-122x122.jpeg","url":"https:\/\/macite.tg\/wp-content\/uploads\/2023\/09\/WhatsApp-Image-2023-09-19-at-14.44.41-122x122.jpeg","contentUrl":"https:\/\/macite.tg\/wp-content\/uploads\/2023\/09\/WhatsApp-Image-2023-09-19-at-14.44.41-122x122.jpeg","caption":"Jean Pierre BAWELA"},"url":"https:\/\/macite.tg\/?author=2"}]}},"_links":{"self":[{"href":"https:\/\/macite.tg\/index.php?rest_route=\/wp\/v2\/posts\/17678","targetHints":{"allow":["GET"]}}],"collection":[{"href":"https:\/\/macite.tg\/index.php?rest_route=\/wp\/v2\/posts"}],"about":[{"href":"https:\/\/macite.tg\/index.php?rest_route=\/wp\/v2\/types\/post"}],"author":[{"embeddable":true,"href":"https:\/\/macite.tg\/index.php?rest_route=\/wp\/v2\/users\/2"}],"replies":[{"embeddable":true,"href":"https:\/\/macite.tg\/index.php?rest_route=%2Fwp%2Fv2%2Fcomments&post=17678"}],"version-history":[{"count":0,"href":"https:\/\/macite.tg\/index.php?rest_route=\/wp\/v2\/posts\/17678\/revisions"}],"wp:featuredmedia":[{"embeddable":true,"href":"https:\/\/macite.tg\/index.php?rest_route=\/wp\/v2\/media\/17680"}],"wp:attachment":[{"href":"https:\/\/macite.tg\/index.php?rest_route=%2Fwp%2Fv2%2Fmedia&parent=17678"}],"wp:term":[{"taxonomy":"category","embeddable":true,"href":"https:\/\/macite.tg\/index.php?rest_route=%2Fwp%2Fv2%2Fcategories&post=17678"},{"taxonomy":"post_tag","embeddable":true,"href":"https:\/\/macite.tg\/index.php?rest_route=%2Fwp%2Fv2%2Ftags&post=17678"}],"curies":[{"name":"wp","href":"https:\/\/api.w.org\/{rel}","templated":true}]}}