{"id":17671,"date":"2024-10-31T19:04:33","date_gmt":"2024-10-31T19:04:33","guid":{"rendered":"https:\/\/macite.tg\/?p=17671"},"modified":"2024-10-31T19:04:43","modified_gmt":"2024-10-31T19:04:43","slug":"eglise-des-assemblees-de-dieu-du-togo-les-nouvelles-instances-presentees-au-chef-de-letat","status":"publish","type":"post","link":"https:\/\/macite.tg\/?p=17671","title":{"rendered":"EGLISE DES ASSEMBLEES DE DIEU DU TOGO\u00a0: Les nouvelles instances pr\u00e9sent\u00e9es au Chef de l\u2019Etat"},"content":{"rendered":"\n<p class=\"wp-block-paragraph\"><strong><em>Le nouveau bureau ex\u00e9cutif de l\u2019Eglise des Assembl\u00e9es de Dieu du Togo mis en place en juillet dernier \u00a0\u00a0\u00e9t\u00e9 pr\u00e9sent\u00e9, hier mercredi 30 octobre, au Chef de l\u2019Etat, Faure Gnassingb\u00e9.<\/em><\/strong><\/p>\n\n\n\n<p class=\"wp-block-paragraph\">La d\u00e9l\u00e9gation de l\u2019Eglise des Assembl\u00e9es de Dieu du Togo, conduite par son ancien pr\u00e9sident national, le R\u00e9v\u00e9rend Pasteur Djakouti Mitr\u00e9, est all\u00e9e pr\u00e9senter au Pr\u00e9sident de la R\u00e9publique, Faure Essozima Gnassingb\u00e9, les nouvelles instances de l\u2019Eglise.<\/p>\n\n\n\n<p class=\"wp-block-paragraph\">Le nouveau bureau mis en mises en place en juillet dernier, est compos\u00e9 de sept membres, avec \u00e0 sa t\u00eate le R\u00e9v\u00e9rend Dr Adad\u00e9 Ayi.<\/p>\n\n\n<div class=\"wp-block-image\">\n<figure class=\"aligncenter size-large is-resized\"><img loading=\"lazy\" decoding=\"async\" src=\"https:\/\/macite.tg\/wp-content\/uploads\/2024\/10\/COMMUNIQUE_DCCF_31-724x1024.jpg\" alt=\"\" class=\"wp-image-17560\" width=\"478\" height=\"676\" srcset=\"https:\/\/macite.tg\/wp-content\/uploads\/2024\/10\/COMMUNIQUE_DCCF_31-724x1024.jpg 724w, https:\/\/macite.tg\/wp-content\/uploads\/2024\/10\/COMMUNIQUE_DCCF_31-212x300.jpg 212w, https:\/\/macite.tg\/wp-content\/uploads\/2024\/10\/COMMUNIQUE_DCCF_31-768x1086.jpg 768w, https:\/\/macite.tg\/wp-content\/uploads\/2024\/10\/COMMUNIQUE_DCCF_31-1086x1536.jpg 1086w, https:\/\/macite.tg\/wp-content\/uploads\/2024\/10\/COMMUNIQUE_DCCF_31-1448x2048.jpg 1448w, https:\/\/macite.tg\/wp-content\/uploads\/2024\/10\/COMMUNIQUE_DCCF_31-scaled.jpg 1810w\" sizes=\"auto, (max-width: 478px) 100vw, 478px\" \/><\/figure>\n<\/div>\n\n\n<p class=\"wp-block-paragraph\">Notons qu\u2019au cours de cet entretien, les responsables religieux ont sasi l\u2019occasion pour f\u00e9liciter le Chef de l\u2019Etat, pour ses efforts en faveur de la promotion du dialogue inter-religieux, et du renforcement de la coh\u00e9sion sociale.<\/p>\n\n\n\n<p class=\"wp-block-paragraph\">Implant\u00e9e au Togo depuis 1936, l\u2019Eglise des Assembl\u00e9es de Dieu intervient, en plus de sa mission \u00e9vang\u00e9lique et la formation pastorale, est active dans la r\u00e9alisation d\u2019\u0153uvres sociales, notamment dans les domaines de la microfinance, de l\u2019\u00e9ducation, de la sant\u00e9, de la protection des personnes en situation de handicap, entre autres.<\/p>\n\n\n\n<p class=\"wp-block-paragraph\"><strong>La r\u00e9daction<\/strong><\/p>\n\n\n\n<p class=\"wp-block-paragraph\"><a><strong><em>@macite.tg&nbsp;&nbsp;&nbsp;&nbsp;&nbsp;&nbsp;&nbsp;&nbsp;<\/em><\/strong><\/a><\/p>\n\n\n\n<p class=\"wp-block-paragraph\"><strong><em>E-mail&nbsp;: <\/em><\/strong><a href=\"mailto:maciteinfo@gmail.com\"><strong><em>maciteinfo@gmail.com<\/em><\/strong><\/a><strong><em>; <\/em><\/strong><a href=\"mailto:bawela1@gmail.com\"><strong><em>bawela1@gmail.com<\/em><\/strong><\/a><strong><em><\/em><\/strong><\/p>\n\n\n\n<p class=\"wp-block-paragraph\"><strong><em>Pour vos annonces, (publi)reportages, etc., joignez-nous au (00228)91515309\/<strong>79872224 <\/strong>www.macite.tg, L\u2019information, la bonne&nbsp;!<\/em><\/strong><\/p>\n","protected":false},"excerpt":{"rendered":"<p class=\"text-justify mb-2\" >Le nouveau bureau ex\u00e9cutif de l\u2019Eglise des Assembl\u00e9es de Dieu du Togo mis en place en juillet dernier \u00a0\u00a0\u00e9t\u00e9 pr\u00e9sent\u00e9, hier mercredi 30 octobre, au Chef de l\u2019Etat, Faure Gnassingb\u00e9. La d\u00e9l\u00e9gation de l\u2019Eglise des Assembl\u00e9es de Dieu du Togo, conduite par son ancien pr\u00e9sident [&hellip;]<\/p>\n","protected":false},"author":2,"featured_media":17673,"comment_status":"open","ping_status":"open","sticky":false,"template":"","format":"standard","meta":{"footnotes":""},"categories":[20,40],"tags":[],"class_list":["post-17671","post","type-post","status-publish","format-standard","has-post-thumbnail","hentry","category-actualite","category-religion"],"yoast_head":"<!-- This site is optimized with the Yoast SEO plugin v28.4 - https:\/\/yoast.com\/product\/yoast-seo-wordpress\/ -->\n<title>EGLISE DES ASSEMBLEES DE DIEU DU TOGO\u00a0: Les nouvelles instances pr\u00e9sent\u00e9es au Chef de l\u2019Etat -<\/title>\n<meta name=\"robots\" content=\"index, follow, max-snippet:-1, max-image-preview:large, max-video-preview:-1\" \/>\n<link rel=\"canonical\" href=\"https:\/\/macite.tg\/?p=17671\" \/>\n<meta property=\"og:locale\" content=\"fr_FR\" \/>\n<meta property=\"og:type\" content=\"article\" \/>\n<meta property=\"og:title\" content=\"EGLISE DES ASSEMBLEES DE DIEU DU TOGO\u00a0: Les nouvelles instances pr\u00e9sent\u00e9es au Chef de l\u2019Etat -\" \/>\n<meta property=\"og:description\" content=\"Le nouveau bureau ex\u00e9cutif de l\u2019Eglise des Assembl\u00e9es de Dieu du Togo mis en place en juillet dernier \u00a0\u00a0\u00e9t\u00e9 pr\u00e9sent\u00e9, hier mercredi 30 octobre, au Chef de l\u2019Etat, Faure Gnassingb\u00e9. La d\u00e9l\u00e9gation de l\u2019Eglise des Assembl\u00e9es de Dieu du Togo, conduite par son ancien pr\u00e9sident [&hellip;]\" \/>\n<meta property=\"og:url\" content=\"https:\/\/macite.tg\/?p=17671\" \/>\n<meta property=\"article:published_time\" content=\"2024-10-31T19:04:33+00:00\" \/>\n<meta property=\"article:modified_time\" content=\"2024-10-31T19:04:43+00:00\" \/>\n<meta property=\"og:image\" content=\"https:\/\/macite.tg\/wp-content\/uploads\/2024\/10\/AUdience.jpg\" \/>\n\t<meta property=\"og:image:width\" content=\"500\" \/>\n\t<meta property=\"og:image:height\" content=\"333\" \/>\n\t<meta property=\"og:image:type\" content=\"image\/jpeg\" \/>\n<meta name=\"author\" content=\"Jean Pierre BAWELA\" \/>\n<meta name=\"twitter:card\" content=\"summary_large_image\" \/>\n<meta name=\"twitter:label1\" content=\"\u00c9crit par\" \/>\n\t<meta name=\"twitter:data1\" content=\"Jean Pierre BAWELA\" \/>\n\t<meta name=\"twitter:label2\" content=\"Dur\u00e9e de lecture estim\u00e9e\" \/>\n\t<meta name=\"twitter:data2\" content=\"1 minute\" \/>\n<script type=\"application\/ld+json\" class=\"yoast-schema-graph\">{\"@context\":\"https:\\\/\\\/schema.org\",\"@graph\":[{\"@type\":\"Article\",\"@id\":\"https:\\\/\\\/macite.tg\\\/?p=17671#article\",\"isPartOf\":{\"@id\":\"https:\\\/\\\/macite.tg\\\/?p=17671\"},\"author\":{\"name\":\"Jean Pierre BAWELA\",\"@id\":\"https:\\\/\\\/macite.tg\\\/#\\\/schema\\\/person\\\/e9f2de7e5dbbe7770a9402c7ce82f5c2\"},\"headline\":\"EGLISE DES ASSEMBLEES DE DIEU DU TOGO\u00a0: Les nouvelles instances pr\u00e9sent\u00e9es au Chef de l\u2019Etat\",\"datePublished\":\"2024-10-31T19:04:33+00:00\",\"dateModified\":\"2024-10-31T19:04:43+00:00\",\"mainEntityOfPage\":{\"@id\":\"https:\\\/\\\/macite.tg\\\/?p=17671\"},\"wordCount\":263,\"commentCount\":0,\"image\":{\"@id\":\"https:\\\/\\\/macite.tg\\\/?p=17671#primaryimage\"},\"thumbnailUrl\":\"https:\\\/\\\/macite.tg\\\/wp-content\\\/uploads\\\/2024\\\/10\\\/AUdience.jpg\",\"articleSection\":[\"ACTUALITE\",\"RELIGION\"],\"inLanguage\":\"fr-FR\",\"potentialAction\":[{\"@type\":\"CommentAction\",\"name\":\"Comment\",\"target\":[\"https:\\\/\\\/macite.tg\\\/?p=17671#respond\"]}]},{\"@type\":\"WebPage\",\"@id\":\"https:\\\/\\\/macite.tg\\\/?p=17671\",\"url\":\"https:\\\/\\\/macite.tg\\\/?p=17671\",\"name\":\"EGLISE DES ASSEMBLEES DE DIEU DU TOGO\u00a0: Les nouvelles instances pr\u00e9sent\u00e9es au Chef de l\u2019Etat -\",\"isPartOf\":{\"@id\":\"https:\\\/\\\/macite.tg\\\/#website\"},\"primaryImageOfPage\":{\"@id\":\"https:\\\/\\\/macite.tg\\\/?p=17671#primaryimage\"},\"image\":{\"@id\":\"https:\\\/\\\/macite.tg\\\/?p=17671#primaryimage\"},\"thumbnailUrl\":\"https:\\\/\\\/macite.tg\\\/wp-content\\\/uploads\\\/2024\\\/10\\\/AUdience.jpg\",\"datePublished\":\"2024-10-31T19:04:33+00:00\",\"dateModified\":\"2024-10-31T19:04:43+00:00\",\"author\":{\"@id\":\"https:\\\/\\\/macite.tg\\\/#\\\/schema\\\/person\\\/e9f2de7e5dbbe7770a9402c7ce82f5c2\"},\"breadcrumb\":{\"@id\":\"https:\\\/\\\/macite.tg\\\/?p=17671#breadcrumb\"},\"inLanguage\":\"fr-FR\",\"potentialAction\":[{\"@type\":\"ReadAction\",\"target\":[\"https:\\\/\\\/macite.tg\\\/?p=17671\"]}]},{\"@type\":\"ImageObject\",\"inLanguage\":\"fr-FR\",\"@id\":\"https:\\\/\\\/macite.tg\\\/?p=17671#primaryimage\",\"url\":\"https:\\\/\\\/macite.tg\\\/wp-content\\\/uploads\\\/2024\\\/10\\\/AUdience.jpg\",\"contentUrl\":\"https:\\\/\\\/macite.tg\\\/wp-content\\\/uploads\\\/2024\\\/10\\\/AUdience.jpg\",\"width\":500,\"height\":333},{\"@type\":\"BreadcrumbList\",\"@id\":\"https:\\\/\\\/macite.tg\\\/?p=17671#breadcrumb\",\"itemListElement\":[{\"@type\":\"ListItem\",\"position\":1,\"name\":\"Accueil\",\"item\":\"https:\\\/\\\/macite.tg\\\/\"},{\"@type\":\"ListItem\",\"position\":2,\"name\":\"EGLISE DES ASSEMBLEES DE DIEU DU TOGO\u00a0: Les nouvelles instances pr\u00e9sent\u00e9es au Chef de l\u2019Etat\"}]},{\"@type\":\"WebSite\",\"@id\":\"https:\\\/\\\/macite.tg\\\/#website\",\"url\":\"https:\\\/\\\/macite.tg\\\/\",\"name\":\"\",\"description\":\"L&#039;information, la bonne!!!\",\"potentialAction\":[{\"@type\":\"SearchAction\",\"target\":{\"@type\":\"EntryPoint\",\"urlTemplate\":\"https:\\\/\\\/macite.tg\\\/?s={search_term_string}\"},\"query-input\":{\"@type\":\"PropertyValueSpecification\",\"valueRequired\":true,\"valueName\":\"search_term_string\"}}],\"inLanguage\":\"fr-FR\"},{\"@type\":\"Person\",\"@id\":\"https:\\\/\\\/macite.tg\\\/#\\\/schema\\\/person\\\/e9f2de7e5dbbe7770a9402c7ce82f5c2\",\"name\":\"Jean Pierre BAWELA\",\"image\":{\"@type\":\"ImageObject\",\"inLanguage\":\"fr-FR\",\"@id\":\"https:\\\/\\\/macite.tg\\\/wp-content\\\/uploads\\\/2023\\\/09\\\/WhatsApp-Image-2023-09-19-at-14.44.41-122x122.jpeg\",\"url\":\"https:\\\/\\\/macite.tg\\\/wp-content\\\/uploads\\\/2023\\\/09\\\/WhatsApp-Image-2023-09-19-at-14.44.41-122x122.jpeg\",\"contentUrl\":\"https:\\\/\\\/macite.tg\\\/wp-content\\\/uploads\\\/2023\\\/09\\\/WhatsApp-Image-2023-09-19-at-14.44.41-122x122.jpeg\",\"caption\":\"Jean Pierre BAWELA\"},\"url\":\"https:\\\/\\\/macite.tg\\\/?author=2\"}]}<\/script>\n<!-- \/ Yoast SEO plugin. -->","yoast_head_json":{"title":"EGLISE DES ASSEMBLEES DE DIEU DU TOGO\u00a0: Les nouvelles instances pr\u00e9sent\u00e9es au Chef de l\u2019Etat -","robots":{"index":"index","follow":"follow","max-snippet":"max-snippet:-1","max-image-preview":"max-image-preview:large","max-video-preview":"max-video-preview:-1"},"canonical":"https:\/\/macite.tg\/?p=17671","og_locale":"fr_FR","og_type":"article","og_title":"EGLISE DES ASSEMBLEES DE DIEU DU TOGO\u00a0: Les nouvelles instances pr\u00e9sent\u00e9es au Chef de l\u2019Etat -","og_description":"Le nouveau bureau ex\u00e9cutif de l\u2019Eglise des Assembl\u00e9es de Dieu du Togo mis en place en juillet dernier \u00a0\u00a0\u00e9t\u00e9 pr\u00e9sent\u00e9, hier mercredi 30 octobre, au Chef de l\u2019Etat, Faure Gnassingb\u00e9. La d\u00e9l\u00e9gation de l\u2019Eglise des Assembl\u00e9es de Dieu du Togo, conduite par son ancien pr\u00e9sident [&hellip;]","og_url":"https:\/\/macite.tg\/?p=17671","article_published_time":"2024-10-31T19:04:33+00:00","article_modified_time":"2024-10-31T19:04:43+00:00","og_image":[{"width":500,"height":333,"url":"https:\/\/macite.tg\/wp-content\/uploads\/2024\/10\/AUdience.jpg","type":"image\/jpeg"}],"author":"Jean Pierre BAWELA","twitter_card":"summary_large_image","twitter_misc":{"\u00c9crit par":"Jean Pierre BAWELA","Dur\u00e9e de lecture estim\u00e9e":"1 minute"},"schema":{"@context":"https:\/\/schema.org","@graph":[{"@type":"Article","@id":"https:\/\/macite.tg\/?p=17671#article","isPartOf":{"@id":"https:\/\/macite.tg\/?p=17671"},"author":{"name":"Jean Pierre BAWELA","@id":"https:\/\/macite.tg\/#\/schema\/person\/e9f2de7e5dbbe7770a9402c7ce82f5c2"},"headline":"EGLISE DES ASSEMBLEES DE DIEU DU TOGO\u00a0: Les nouvelles instances pr\u00e9sent\u00e9es au Chef de l\u2019Etat","datePublished":"2024-10-31T19:04:33+00:00","dateModified":"2024-10-31T19:04:43+00:00","mainEntityOfPage":{"@id":"https:\/\/macite.tg\/?p=17671"},"wordCount":263,"commentCount":0,"image":{"@id":"https:\/\/macite.tg\/?p=17671#primaryimage"},"thumbnailUrl":"https:\/\/macite.tg\/wp-content\/uploads\/2024\/10\/AUdience.jpg","articleSection":["ACTUALITE","RELIGION"],"inLanguage":"fr-FR","potentialAction":[{"@type":"CommentAction","name":"Comment","target":["https:\/\/macite.tg\/?p=17671#respond"]}]},{"@type":"WebPage","@id":"https:\/\/macite.tg\/?p=17671","url":"https:\/\/macite.tg\/?p=17671","name":"EGLISE DES ASSEMBLEES DE DIEU DU TOGO\u00a0: Les nouvelles instances pr\u00e9sent\u00e9es au Chef de l\u2019Etat -","isPartOf":{"@id":"https:\/\/macite.tg\/#website"},"primaryImageOfPage":{"@id":"https:\/\/macite.tg\/?p=17671#primaryimage"},"image":{"@id":"https:\/\/macite.tg\/?p=17671#primaryimage"},"thumbnailUrl":"https:\/\/macite.tg\/wp-content\/uploads\/2024\/10\/AUdience.jpg","datePublished":"2024-10-31T19:04:33+00:00","dateModified":"2024-10-31T19:04:43+00:00","author":{"@id":"https:\/\/macite.tg\/#\/schema\/person\/e9f2de7e5dbbe7770a9402c7ce82f5c2"},"breadcrumb":{"@id":"https:\/\/macite.tg\/?p=17671#breadcrumb"},"inLanguage":"fr-FR","potentialAction":[{"@type":"ReadAction","target":["https:\/\/macite.tg\/?p=17671"]}]},{"@type":"ImageObject","inLanguage":"fr-FR","@id":"https:\/\/macite.tg\/?p=17671#primaryimage","url":"https:\/\/macite.tg\/wp-content\/uploads\/2024\/10\/AUdience.jpg","contentUrl":"https:\/\/macite.tg\/wp-content\/uploads\/2024\/10\/AUdience.jpg","width":500,"height":333},{"@type":"BreadcrumbList","@id":"https:\/\/macite.tg\/?p=17671#breadcrumb","itemListElement":[{"@type":"ListItem","position":1,"name":"Accueil","item":"https:\/\/macite.tg\/"},{"@type":"ListItem","position":2,"name":"EGLISE DES ASSEMBLEES DE DIEU DU TOGO\u00a0: Les nouvelles instances pr\u00e9sent\u00e9es au Chef de l\u2019Etat"}]},{"@type":"WebSite","@id":"https:\/\/macite.tg\/#website","url":"https:\/\/macite.tg\/","name":"","description":"L&#039;information, la bonne!!!","potentialAction":[{"@type":"SearchAction","target":{"@type":"EntryPoint","urlTemplate":"https:\/\/macite.tg\/?s={search_term_string}"},"query-input":{"@type":"PropertyValueSpecification","valueRequired":true,"valueName":"search_term_string"}}],"inLanguage":"fr-FR"},{"@type":"Person","@id":"https:\/\/macite.tg\/#\/schema\/person\/e9f2de7e5dbbe7770a9402c7ce82f5c2","name":"Jean Pierre BAWELA","image":{"@type":"ImageObject","inLanguage":"fr-FR","@id":"https:\/\/macite.tg\/wp-content\/uploads\/2023\/09\/WhatsApp-Image-2023-09-19-at-14.44.41-122x122.jpeg","url":"https:\/\/macite.tg\/wp-content\/uploads\/2023\/09\/WhatsApp-Image-2023-09-19-at-14.44.41-122x122.jpeg","contentUrl":"https:\/\/macite.tg\/wp-content\/uploads\/2023\/09\/WhatsApp-Image-2023-09-19-at-14.44.41-122x122.jpeg","caption":"Jean Pierre BAWELA"},"url":"https:\/\/macite.tg\/?author=2"}]}},"_links":{"self":[{"href":"https:\/\/macite.tg\/index.php?rest_route=\/wp\/v2\/posts\/17671","targetHints":{"allow":["GET"]}}],"collection":[{"href":"https:\/\/macite.tg\/index.php?rest_route=\/wp\/v2\/posts"}],"about":[{"href":"https:\/\/macite.tg\/index.php?rest_route=\/wp\/v2\/types\/post"}],"author":[{"embeddable":true,"href":"https:\/\/macite.tg\/index.php?rest_route=\/wp\/v2\/users\/2"}],"replies":[{"embeddable":true,"href":"https:\/\/macite.tg\/index.php?rest_route=%2Fwp%2Fv2%2Fcomments&post=17671"}],"version-history":[{"count":0,"href":"https:\/\/macite.tg\/index.php?rest_route=\/wp\/v2\/posts\/17671\/revisions"}],"wp:featuredmedia":[{"embeddable":true,"href":"https:\/\/macite.tg\/index.php?rest_route=\/wp\/v2\/media\/17673"}],"wp:attachment":[{"href":"https:\/\/macite.tg\/index.php?rest_route=%2Fwp%2Fv2%2Fmedia&parent=17671"}],"wp:term":[{"taxonomy":"category","embeddable":true,"href":"https:\/\/macite.tg\/index.php?rest_route=%2Fwp%2Fv2%2Fcategories&post=17671"},{"taxonomy":"post_tag","embeddable":true,"href":"https:\/\/macite.tg\/index.php?rest_route=%2Fwp%2Fv2%2Ftags&post=17671"}],"curies":[{"name":"wp","href":"https:\/\/api.w.org\/{rel}","templated":true}]}}