{"id":17665,"date":"2024-10-31T15:14:08","date_gmt":"2024-10-31T15:14:08","guid":{"rendered":"https:\/\/macite.tg\/?p=17665"},"modified":"2024-10-31T15:15:00","modified_gmt":"2024-10-31T15:15:00","slug":"17665","status":"publish","type":"post","link":"https:\/\/macite.tg\/?p=17665","title":{"rendered":"RENCONTRE ENTREPRENEURIALE MAROC-FRANCE\u00a0: Le Pr\u00e9sident Macron affirme que les investissements publics fran\u00e7ais au Maroc s\u2019\u00e9tendaient au Sahara"},"content":{"rendered":"\n<p class=\"wp-block-paragraph\"><strong><em>En visite d\u2019Etat au Maroc, du 28 au 30 Octobre 2024, sur invitation du Souverain marocain, le Pr\u00e9sident fran\u00e7ais, Emmanuel Macron, s\u2019est exprim\u00e9, le mardi 29 octobre, lors de la \u00ab\u00a0Rencontre entrepreneuriale Maroc-France\u00a0\u00bb, en faveur de la poursuite et du renforcement des investissements au Maroc, notamment dans ses Provinces du sud.<\/em><\/strong><\/p>\n\n\n\n<p class=\"wp-block-paragraph\">Dans le cadre de la visite d\u2019Etat qu\u2019effectu\u00e9 au Maroc le Pr\u00e9sident fran\u00e7ais, Emmanuel Macron, sur invitation de la Sa Majest\u00e9 le Roi Mohammed VI, que Dieu L\u2019assiste, la Conf\u00e9d\u00e9ration g\u00e9n\u00e9rale des entreprises du Maroc (Cem) et le Mouvement des entreprises de France (Medef), via le Club des Chefs d\u2019Entreprises France-Maroc, ont co-organis\u00e9, le mardi 29 octobre, la \u2018\u2019Rencontre entrepreneuriale Maroc-France\u2019\u2019.<\/p>\n\n\n\n<p class=\"wp-block-paragraph\">Devant les chefs d\u2019entreprises et op\u00e9rateurs \u00e9conomiques marocains et fran\u00e7ais, le Pr\u00e9sident Emmanuel Macron a affirm\u00e9 que les investissements publics fran\u00e7ais allaient se poursuivre dans le Royaume du Maroc, sans oublier ses Provinces du sud.<\/p>\n\n\n<div class=\"wp-block-image\">\n<figure class=\"aligncenter size-full is-resized\"><img loading=\"lazy\" decoding=\"async\" src=\"https:\/\/macite.tg\/wp-content\/uploads\/2024\/10\/IMG-20240313-WA0013-2.jpg\" alt=\"\" class=\"wp-image-17605\" width=\"841\" height=\"207\" srcset=\"https:\/\/macite.tg\/wp-content\/uploads\/2024\/10\/IMG-20240313-WA0013-2.jpg 690w, https:\/\/macite.tg\/wp-content\/uploads\/2024\/10\/IMG-20240313-WA0013-2-300x74.jpg 300w\" sizes=\"auto, (max-width: 841px) 100vw, 841px\" \/><\/figure>\n<\/div>\n\n\n<p class=\"wp-block-paragraph\">Le Pr\u00e9sident fran\u00e7ais a soulign\u00e9 que le Maroc \u00e9tait <em>\u00ab&nbsp;le premier client&nbsp;\u00bb<\/em> de l\u2019Agence fran\u00e7aise de d\u00e9veloppement (Afd), en termes d\u2019investissements, avant de marteler que l\u2019Agence allait continuer de <em>\u00ab&nbsp;financer des projets dans le Royaume, y compris ceux port\u00e9s par les entreprises fran\u00e7aises au Sahara&nbsp;\u00bb.<\/em><\/p>\n\n\n\n<p class=\"wp-block-paragraph\">Dans cette dynamique, le Pr\u00e9sident fran\u00e7ais confie que Paris et Rabat allaient d\u00e9velopper un <em>\u00ab&nbsp;partenariat \u00e9conomique \u00e9quitable et gagnant-gagnant, eu \u00e9gard aux multiples compl\u00e9mentarit\u00e9s entre les \u00e9conomies des deux pays&nbsp;\u00bb.<\/em><\/p>\n\n\n\n<p class=\"wp-block-paragraph\">Se rem\u00e9morant du partenariat industriel existant dans plusieurs domaines, Emmanuel Macron appelle \u00e0 une <em>\u00ab&nbsp;plus grande int\u00e9gration des cha\u00eenes de valeur face \u00e0 un contexte de \u00ab\u00a0re-r\u00e9gionalisation des tarifs\u00a0\u00bb&nbsp;\u00bb.<\/em><\/p>\n\n\n<div class=\"wp-block-image\">\n<figure class=\"aligncenter size-large is-resized\"><img loading=\"lazy\" decoding=\"async\" src=\"https:\/\/macite.tg\/wp-content\/uploads\/2024\/10\/COMMUNIQUE_DCCF_31-724x1024.jpg\" alt=\"\" class=\"wp-image-17560\" width=\"508\" height=\"718\" srcset=\"https:\/\/macite.tg\/wp-content\/uploads\/2024\/10\/COMMUNIQUE_DCCF_31-724x1024.jpg 724w, https:\/\/macite.tg\/wp-content\/uploads\/2024\/10\/COMMUNIQUE_DCCF_31-212x300.jpg 212w, https:\/\/macite.tg\/wp-content\/uploads\/2024\/10\/COMMUNIQUE_DCCF_31-768x1086.jpg 768w, https:\/\/macite.tg\/wp-content\/uploads\/2024\/10\/COMMUNIQUE_DCCF_31-1086x1536.jpg 1086w, https:\/\/macite.tg\/wp-content\/uploads\/2024\/10\/COMMUNIQUE_DCCF_31-1448x2048.jpg 1448w, https:\/\/macite.tg\/wp-content\/uploads\/2024\/10\/COMMUNIQUE_DCCF_31-scaled.jpg 1810w\" sizes=\"auto, (max-width: 508px) 100vw, 508px\" \/><\/figure>\n<\/div>\n\n\n<p class=\"wp-block-paragraph\">Tout en regrettant le fait que des groupes financiers europ\u00e9ens et fran\u00e7ais soient contraints de quitter le continent africain <em>\u00ab&nbsp;en raison des r\u00e8gles et des normes de r\u00e9gulation que les Europ\u00e9ens ont pris pour eux-m\u00eames&nbsp;\u00bb,<\/em> le Pr\u00e9sident Macron a indiqu\u00e9 qu\u2019il s\u2019agissait l\u00e0 d\u2019une <em>\u00ab&nbsp;erreur strat\u00e9gique terrible. (\u2026) car (ndlr) nous, Europ\u00e9ens, avons \u00e0 nous interroger sur les r\u00e8gles et les restrictions que nous avons pos\u00e9es \u00e0 nos \u00e9tablissements&nbsp;\u00bb.<\/em><\/p>\n\n\n\n<p class=\"wp-block-paragraph\"><strong>MC<\/strong><\/p>\n\n\n\n<p class=\"wp-block-paragraph\"><a><strong><em>@macite.tg&nbsp;&nbsp;&nbsp;&nbsp;&nbsp;&nbsp;&nbsp;&nbsp;<\/em><\/strong><\/a><\/p>\n\n\n\n<p class=\"wp-block-paragraph\"><strong><em>E-mail&nbsp;: <\/em><\/strong><a href=\"mailto:maciteinfo@gmail.com\"><strong><em>maciteinfo@gmail.com<\/em><\/strong><\/a><strong><em>; <\/em><\/strong><a href=\"mailto:bawela1@gmail.com\"><strong><em>bawela1@gmail.com<\/em><\/strong><\/a><strong><em><\/em><\/strong><\/p>\n\n\n\n<p class=\"wp-block-paragraph\"><strong><em>Pour vos annonces, (publi)reportages, etc., joignez-nous au (00228)91515309\/<strong>79872224 <\/strong>www.macite.tg, L\u2019information, la bonne&nbsp;!<\/em><\/strong><\/p>\n","protected":false},"excerpt":{"rendered":"<p class=\"text-justify mb-2\" >En visite d\u2019Etat au Maroc, du 28 au 30 Octobre 2024, sur invitation du Souverain marocain, le Pr\u00e9sident fran\u00e7ais, Emmanuel Macron, s\u2019est exprim\u00e9, le mardi 29 octobre, lors de la \u00ab\u00a0Rencontre entrepreneuriale Maroc-France\u00a0\u00bb, en faveur de la poursuite et du renforcement des investissements au Maroc, [&hellip;]<\/p>\n","protected":false},"author":2,"featured_media":17667,"comment_status":"open","ping_status":"open","sticky":false,"template":"","format":"standard","meta":{"footnotes":""},"categories":[20,16],"tags":[],"class_list":["post-17665","post","type-post","status-publish","format-standard","has-post-thumbnail","hentry","category-actualite","category-cooperation"],"yoast_head":"<!-- This site is optimized with the Yoast SEO plugin v28.4 - https:\/\/yoast.com\/product\/yoast-seo-wordpress\/ -->\n<title>RENCONTRE ENTREPRENEURIALE MAROC-FRANCE\u00a0: Le Pr\u00e9sident Macron affirme que les investissements publics fran\u00e7ais au Maroc s\u2019\u00e9tendaient au Sahara -<\/title>\n<meta name=\"robots\" content=\"index, follow, max-snippet:-1, max-image-preview:large, max-video-preview:-1\" \/>\n<link rel=\"canonical\" href=\"https:\/\/macite.tg\/?p=17665\" \/>\n<meta property=\"og:locale\" content=\"fr_FR\" \/>\n<meta property=\"og:type\" content=\"article\" \/>\n<meta property=\"og:title\" content=\"RENCONTRE ENTREPRENEURIALE MAROC-FRANCE\u00a0: Le Pr\u00e9sident Macron affirme que les investissements publics fran\u00e7ais au Maroc s\u2019\u00e9tendaient au Sahara -\" \/>\n<meta property=\"og:description\" content=\"En visite d\u2019Etat au Maroc, du 28 au 30 Octobre 2024, sur invitation du Souverain marocain, le Pr\u00e9sident fran\u00e7ais, Emmanuel Macron, s\u2019est exprim\u00e9, le mardi 29 octobre, lors de la \u00ab\u00a0Rencontre entrepreneuriale Maroc-France\u00a0\u00bb, en faveur de la poursuite et du renforcement des investissements au Maroc, [&hellip;]\" \/>\n<meta property=\"og:url\" content=\"https:\/\/macite.tg\/?p=17665\" \/>\n<meta property=\"article:published_time\" content=\"2024-10-31T15:14:08+00:00\" \/>\n<meta property=\"article:modified_time\" content=\"2024-10-31T15:15:00+00:00\" \/>\n<meta property=\"og:image\" content=\"https:\/\/macite.tg\/wp-content\/uploads\/2024\/10\/052b0fb3-7fd1-4519-ae29-301206c120b3.jpg\" \/>\n\t<meta property=\"og:image:width\" content=\"299\" \/>\n\t<meta property=\"og:image:height\" content=\"168\" \/>\n\t<meta property=\"og:image:type\" content=\"image\/jpeg\" \/>\n<meta name=\"author\" content=\"Jean Pierre BAWELA\" \/>\n<meta name=\"twitter:card\" content=\"summary_large_image\" \/>\n<meta name=\"twitter:label1\" content=\"\u00c9crit par\" \/>\n\t<meta name=\"twitter:data1\" content=\"Jean Pierre BAWELA\" \/>\n\t<meta name=\"twitter:label2\" content=\"Dur\u00e9e de lecture estim\u00e9e\" \/>\n\t<meta name=\"twitter:data2\" content=\"2 minutes\" \/>\n<script type=\"application\/ld+json\" class=\"yoast-schema-graph\">{\"@context\":\"https:\\\/\\\/schema.org\",\"@graph\":[{\"@type\":\"Article\",\"@id\":\"https:\\\/\\\/macite.tg\\\/?p=17665#article\",\"isPartOf\":{\"@id\":\"https:\\\/\\\/macite.tg\\\/?p=17665\"},\"author\":{\"name\":\"Jean Pierre BAWELA\",\"@id\":\"https:\\\/\\\/macite.tg\\\/#\\\/schema\\\/person\\\/e9f2de7e5dbbe7770a9402c7ce82f5c2\"},\"headline\":\"RENCONTRE ENTREPRENEURIALE MAROC-FRANCE\u00a0: Le Pr\u00e9sident Macron affirme que les investissements publics fran\u00e7ais au Maroc s\u2019\u00e9tendaient au Sahara\",\"datePublished\":\"2024-10-31T15:14:08+00:00\",\"dateModified\":\"2024-10-31T15:15:00+00:00\",\"mainEntityOfPage\":{\"@id\":\"https:\\\/\\\/macite.tg\\\/?p=17665\"},\"wordCount\":428,\"commentCount\":0,\"image\":{\"@id\":\"https:\\\/\\\/macite.tg\\\/?p=17665#primaryimage\"},\"thumbnailUrl\":\"https:\\\/\\\/macite.tg\\\/wp-content\\\/uploads\\\/2024\\\/10\\\/052b0fb3-7fd1-4519-ae29-301206c120b3.jpg\",\"articleSection\":[\"ACTUALITE\",\"COOPERATION\"],\"inLanguage\":\"fr-FR\",\"potentialAction\":[{\"@type\":\"CommentAction\",\"name\":\"Comment\",\"target\":[\"https:\\\/\\\/macite.tg\\\/?p=17665#respond\"]}]},{\"@type\":\"WebPage\",\"@id\":\"https:\\\/\\\/macite.tg\\\/?p=17665\",\"url\":\"https:\\\/\\\/macite.tg\\\/?p=17665\",\"name\":\"RENCONTRE ENTREPRENEURIALE MAROC-FRANCE\u00a0: Le Pr\u00e9sident Macron affirme que les investissements publics fran\u00e7ais au Maroc s\u2019\u00e9tendaient au Sahara -\",\"isPartOf\":{\"@id\":\"https:\\\/\\\/macite.tg\\\/#website\"},\"primaryImageOfPage\":{\"@id\":\"https:\\\/\\\/macite.tg\\\/?p=17665#primaryimage\"},\"image\":{\"@id\":\"https:\\\/\\\/macite.tg\\\/?p=17665#primaryimage\"},\"thumbnailUrl\":\"https:\\\/\\\/macite.tg\\\/wp-content\\\/uploads\\\/2024\\\/10\\\/052b0fb3-7fd1-4519-ae29-301206c120b3.jpg\",\"datePublished\":\"2024-10-31T15:14:08+00:00\",\"dateModified\":\"2024-10-31T15:15:00+00:00\",\"author\":{\"@id\":\"https:\\\/\\\/macite.tg\\\/#\\\/schema\\\/person\\\/e9f2de7e5dbbe7770a9402c7ce82f5c2\"},\"breadcrumb\":{\"@id\":\"https:\\\/\\\/macite.tg\\\/?p=17665#breadcrumb\"},\"inLanguage\":\"fr-FR\",\"potentialAction\":[{\"@type\":\"ReadAction\",\"target\":[\"https:\\\/\\\/macite.tg\\\/?p=17665\"]}]},{\"@type\":\"ImageObject\",\"inLanguage\":\"fr-FR\",\"@id\":\"https:\\\/\\\/macite.tg\\\/?p=17665#primaryimage\",\"url\":\"https:\\\/\\\/macite.tg\\\/wp-content\\\/uploads\\\/2024\\\/10\\\/052b0fb3-7fd1-4519-ae29-301206c120b3.jpg\",\"contentUrl\":\"https:\\\/\\\/macite.tg\\\/wp-content\\\/uploads\\\/2024\\\/10\\\/052b0fb3-7fd1-4519-ae29-301206c120b3.jpg\",\"width\":299,\"height\":168,\"caption\":\"Le president Macron (g) et Sa Majest\u00e9 le Roi Mohammed VI (dt) lors de la rencontre mardi soir \u00e0 Rabat, au Maroc.\"},{\"@type\":\"BreadcrumbList\",\"@id\":\"https:\\\/\\\/macite.tg\\\/?p=17665#breadcrumb\",\"itemListElement\":[{\"@type\":\"ListItem\",\"position\":1,\"name\":\"Accueil\",\"item\":\"https:\\\/\\\/macite.tg\\\/\"},{\"@type\":\"ListItem\",\"position\":2,\"name\":\"RENCONTRE ENTREPRENEURIALE MAROC-FRANCE\u00a0: Le Pr\u00e9sident Macron affirme que les investissements publics fran\u00e7ais au Maroc s\u2019\u00e9tendaient au Sahara\"}]},{\"@type\":\"WebSite\",\"@id\":\"https:\\\/\\\/macite.tg\\\/#website\",\"url\":\"https:\\\/\\\/macite.tg\\\/\",\"name\":\"\",\"description\":\"L&#039;information, la bonne!!!\",\"potentialAction\":[{\"@type\":\"SearchAction\",\"target\":{\"@type\":\"EntryPoint\",\"urlTemplate\":\"https:\\\/\\\/macite.tg\\\/?s={search_term_string}\"},\"query-input\":{\"@type\":\"PropertyValueSpecification\",\"valueRequired\":true,\"valueName\":\"search_term_string\"}}],\"inLanguage\":\"fr-FR\"},{\"@type\":\"Person\",\"@id\":\"https:\\\/\\\/macite.tg\\\/#\\\/schema\\\/person\\\/e9f2de7e5dbbe7770a9402c7ce82f5c2\",\"name\":\"Jean Pierre BAWELA\",\"image\":{\"@type\":\"ImageObject\",\"inLanguage\":\"fr-FR\",\"@id\":\"https:\\\/\\\/macite.tg\\\/wp-content\\\/uploads\\\/2023\\\/09\\\/WhatsApp-Image-2023-09-19-at-14.44.41-122x122.jpeg\",\"url\":\"https:\\\/\\\/macite.tg\\\/wp-content\\\/uploads\\\/2023\\\/09\\\/WhatsApp-Image-2023-09-19-at-14.44.41-122x122.jpeg\",\"contentUrl\":\"https:\\\/\\\/macite.tg\\\/wp-content\\\/uploads\\\/2023\\\/09\\\/WhatsApp-Image-2023-09-19-at-14.44.41-122x122.jpeg\",\"caption\":\"Jean Pierre BAWELA\"},\"url\":\"https:\\\/\\\/macite.tg\\\/?author=2\"}]}<\/script>\n<!-- \/ Yoast SEO plugin. -->","yoast_head_json":{"title":"RENCONTRE ENTREPRENEURIALE MAROC-FRANCE\u00a0: Le Pr\u00e9sident Macron affirme que les investissements publics fran\u00e7ais au Maroc s\u2019\u00e9tendaient au Sahara -","robots":{"index":"index","follow":"follow","max-snippet":"max-snippet:-1","max-image-preview":"max-image-preview:large","max-video-preview":"max-video-preview:-1"},"canonical":"https:\/\/macite.tg\/?p=17665","og_locale":"fr_FR","og_type":"article","og_title":"RENCONTRE ENTREPRENEURIALE MAROC-FRANCE\u00a0: Le Pr\u00e9sident Macron affirme que les investissements publics fran\u00e7ais au Maroc s\u2019\u00e9tendaient au Sahara -","og_description":"En visite d\u2019Etat au Maroc, du 28 au 30 Octobre 2024, sur invitation du Souverain marocain, le Pr\u00e9sident fran\u00e7ais, Emmanuel Macron, s\u2019est exprim\u00e9, le mardi 29 octobre, lors de la \u00ab\u00a0Rencontre entrepreneuriale Maroc-France\u00a0\u00bb, en faveur de la poursuite et du renforcement des investissements au Maroc, [&hellip;]","og_url":"https:\/\/macite.tg\/?p=17665","article_published_time":"2024-10-31T15:14:08+00:00","article_modified_time":"2024-10-31T15:15:00+00:00","og_image":[{"width":299,"height":168,"url":"https:\/\/macite.tg\/wp-content\/uploads\/2024\/10\/052b0fb3-7fd1-4519-ae29-301206c120b3.jpg","type":"image\/jpeg"}],"author":"Jean Pierre BAWELA","twitter_card":"summary_large_image","twitter_misc":{"\u00c9crit par":"Jean Pierre BAWELA","Dur\u00e9e de lecture estim\u00e9e":"2 minutes"},"schema":{"@context":"https:\/\/schema.org","@graph":[{"@type":"Article","@id":"https:\/\/macite.tg\/?p=17665#article","isPartOf":{"@id":"https:\/\/macite.tg\/?p=17665"},"author":{"name":"Jean Pierre BAWELA","@id":"https:\/\/macite.tg\/#\/schema\/person\/e9f2de7e5dbbe7770a9402c7ce82f5c2"},"headline":"RENCONTRE ENTREPRENEURIALE MAROC-FRANCE\u00a0: Le Pr\u00e9sident Macron affirme que les investissements publics fran\u00e7ais au Maroc s\u2019\u00e9tendaient au Sahara","datePublished":"2024-10-31T15:14:08+00:00","dateModified":"2024-10-31T15:15:00+00:00","mainEntityOfPage":{"@id":"https:\/\/macite.tg\/?p=17665"},"wordCount":428,"commentCount":0,"image":{"@id":"https:\/\/macite.tg\/?p=17665#primaryimage"},"thumbnailUrl":"https:\/\/macite.tg\/wp-content\/uploads\/2024\/10\/052b0fb3-7fd1-4519-ae29-301206c120b3.jpg","articleSection":["ACTUALITE","COOPERATION"],"inLanguage":"fr-FR","potentialAction":[{"@type":"CommentAction","name":"Comment","target":["https:\/\/macite.tg\/?p=17665#respond"]}]},{"@type":"WebPage","@id":"https:\/\/macite.tg\/?p=17665","url":"https:\/\/macite.tg\/?p=17665","name":"RENCONTRE ENTREPRENEURIALE MAROC-FRANCE\u00a0: Le Pr\u00e9sident Macron affirme que les investissements publics fran\u00e7ais au Maroc s\u2019\u00e9tendaient au Sahara -","isPartOf":{"@id":"https:\/\/macite.tg\/#website"},"primaryImageOfPage":{"@id":"https:\/\/macite.tg\/?p=17665#primaryimage"},"image":{"@id":"https:\/\/macite.tg\/?p=17665#primaryimage"},"thumbnailUrl":"https:\/\/macite.tg\/wp-content\/uploads\/2024\/10\/052b0fb3-7fd1-4519-ae29-301206c120b3.jpg","datePublished":"2024-10-31T15:14:08+00:00","dateModified":"2024-10-31T15:15:00+00:00","author":{"@id":"https:\/\/macite.tg\/#\/schema\/person\/e9f2de7e5dbbe7770a9402c7ce82f5c2"},"breadcrumb":{"@id":"https:\/\/macite.tg\/?p=17665#breadcrumb"},"inLanguage":"fr-FR","potentialAction":[{"@type":"ReadAction","target":["https:\/\/macite.tg\/?p=17665"]}]},{"@type":"ImageObject","inLanguage":"fr-FR","@id":"https:\/\/macite.tg\/?p=17665#primaryimage","url":"https:\/\/macite.tg\/wp-content\/uploads\/2024\/10\/052b0fb3-7fd1-4519-ae29-301206c120b3.jpg","contentUrl":"https:\/\/macite.tg\/wp-content\/uploads\/2024\/10\/052b0fb3-7fd1-4519-ae29-301206c120b3.jpg","width":299,"height":168,"caption":"Le president Macron (g) et Sa Majest\u00e9 le Roi Mohammed VI (dt) lors de la rencontre mardi soir \u00e0 Rabat, au Maroc."},{"@type":"BreadcrumbList","@id":"https:\/\/macite.tg\/?p=17665#breadcrumb","itemListElement":[{"@type":"ListItem","position":1,"name":"Accueil","item":"https:\/\/macite.tg\/"},{"@type":"ListItem","position":2,"name":"RENCONTRE ENTREPRENEURIALE MAROC-FRANCE\u00a0: Le Pr\u00e9sident Macron affirme que les investissements publics fran\u00e7ais au Maroc s\u2019\u00e9tendaient au Sahara"}]},{"@type":"WebSite","@id":"https:\/\/macite.tg\/#website","url":"https:\/\/macite.tg\/","name":"","description":"L&#039;information, la bonne!!!","potentialAction":[{"@type":"SearchAction","target":{"@type":"EntryPoint","urlTemplate":"https:\/\/macite.tg\/?s={search_term_string}"},"query-input":{"@type":"PropertyValueSpecification","valueRequired":true,"valueName":"search_term_string"}}],"inLanguage":"fr-FR"},{"@type":"Person","@id":"https:\/\/macite.tg\/#\/schema\/person\/e9f2de7e5dbbe7770a9402c7ce82f5c2","name":"Jean Pierre BAWELA","image":{"@type":"ImageObject","inLanguage":"fr-FR","@id":"https:\/\/macite.tg\/wp-content\/uploads\/2023\/09\/WhatsApp-Image-2023-09-19-at-14.44.41-122x122.jpeg","url":"https:\/\/macite.tg\/wp-content\/uploads\/2023\/09\/WhatsApp-Image-2023-09-19-at-14.44.41-122x122.jpeg","contentUrl":"https:\/\/macite.tg\/wp-content\/uploads\/2023\/09\/WhatsApp-Image-2023-09-19-at-14.44.41-122x122.jpeg","caption":"Jean Pierre BAWELA"},"url":"https:\/\/macite.tg\/?author=2"}]}},"_links":{"self":[{"href":"https:\/\/macite.tg\/index.php?rest_route=\/wp\/v2\/posts\/17665","targetHints":{"allow":["GET"]}}],"collection":[{"href":"https:\/\/macite.tg\/index.php?rest_route=\/wp\/v2\/posts"}],"about":[{"href":"https:\/\/macite.tg\/index.php?rest_route=\/wp\/v2\/types\/post"}],"author":[{"embeddable":true,"href":"https:\/\/macite.tg\/index.php?rest_route=\/wp\/v2\/users\/2"}],"replies":[{"embeddable":true,"href":"https:\/\/macite.tg\/index.php?rest_route=%2Fwp%2Fv2%2Fcomments&post=17665"}],"version-history":[{"count":0,"href":"https:\/\/macite.tg\/index.php?rest_route=\/wp\/v2\/posts\/17665\/revisions"}],"wp:featuredmedia":[{"embeddable":true,"href":"https:\/\/macite.tg\/index.php?rest_route=\/wp\/v2\/media\/17667"}],"wp:attachment":[{"href":"https:\/\/macite.tg\/index.php?rest_route=%2Fwp%2Fv2%2Fmedia&parent=17665"}],"wp:term":[{"taxonomy":"category","embeddable":true,"href":"https:\/\/macite.tg\/index.php?rest_route=%2Fwp%2Fv2%2Fcategories&post=17665"},{"taxonomy":"post_tag","embeddable":true,"href":"https:\/\/macite.tg\/index.php?rest_route=%2Fwp%2Fv2%2Ftags&post=17665"}],"curies":[{"name":"wp","href":"https:\/\/api.w.org\/{rel}","templated":true}]}}