{"id":17660,"date":"2024-10-31T15:11:30","date_gmt":"2024-10-31T15:11:30","guid":{"rendered":"https:\/\/macite.tg\/?p=17660"},"modified":"2024-10-31T15:11:45","modified_gmt":"2024-10-31T15:11:45","slug":"suite-aux-inondations-en-espagne-le-souverain-marocain-adresse-un-message-de-condoleances-et-de-compassion-a-sm-le-roi-felipe-vi","status":"publish","type":"post","link":"https:\/\/macite.tg\/?p=17660","title":{"rendered":"SUITE AUX INONDATIONS EN ESPAGNE\u00a0: Le Souverain marocain adresse un message de condol\u00e9ances et de compassion \u00e0 SM le Roi Felipe VI"},"content":{"rendered":"\n<p class=\"wp-block-paragraph\"><strong><em>Le sud et l\u2019est de l\u2019Espagne ont \u00e9t\u00e9 frapp\u00e9s, hier mercredi 30 octobre, par de graves inondations qui ont caus\u00e9 des pertes en vies humaines et des d\u00e9g\u00e2ts mat\u00e9riels importants. Cette catastrophe naturelle laisse Sa Majest\u00e9 le Roi Mohammed VI que Dieu L\u2019assiste, sans voix\u2026<\/em><\/strong><\/p>\n\n\n\n<p class=\"wp-block-paragraph\">Alors que l\u2019Espagne continue de pleurer ses victimes \u00e0 la suite des \u00e9v\u00e9nements tragiques survenus hier mercredi 30 octobre, le Souverain marocain a adress\u00e9 un <em>\u00ab&nbsp;message de condol\u00e9ances et de compassion aux Souverains d\u2019Espagne, SM le Roi Felipe VI et Sa Majest\u00e9 la Reine Letizia&nbsp;\u00bb.<\/em><\/p>\n\n\n\n<p class=\"wp-block-paragraph\">Dans Son message, Sa Majest\u00e9 le Roi Mohammed VI dit <em>\u00ab&nbsp;avoir appris avec une profonde \u00e9motion la triste nouvelle des inondations ayant touch\u00e9 la r\u00e9gion de Valence, provoquant des pertes en vies humaines et d\u2019importants d\u00e9g\u00e2ts mat\u00e9riels&nbsp;\u00bb.<\/em><\/p>\n\n\n<div class=\"wp-block-image\">\n<figure class=\"aligncenter size-large is-resized\"><img loading=\"lazy\" decoding=\"async\" src=\"https:\/\/macite.tg\/wp-content\/uploads\/2024\/10\/COMMUNIQUE_DCCF_31-724x1024.jpg\" alt=\"\" class=\"wp-image-17560\" width=\"496\" height=\"702\" srcset=\"https:\/\/macite.tg\/wp-content\/uploads\/2024\/10\/COMMUNIQUE_DCCF_31-724x1024.jpg 724w, https:\/\/macite.tg\/wp-content\/uploads\/2024\/10\/COMMUNIQUE_DCCF_31-212x300.jpg 212w, https:\/\/macite.tg\/wp-content\/uploads\/2024\/10\/COMMUNIQUE_DCCF_31-768x1086.jpg 768w, https:\/\/macite.tg\/wp-content\/uploads\/2024\/10\/COMMUNIQUE_DCCF_31-1086x1536.jpg 1086w, https:\/\/macite.tg\/wp-content\/uploads\/2024\/10\/COMMUNIQUE_DCCF_31-1448x2048.jpg 1448w, https:\/\/macite.tg\/wp-content\/uploads\/2024\/10\/COMMUNIQUE_DCCF_31-scaled.jpg 1810w\" sizes=\"auto, (max-width: 496px) 100vw, 496px\" \/><\/figure>\n<\/div>\n\n\n<p class=\"wp-block-paragraph\">Tout en soulignant que face \u00e0 cette catastrophe naturelle, le Souverain marocain exprime \u00e0 SM le Roi Felipe VI et Sa Majest\u00e9 la Reine Letizia, aux familles et proches des sinistr\u00e9s mais aussi et \u00e0 l\u2019ensemble du peuple espagnol ami, Ses <em>\u00ab&nbsp;condol\u00e9ances les plus sinc\u00e8res et Nos profonds sentiments de compassion et de solidarit\u00e9&nbsp;\u00bb.<\/em><\/p>\n\n\n\n<p class=\"wp-block-paragraph\">Pour conclure, Sa Majest\u00e9 le Roi Prie les Souverains d\u2019Espagne <em>\u00ab&nbsp;d\u2019accepter l\u2019expression de Nos sentiments de sympathie et de solidarit\u00e9, ainsi que de Notre profonde affection et consid\u00e9ration&nbsp;\u00bb.<\/em><\/p>\n\n\n\n<p class=\"wp-block-paragraph\">Rappelons qu\u2019\u00e0 l\u2019annonce de la survenue de cette catastrophe naturelle qui touchait plusieurs r\u00e9gions de l\u2019Espagne, Sa Majest\u00e9 le Roi Mohammed VI, que Dieu Le glorifie, avait donn\u00e9 Ses Tr\u00e8s Hautes Instructions au ministre de l\u2019Int\u00e9rieur, afin d\u2019\u00e9changer avec son homologue espagnol, aux fins d\u2019offrir le soutien n\u00e9cessaire.<\/p>\n\n\n<div class=\"wp-block-image\">\n<figure class=\"aligncenter size-large is-resized\"><img loading=\"lazy\" decoding=\"async\" src=\"https:\/\/macite.tg\/wp-content\/uploads\/2024\/10\/COMMUNIQUE_DCCF_32-724x1024.jpg\" alt=\"\" class=\"wp-image-17561\" width=\"472\" height=\"668\" srcset=\"https:\/\/macite.tg\/wp-content\/uploads\/2024\/10\/COMMUNIQUE_DCCF_32-724x1024.jpg 724w, https:\/\/macite.tg\/wp-content\/uploads\/2024\/10\/COMMUNIQUE_DCCF_32-212x300.jpg 212w, https:\/\/macite.tg\/wp-content\/uploads\/2024\/10\/COMMUNIQUE_DCCF_32-768x1086.jpg 768w, https:\/\/macite.tg\/wp-content\/uploads\/2024\/10\/COMMUNIQUE_DCCF_32-1086x1536.jpg 1086w, https:\/\/macite.tg\/wp-content\/uploads\/2024\/10\/COMMUNIQUE_DCCF_32-1448x2048.jpg 1448w, https:\/\/macite.tg\/wp-content\/uploads\/2024\/10\/COMMUNIQUE_DCCF_32-scaled.jpg 1810w\" sizes=\"auto, (max-width: 472px) 100vw, 472px\" \/><\/figure>\n<\/div>\n\n\n<p class=\"wp-block-paragraph\">Dans un communiqu\u00e9 du minist\u00e8re de l\u2019Int\u00e9rieur marocain, Rabat s\u2019est dit&nbsp;<em>\u00ab&nbsp;pleinement dispos\u00e9 \u00e0 d\u00e9p\u00eacher des \u00e9quipes de secours et \u00e0 fournir toute l\u2019aide n\u00e9cessaire \u00e0 l\u2019Espagne pour faire face \u00e0 cette catastrophe naturelle&nbsp;\u00bb, ceci <\/em>conform\u00e9ment aux Hautes Instructions Royales.<\/p>\n\n\n\n<p class=\"wp-block-paragraph\"><strong>MC<\/strong><\/p>\n\n\n\n<p class=\"wp-block-paragraph\"><a><strong><em>@macite.tg&nbsp;&nbsp;&nbsp;&nbsp;&nbsp;&nbsp;&nbsp;&nbsp;<\/em><\/strong><\/a><\/p>\n\n\n\n<p class=\"wp-block-paragraph\"><strong><em>E-mail&nbsp;: <\/em><\/strong><a href=\"mailto:maciteinfo@gmail.com\"><strong><em>maciteinfo@gmail.com<\/em><\/strong><\/a><strong><em>; <\/em><\/strong><a href=\"mailto:bawela1@gmail.com\"><strong><em>bawela1@gmail.com<\/em><\/strong><\/a><strong><em><\/em><\/strong><\/p>\n\n\n\n<p class=\"wp-block-paragraph\"><strong><em>Pour vos annonces, (publi)reportages, etc., joignez-nous au (00228)91515309\/<strong>79872224 <\/strong>www.macite.tg, L\u2019information, la bonne&nbsp;!<\/em><\/strong><\/p>\n","protected":false},"excerpt":{"rendered":"<p class=\"text-justify mb-2\" >Le sud et l\u2019est de l\u2019Espagne ont \u00e9t\u00e9 frapp\u00e9s, hier mercredi 30 octobre, par de graves inondations qui ont caus\u00e9 des pertes en vies humaines et des d\u00e9g\u00e2ts mat\u00e9riels importants. Cette catastrophe naturelle laisse Sa Majest\u00e9 le Roi Mohammed VI que Dieu L\u2019assiste, sans voix\u2026 [&hellip;]<\/p>\n","protected":false},"author":2,"featured_media":17663,"comment_status":"open","ping_status":"open","sticky":false,"template":"","format":"standard","meta":{"footnotes":""},"categories":[20],"tags":[],"class_list":["post-17660","post","type-post","status-publish","format-standard","has-post-thumbnail","hentry","category-actualite"],"yoast_head":"<!-- This site is optimized with the Yoast SEO plugin v28.4 - https:\/\/yoast.com\/product\/yoast-seo-wordpress\/ -->\n<title>SUITE AUX INONDATIONS EN ESPAGNE\u00a0: Le Souverain marocain adresse un message de condol\u00e9ances et de compassion \u00e0 SM le Roi Felipe VI -<\/title>\n<meta name=\"robots\" content=\"index, follow, max-snippet:-1, max-image-preview:large, max-video-preview:-1\" \/>\n<link rel=\"canonical\" href=\"https:\/\/macite.tg\/?p=17660\" \/>\n<meta property=\"og:locale\" content=\"fr_FR\" \/>\n<meta property=\"og:type\" content=\"article\" \/>\n<meta property=\"og:title\" content=\"SUITE AUX INONDATIONS EN ESPAGNE\u00a0: Le Souverain marocain adresse un message de condol\u00e9ances et de compassion \u00e0 SM le Roi Felipe VI -\" \/>\n<meta property=\"og:description\" content=\"Le sud et l\u2019est de l\u2019Espagne ont \u00e9t\u00e9 frapp\u00e9s, hier mercredi 30 octobre, par de graves inondations qui ont caus\u00e9 des pertes en vies humaines et des d\u00e9g\u00e2ts mat\u00e9riels importants. Cette catastrophe naturelle laisse Sa Majest\u00e9 le Roi Mohammed VI que Dieu L\u2019assiste, sans voix\u2026 [&hellip;]\" \/>\n<meta property=\"og:url\" content=\"https:\/\/macite.tg\/?p=17660\" \/>\n<meta property=\"article:published_time\" content=\"2024-10-31T15:11:30+00:00\" \/>\n<meta property=\"article:modified_time\" content=\"2024-10-31T15:11:45+00:00\" \/>\n<meta property=\"og:image\" content=\"https:\/\/macite.tg\/wp-content\/uploads\/2024\/10\/22f51271-5a97-4c3b-a450-0de717c73d7d.jpg\" \/>\n\t<meta property=\"og:image:width\" content=\"180\" \/>\n\t<meta property=\"og:image:height\" content=\"280\" \/>\n\t<meta property=\"og:image:type\" content=\"image\/jpeg\" \/>\n<meta name=\"author\" content=\"Jean Pierre BAWELA\" \/>\n<meta name=\"twitter:card\" content=\"summary_large_image\" \/>\n<meta name=\"twitter:label1\" content=\"\u00c9crit par\" \/>\n\t<meta name=\"twitter:data1\" content=\"Jean Pierre BAWELA\" \/>\n\t<meta name=\"twitter:label2\" content=\"Dur\u00e9e de lecture estim\u00e9e\" \/>\n\t<meta name=\"twitter:data2\" content=\"2 minutes\" \/>\n<script type=\"application\/ld+json\" class=\"yoast-schema-graph\">{\"@context\":\"https:\\\/\\\/schema.org\",\"@graph\":[{\"@type\":\"Article\",\"@id\":\"https:\\\/\\\/macite.tg\\\/?p=17660#article\",\"isPartOf\":{\"@id\":\"https:\\\/\\\/macite.tg\\\/?p=17660\"},\"author\":{\"name\":\"Jean Pierre BAWELA\",\"@id\":\"https:\\\/\\\/macite.tg\\\/#\\\/schema\\\/person\\\/e9f2de7e5dbbe7770a9402c7ce82f5c2\"},\"headline\":\"SUITE AUX INONDATIONS EN ESPAGNE\u00a0: Le Souverain marocain adresse un message de condol\u00e9ances et de compassion \u00e0 SM le Roi Felipe VI\",\"datePublished\":\"2024-10-31T15:11:30+00:00\",\"dateModified\":\"2024-10-31T15:11:45+00:00\",\"mainEntityOfPage\":{\"@id\":\"https:\\\/\\\/macite.tg\\\/?p=17660\"},\"wordCount\":398,\"commentCount\":0,\"image\":{\"@id\":\"https:\\\/\\\/macite.tg\\\/?p=17660#primaryimage\"},\"thumbnailUrl\":\"https:\\\/\\\/macite.tg\\\/wp-content\\\/uploads\\\/2024\\\/10\\\/22f51271-5a97-4c3b-a450-0de717c73d7d.jpg\",\"articleSection\":[\"ACTUALITE\"],\"inLanguage\":\"fr-FR\",\"potentialAction\":[{\"@type\":\"CommentAction\",\"name\":\"Comment\",\"target\":[\"https:\\\/\\\/macite.tg\\\/?p=17660#respond\"]}]},{\"@type\":\"WebPage\",\"@id\":\"https:\\\/\\\/macite.tg\\\/?p=17660\",\"url\":\"https:\\\/\\\/macite.tg\\\/?p=17660\",\"name\":\"SUITE AUX INONDATIONS EN ESPAGNE\u00a0: Le Souverain marocain adresse un message de condol\u00e9ances et de compassion \u00e0 SM le Roi Felipe VI -\",\"isPartOf\":{\"@id\":\"https:\\\/\\\/macite.tg\\\/#website\"},\"primaryImageOfPage\":{\"@id\":\"https:\\\/\\\/macite.tg\\\/?p=17660#primaryimage\"},\"image\":{\"@id\":\"https:\\\/\\\/macite.tg\\\/?p=17660#primaryimage\"},\"thumbnailUrl\":\"https:\\\/\\\/macite.tg\\\/wp-content\\\/uploads\\\/2024\\\/10\\\/22f51271-5a97-4c3b-a450-0de717c73d7d.jpg\",\"datePublished\":\"2024-10-31T15:11:30+00:00\",\"dateModified\":\"2024-10-31T15:11:45+00:00\",\"author\":{\"@id\":\"https:\\\/\\\/macite.tg\\\/#\\\/schema\\\/person\\\/e9f2de7e5dbbe7770a9402c7ce82f5c2\"},\"breadcrumb\":{\"@id\":\"https:\\\/\\\/macite.tg\\\/?p=17660#breadcrumb\"},\"inLanguage\":\"fr-FR\",\"potentialAction\":[{\"@type\":\"ReadAction\",\"target\":[\"https:\\\/\\\/macite.tg\\\/?p=17660\"]}]},{\"@type\":\"ImageObject\",\"inLanguage\":\"fr-FR\",\"@id\":\"https:\\\/\\\/macite.tg\\\/?p=17660#primaryimage\",\"url\":\"https:\\\/\\\/macite.tg\\\/wp-content\\\/uploads\\\/2024\\\/10\\\/22f51271-5a97-4c3b-a450-0de717c73d7d.jpg\",\"contentUrl\":\"https:\\\/\\\/macite.tg\\\/wp-content\\\/uploads\\\/2024\\\/10\\\/22f51271-5a97-4c3b-a450-0de717c73d7d.jpg\",\"width\":180,\"height\":280},{\"@type\":\"BreadcrumbList\",\"@id\":\"https:\\\/\\\/macite.tg\\\/?p=17660#breadcrumb\",\"itemListElement\":[{\"@type\":\"ListItem\",\"position\":1,\"name\":\"Accueil\",\"item\":\"https:\\\/\\\/macite.tg\\\/\"},{\"@type\":\"ListItem\",\"position\":2,\"name\":\"SUITE AUX INONDATIONS EN ESPAGNE\u00a0: Le Souverain marocain adresse un message de condol\u00e9ances et de compassion \u00e0 SM le Roi Felipe VI\"}]},{\"@type\":\"WebSite\",\"@id\":\"https:\\\/\\\/macite.tg\\\/#website\",\"url\":\"https:\\\/\\\/macite.tg\\\/\",\"name\":\"\",\"description\":\"L&#039;information, la bonne!!!\",\"potentialAction\":[{\"@type\":\"SearchAction\",\"target\":{\"@type\":\"EntryPoint\",\"urlTemplate\":\"https:\\\/\\\/macite.tg\\\/?s={search_term_string}\"},\"query-input\":{\"@type\":\"PropertyValueSpecification\",\"valueRequired\":true,\"valueName\":\"search_term_string\"}}],\"inLanguage\":\"fr-FR\"},{\"@type\":\"Person\",\"@id\":\"https:\\\/\\\/macite.tg\\\/#\\\/schema\\\/person\\\/e9f2de7e5dbbe7770a9402c7ce82f5c2\",\"name\":\"Jean Pierre BAWELA\",\"image\":{\"@type\":\"ImageObject\",\"inLanguage\":\"fr-FR\",\"@id\":\"https:\\\/\\\/macite.tg\\\/wp-content\\\/uploads\\\/2023\\\/09\\\/WhatsApp-Image-2023-09-19-at-14.44.41-122x122.jpeg\",\"url\":\"https:\\\/\\\/macite.tg\\\/wp-content\\\/uploads\\\/2023\\\/09\\\/WhatsApp-Image-2023-09-19-at-14.44.41-122x122.jpeg\",\"contentUrl\":\"https:\\\/\\\/macite.tg\\\/wp-content\\\/uploads\\\/2023\\\/09\\\/WhatsApp-Image-2023-09-19-at-14.44.41-122x122.jpeg\",\"caption\":\"Jean Pierre BAWELA\"},\"url\":\"https:\\\/\\\/macite.tg\\\/?author=2\"}]}<\/script>\n<!-- \/ Yoast SEO plugin. -->","yoast_head_json":{"title":"SUITE AUX INONDATIONS EN ESPAGNE\u00a0: Le Souverain marocain adresse un message de condol\u00e9ances et de compassion \u00e0 SM le Roi Felipe VI -","robots":{"index":"index","follow":"follow","max-snippet":"max-snippet:-1","max-image-preview":"max-image-preview:large","max-video-preview":"max-video-preview:-1"},"canonical":"https:\/\/macite.tg\/?p=17660","og_locale":"fr_FR","og_type":"article","og_title":"SUITE AUX INONDATIONS EN ESPAGNE\u00a0: Le Souverain marocain adresse un message de condol\u00e9ances et de compassion \u00e0 SM le Roi Felipe VI -","og_description":"Le sud et l\u2019est de l\u2019Espagne ont \u00e9t\u00e9 frapp\u00e9s, hier mercredi 30 octobre, par de graves inondations qui ont caus\u00e9 des pertes en vies humaines et des d\u00e9g\u00e2ts mat\u00e9riels importants. Cette catastrophe naturelle laisse Sa Majest\u00e9 le Roi Mohammed VI que Dieu L\u2019assiste, sans voix\u2026 [&hellip;]","og_url":"https:\/\/macite.tg\/?p=17660","article_published_time":"2024-10-31T15:11:30+00:00","article_modified_time":"2024-10-31T15:11:45+00:00","og_image":[{"width":180,"height":280,"url":"https:\/\/macite.tg\/wp-content\/uploads\/2024\/10\/22f51271-5a97-4c3b-a450-0de717c73d7d.jpg","type":"image\/jpeg"}],"author":"Jean Pierre BAWELA","twitter_card":"summary_large_image","twitter_misc":{"\u00c9crit par":"Jean Pierre BAWELA","Dur\u00e9e de lecture estim\u00e9e":"2 minutes"},"schema":{"@context":"https:\/\/schema.org","@graph":[{"@type":"Article","@id":"https:\/\/macite.tg\/?p=17660#article","isPartOf":{"@id":"https:\/\/macite.tg\/?p=17660"},"author":{"name":"Jean Pierre BAWELA","@id":"https:\/\/macite.tg\/#\/schema\/person\/e9f2de7e5dbbe7770a9402c7ce82f5c2"},"headline":"SUITE AUX INONDATIONS EN ESPAGNE\u00a0: Le Souverain marocain adresse un message de condol\u00e9ances et de compassion \u00e0 SM le Roi Felipe VI","datePublished":"2024-10-31T15:11:30+00:00","dateModified":"2024-10-31T15:11:45+00:00","mainEntityOfPage":{"@id":"https:\/\/macite.tg\/?p=17660"},"wordCount":398,"commentCount":0,"image":{"@id":"https:\/\/macite.tg\/?p=17660#primaryimage"},"thumbnailUrl":"https:\/\/macite.tg\/wp-content\/uploads\/2024\/10\/22f51271-5a97-4c3b-a450-0de717c73d7d.jpg","articleSection":["ACTUALITE"],"inLanguage":"fr-FR","potentialAction":[{"@type":"CommentAction","name":"Comment","target":["https:\/\/macite.tg\/?p=17660#respond"]}]},{"@type":"WebPage","@id":"https:\/\/macite.tg\/?p=17660","url":"https:\/\/macite.tg\/?p=17660","name":"SUITE AUX INONDATIONS EN ESPAGNE\u00a0: Le Souverain marocain adresse un message de condol\u00e9ances et de compassion \u00e0 SM le Roi Felipe VI -","isPartOf":{"@id":"https:\/\/macite.tg\/#website"},"primaryImageOfPage":{"@id":"https:\/\/macite.tg\/?p=17660#primaryimage"},"image":{"@id":"https:\/\/macite.tg\/?p=17660#primaryimage"},"thumbnailUrl":"https:\/\/macite.tg\/wp-content\/uploads\/2024\/10\/22f51271-5a97-4c3b-a450-0de717c73d7d.jpg","datePublished":"2024-10-31T15:11:30+00:00","dateModified":"2024-10-31T15:11:45+00:00","author":{"@id":"https:\/\/macite.tg\/#\/schema\/person\/e9f2de7e5dbbe7770a9402c7ce82f5c2"},"breadcrumb":{"@id":"https:\/\/macite.tg\/?p=17660#breadcrumb"},"inLanguage":"fr-FR","potentialAction":[{"@type":"ReadAction","target":["https:\/\/macite.tg\/?p=17660"]}]},{"@type":"ImageObject","inLanguage":"fr-FR","@id":"https:\/\/macite.tg\/?p=17660#primaryimage","url":"https:\/\/macite.tg\/wp-content\/uploads\/2024\/10\/22f51271-5a97-4c3b-a450-0de717c73d7d.jpg","contentUrl":"https:\/\/macite.tg\/wp-content\/uploads\/2024\/10\/22f51271-5a97-4c3b-a450-0de717c73d7d.jpg","width":180,"height":280},{"@type":"BreadcrumbList","@id":"https:\/\/macite.tg\/?p=17660#breadcrumb","itemListElement":[{"@type":"ListItem","position":1,"name":"Accueil","item":"https:\/\/macite.tg\/"},{"@type":"ListItem","position":2,"name":"SUITE AUX INONDATIONS EN ESPAGNE\u00a0: Le Souverain marocain adresse un message de condol\u00e9ances et de compassion \u00e0 SM le Roi Felipe VI"}]},{"@type":"WebSite","@id":"https:\/\/macite.tg\/#website","url":"https:\/\/macite.tg\/","name":"","description":"L&#039;information, la bonne!!!","potentialAction":[{"@type":"SearchAction","target":{"@type":"EntryPoint","urlTemplate":"https:\/\/macite.tg\/?s={search_term_string}"},"query-input":{"@type":"PropertyValueSpecification","valueRequired":true,"valueName":"search_term_string"}}],"inLanguage":"fr-FR"},{"@type":"Person","@id":"https:\/\/macite.tg\/#\/schema\/person\/e9f2de7e5dbbe7770a9402c7ce82f5c2","name":"Jean Pierre BAWELA","image":{"@type":"ImageObject","inLanguage":"fr-FR","@id":"https:\/\/macite.tg\/wp-content\/uploads\/2023\/09\/WhatsApp-Image-2023-09-19-at-14.44.41-122x122.jpeg","url":"https:\/\/macite.tg\/wp-content\/uploads\/2023\/09\/WhatsApp-Image-2023-09-19-at-14.44.41-122x122.jpeg","contentUrl":"https:\/\/macite.tg\/wp-content\/uploads\/2023\/09\/WhatsApp-Image-2023-09-19-at-14.44.41-122x122.jpeg","caption":"Jean Pierre BAWELA"},"url":"https:\/\/macite.tg\/?author=2"}]}},"_links":{"self":[{"href":"https:\/\/macite.tg\/index.php?rest_route=\/wp\/v2\/posts\/17660","targetHints":{"allow":["GET"]}}],"collection":[{"href":"https:\/\/macite.tg\/index.php?rest_route=\/wp\/v2\/posts"}],"about":[{"href":"https:\/\/macite.tg\/index.php?rest_route=\/wp\/v2\/types\/post"}],"author":[{"embeddable":true,"href":"https:\/\/macite.tg\/index.php?rest_route=\/wp\/v2\/users\/2"}],"replies":[{"embeddable":true,"href":"https:\/\/macite.tg\/index.php?rest_route=%2Fwp%2Fv2%2Fcomments&post=17660"}],"version-history":[{"count":0,"href":"https:\/\/macite.tg\/index.php?rest_route=\/wp\/v2\/posts\/17660\/revisions"}],"wp:featuredmedia":[{"embeddable":true,"href":"https:\/\/macite.tg\/index.php?rest_route=\/wp\/v2\/media\/17663"}],"wp:attachment":[{"href":"https:\/\/macite.tg\/index.php?rest_route=%2Fwp%2Fv2%2Fmedia&parent=17660"}],"wp:term":[{"taxonomy":"category","embeddable":true,"href":"https:\/\/macite.tg\/index.php?rest_route=%2Fwp%2Fv2%2Fcategories&post=17660"},{"taxonomy":"post_tag","embeddable":true,"href":"https:\/\/macite.tg\/index.php?rest_route=%2Fwp%2Fv2%2Ftags&post=17660"}],"curies":[{"name":"wp","href":"https:\/\/api.w.org\/{rel}","templated":true}]}}