{"id":17647,"date":"2024-10-30T18:31:50","date_gmt":"2024-10-30T18:31:50","guid":{"rendered":"https:\/\/macite.tg\/?p=17647"},"modified":"2024-10-31T14:30:44","modified_gmt":"2024-10-31T14:30:44","slug":"inondations-en-espagne-le-royaume-du-maroc-dispose-a-depecher-des-equipes-de-secours","status":"publish","type":"post","link":"https:\/\/macite.tg\/?p=17647","title":{"rendered":"INONDATIONS EN ESPAGNE\u00a0: Le Royaume du Maroc dispos\u00e9 \u00e0 d\u00e9p\u00eacher des \u00e9quipes de secours\u2026"},"content":{"rendered":"\n<p class=\"wp-block-paragraph\"><strong><em>L\u2019Espagne est frapp\u00e9, ce mercredi 30 octobre, par de graves inondations qui touchent l\u2019est et le sud du pays. Alors que l\u2019on d\u00e9plore des pertes en vies humaines (plus de 70 morts) et des d\u00e9g\u00e2ts mat\u00e9riels importants, bilan qui pourrait s\u2019alourdir dans les prochaines heures, le Royaume du Maroc veut pr\u00eater mains fortes en d\u00e9p\u00eachant des \u00e9quipes de secours.<\/em><\/strong><\/p>\n\n\n\n<p class=\"wp-block-paragraph\">De graves inondations ont touch\u00e9, ce mercredi 30 octobre, plusieurs r\u00e9gions de l\u2019Espagne, notamment l\u2019est et le sud du pays, causant des pertes en vies humaines, et de graves d\u00e9g\u00e2ts mat\u00e9riels importants.<\/p>\n\n\n\n<p class=\"wp-block-paragraph\">Face \u00e0 cette catastrophe naturelle, Sa Majest\u00e9 le Roi Mohammed VI, que Dieu Le glorifie, a donn\u00e9 Ses Tr\u00e8s Hautes Instructions au ministre de l\u2019Int\u00e9rieur, dans l\u2019optique d\u2019\u00e9changer avec son homologue espagnol, aux fins d\u2019offrir le soutien n\u00e9cessaire.<\/p>\n\n\n\n<p class=\"wp-block-paragraph\">Selon le communiqu\u00e9 du minist\u00e8re de l\u2019Int\u00e9rieur marocain, conform\u00e9ment aux Hautes Instructions Royales,\u00a0Rabat est <em>\u00ab\u00a0pleinement dispos\u00e9 \u00e0 d\u00e9p\u00eacher des \u00e9quipes de secours et \u00e0 fournir toute l\u2019aide n\u00e9cessaire \u00e0 l\u2019Espagne pour faire face \u00e0 cette catastrophe naturelle\u00a0\u00bb.<\/em><\/p>\n\n\n<div class=\"wp-block-image\">\n<figure class=\"aligncenter size-large is-resized\"><img loading=\"lazy\" decoding=\"async\" src=\"https:\/\/macite.tg\/wp-content\/uploads\/2024\/10\/COMMUNIQUE_DCCF_31-724x1024.jpg\" alt=\"\" class=\"wp-image-17560\" width=\"344\" height=\"487\" srcset=\"https:\/\/macite.tg\/wp-content\/uploads\/2024\/10\/COMMUNIQUE_DCCF_31-724x1024.jpg 724w, https:\/\/macite.tg\/wp-content\/uploads\/2024\/10\/COMMUNIQUE_DCCF_31-212x300.jpg 212w, https:\/\/macite.tg\/wp-content\/uploads\/2024\/10\/COMMUNIQUE_DCCF_31-768x1086.jpg 768w, https:\/\/macite.tg\/wp-content\/uploads\/2024\/10\/COMMUNIQUE_DCCF_31-1086x1536.jpg 1086w, https:\/\/macite.tg\/wp-content\/uploads\/2024\/10\/COMMUNIQUE_DCCF_31-1448x2048.jpg 1448w, https:\/\/macite.tg\/wp-content\/uploads\/2024\/10\/COMMUNIQUE_DCCF_31-scaled.jpg 1810w\" sizes=\"auto, (max-width: 344px) 100vw, 344px\" \/><\/figure>\n<\/div>\n\n\n<p class=\"wp-block-paragraph\">Notons que le communiqu\u00e9 r\u00e9it\u00e8re, pour terminer, <em>\u00ab&nbsp;les expressions de condol\u00e9ances et de solidarit\u00e9 aux autorit\u00e9s espagnoles et aux familles des victimes<\/em>&nbsp;\u00bb.<\/p>\n\n\n\n<p class=\"wp-block-paragraph\">Selon le bilan provisoire, cette catastrophe naturelle a fait 72 morts, et l&rsquo;agence m\u00e9t\u00e9orologique nationale (Aemet) a d\u00e9clar\u00e9 le second niveau d&rsquo;alerte le plus \u00e9lev\u00e9, dans certaines parties de la r\u00e9gion de Valence la plus touch\u00e9e. Dans cette r\u00e9gion, les pluies devraient se poursuivre, au moins jusqu&rsquo;\u00e0 jeudi, selon les pr\u00e9visions.<\/p>\n\n\n\n<p class=\"wp-block-paragraph\"><strong>MC<\/strong><\/p>\n\n\n\n<p class=\"wp-block-paragraph\"><a><strong><em>@macite.tg&nbsp;&nbsp;&nbsp;&nbsp;&nbsp;&nbsp;&nbsp;&nbsp;<\/em><\/strong><\/a><\/p>\n\n\n\n<p class=\"wp-block-paragraph\"><strong><em>E-mail&nbsp;: <\/em><\/strong><a href=\"mailto:maciteinfo@gmail.com\"><strong><em>maciteinfo@gmail.com<\/em><\/strong><\/a><strong><em>; <\/em><\/strong><a href=\"mailto:bawela1@gmail.com\"><strong><em>bawela1@gmail.com<\/em><\/strong><\/a><strong><em><\/em><\/strong><\/p>\n\n\n\n<p class=\"wp-block-paragraph\"><strong><em>Pour vos annonces, (publi)reportages, etc., joignez-nous au (00228)91515309\/<strong>79872224 <\/strong>www.macite.tg, L\u2019information, la bonne&nbsp;!<\/em><\/strong><\/p>\n","protected":false},"excerpt":{"rendered":"<p class=\"text-justify mb-2\" >L\u2019Espagne est frapp\u00e9, ce mercredi 30 octobre, par de graves inondations qui touchent l\u2019est et le sud du pays. Alors que l\u2019on d\u00e9plore des pertes en vies humaines (plus de 70 morts) et des d\u00e9g\u00e2ts mat\u00e9riels importants, bilan qui pourrait s\u2019alourdir dans les prochaines heures, [&hellip;]<\/p>\n","protected":false},"author":2,"featured_media":17654,"comment_status":"open","ping_status":"open","sticky":false,"template":"","format":"standard","meta":{"footnotes":""},"categories":[20,16],"tags":[],"class_list":["post-17647","post","type-post","status-publish","format-standard","has-post-thumbnail","hentry","category-actualite","category-cooperation"],"yoast_head":"<!-- This site is optimized with the Yoast SEO plugin v28.4 - https:\/\/yoast.com\/product\/yoast-seo-wordpress\/ -->\n<title>INONDATIONS EN ESPAGNE\u00a0: Le Royaume du Maroc dispos\u00e9 \u00e0 d\u00e9p\u00eacher des \u00e9quipes de secours\u2026 -<\/title>\n<meta name=\"robots\" content=\"index, follow, max-snippet:-1, max-image-preview:large, max-video-preview:-1\" \/>\n<link rel=\"canonical\" href=\"https:\/\/macite.tg\/?p=17647\" \/>\n<meta property=\"og:locale\" content=\"fr_FR\" \/>\n<meta property=\"og:type\" content=\"article\" \/>\n<meta property=\"og:title\" content=\"INONDATIONS EN ESPAGNE\u00a0: Le Royaume du Maroc dispos\u00e9 \u00e0 d\u00e9p\u00eacher des \u00e9quipes de secours\u2026 -\" \/>\n<meta property=\"og:description\" content=\"L\u2019Espagne est frapp\u00e9, ce mercredi 30 octobre, par de graves inondations qui touchent l\u2019est et le sud du pays. Alors que l\u2019on d\u00e9plore des pertes en vies humaines (plus de 70 morts) et des d\u00e9g\u00e2ts mat\u00e9riels importants, bilan qui pourrait s\u2019alourdir dans les prochaines heures, [&hellip;]\" \/>\n<meta property=\"og:url\" content=\"https:\/\/macite.tg\/?p=17647\" \/>\n<meta property=\"article:published_time\" content=\"2024-10-30T18:31:50+00:00\" \/>\n<meta property=\"article:modified_time\" content=\"2024-10-31T14:30:44+00:00\" \/>\n<meta property=\"og:image\" content=\"https:\/\/macite.tg\/wp-content\/uploads\/2024\/10\/43ef9288-57d2-4a4f-8d7d-853caca9a170.jpg\" \/>\n\t<meta property=\"og:image:width\" content=\"279\" \/>\n\t<meta property=\"og:image:height\" content=\"181\" \/>\n\t<meta property=\"og:image:type\" content=\"image\/jpeg\" \/>\n<meta name=\"author\" content=\"Jean Pierre BAWELA\" \/>\n<meta name=\"twitter:card\" content=\"summary_large_image\" \/>\n<meta name=\"twitter:label1\" content=\"\u00c9crit par\" \/>\n\t<meta name=\"twitter:data1\" content=\"Jean Pierre BAWELA\" \/>\n\t<meta name=\"twitter:label2\" content=\"Dur\u00e9e de lecture estim\u00e9e\" \/>\n\t<meta name=\"twitter:data2\" content=\"2 minutes\" \/>\n<script type=\"application\/ld+json\" class=\"yoast-schema-graph\">{\"@context\":\"https:\\\/\\\/schema.org\",\"@graph\":[{\"@type\":\"Article\",\"@id\":\"https:\\\/\\\/macite.tg\\\/?p=17647#article\",\"isPartOf\":{\"@id\":\"https:\\\/\\\/macite.tg\\\/?p=17647\"},\"author\":{\"name\":\"Jean Pierre BAWELA\",\"@id\":\"https:\\\/\\\/macite.tg\\\/#\\\/schema\\\/person\\\/e9f2de7e5dbbe7770a9402c7ce82f5c2\"},\"headline\":\"INONDATIONS EN ESPAGNE\u00a0: Le Royaume du Maroc dispos\u00e9 \u00e0 d\u00e9p\u00eacher des \u00e9quipes de secours\u2026\",\"datePublished\":\"2024-10-30T18:31:50+00:00\",\"dateModified\":\"2024-10-31T14:30:44+00:00\",\"mainEntityOfPage\":{\"@id\":\"https:\\\/\\\/macite.tg\\\/?p=17647\"},\"wordCount\":329,\"commentCount\":0,\"image\":{\"@id\":\"https:\\\/\\\/macite.tg\\\/?p=17647#primaryimage\"},\"thumbnailUrl\":\"https:\\\/\\\/macite.tg\\\/wp-content\\\/uploads\\\/2024\\\/10\\\/43ef9288-57d2-4a4f-8d7d-853caca9a170.jpg\",\"articleSection\":[\"ACTUALITE\",\"COOPERATION\"],\"inLanguage\":\"fr-FR\",\"potentialAction\":[{\"@type\":\"CommentAction\",\"name\":\"Comment\",\"target\":[\"https:\\\/\\\/macite.tg\\\/?p=17647#respond\"]}]},{\"@type\":\"WebPage\",\"@id\":\"https:\\\/\\\/macite.tg\\\/?p=17647\",\"url\":\"https:\\\/\\\/macite.tg\\\/?p=17647\",\"name\":\"INONDATIONS EN ESPAGNE\u00a0: Le Royaume du Maroc dispos\u00e9 \u00e0 d\u00e9p\u00eacher des \u00e9quipes de secours\u2026 -\",\"isPartOf\":{\"@id\":\"https:\\\/\\\/macite.tg\\\/#website\"},\"primaryImageOfPage\":{\"@id\":\"https:\\\/\\\/macite.tg\\\/?p=17647#primaryimage\"},\"image\":{\"@id\":\"https:\\\/\\\/macite.tg\\\/?p=17647#primaryimage\"},\"thumbnailUrl\":\"https:\\\/\\\/macite.tg\\\/wp-content\\\/uploads\\\/2024\\\/10\\\/43ef9288-57d2-4a4f-8d7d-853caca9a170.jpg\",\"datePublished\":\"2024-10-30T18:31:50+00:00\",\"dateModified\":\"2024-10-31T14:30:44+00:00\",\"author\":{\"@id\":\"https:\\\/\\\/macite.tg\\\/#\\\/schema\\\/person\\\/e9f2de7e5dbbe7770a9402c7ce82f5c2\"},\"breadcrumb\":{\"@id\":\"https:\\\/\\\/macite.tg\\\/?p=17647#breadcrumb\"},\"inLanguage\":\"fr-FR\",\"potentialAction\":[{\"@type\":\"ReadAction\",\"target\":[\"https:\\\/\\\/macite.tg\\\/?p=17647\"]}]},{\"@type\":\"ImageObject\",\"inLanguage\":\"fr-FR\",\"@id\":\"https:\\\/\\\/macite.tg\\\/?p=17647#primaryimage\",\"url\":\"https:\\\/\\\/macite.tg\\\/wp-content\\\/uploads\\\/2024\\\/10\\\/43ef9288-57d2-4a4f-8d7d-853caca9a170.jpg\",\"contentUrl\":\"https:\\\/\\\/macite.tg\\\/wp-content\\\/uploads\\\/2024\\\/10\\\/43ef9288-57d2-4a4f-8d7d-853caca9a170.jpg\",\"width\":279,\"height\":181},{\"@type\":\"BreadcrumbList\",\"@id\":\"https:\\\/\\\/macite.tg\\\/?p=17647#breadcrumb\",\"itemListElement\":[{\"@type\":\"ListItem\",\"position\":1,\"name\":\"Accueil\",\"item\":\"https:\\\/\\\/macite.tg\\\/\"},{\"@type\":\"ListItem\",\"position\":2,\"name\":\"INONDATIONS EN ESPAGNE\u00a0: Le Royaume du Maroc dispos\u00e9 \u00e0 d\u00e9p\u00eacher des \u00e9quipes de secours\u2026\"}]},{\"@type\":\"WebSite\",\"@id\":\"https:\\\/\\\/macite.tg\\\/#website\",\"url\":\"https:\\\/\\\/macite.tg\\\/\",\"name\":\"\",\"description\":\"L&#039;information, la bonne!!!\",\"potentialAction\":[{\"@type\":\"SearchAction\",\"target\":{\"@type\":\"EntryPoint\",\"urlTemplate\":\"https:\\\/\\\/macite.tg\\\/?s={search_term_string}\"},\"query-input\":{\"@type\":\"PropertyValueSpecification\",\"valueRequired\":true,\"valueName\":\"search_term_string\"}}],\"inLanguage\":\"fr-FR\"},{\"@type\":\"Person\",\"@id\":\"https:\\\/\\\/macite.tg\\\/#\\\/schema\\\/person\\\/e9f2de7e5dbbe7770a9402c7ce82f5c2\",\"name\":\"Jean Pierre BAWELA\",\"image\":{\"@type\":\"ImageObject\",\"inLanguage\":\"fr-FR\",\"@id\":\"https:\\\/\\\/macite.tg\\\/wp-content\\\/uploads\\\/2023\\\/09\\\/WhatsApp-Image-2023-09-19-at-14.44.41-122x122.jpeg\",\"url\":\"https:\\\/\\\/macite.tg\\\/wp-content\\\/uploads\\\/2023\\\/09\\\/WhatsApp-Image-2023-09-19-at-14.44.41-122x122.jpeg\",\"contentUrl\":\"https:\\\/\\\/macite.tg\\\/wp-content\\\/uploads\\\/2023\\\/09\\\/WhatsApp-Image-2023-09-19-at-14.44.41-122x122.jpeg\",\"caption\":\"Jean Pierre BAWELA\"},\"url\":\"https:\\\/\\\/macite.tg\\\/?author=2\"}]}<\/script>\n<!-- \/ Yoast SEO plugin. -->","yoast_head_json":{"title":"INONDATIONS EN ESPAGNE\u00a0: Le Royaume du Maroc dispos\u00e9 \u00e0 d\u00e9p\u00eacher des \u00e9quipes de secours\u2026 -","robots":{"index":"index","follow":"follow","max-snippet":"max-snippet:-1","max-image-preview":"max-image-preview:large","max-video-preview":"max-video-preview:-1"},"canonical":"https:\/\/macite.tg\/?p=17647","og_locale":"fr_FR","og_type":"article","og_title":"INONDATIONS EN ESPAGNE\u00a0: Le Royaume du Maroc dispos\u00e9 \u00e0 d\u00e9p\u00eacher des \u00e9quipes de secours\u2026 -","og_description":"L\u2019Espagne est frapp\u00e9, ce mercredi 30 octobre, par de graves inondations qui touchent l\u2019est et le sud du pays. Alors que l\u2019on d\u00e9plore des pertes en vies humaines (plus de 70 morts) et des d\u00e9g\u00e2ts mat\u00e9riels importants, bilan qui pourrait s\u2019alourdir dans les prochaines heures, [&hellip;]","og_url":"https:\/\/macite.tg\/?p=17647","article_published_time":"2024-10-30T18:31:50+00:00","article_modified_time":"2024-10-31T14:30:44+00:00","og_image":[{"width":279,"height":181,"url":"https:\/\/macite.tg\/wp-content\/uploads\/2024\/10\/43ef9288-57d2-4a4f-8d7d-853caca9a170.jpg","type":"image\/jpeg"}],"author":"Jean Pierre BAWELA","twitter_card":"summary_large_image","twitter_misc":{"\u00c9crit par":"Jean Pierre BAWELA","Dur\u00e9e de lecture estim\u00e9e":"2 minutes"},"schema":{"@context":"https:\/\/schema.org","@graph":[{"@type":"Article","@id":"https:\/\/macite.tg\/?p=17647#article","isPartOf":{"@id":"https:\/\/macite.tg\/?p=17647"},"author":{"name":"Jean Pierre BAWELA","@id":"https:\/\/macite.tg\/#\/schema\/person\/e9f2de7e5dbbe7770a9402c7ce82f5c2"},"headline":"INONDATIONS EN ESPAGNE\u00a0: Le Royaume du Maroc dispos\u00e9 \u00e0 d\u00e9p\u00eacher des \u00e9quipes de secours\u2026","datePublished":"2024-10-30T18:31:50+00:00","dateModified":"2024-10-31T14:30:44+00:00","mainEntityOfPage":{"@id":"https:\/\/macite.tg\/?p=17647"},"wordCount":329,"commentCount":0,"image":{"@id":"https:\/\/macite.tg\/?p=17647#primaryimage"},"thumbnailUrl":"https:\/\/macite.tg\/wp-content\/uploads\/2024\/10\/43ef9288-57d2-4a4f-8d7d-853caca9a170.jpg","articleSection":["ACTUALITE","COOPERATION"],"inLanguage":"fr-FR","potentialAction":[{"@type":"CommentAction","name":"Comment","target":["https:\/\/macite.tg\/?p=17647#respond"]}]},{"@type":"WebPage","@id":"https:\/\/macite.tg\/?p=17647","url":"https:\/\/macite.tg\/?p=17647","name":"INONDATIONS EN ESPAGNE\u00a0: Le Royaume du Maroc dispos\u00e9 \u00e0 d\u00e9p\u00eacher des \u00e9quipes de secours\u2026 -","isPartOf":{"@id":"https:\/\/macite.tg\/#website"},"primaryImageOfPage":{"@id":"https:\/\/macite.tg\/?p=17647#primaryimage"},"image":{"@id":"https:\/\/macite.tg\/?p=17647#primaryimage"},"thumbnailUrl":"https:\/\/macite.tg\/wp-content\/uploads\/2024\/10\/43ef9288-57d2-4a4f-8d7d-853caca9a170.jpg","datePublished":"2024-10-30T18:31:50+00:00","dateModified":"2024-10-31T14:30:44+00:00","author":{"@id":"https:\/\/macite.tg\/#\/schema\/person\/e9f2de7e5dbbe7770a9402c7ce82f5c2"},"breadcrumb":{"@id":"https:\/\/macite.tg\/?p=17647#breadcrumb"},"inLanguage":"fr-FR","potentialAction":[{"@type":"ReadAction","target":["https:\/\/macite.tg\/?p=17647"]}]},{"@type":"ImageObject","inLanguage":"fr-FR","@id":"https:\/\/macite.tg\/?p=17647#primaryimage","url":"https:\/\/macite.tg\/wp-content\/uploads\/2024\/10\/43ef9288-57d2-4a4f-8d7d-853caca9a170.jpg","contentUrl":"https:\/\/macite.tg\/wp-content\/uploads\/2024\/10\/43ef9288-57d2-4a4f-8d7d-853caca9a170.jpg","width":279,"height":181},{"@type":"BreadcrumbList","@id":"https:\/\/macite.tg\/?p=17647#breadcrumb","itemListElement":[{"@type":"ListItem","position":1,"name":"Accueil","item":"https:\/\/macite.tg\/"},{"@type":"ListItem","position":2,"name":"INONDATIONS EN ESPAGNE\u00a0: Le Royaume du Maroc dispos\u00e9 \u00e0 d\u00e9p\u00eacher des \u00e9quipes de secours\u2026"}]},{"@type":"WebSite","@id":"https:\/\/macite.tg\/#website","url":"https:\/\/macite.tg\/","name":"","description":"L&#039;information, la bonne!!!","potentialAction":[{"@type":"SearchAction","target":{"@type":"EntryPoint","urlTemplate":"https:\/\/macite.tg\/?s={search_term_string}"},"query-input":{"@type":"PropertyValueSpecification","valueRequired":true,"valueName":"search_term_string"}}],"inLanguage":"fr-FR"},{"@type":"Person","@id":"https:\/\/macite.tg\/#\/schema\/person\/e9f2de7e5dbbe7770a9402c7ce82f5c2","name":"Jean Pierre BAWELA","image":{"@type":"ImageObject","inLanguage":"fr-FR","@id":"https:\/\/macite.tg\/wp-content\/uploads\/2023\/09\/WhatsApp-Image-2023-09-19-at-14.44.41-122x122.jpeg","url":"https:\/\/macite.tg\/wp-content\/uploads\/2023\/09\/WhatsApp-Image-2023-09-19-at-14.44.41-122x122.jpeg","contentUrl":"https:\/\/macite.tg\/wp-content\/uploads\/2023\/09\/WhatsApp-Image-2023-09-19-at-14.44.41-122x122.jpeg","caption":"Jean Pierre BAWELA"},"url":"https:\/\/macite.tg\/?author=2"}]}},"_links":{"self":[{"href":"https:\/\/macite.tg\/index.php?rest_route=\/wp\/v2\/posts\/17647","targetHints":{"allow":["GET"]}}],"collection":[{"href":"https:\/\/macite.tg\/index.php?rest_route=\/wp\/v2\/posts"}],"about":[{"href":"https:\/\/macite.tg\/index.php?rest_route=\/wp\/v2\/types\/post"}],"author":[{"embeddable":true,"href":"https:\/\/macite.tg\/index.php?rest_route=\/wp\/v2\/users\/2"}],"replies":[{"embeddable":true,"href":"https:\/\/macite.tg\/index.php?rest_route=%2Fwp%2Fv2%2Fcomments&post=17647"}],"version-history":[{"count":0,"href":"https:\/\/macite.tg\/index.php?rest_route=\/wp\/v2\/posts\/17647\/revisions"}],"wp:featuredmedia":[{"embeddable":true,"href":"https:\/\/macite.tg\/index.php?rest_route=\/wp\/v2\/media\/17654"}],"wp:attachment":[{"href":"https:\/\/macite.tg\/index.php?rest_route=%2Fwp%2Fv2%2Fmedia&parent=17647"}],"wp:term":[{"taxonomy":"category","embeddable":true,"href":"https:\/\/macite.tg\/index.php?rest_route=%2Fwp%2Fv2%2Fcategories&post=17647"},{"taxonomy":"post_tag","embeddable":true,"href":"https:\/\/macite.tg\/index.php?rest_route=%2Fwp%2Fv2%2Ftags&post=17647"}],"curies":[{"name":"wp","href":"https:\/\/api.w.org\/{rel}","templated":true}]}}