{"id":17635,"date":"2024-10-30T15:56:50","date_gmt":"2024-10-30T15:56:50","guid":{"rendered":"https:\/\/macite.tg\/?p=17635"},"modified":"2024-10-30T16:17:30","modified_gmt":"2024-10-30T16:17:30","slug":"cooperation-le-togo-et-le-burundi-un-emissaire-du-president-devariste-ndayishimiye-chez-faure-gnassingbe","status":"publish","type":"post","link":"https:\/\/macite.tg\/?p=17635","title":{"rendered":"COOPERATION LE TOGO ET LE BURUNDI : Un \u00e9missaire du pr\u00e9sident d\u2019Evariste Ndayishimiye chez Faure Gnassingb\u00e9"},"content":{"rendered":"\n<p class=\"wp-block-paragraph\"><strong><em>Hier mardi 29 octobre, le Chef de l\u2019Etat, Faure Gnassingb\u00e9, a re\u00e7u en audience le chef de cabinet du Pr\u00e9sident de la R\u00e9publique de Burundi, le Lieutenant-G\u00e9n\u00e9ral Silas Ntigurirwa. Il \u00e9tait porteur d\u2019un message du pr\u00e9sident burundais Evariste Ndayishimiye.<\/em><\/strong><\/p>\n\n\n\n<p class=\"wp-block-paragraph\">Le chef de cabinet du pr\u00e9sident burundais, le Lieutenant-G\u00e9n\u00e9ral Silas Ntigurirwa a \u00e9t\u00e9 re\u00e7u hier mardi 29 octobre \u00e0 la Pr\u00e9sidence de la R\u00e9publique Togolaise.<\/p>\n\n\n\n<p class=\"wp-block-paragraph\">L\u2019officiel burundais \u00e9tait porteur d\u2019un message du pr\u00e9sident Evariste Ndayishimiye, relatif aux relations de coop\u00e9ration bilat\u00e9rale, mais aussi sr des questions sous-r\u00e9gionales et mondiales.<\/p>\n\n\n<div class=\"wp-block-image\">\n<figure class=\"aligncenter size-large is-resized\"><img loading=\"lazy\" decoding=\"async\" src=\"https:\/\/macite.tg\/wp-content\/uploads\/2024\/10\/COMMUNIQUE_DCCF_31-724x1024.jpg\" alt=\"\" class=\"wp-image-17560\" width=\"476\" height=\"673\" srcset=\"https:\/\/macite.tg\/wp-content\/uploads\/2024\/10\/COMMUNIQUE_DCCF_31-724x1024.jpg 724w, https:\/\/macite.tg\/wp-content\/uploads\/2024\/10\/COMMUNIQUE_DCCF_31-212x300.jpg 212w, https:\/\/macite.tg\/wp-content\/uploads\/2024\/10\/COMMUNIQUE_DCCF_31-768x1086.jpg 768w, https:\/\/macite.tg\/wp-content\/uploads\/2024\/10\/COMMUNIQUE_DCCF_31-1086x1536.jpg 1086w, https:\/\/macite.tg\/wp-content\/uploads\/2024\/10\/COMMUNIQUE_DCCF_31-1448x2048.jpg 1448w, https:\/\/macite.tg\/wp-content\/uploads\/2024\/10\/COMMUNIQUE_DCCF_31-scaled.jpg 1810w\" sizes=\"auto, (max-width: 476px) 100vw, 476px\" \/><\/figure>\n<\/div>\n\n\n<p class=\"wp-block-paragraph\">Le Lieutenant-G\u00e9n\u00e9ral Silas Ntigurirwa a, au cours de l\u2019entretien, transmis les f\u00e9licitations du pr\u00e9sident burundais \u00e0 son homologue togolais, Faure Gnassingb\u00e9, pour tous les efforts consentis en faveur de la consolidation de la paix et de la s\u00e9curit\u00e9 dans les diff\u00e9rentes r\u00e9gions du continent africain.<\/p>\n\n\n<div class=\"wp-block-image\">\n<figure class=\"aligncenter size-large is-resized\"><img loading=\"lazy\" decoding=\"async\" src=\"https:\/\/macite.tg\/wp-content\/uploads\/2024\/10\/COMMUNIQUE_DCCF_32-724x1024.jpg\" alt=\"\" class=\"wp-image-17561\" width=\"416\" height=\"588\" srcset=\"https:\/\/macite.tg\/wp-content\/uploads\/2024\/10\/COMMUNIQUE_DCCF_32-724x1024.jpg 724w, https:\/\/macite.tg\/wp-content\/uploads\/2024\/10\/COMMUNIQUE_DCCF_32-212x300.jpg 212w, https:\/\/macite.tg\/wp-content\/uploads\/2024\/10\/COMMUNIQUE_DCCF_32-768x1086.jpg 768w, https:\/\/macite.tg\/wp-content\/uploads\/2024\/10\/COMMUNIQUE_DCCF_32-1086x1536.jpg 1086w, https:\/\/macite.tg\/wp-content\/uploads\/2024\/10\/COMMUNIQUE_DCCF_32-1448x2048.jpg 1448w, https:\/\/macite.tg\/wp-content\/uploads\/2024\/10\/COMMUNIQUE_DCCF_32-scaled.jpg 1810w\" sizes=\"auto, (max-width: 416px) 100vw, 416px\" \/><\/figure>\n<\/div>\n\n\n<p class=\"wp-block-paragraph\">Notons que le Togo le Burundi entretiennent de bonnes relations de coop\u00e9ration dans de plusieurs domaines d\u2019int\u00e9r\u00eats communs, notamment l\u2019\u00e9conomie, la diplomatie, la finance inclusive, les r\u00e9formes fiscales, mais aussi le transport a\u00e9rien.<\/p>\n\n\n\n<p class=\"wp-block-paragraph\"><strong>La R\u00e9daction<\/strong><\/p>\n\n\n\n<p class=\"wp-block-paragraph\"><a><strong><em>@macite.tg&nbsp;&nbsp;&nbsp;&nbsp;&nbsp;&nbsp;&nbsp;&nbsp;<\/em><\/strong><\/a><\/p>\n\n\n\n<p class=\"wp-block-paragraph\"><strong><em>E-mail&nbsp;: <\/em><\/strong><a href=\"mailto:maciteinfo@gmail.com\"><strong><em>maciteinfo@gmail.com<\/em><\/strong><\/a><strong><em>; <\/em><\/strong><a href=\"mailto:bawela1@gmail.com\"><strong><em>bawela1@gmail.com<\/em><\/strong><\/a><strong><em><\/em><\/strong><\/p>\n\n\n\n<p class=\"wp-block-paragraph\"><strong><em>Pour vos annonces, (publi)reportages, etc., joignez-nous au (00228)91515309\/<strong>79872224 <\/strong>www.macite.tg, L\u2019information, la bonne&nbsp;!<\/em><\/strong><\/p>\n","protected":false},"excerpt":{"rendered":"<p class=\"text-justify mb-2\" >Hier mardi 29 octobre, le Chef de l\u2019Etat, Faure Gnassingb\u00e9, a re\u00e7u en audience le chef de cabinet du Pr\u00e9sident de la R\u00e9publique de Burundi, le Lieutenant-G\u00e9n\u00e9ral Silas Ntigurirwa. Il \u00e9tait porteur d\u2019un message du pr\u00e9sident burundais Evariste Ndayishimiye. Le chef de cabinet du pr\u00e9sident [&hellip;]<\/p>\n","protected":false},"author":2,"featured_media":17642,"comment_status":"open","ping_status":"open","sticky":false,"template":"","format":"standard","meta":{"footnotes":""},"categories":[20,16],"tags":[],"class_list":["post-17635","post","type-post","status-publish","format-standard","has-post-thumbnail","hentry","category-actualite","category-cooperation"],"yoast_head":"<!-- This site is optimized with the Yoast SEO plugin v28.4 - https:\/\/yoast.com\/product\/yoast-seo-wordpress\/ -->\n<title>COOPERATION LE TOGO ET LE BURUNDI : Un \u00e9missaire du pr\u00e9sident d\u2019Evariste Ndayishimiye chez Faure Gnassingb\u00e9 -<\/title>\n<meta name=\"robots\" content=\"index, follow, max-snippet:-1, max-image-preview:large, max-video-preview:-1\" \/>\n<link rel=\"canonical\" href=\"https:\/\/macite.tg\/?p=17635\" \/>\n<meta property=\"og:locale\" content=\"fr_FR\" \/>\n<meta property=\"og:type\" content=\"article\" \/>\n<meta property=\"og:title\" content=\"COOPERATION LE TOGO ET LE BURUNDI : Un \u00e9missaire du pr\u00e9sident d\u2019Evariste Ndayishimiye chez Faure Gnassingb\u00e9 -\" \/>\n<meta property=\"og:description\" content=\"Hier mardi 29 octobre, le Chef de l\u2019Etat, Faure Gnassingb\u00e9, a re\u00e7u en audience le chef de cabinet du Pr\u00e9sident de la R\u00e9publique de Burundi, le Lieutenant-G\u00e9n\u00e9ral Silas Ntigurirwa. Il \u00e9tait porteur d\u2019un message du pr\u00e9sident burundais Evariste Ndayishimiye. Le chef de cabinet du pr\u00e9sident [&hellip;]\" \/>\n<meta property=\"og:url\" content=\"https:\/\/macite.tg\/?p=17635\" \/>\n<meta property=\"article:published_time\" content=\"2024-10-30T15:56:50+00:00\" \/>\n<meta property=\"article:modified_time\" content=\"2024-10-30T16:17:30+00:00\" \/>\n<meta property=\"og:image\" content=\"https:\/\/macite.tg\/wp-content\/uploads\/2024\/10\/Burundi.jpg\" \/>\n\t<meta property=\"og:image:width\" content=\"500\" \/>\n\t<meta property=\"og:image:height\" content=\"400\" \/>\n\t<meta property=\"og:image:type\" content=\"image\/jpeg\" \/>\n<meta name=\"author\" content=\"Jean Pierre BAWELA\" \/>\n<meta name=\"twitter:card\" content=\"summary_large_image\" \/>\n<meta name=\"twitter:label1\" content=\"\u00c9crit par\" \/>\n\t<meta name=\"twitter:data1\" content=\"Jean Pierre BAWELA\" \/>\n\t<meta name=\"twitter:label2\" content=\"Dur\u00e9e de lecture estim\u00e9e\" \/>\n\t<meta name=\"twitter:data2\" content=\"1 minute\" \/>\n<script type=\"application\/ld+json\" class=\"yoast-schema-graph\">{\"@context\":\"https:\\\/\\\/schema.org\",\"@graph\":[{\"@type\":\"Article\",\"@id\":\"https:\\\/\\\/macite.tg\\\/?p=17635#article\",\"isPartOf\":{\"@id\":\"https:\\\/\\\/macite.tg\\\/?p=17635\"},\"author\":{\"name\":\"Jean Pierre BAWELA\",\"@id\":\"https:\\\/\\\/macite.tg\\\/#\\\/schema\\\/person\\\/e9f2de7e5dbbe7770a9402c7ce82f5c2\"},\"headline\":\"COOPERATION LE TOGO ET LE BURUNDI : Un \u00e9missaire du pr\u00e9sident d\u2019Evariste Ndayishimiye chez Faure Gnassingb\u00e9\",\"datePublished\":\"2024-10-30T15:56:50+00:00\",\"dateModified\":\"2024-10-30T16:17:30+00:00\",\"mainEntityOfPage\":{\"@id\":\"https:\\\/\\\/macite.tg\\\/?p=17635\"},\"wordCount\":251,\"commentCount\":0,\"image\":{\"@id\":\"https:\\\/\\\/macite.tg\\\/?p=17635#primaryimage\"},\"thumbnailUrl\":\"https:\\\/\\\/macite.tg\\\/wp-content\\\/uploads\\\/2024\\\/10\\\/Burundi.jpg\",\"articleSection\":[\"ACTUALITE\",\"COOPERATION\"],\"inLanguage\":\"fr-FR\",\"potentialAction\":[{\"@type\":\"CommentAction\",\"name\":\"Comment\",\"target\":[\"https:\\\/\\\/macite.tg\\\/?p=17635#respond\"]}]},{\"@type\":\"WebPage\",\"@id\":\"https:\\\/\\\/macite.tg\\\/?p=17635\",\"url\":\"https:\\\/\\\/macite.tg\\\/?p=17635\",\"name\":\"COOPERATION LE TOGO ET LE BURUNDI : Un \u00e9missaire du pr\u00e9sident d\u2019Evariste Ndayishimiye chez Faure Gnassingb\u00e9 -\",\"isPartOf\":{\"@id\":\"https:\\\/\\\/macite.tg\\\/#website\"},\"primaryImageOfPage\":{\"@id\":\"https:\\\/\\\/macite.tg\\\/?p=17635#primaryimage\"},\"image\":{\"@id\":\"https:\\\/\\\/macite.tg\\\/?p=17635#primaryimage\"},\"thumbnailUrl\":\"https:\\\/\\\/macite.tg\\\/wp-content\\\/uploads\\\/2024\\\/10\\\/Burundi.jpg\",\"datePublished\":\"2024-10-30T15:56:50+00:00\",\"dateModified\":\"2024-10-30T16:17:30+00:00\",\"author\":{\"@id\":\"https:\\\/\\\/macite.tg\\\/#\\\/schema\\\/person\\\/e9f2de7e5dbbe7770a9402c7ce82f5c2\"},\"breadcrumb\":{\"@id\":\"https:\\\/\\\/macite.tg\\\/?p=17635#breadcrumb\"},\"inLanguage\":\"fr-FR\",\"potentialAction\":[{\"@type\":\"ReadAction\",\"target\":[\"https:\\\/\\\/macite.tg\\\/?p=17635\"]}]},{\"@type\":\"ImageObject\",\"inLanguage\":\"fr-FR\",\"@id\":\"https:\\\/\\\/macite.tg\\\/?p=17635#primaryimage\",\"url\":\"https:\\\/\\\/macite.tg\\\/wp-content\\\/uploads\\\/2024\\\/10\\\/Burundi.jpg\",\"contentUrl\":\"https:\\\/\\\/macite.tg\\\/wp-content\\\/uploads\\\/2024\\\/10\\\/Burundi.jpg\",\"width\":500,\"height\":400},{\"@type\":\"BreadcrumbList\",\"@id\":\"https:\\\/\\\/macite.tg\\\/?p=17635#breadcrumb\",\"itemListElement\":[{\"@type\":\"ListItem\",\"position\":1,\"name\":\"Accueil\",\"item\":\"https:\\\/\\\/macite.tg\\\/\"},{\"@type\":\"ListItem\",\"position\":2,\"name\":\"COOPERATION LE TOGO ET LE BURUNDI : Un \u00e9missaire du pr\u00e9sident d\u2019Evariste Ndayishimiye chez Faure Gnassingb\u00e9\"}]},{\"@type\":\"WebSite\",\"@id\":\"https:\\\/\\\/macite.tg\\\/#website\",\"url\":\"https:\\\/\\\/macite.tg\\\/\",\"name\":\"\",\"description\":\"L&#039;information, la bonne!!!\",\"potentialAction\":[{\"@type\":\"SearchAction\",\"target\":{\"@type\":\"EntryPoint\",\"urlTemplate\":\"https:\\\/\\\/macite.tg\\\/?s={search_term_string}\"},\"query-input\":{\"@type\":\"PropertyValueSpecification\",\"valueRequired\":true,\"valueName\":\"search_term_string\"}}],\"inLanguage\":\"fr-FR\"},{\"@type\":\"Person\",\"@id\":\"https:\\\/\\\/macite.tg\\\/#\\\/schema\\\/person\\\/e9f2de7e5dbbe7770a9402c7ce82f5c2\",\"name\":\"Jean Pierre BAWELA\",\"image\":{\"@type\":\"ImageObject\",\"inLanguage\":\"fr-FR\",\"@id\":\"https:\\\/\\\/macite.tg\\\/wp-content\\\/uploads\\\/2023\\\/09\\\/WhatsApp-Image-2023-09-19-at-14.44.41-122x122.jpeg\",\"url\":\"https:\\\/\\\/macite.tg\\\/wp-content\\\/uploads\\\/2023\\\/09\\\/WhatsApp-Image-2023-09-19-at-14.44.41-122x122.jpeg\",\"contentUrl\":\"https:\\\/\\\/macite.tg\\\/wp-content\\\/uploads\\\/2023\\\/09\\\/WhatsApp-Image-2023-09-19-at-14.44.41-122x122.jpeg\",\"caption\":\"Jean Pierre BAWELA\"},\"url\":\"https:\\\/\\\/macite.tg\\\/?author=2\"}]}<\/script>\n<!-- \/ Yoast SEO plugin. -->","yoast_head_json":{"title":"COOPERATION LE TOGO ET LE BURUNDI : Un \u00e9missaire du pr\u00e9sident d\u2019Evariste Ndayishimiye chez Faure Gnassingb\u00e9 -","robots":{"index":"index","follow":"follow","max-snippet":"max-snippet:-1","max-image-preview":"max-image-preview:large","max-video-preview":"max-video-preview:-1"},"canonical":"https:\/\/macite.tg\/?p=17635","og_locale":"fr_FR","og_type":"article","og_title":"COOPERATION LE TOGO ET LE BURUNDI : Un \u00e9missaire du pr\u00e9sident d\u2019Evariste Ndayishimiye chez Faure Gnassingb\u00e9 -","og_description":"Hier mardi 29 octobre, le Chef de l\u2019Etat, Faure Gnassingb\u00e9, a re\u00e7u en audience le chef de cabinet du Pr\u00e9sident de la R\u00e9publique de Burundi, le Lieutenant-G\u00e9n\u00e9ral Silas Ntigurirwa. Il \u00e9tait porteur d\u2019un message du pr\u00e9sident burundais Evariste Ndayishimiye. Le chef de cabinet du pr\u00e9sident [&hellip;]","og_url":"https:\/\/macite.tg\/?p=17635","article_published_time":"2024-10-30T15:56:50+00:00","article_modified_time":"2024-10-30T16:17:30+00:00","og_image":[{"width":500,"height":400,"url":"https:\/\/macite.tg\/wp-content\/uploads\/2024\/10\/Burundi.jpg","type":"image\/jpeg"}],"author":"Jean Pierre BAWELA","twitter_card":"summary_large_image","twitter_misc":{"\u00c9crit par":"Jean Pierre BAWELA","Dur\u00e9e de lecture estim\u00e9e":"1 minute"},"schema":{"@context":"https:\/\/schema.org","@graph":[{"@type":"Article","@id":"https:\/\/macite.tg\/?p=17635#article","isPartOf":{"@id":"https:\/\/macite.tg\/?p=17635"},"author":{"name":"Jean Pierre BAWELA","@id":"https:\/\/macite.tg\/#\/schema\/person\/e9f2de7e5dbbe7770a9402c7ce82f5c2"},"headline":"COOPERATION LE TOGO ET LE BURUNDI : Un \u00e9missaire du pr\u00e9sident d\u2019Evariste Ndayishimiye chez Faure Gnassingb\u00e9","datePublished":"2024-10-30T15:56:50+00:00","dateModified":"2024-10-30T16:17:30+00:00","mainEntityOfPage":{"@id":"https:\/\/macite.tg\/?p=17635"},"wordCount":251,"commentCount":0,"image":{"@id":"https:\/\/macite.tg\/?p=17635#primaryimage"},"thumbnailUrl":"https:\/\/macite.tg\/wp-content\/uploads\/2024\/10\/Burundi.jpg","articleSection":["ACTUALITE","COOPERATION"],"inLanguage":"fr-FR","potentialAction":[{"@type":"CommentAction","name":"Comment","target":["https:\/\/macite.tg\/?p=17635#respond"]}]},{"@type":"WebPage","@id":"https:\/\/macite.tg\/?p=17635","url":"https:\/\/macite.tg\/?p=17635","name":"COOPERATION LE TOGO ET LE BURUNDI : Un \u00e9missaire du pr\u00e9sident d\u2019Evariste Ndayishimiye chez Faure Gnassingb\u00e9 -","isPartOf":{"@id":"https:\/\/macite.tg\/#website"},"primaryImageOfPage":{"@id":"https:\/\/macite.tg\/?p=17635#primaryimage"},"image":{"@id":"https:\/\/macite.tg\/?p=17635#primaryimage"},"thumbnailUrl":"https:\/\/macite.tg\/wp-content\/uploads\/2024\/10\/Burundi.jpg","datePublished":"2024-10-30T15:56:50+00:00","dateModified":"2024-10-30T16:17:30+00:00","author":{"@id":"https:\/\/macite.tg\/#\/schema\/person\/e9f2de7e5dbbe7770a9402c7ce82f5c2"},"breadcrumb":{"@id":"https:\/\/macite.tg\/?p=17635#breadcrumb"},"inLanguage":"fr-FR","potentialAction":[{"@type":"ReadAction","target":["https:\/\/macite.tg\/?p=17635"]}]},{"@type":"ImageObject","inLanguage":"fr-FR","@id":"https:\/\/macite.tg\/?p=17635#primaryimage","url":"https:\/\/macite.tg\/wp-content\/uploads\/2024\/10\/Burundi.jpg","contentUrl":"https:\/\/macite.tg\/wp-content\/uploads\/2024\/10\/Burundi.jpg","width":500,"height":400},{"@type":"BreadcrumbList","@id":"https:\/\/macite.tg\/?p=17635#breadcrumb","itemListElement":[{"@type":"ListItem","position":1,"name":"Accueil","item":"https:\/\/macite.tg\/"},{"@type":"ListItem","position":2,"name":"COOPERATION LE TOGO ET LE BURUNDI : Un \u00e9missaire du pr\u00e9sident d\u2019Evariste Ndayishimiye chez Faure Gnassingb\u00e9"}]},{"@type":"WebSite","@id":"https:\/\/macite.tg\/#website","url":"https:\/\/macite.tg\/","name":"","description":"L&#039;information, la bonne!!!","potentialAction":[{"@type":"SearchAction","target":{"@type":"EntryPoint","urlTemplate":"https:\/\/macite.tg\/?s={search_term_string}"},"query-input":{"@type":"PropertyValueSpecification","valueRequired":true,"valueName":"search_term_string"}}],"inLanguage":"fr-FR"},{"@type":"Person","@id":"https:\/\/macite.tg\/#\/schema\/person\/e9f2de7e5dbbe7770a9402c7ce82f5c2","name":"Jean Pierre BAWELA","image":{"@type":"ImageObject","inLanguage":"fr-FR","@id":"https:\/\/macite.tg\/wp-content\/uploads\/2023\/09\/WhatsApp-Image-2023-09-19-at-14.44.41-122x122.jpeg","url":"https:\/\/macite.tg\/wp-content\/uploads\/2023\/09\/WhatsApp-Image-2023-09-19-at-14.44.41-122x122.jpeg","contentUrl":"https:\/\/macite.tg\/wp-content\/uploads\/2023\/09\/WhatsApp-Image-2023-09-19-at-14.44.41-122x122.jpeg","caption":"Jean Pierre BAWELA"},"url":"https:\/\/macite.tg\/?author=2"}]}},"_links":{"self":[{"href":"https:\/\/macite.tg\/index.php?rest_route=\/wp\/v2\/posts\/17635","targetHints":{"allow":["GET"]}}],"collection":[{"href":"https:\/\/macite.tg\/index.php?rest_route=\/wp\/v2\/posts"}],"about":[{"href":"https:\/\/macite.tg\/index.php?rest_route=\/wp\/v2\/types\/post"}],"author":[{"embeddable":true,"href":"https:\/\/macite.tg\/index.php?rest_route=\/wp\/v2\/users\/2"}],"replies":[{"embeddable":true,"href":"https:\/\/macite.tg\/index.php?rest_route=%2Fwp%2Fv2%2Fcomments&post=17635"}],"version-history":[{"count":0,"href":"https:\/\/macite.tg\/index.php?rest_route=\/wp\/v2\/posts\/17635\/revisions"}],"wp:featuredmedia":[{"embeddable":true,"href":"https:\/\/macite.tg\/index.php?rest_route=\/wp\/v2\/media\/17642"}],"wp:attachment":[{"href":"https:\/\/macite.tg\/index.php?rest_route=%2Fwp%2Fv2%2Fmedia&parent=17635"}],"wp:term":[{"taxonomy":"category","embeddable":true,"href":"https:\/\/macite.tg\/index.php?rest_route=%2Fwp%2Fv2%2Fcategories&post=17635"},{"taxonomy":"post_tag","embeddable":true,"href":"https:\/\/macite.tg\/index.php?rest_route=%2Fwp%2Fv2%2Ftags&post=17635"}],"curies":[{"name":"wp","href":"https:\/\/api.w.org\/{rel}","templated":true}]}}