{"id":17617,"date":"2024-10-30T11:48:47","date_gmt":"2024-10-30T11:48:47","guid":{"rendered":"https:\/\/macite.tg\/?p=17617"},"modified":"2024-10-31T10:32:42","modified_gmt":"2024-10-31T10:32:42","slug":"promotion-de-la-culture-sar-la-princesse-lalla-hasnaa-inaugure-le-theatre-royal-de-rabat-en-presence-de-mme-brigitte-macron","status":"publish","type":"post","link":"https:\/\/macite.tg\/?p=17617","title":{"rendered":"MAROC\/PROMOTION DE LA CULTURE : SAR la Princesse Lalla Hasnaa inaugure le Th\u00e9\u00e2tre Royal de Rabat, en pr\u00e9sence de Mme Brigitte Macron"},"content":{"rendered":"\n<p class=\"wp-block-paragraph\"><strong><em>Un nouveau projet structurant vient renforcer l\u2019\u00e9cosyst\u00e8me de la Ville lumi\u00e8re, capitale culturelle du Royaume du Maroc. En effet, hier mardi 29 octobre dernier, sur les Hautes Instruction du Souverain marocain, Son Altesse Royale la Princesse Lalla Hasnaa a inaugur\u00e9 Th\u00e9\u00e2tre Royal de Rabat. Elle \u00e9tait accompagn\u00e9e de Mme Brigitte Macron, pr\u00e9sente \u00e0 Rabat, aux c\u00f4t\u00e9s de son \u00e9poux, le Pr\u00e9sident Emmanuel Macron, dans le cadre d\u2019une visite d\u2019Etat.<\/em><\/strong><\/p>\n\n\n\n<p class=\"wp-block-paragraph\">L\u2019\u00e9cosyst\u00e8me de la Ville lumi\u00e8re, capitale culturelle du Royaume du Maroc, vient d\u2019\u00eatre renforcer avec l\u2019inauguration, le mardi 29 octobre dernier, sur les Hautes Instructions de Sa Majest\u00e9 le Roi, par Son Altesse Royale la Princesse Lalla Hasnaa, du Th\u00e9\u00e2tre Royal de Rabat. La c\u00e9r\u00e9monie d\u2019inauguration marqu\u00e9e par le d\u00e9voilement de la plaque comm\u00e9morative, suivie de la pr\u00e9sentation de l\u2019architecture int\u00e9rieure de la b\u00e2tisse puis de la visite guid\u00e9e, s\u2019est d\u00e9roul\u00e9e en pr\u00e9sence de Madame Brigitte Macron.<\/p>\n\n\n\n<p class=\"wp-block-paragraph\">Fruit d\u2019une vision \u00e9clair\u00e9e, le Th\u00e9\u00e2tre Royal de Rabat, un \u00e9difice iconique construit sur une superficie de 7,1 Ha dont 25.400 m2, qui marque un tournant majeur dans le paysage culturel du Royaume, est une concr\u00e9tisation de la Haute Sollicitation Royale sans cesse manifest\u00e9e \u00e0 l\u2019\u00e9gard de l\u2019art et de la culture.<\/p>\n\n\n<div class=\"wp-block-image\">\n<figure class=\"aligncenter size-large is-resized\"><img loading=\"lazy\" decoding=\"async\" src=\"https:\/\/macite.tg\/wp-content\/uploads\/2024\/10\/COMMUNIQUE_DCCF_31-724x1024.jpg\" alt=\"\" class=\"wp-image-17560\" width=\"470\" height=\"665\" srcset=\"https:\/\/macite.tg\/wp-content\/uploads\/2024\/10\/COMMUNIQUE_DCCF_31-724x1024.jpg 724w, https:\/\/macite.tg\/wp-content\/uploads\/2024\/10\/COMMUNIQUE_DCCF_31-212x300.jpg 212w, https:\/\/macite.tg\/wp-content\/uploads\/2024\/10\/COMMUNIQUE_DCCF_31-768x1086.jpg 768w, https:\/\/macite.tg\/wp-content\/uploads\/2024\/10\/COMMUNIQUE_DCCF_31-1086x1536.jpg 1086w, https:\/\/macite.tg\/wp-content\/uploads\/2024\/10\/COMMUNIQUE_DCCF_31-1448x2048.jpg 1448w, https:\/\/macite.tg\/wp-content\/uploads\/2024\/10\/COMMUNIQUE_DCCF_31-scaled.jpg 1810w\" sizes=\"auto, (max-width: 470px) 100vw, 470px\" \/><\/figure>\n<\/div>\n\n\n<p class=\"wp-block-paragraph\">Compos\u00e9 de plusieurs espaces savamment r\u00e9partis, notamment deux grandes salles de spectacles (une de 1.800 spectateurs et l\u2019autre de 250 places) pouvant accueillir un large \u00e9ventail de manifestations artistiques et toutes les exp\u00e9rimentations et expressions culturelles (th\u00e9\u00e2tre, danse, ballet, op\u00e9ra, com\u00e9dies musicales, concerts symphoniques et philharmoniques, ainsi que d\u2019autres formes de spectacles vivants)&nbsp;; un amphith\u00e9\u00e2tre externe d\u2019une capacit\u00e9 de 7.000 personnes, destin\u00e9 \u00e0 recevoir les festivals et autres grandes manifestations, le Th\u00e9\u00e2tre Royal de Rabat est le symbole d\u2019une grande modernit\u00e9, avec un design unique qui apporte une touche contemporaine \u00e0 l\u2019architecture de la capitale en faisant non seulement un lieu de repr\u00e9sentation artistique, mais aussi une \u0153uvre d\u2019art en soi.<\/p>\n\n\n\n<p class=\"wp-block-paragraph\">Destin\u00e9 \u00e0 \u00eatre un \u00e9tablissement de classe mondiale, le Th\u00e9\u00e2tre Royal de Rabat, qui se distingue par son agencement innovant, compte un auditorium qui offre une acoustique qui r\u00e9pond \u00e0 un niveau d\u2019isolation class\u00e9 parmi les meilleurs standards internationaux, sans oublier une exp\u00e9rience sonore immersive pour les spectateurs.<\/p>\n\n\n<div class=\"wp-block-image\">\n<figure class=\"aligncenter size-full is-resized\"><img loading=\"lazy\" decoding=\"async\" src=\"https:\/\/macite.tg\/wp-content\/uploads\/2024\/10\/IMG-20240313-WA0013-2.jpg\" alt=\"\" class=\"wp-image-17605\" width=\"832\" height=\"205\" srcset=\"https:\/\/macite.tg\/wp-content\/uploads\/2024\/10\/IMG-20240313-WA0013-2.jpg 690w, https:\/\/macite.tg\/wp-content\/uploads\/2024\/10\/IMG-20240313-WA0013-2-300x74.jpg 300w\" sizes=\"auto, (max-width: 832px) 100vw, 832px\" \/><\/figure>\n<\/div>\n\n\n<p class=\"wp-block-paragraph\">La r\u00e9alisation de ce projet d\u2019envergure lanc\u00e9 par Sa Majest\u00e9 le Roi Mohammed VI, que Dieu L\u2019Assiste, fait partie d\u2019un aste programme de d\u00e9veloppement de la ville de Rabat qui vise \u00e0 contribuer <em>\u00ab&nbsp;au renforcement des infrastructures culturelles au niveau des diff\u00e9rentes r\u00e9gions du Royaume et promeut le rayonnement culturel du Maroc dans le monde<\/em>&nbsp;\u00bb.<\/p>\n\n\n\n<p class=\"wp-block-paragraph\">R\u00e9alis\u00e9 par l\u2019Agence pour l\u2019Am\u00e9nagement de la Vall\u00e9e du Bouregreg et con\u00e7u par l\u2019architecte feue Zaha Hadid, le Th\u00e9\u00e2tre Royal de Rabat situ\u00e9 au plein c\u0153ur de la vall\u00e9e du Bouregreg, dans la continuit\u00e9 de la Tour Hassan et du Mausol\u00e9e Mohammed V, vise \u00e0 insuffler une dynamique culturelle nouvelle au Maroc, <em>\u00ab&nbsp;en favorisant une approche moderniste de l\u2019art marocain, avec tout ce qui en d\u00e9coule en termes de valorisation des capacit\u00e9s cr\u00e9atives&nbsp;\u00bb, <\/em>tout en assurant une \u00ab&nbsp;interactivit\u00e9 entre ses diff\u00e9rentes composantes, mais \u00e9galement une mobilit\u00e9 fluide du public gr\u00e2ce \u00e0 des escaliers monumentaux, des coursives, des ascenseurs ainsi que des acc\u00e8s d\u00e9di\u00e9s aux personnes \u00e0 mobilit\u00e9 r\u00e9duite (Pmr) conformes au principe de \u201cmobilit\u00e9 pour tous\u201d.<\/p>\n\n\n\n<p class=\"wp-block-paragraph\">Ce rep\u00e8re architectural et urbain unique fait de Rabat une des grandes destinations culturelles internationales.<\/p>\n\n\n<div class=\"wp-block-image\">\n<figure class=\"aligncenter size-large is-resized\"><img loading=\"lazy\" decoding=\"async\" src=\"https:\/\/macite.tg\/wp-content\/uploads\/2024\/10\/COMMUNIQUE_DCCF_32-724x1024.jpg\" alt=\"\" class=\"wp-image-17561\" width=\"492\" height=\"696\" srcset=\"https:\/\/macite.tg\/wp-content\/uploads\/2024\/10\/COMMUNIQUE_DCCF_32-724x1024.jpg 724w, https:\/\/macite.tg\/wp-content\/uploads\/2024\/10\/COMMUNIQUE_DCCF_32-212x300.jpg 212w, https:\/\/macite.tg\/wp-content\/uploads\/2024\/10\/COMMUNIQUE_DCCF_32-768x1086.jpg 768w, https:\/\/macite.tg\/wp-content\/uploads\/2024\/10\/COMMUNIQUE_DCCF_32-1086x1536.jpg 1086w, https:\/\/macite.tg\/wp-content\/uploads\/2024\/10\/COMMUNIQUE_DCCF_32-1448x2048.jpg 1448w, https:\/\/macite.tg\/wp-content\/uploads\/2024\/10\/COMMUNIQUE_DCCF_32-scaled.jpg 1810w\" sizes=\"auto, (max-width: 492px) 100vw, 492px\" \/><\/figure>\n<\/div>\n\n\n<p class=\"wp-block-paragraph\">Notons qu\u2019\u00e0 cette c\u00e9r\u00e9monie d\u2019inauguration, on notait la pr\u00e9sence de plusieurs autres personnalit\u00e9s, notamment le ministre d\u00e9l\u00e9gu\u00e9 aupr\u00e8s de la ministre de l\u2019Economie et des Finances, charg\u00e9 du budget, M. Fouzi Lekjaa, le Wali de la r\u00e9gion de Rabat-Sal\u00e9-K\u00e9nitra, gouverneur de la pr\u00e9fecture de Rabat, M. Mohamed Yacoubi, le pr\u00e9sident du Conseil de la r\u00e9gion de Rabat-Sal\u00e9-K\u00e9nitra, M. Rachid El Abdi, la pr\u00e9sidente du Conseil communal de Rabat, Mme Fatiha El Moudni, et le pr\u00e9sident du conseil pr\u00e9fectoral de Rabat, Abdelaziz Derouiche, entre autres.<\/p>\n\n\n\n<p class=\"wp-block-paragraph\"><strong>MC<\/strong><\/p>\n\n\n\n<p class=\"wp-block-paragraph\"><a><strong><em>@macite.tg&nbsp;&nbsp;&nbsp;&nbsp;&nbsp;&nbsp;&nbsp;&nbsp;<\/em><\/strong><\/a><\/p>\n\n\n\n<p class=\"wp-block-paragraph\"><strong><em>E-mail&nbsp;: <\/em><\/strong><a href=\"mailto:maciteinfo@gmail.com\"><strong><em>maciteinfo@gmail.com<\/em><\/strong><\/a><strong><em>; <\/em><\/strong><a href=\"mailto:bawela1@gmail.com\"><strong><em>bawela1@gmail.com<\/em><\/strong><\/a><strong><em><\/em><\/strong><\/p>\n\n\n\n<p class=\"wp-block-paragraph\"><strong><em>Pour vos annonces, (publi)reportages, etc., joignez-nous au (00228)91515309\/<strong>79872224 <\/strong>www.macite.tg, L\u2019information, la bonne&nbsp;!<\/em><\/strong><\/p>\n","protected":false},"excerpt":{"rendered":"<p class=\"text-justify mb-2\" >Un nouveau projet structurant vient renforcer l\u2019\u00e9cosyst\u00e8me de la Ville lumi\u00e8re, capitale culturelle du Royaume du Maroc. En effet, hier mardi 29 octobre dernier, sur les Hautes Instruction du Souverain marocain, Son Altesse Royale la Princesse Lalla Hasnaa a inaugur\u00e9 Th\u00e9\u00e2tre Royal de Rabat. Elle [&hellip;]<\/p>\n","protected":false},"author":2,"featured_media":17625,"comment_status":"open","ping_status":"open","sticky":false,"template":"","format":"standard","meta":{"footnotes":""},"categories":[20,18],"tags":[],"class_list":["post-17617","post","type-post","status-publish","format-standard","has-post-thumbnail","hentry","category-actualite","category-culture"],"yoast_head":"<!-- This site is optimized with the Yoast SEO plugin v28.4 - https:\/\/yoast.com\/product\/yoast-seo-wordpress\/ -->\n<title>MAROC\/PROMOTION DE LA CULTURE : SAR la Princesse Lalla Hasnaa inaugure le Th\u00e9\u00e2tre Royal de Rabat, en pr\u00e9sence de Mme Brigitte Macron -<\/title>\n<meta name=\"robots\" content=\"index, follow, max-snippet:-1, max-image-preview:large, max-video-preview:-1\" \/>\n<link rel=\"canonical\" href=\"https:\/\/macite.tg\/?p=17617\" \/>\n<meta property=\"og:locale\" content=\"fr_FR\" \/>\n<meta property=\"og:type\" content=\"article\" \/>\n<meta property=\"og:title\" content=\"MAROC\/PROMOTION DE LA CULTURE : SAR la Princesse Lalla Hasnaa inaugure le Th\u00e9\u00e2tre Royal de Rabat, en pr\u00e9sence de Mme Brigitte Macron -\" \/>\n<meta property=\"og:description\" content=\"Un nouveau projet structurant vient renforcer l\u2019\u00e9cosyst\u00e8me de la Ville lumi\u00e8re, capitale culturelle du Royaume du Maroc. En effet, hier mardi 29 octobre dernier, sur les Hautes Instruction du Souverain marocain, Son Altesse Royale la Princesse Lalla Hasnaa a inaugur\u00e9 Th\u00e9\u00e2tre Royal de Rabat. Elle [&hellip;]\" \/>\n<meta property=\"og:url\" content=\"https:\/\/macite.tg\/?p=17617\" \/>\n<meta property=\"article:published_time\" content=\"2024-10-30T11:48:47+00:00\" \/>\n<meta property=\"article:modified_time\" content=\"2024-10-31T10:32:42+00:00\" \/>\n<meta property=\"og:image\" content=\"https:\/\/macite.tg\/wp-content\/uploads\/2024\/10\/Theatre.jpg\" \/>\n\t<meta property=\"og:image:width\" content=\"500\" \/>\n\t<meta property=\"og:image:height\" content=\"333\" \/>\n\t<meta property=\"og:image:type\" content=\"image\/jpeg\" \/>\n<meta name=\"author\" content=\"Jean Pierre BAWELA\" \/>\n<meta name=\"twitter:card\" content=\"summary_large_image\" \/>\n<meta name=\"twitter:label1\" content=\"\u00c9crit par\" \/>\n\t<meta name=\"twitter:data1\" content=\"Jean Pierre BAWELA\" \/>\n\t<meta name=\"twitter:label2\" content=\"Dur\u00e9e de lecture estim\u00e9e\" \/>\n\t<meta name=\"twitter:data2\" content=\"4 minutes\" \/>\n<script type=\"application\/ld+json\" class=\"yoast-schema-graph\">{\"@context\":\"https:\\\/\\\/schema.org\",\"@graph\":[{\"@type\":\"Article\",\"@id\":\"https:\\\/\\\/macite.tg\\\/?p=17617#article\",\"isPartOf\":{\"@id\":\"https:\\\/\\\/macite.tg\\\/?p=17617\"},\"author\":{\"name\":\"Jean Pierre BAWELA\",\"@id\":\"https:\\\/\\\/macite.tg\\\/#\\\/schema\\\/person\\\/e9f2de7e5dbbe7770a9402c7ce82f5c2\"},\"headline\":\"MAROC\\\/PROMOTION DE LA CULTURE : SAR la Princesse Lalla Hasnaa inaugure le Th\u00e9\u00e2tre Royal de Rabat, en pr\u00e9sence de Mme Brigitte Macron\",\"datePublished\":\"2024-10-30T11:48:47+00:00\",\"dateModified\":\"2024-10-31T10:32:42+00:00\",\"mainEntityOfPage\":{\"@id\":\"https:\\\/\\\/macite.tg\\\/?p=17617\"},\"wordCount\":781,\"commentCount\":0,\"image\":{\"@id\":\"https:\\\/\\\/macite.tg\\\/?p=17617#primaryimage\"},\"thumbnailUrl\":\"https:\\\/\\\/macite.tg\\\/wp-content\\\/uploads\\\/2024\\\/10\\\/Theatre.jpg\",\"articleSection\":[\"ACTUALITE\",\"CULTURE\"],\"inLanguage\":\"fr-FR\",\"potentialAction\":[{\"@type\":\"CommentAction\",\"name\":\"Comment\",\"target\":[\"https:\\\/\\\/macite.tg\\\/?p=17617#respond\"]}]},{\"@type\":\"WebPage\",\"@id\":\"https:\\\/\\\/macite.tg\\\/?p=17617\",\"url\":\"https:\\\/\\\/macite.tg\\\/?p=17617\",\"name\":\"MAROC\\\/PROMOTION DE LA CULTURE : SAR la Princesse Lalla Hasnaa inaugure le Th\u00e9\u00e2tre Royal de Rabat, en pr\u00e9sence de Mme Brigitte Macron -\",\"isPartOf\":{\"@id\":\"https:\\\/\\\/macite.tg\\\/#website\"},\"primaryImageOfPage\":{\"@id\":\"https:\\\/\\\/macite.tg\\\/?p=17617#primaryimage\"},\"image\":{\"@id\":\"https:\\\/\\\/macite.tg\\\/?p=17617#primaryimage\"},\"thumbnailUrl\":\"https:\\\/\\\/macite.tg\\\/wp-content\\\/uploads\\\/2024\\\/10\\\/Theatre.jpg\",\"datePublished\":\"2024-10-30T11:48:47+00:00\",\"dateModified\":\"2024-10-31T10:32:42+00:00\",\"author\":{\"@id\":\"https:\\\/\\\/macite.tg\\\/#\\\/schema\\\/person\\\/e9f2de7e5dbbe7770a9402c7ce82f5c2\"},\"breadcrumb\":{\"@id\":\"https:\\\/\\\/macite.tg\\\/?p=17617#breadcrumb\"},\"inLanguage\":\"fr-FR\",\"potentialAction\":[{\"@type\":\"ReadAction\",\"target\":[\"https:\\\/\\\/macite.tg\\\/?p=17617\"]}]},{\"@type\":\"ImageObject\",\"inLanguage\":\"fr-FR\",\"@id\":\"https:\\\/\\\/macite.tg\\\/?p=17617#primaryimage\",\"url\":\"https:\\\/\\\/macite.tg\\\/wp-content\\\/uploads\\\/2024\\\/10\\\/Theatre.jpg\",\"contentUrl\":\"https:\\\/\\\/macite.tg\\\/wp-content\\\/uploads\\\/2024\\\/10\\\/Theatre.jpg\",\"width\":500,\"height\":333,\"caption\":\"Mme Brigitte Macro (g) et SAR la Princesse Lalla Hasnaa (dt).\"},{\"@type\":\"BreadcrumbList\",\"@id\":\"https:\\\/\\\/macite.tg\\\/?p=17617#breadcrumb\",\"itemListElement\":[{\"@type\":\"ListItem\",\"position\":1,\"name\":\"Accueil\",\"item\":\"https:\\\/\\\/macite.tg\\\/\"},{\"@type\":\"ListItem\",\"position\":2,\"name\":\"MAROC\\\/PROMOTION DE LA CULTURE : SAR la Princesse Lalla Hasnaa inaugure le Th\u00e9\u00e2tre Royal de Rabat, en pr\u00e9sence de Mme Brigitte Macron\"}]},{\"@type\":\"WebSite\",\"@id\":\"https:\\\/\\\/macite.tg\\\/#website\",\"url\":\"https:\\\/\\\/macite.tg\\\/\",\"name\":\"\",\"description\":\"L&#039;information, la bonne!!!\",\"potentialAction\":[{\"@type\":\"SearchAction\",\"target\":{\"@type\":\"EntryPoint\",\"urlTemplate\":\"https:\\\/\\\/macite.tg\\\/?s={search_term_string}\"},\"query-input\":{\"@type\":\"PropertyValueSpecification\",\"valueRequired\":true,\"valueName\":\"search_term_string\"}}],\"inLanguage\":\"fr-FR\"},{\"@type\":\"Person\",\"@id\":\"https:\\\/\\\/macite.tg\\\/#\\\/schema\\\/person\\\/e9f2de7e5dbbe7770a9402c7ce82f5c2\",\"name\":\"Jean Pierre BAWELA\",\"image\":{\"@type\":\"ImageObject\",\"inLanguage\":\"fr-FR\",\"@id\":\"https:\\\/\\\/macite.tg\\\/wp-content\\\/uploads\\\/2023\\\/09\\\/WhatsApp-Image-2023-09-19-at-14.44.41-122x122.jpeg\",\"url\":\"https:\\\/\\\/macite.tg\\\/wp-content\\\/uploads\\\/2023\\\/09\\\/WhatsApp-Image-2023-09-19-at-14.44.41-122x122.jpeg\",\"contentUrl\":\"https:\\\/\\\/macite.tg\\\/wp-content\\\/uploads\\\/2023\\\/09\\\/WhatsApp-Image-2023-09-19-at-14.44.41-122x122.jpeg\",\"caption\":\"Jean Pierre BAWELA\"},\"url\":\"https:\\\/\\\/macite.tg\\\/?author=2\"}]}<\/script>\n<!-- \/ Yoast SEO plugin. -->","yoast_head_json":{"title":"MAROC\/PROMOTION DE LA CULTURE : SAR la Princesse Lalla Hasnaa inaugure le Th\u00e9\u00e2tre Royal de Rabat, en pr\u00e9sence de Mme Brigitte Macron -","robots":{"index":"index","follow":"follow","max-snippet":"max-snippet:-1","max-image-preview":"max-image-preview:large","max-video-preview":"max-video-preview:-1"},"canonical":"https:\/\/macite.tg\/?p=17617","og_locale":"fr_FR","og_type":"article","og_title":"MAROC\/PROMOTION DE LA CULTURE : SAR la Princesse Lalla Hasnaa inaugure le Th\u00e9\u00e2tre Royal de Rabat, en pr\u00e9sence de Mme Brigitte Macron -","og_description":"Un nouveau projet structurant vient renforcer l\u2019\u00e9cosyst\u00e8me de la Ville lumi\u00e8re, capitale culturelle du Royaume du Maroc. En effet, hier mardi 29 octobre dernier, sur les Hautes Instruction du Souverain marocain, Son Altesse Royale la Princesse Lalla Hasnaa a inaugur\u00e9 Th\u00e9\u00e2tre Royal de Rabat. Elle [&hellip;]","og_url":"https:\/\/macite.tg\/?p=17617","article_published_time":"2024-10-30T11:48:47+00:00","article_modified_time":"2024-10-31T10:32:42+00:00","og_image":[{"width":500,"height":333,"url":"https:\/\/macite.tg\/wp-content\/uploads\/2024\/10\/Theatre.jpg","type":"image\/jpeg"}],"author":"Jean Pierre BAWELA","twitter_card":"summary_large_image","twitter_misc":{"\u00c9crit par":"Jean Pierre BAWELA","Dur\u00e9e de lecture estim\u00e9e":"4 minutes"},"schema":{"@context":"https:\/\/schema.org","@graph":[{"@type":"Article","@id":"https:\/\/macite.tg\/?p=17617#article","isPartOf":{"@id":"https:\/\/macite.tg\/?p=17617"},"author":{"name":"Jean Pierre BAWELA","@id":"https:\/\/macite.tg\/#\/schema\/person\/e9f2de7e5dbbe7770a9402c7ce82f5c2"},"headline":"MAROC\/PROMOTION DE LA CULTURE : SAR la Princesse Lalla Hasnaa inaugure le Th\u00e9\u00e2tre Royal de Rabat, en pr\u00e9sence de Mme Brigitte Macron","datePublished":"2024-10-30T11:48:47+00:00","dateModified":"2024-10-31T10:32:42+00:00","mainEntityOfPage":{"@id":"https:\/\/macite.tg\/?p=17617"},"wordCount":781,"commentCount":0,"image":{"@id":"https:\/\/macite.tg\/?p=17617#primaryimage"},"thumbnailUrl":"https:\/\/macite.tg\/wp-content\/uploads\/2024\/10\/Theatre.jpg","articleSection":["ACTUALITE","CULTURE"],"inLanguage":"fr-FR","potentialAction":[{"@type":"CommentAction","name":"Comment","target":["https:\/\/macite.tg\/?p=17617#respond"]}]},{"@type":"WebPage","@id":"https:\/\/macite.tg\/?p=17617","url":"https:\/\/macite.tg\/?p=17617","name":"MAROC\/PROMOTION DE LA CULTURE : SAR la Princesse Lalla Hasnaa inaugure le Th\u00e9\u00e2tre Royal de Rabat, en pr\u00e9sence de Mme Brigitte Macron -","isPartOf":{"@id":"https:\/\/macite.tg\/#website"},"primaryImageOfPage":{"@id":"https:\/\/macite.tg\/?p=17617#primaryimage"},"image":{"@id":"https:\/\/macite.tg\/?p=17617#primaryimage"},"thumbnailUrl":"https:\/\/macite.tg\/wp-content\/uploads\/2024\/10\/Theatre.jpg","datePublished":"2024-10-30T11:48:47+00:00","dateModified":"2024-10-31T10:32:42+00:00","author":{"@id":"https:\/\/macite.tg\/#\/schema\/person\/e9f2de7e5dbbe7770a9402c7ce82f5c2"},"breadcrumb":{"@id":"https:\/\/macite.tg\/?p=17617#breadcrumb"},"inLanguage":"fr-FR","potentialAction":[{"@type":"ReadAction","target":["https:\/\/macite.tg\/?p=17617"]}]},{"@type":"ImageObject","inLanguage":"fr-FR","@id":"https:\/\/macite.tg\/?p=17617#primaryimage","url":"https:\/\/macite.tg\/wp-content\/uploads\/2024\/10\/Theatre.jpg","contentUrl":"https:\/\/macite.tg\/wp-content\/uploads\/2024\/10\/Theatre.jpg","width":500,"height":333,"caption":"Mme Brigitte Macro (g) et SAR la Princesse Lalla Hasnaa (dt)."},{"@type":"BreadcrumbList","@id":"https:\/\/macite.tg\/?p=17617#breadcrumb","itemListElement":[{"@type":"ListItem","position":1,"name":"Accueil","item":"https:\/\/macite.tg\/"},{"@type":"ListItem","position":2,"name":"MAROC\/PROMOTION DE LA CULTURE : SAR la Princesse Lalla Hasnaa inaugure le Th\u00e9\u00e2tre Royal de Rabat, en pr\u00e9sence de Mme Brigitte Macron"}]},{"@type":"WebSite","@id":"https:\/\/macite.tg\/#website","url":"https:\/\/macite.tg\/","name":"","description":"L&#039;information, la bonne!!!","potentialAction":[{"@type":"SearchAction","target":{"@type":"EntryPoint","urlTemplate":"https:\/\/macite.tg\/?s={search_term_string}"},"query-input":{"@type":"PropertyValueSpecification","valueRequired":true,"valueName":"search_term_string"}}],"inLanguage":"fr-FR"},{"@type":"Person","@id":"https:\/\/macite.tg\/#\/schema\/person\/e9f2de7e5dbbe7770a9402c7ce82f5c2","name":"Jean Pierre BAWELA","image":{"@type":"ImageObject","inLanguage":"fr-FR","@id":"https:\/\/macite.tg\/wp-content\/uploads\/2023\/09\/WhatsApp-Image-2023-09-19-at-14.44.41-122x122.jpeg","url":"https:\/\/macite.tg\/wp-content\/uploads\/2023\/09\/WhatsApp-Image-2023-09-19-at-14.44.41-122x122.jpeg","contentUrl":"https:\/\/macite.tg\/wp-content\/uploads\/2023\/09\/WhatsApp-Image-2023-09-19-at-14.44.41-122x122.jpeg","caption":"Jean Pierre BAWELA"},"url":"https:\/\/macite.tg\/?author=2"}]}},"_links":{"self":[{"href":"https:\/\/macite.tg\/index.php?rest_route=\/wp\/v2\/posts\/17617","targetHints":{"allow":["GET"]}}],"collection":[{"href":"https:\/\/macite.tg\/index.php?rest_route=\/wp\/v2\/posts"}],"about":[{"href":"https:\/\/macite.tg\/index.php?rest_route=\/wp\/v2\/types\/post"}],"author":[{"embeddable":true,"href":"https:\/\/macite.tg\/index.php?rest_route=\/wp\/v2\/users\/2"}],"replies":[{"embeddable":true,"href":"https:\/\/macite.tg\/index.php?rest_route=%2Fwp%2Fv2%2Fcomments&post=17617"}],"version-history":[{"count":0,"href":"https:\/\/macite.tg\/index.php?rest_route=\/wp\/v2\/posts\/17617\/revisions"}],"wp:featuredmedia":[{"embeddable":true,"href":"https:\/\/macite.tg\/index.php?rest_route=\/wp\/v2\/media\/17625"}],"wp:attachment":[{"href":"https:\/\/macite.tg\/index.php?rest_route=%2Fwp%2Fv2%2Fmedia&parent=17617"}],"wp:term":[{"taxonomy":"category","embeddable":true,"href":"https:\/\/macite.tg\/index.php?rest_route=%2Fwp%2Fv2%2Fcategories&post=17617"},{"taxonomy":"post_tag","embeddable":true,"href":"https:\/\/macite.tg\/index.php?rest_route=%2Fwp%2Fv2%2Ftags&post=17617"}],"curies":[{"name":"wp","href":"https:\/\/api.w.org\/{rel}","templated":true}]}}