{"id":17610,"date":"2024-10-30T09:45:47","date_gmt":"2024-10-30T09:45:47","guid":{"rendered":"https:\/\/macite.tg\/?p=17610"},"modified":"2024-10-30T09:46:40","modified_gmt":"2024-10-30T09:46:40","slug":"en-visite-detat-au-maroc-le-president-macron-seduit-par-cette-richesse-precieuse-et-digne-de-respect","status":"publish","type":"post","link":"https:\/\/macite.tg\/?p=17610","title":{"rendered":"EN VISITE D\u2019ETAT AU MAROC\u00a0: Le Pr\u00e9sident Macron s\u00e9duit par \u00ab\u00a0cette richesse (\u2026) pr\u00e9cieuse et digne de respect \u2026\u00bb"},"content":{"rendered":"\n<p class=\"wp-block-paragraph\"><strong><em>Au second jour de son s\u00e9jour marocain, le Pr\u00e9sident fran\u00e7ais, Emmanuel Macron, s\u2019est exprim\u00e9 devant les deux Chambres du parlement. Une occasion saisie par le Pr\u00e9sident de la R\u00e9publique fran\u00e7aise pour se prononcer sur des sujets pertinents et d\u2019int\u00e9r\u00eat commun.<\/em><\/strong><\/p>\n\n\n\n<p class=\"wp-block-paragraph\">Devant les deux Chambres du Parlement, Emmanuel Macron a rappel\u00e9 la figure embl\u00e9matique que repr\u00e9sentait Sa Majest\u00e9 le Roi Mohammed VI, que Dieu Le glorifie, depuis Son accession au Tr\u00f4ne il y a maintenant 25 ans.<\/p>\n\n\n\n<p class=\"wp-block-paragraph\">Le Souverain incarne <em>\u00ab&nbsp;la continuit\u00e9 de l&rsquo;une des plus anciennes dynasties du monde et l&rsquo;un des visages de la modernit\u00e9 industrielle et technologique&nbsp;\u00bb, <\/em>a soulign\u00e9 le Pr\u00e9sident fran\u00e7ais, poursuivant que <em>\u00ab&nbsp;25 ans sont pass\u00e9s depuis que Sa Majest\u00e9 est devenue le Souverain du Royaume du Maroc, incarnant la continuit\u00e9 de l&rsquo;une des plus anciennes dynasties du monde et l&rsquo;un des visages de la modernit\u00e9 industrielle et technologique&nbsp;\u00bb.<\/em><\/p>\n\n\n<div class=\"wp-block-image\">\n<figure class=\"aligncenter size-large is-resized\"><img loading=\"lazy\" decoding=\"async\" src=\"https:\/\/macite.tg\/wp-content\/uploads\/2024\/10\/COMMUNIQUE_DCCF_31-724x1024.jpg\" alt=\"\" class=\"wp-image-17560\" width=\"524\" height=\"741\" srcset=\"https:\/\/macite.tg\/wp-content\/uploads\/2024\/10\/COMMUNIQUE_DCCF_31-724x1024.jpg 724w, https:\/\/macite.tg\/wp-content\/uploads\/2024\/10\/COMMUNIQUE_DCCF_31-212x300.jpg 212w, https:\/\/macite.tg\/wp-content\/uploads\/2024\/10\/COMMUNIQUE_DCCF_31-768x1086.jpg 768w, https:\/\/macite.tg\/wp-content\/uploads\/2024\/10\/COMMUNIQUE_DCCF_31-1086x1536.jpg 1086w, https:\/\/macite.tg\/wp-content\/uploads\/2024\/10\/COMMUNIQUE_DCCF_31-1448x2048.jpg 1448w, https:\/\/macite.tg\/wp-content\/uploads\/2024\/10\/COMMUNIQUE_DCCF_31-scaled.jpg 1810w\" sizes=\"auto, (max-width: 524px) 100vw, 524px\" \/><\/figure>\n<\/div>\n\n\n<p class=\"wp-block-paragraph\">Plus anciennes monarchies du monde, le Royaume du Maroc, selon Emmanuel Macron, <em>\u00ab&nbsp;avance avec confiance, cette confiance qu&rsquo;il a en lui-m\u00eame et qu&rsquo;il porte en son Roi, la conscience que lui donne sa longue histoire et l&rsquo;\u00e9nergie d&rsquo;une jeunesse nombreuse, pleinement d\u00e9sireuse d&rsquo;accompagner son \u00e9mergence&nbsp;\u00bb.<\/em><\/p>\n\n\n\n<p class=\"wp-block-paragraph\">S\u2019appuyant sur l&rsquo;Islam de tol\u00e9rance promu par Sa Majest\u00e9 le Roi, Commandeur des croyants, <em>\u00ab&nbsp;forme un d\u00e9fi \u00e0 toute forme d&rsquo;extr\u00e9misme&nbsp;\u00bb, <\/em>le Pr\u00e9sident fran\u00e7ais a soulign\u00e9 que <em>\u00ab&nbsp;cette<\/em> <em>richesse du Maroc est encore plus pr\u00e9cieuse et digne de respect \u00e0 l&rsquo;heure o\u00f9 notre monde est d\u00e9chir\u00e9 par l&rsquo;intol\u00e9rance et par la guerre&nbsp;\u00bb<\/em>.<\/p>\n\n\n\n<p class=\"wp-block-paragraph\">Dans ce contexte et face aux d\u00e9fis \u00e0 venir, Emmanuel Macron se projette d\u2019ores et d\u00e9j\u00e0 dans le futur. <em>\u00ab&nbsp;(\u2026) Pour le prochain quart de si\u00e8cle, se dessinent tous les enjeux et tous les possibles&nbsp;\u00bb, <\/em>a-t-il lanc\u00e9, soulignant ainsi le bienfond\u00e9 de la signature de la D\u00e9claration relative au \u00ab\u00a0<em>Partenariat d\u2019exception renforc\u00e9\u00a0\u00bb<\/em> entre le Royaume du Maroc et la R\u00e9publique fran\u00e7aise, qui, selon lui, va permettre aux deux pays de <em>\u00ab&nbsp;mieux r\u00e9pondre \u00e0 l\u2019ensemble des d\u00e9fis<\/em><em> <\/em><em>auxquels tous deux sont confront\u00e9s, en mobilisant tous les secteurs pertinents de la coop\u00e9ration bilat\u00e9rale, r\u00e9gionale et internationale<\/em>&nbsp;\u00bb.<\/p>\n\n\n\n<p class=\"wp-block-paragraph\">Et cela n\u2019a \u00e9t\u00e9 possible que gr\u00e2ce \u00e0 la <em>\u00ab&nbsp;vision \u00e9clair\u00e9e&nbsp;\u00bb<\/em> de Sa Majest\u00e9 le Roi Mohammed VI, que Dieu L\u2019assiste, et dont les r\u00e9alisations des 25 premi\u00e8res ann\u00e9es de son r\u00e8gne, sont <em>\u00ab&nbsp;une invitation \u00e0 nous tourner vers l&rsquo;avenir&nbsp;\u00bb<\/em>.<\/p>\n\n\n<div class=\"wp-block-image\">\n<figure class=\"aligncenter size-large is-resized\"><img loading=\"lazy\" decoding=\"async\" src=\"https:\/\/macite.tg\/wp-content\/uploads\/2024\/10\/COMMUNIQUE_DCCF_32-724x1024.jpg\" alt=\"\" class=\"wp-image-17561\" width=\"518\" height=\"733\" srcset=\"https:\/\/macite.tg\/wp-content\/uploads\/2024\/10\/COMMUNIQUE_DCCF_32-724x1024.jpg 724w, https:\/\/macite.tg\/wp-content\/uploads\/2024\/10\/COMMUNIQUE_DCCF_32-212x300.jpg 212w, https:\/\/macite.tg\/wp-content\/uploads\/2024\/10\/COMMUNIQUE_DCCF_32-768x1086.jpg 768w, https:\/\/macite.tg\/wp-content\/uploads\/2024\/10\/COMMUNIQUE_DCCF_32-1086x1536.jpg 1086w, https:\/\/macite.tg\/wp-content\/uploads\/2024\/10\/COMMUNIQUE_DCCF_32-1448x2048.jpg 1448w, https:\/\/macite.tg\/wp-content\/uploads\/2024\/10\/COMMUNIQUE_DCCF_32-scaled.jpg 1810w\" sizes=\"auto, (max-width: 518px) 100vw, 518px\" \/><\/figure>\n<\/div>\n\n\n<p class=\"wp-block-paragraph\">Tout en appelant les <em>\u00ab&nbsp;repr\u00e9sentants d&rsquo;un peuple qui a \u00e9rig\u00e9, par la volont\u00e9 de son Souverain, la diversit\u00e9, le dialogue, la tol\u00e9rance, au c\u0153ur de son identit\u00e9, de ses institutions, de sa constitution&nbsp;\u00bb,<\/em> Emmanuel Macon a conclu son propos en plaidant pour que cette visite d\u2019Etat marque \u00ab&nbsp;<em>l&rsquo;ouverture de ce nouveau livre dans notre longue histoire partag\u00e9e, qui permettra \u00e0 nos deux nations d&rsquo;avancer avec d\u00e9termination dans ce si\u00e8cle incertain, mais qui a besoin de la richesse de notre amiti\u00e9<\/em>&nbsp;\u00bb.<\/p>\n\n\n\n<p class=\"wp-block-paragraph\">Rappelons que le Pr\u00e9sident de la R\u00e9publique fran\u00e7aise effectue, \u00e0 l\u2019invitation de Sa Majest\u00e9 le Roi, une visite d\u2019Etat dans le Royaume du 28 au 30 octobre 2024.<\/p>\n\n\n\n<p class=\"wp-block-paragraph\"><strong>MC<\/strong><\/p>\n\n\n\n<p class=\"wp-block-paragraph\"><a><strong><em>@macite.tg&nbsp;&nbsp;&nbsp;&nbsp;&nbsp;&nbsp;&nbsp;&nbsp;<\/em><\/strong><\/a><\/p>\n\n\n\n<p class=\"wp-block-paragraph\"><strong><em>E-mail&nbsp;: <\/em><\/strong><a href=\"mailto:maciteinfo@gmail.com\"><strong><em>maciteinfo@gmail.com<\/em><\/strong><\/a><strong><em>; <\/em><\/strong><a href=\"mailto:bawela1@gmail.com\"><strong><em>bawela1@gmail.com<\/em><\/strong><\/a><strong><em><\/em><\/strong><\/p>\n\n\n\n<p class=\"wp-block-paragraph\"><strong><em>Pour vos annonces, (publi)reportages, etc., joignez-nous au (00228)91515309\/<strong>79872224 <\/strong>www.macite.tg, L\u2019information, la bonne&nbsp;!<\/em><\/strong><\/p>\n","protected":false},"excerpt":{"rendered":"<p class=\"text-justify mb-2\" >Au second jour de son s\u00e9jour marocain, le Pr\u00e9sident fran\u00e7ais, Emmanuel Macron, s\u2019est exprim\u00e9 devant les deux Chambres du parlement. Une occasion saisie par le Pr\u00e9sident de la R\u00e9publique fran\u00e7aise pour se prononcer sur des sujets pertinents et d\u2019int\u00e9r\u00eat commun. Devant les deux Chambres du [&hellip;]<\/p>\n","protected":false},"author":2,"featured_media":17611,"comment_status":"open","ping_status":"open","sticky":false,"template":"","format":"standard","meta":{"footnotes":""},"categories":[20,1],"tags":[],"class_list":["post-17610","post","type-post","status-publish","format-standard","has-post-thumbnail","hentry","category-actualite","category-politique"],"yoast_head":"<!-- This site is optimized with the Yoast SEO plugin v28.4 - https:\/\/yoast.com\/product\/yoast-seo-wordpress\/ -->\n<title>EN VISITE D\u2019ETAT AU MAROC\u00a0: Le Pr\u00e9sident Macron s\u00e9duit par \u00ab\u00a0cette richesse (\u2026) pr\u00e9cieuse et digne de respect \u2026\u00bb -<\/title>\n<meta name=\"robots\" content=\"index, follow, max-snippet:-1, max-image-preview:large, max-video-preview:-1\" \/>\n<link rel=\"canonical\" href=\"https:\/\/macite.tg\/?p=17610\" \/>\n<meta property=\"og:locale\" content=\"fr_FR\" \/>\n<meta property=\"og:type\" content=\"article\" \/>\n<meta property=\"og:title\" content=\"EN VISITE D\u2019ETAT AU MAROC\u00a0: Le Pr\u00e9sident Macron s\u00e9duit par \u00ab\u00a0cette richesse (\u2026) pr\u00e9cieuse et digne de respect \u2026\u00bb -\" \/>\n<meta property=\"og:description\" content=\"Au second jour de son s\u00e9jour marocain, le Pr\u00e9sident fran\u00e7ais, Emmanuel Macron, s\u2019est exprim\u00e9 devant les deux Chambres du parlement. Une occasion saisie par le Pr\u00e9sident de la R\u00e9publique fran\u00e7aise pour se prononcer sur des sujets pertinents et d\u2019int\u00e9r\u00eat commun. Devant les deux Chambres du [&hellip;]\" \/>\n<meta property=\"og:url\" content=\"https:\/\/macite.tg\/?p=17610\" \/>\n<meta property=\"article:published_time\" content=\"2024-10-30T09:45:47+00:00\" \/>\n<meta property=\"article:modified_time\" content=\"2024-10-30T09:46:40+00:00\" \/>\n<meta property=\"og:image\" content=\"https:\/\/macite.tg\/wp-content\/uploads\/2024\/10\/Macron-seduit.jpg\" \/>\n\t<meta property=\"og:image:width\" content=\"500\" \/>\n\t<meta property=\"og:image:height\" content=\"333\" \/>\n\t<meta property=\"og:image:type\" content=\"image\/jpeg\" \/>\n<meta name=\"author\" content=\"Jean Pierre BAWELA\" \/>\n<meta name=\"twitter:card\" content=\"summary_large_image\" \/>\n<meta name=\"twitter:label1\" content=\"\u00c9crit par\" \/>\n\t<meta name=\"twitter:data1\" content=\"Jean Pierre BAWELA\" \/>\n\t<meta name=\"twitter:label2\" content=\"Dur\u00e9e de lecture estim\u00e9e\" \/>\n\t<meta name=\"twitter:data2\" content=\"3 minutes\" \/>\n<script type=\"application\/ld+json\" class=\"yoast-schema-graph\">{\"@context\":\"https:\\\/\\\/schema.org\",\"@graph\":[{\"@type\":\"Article\",\"@id\":\"https:\\\/\\\/macite.tg\\\/?p=17610#article\",\"isPartOf\":{\"@id\":\"https:\\\/\\\/macite.tg\\\/?p=17610\"},\"author\":{\"name\":\"Jean Pierre BAWELA\",\"@id\":\"https:\\\/\\\/macite.tg\\\/#\\\/schema\\\/person\\\/e9f2de7e5dbbe7770a9402c7ce82f5c2\"},\"headline\":\"EN VISITE D\u2019ETAT AU MAROC\u00a0: Le Pr\u00e9sident Macron s\u00e9duit par \u00ab\u00a0cette richesse (\u2026) pr\u00e9cieuse et digne de respect \u2026\u00bb\",\"datePublished\":\"2024-10-30T09:45:47+00:00\",\"dateModified\":\"2024-10-30T09:46:40+00:00\",\"mainEntityOfPage\":{\"@id\":\"https:\\\/\\\/macite.tg\\\/?p=17610\"},\"wordCount\":624,\"commentCount\":0,\"image\":{\"@id\":\"https:\\\/\\\/macite.tg\\\/?p=17610#primaryimage\"},\"thumbnailUrl\":\"https:\\\/\\\/macite.tg\\\/wp-content\\\/uploads\\\/2024\\\/10\\\/Macron-seduit.jpg\",\"articleSection\":[\"ACTUALITE\",\"POLITIQUE\"],\"inLanguage\":\"fr-FR\",\"potentialAction\":[{\"@type\":\"CommentAction\",\"name\":\"Comment\",\"target\":[\"https:\\\/\\\/macite.tg\\\/?p=17610#respond\"]}]},{\"@type\":\"WebPage\",\"@id\":\"https:\\\/\\\/macite.tg\\\/?p=17610\",\"url\":\"https:\\\/\\\/macite.tg\\\/?p=17610\",\"name\":\"EN VISITE D\u2019ETAT AU MAROC\u00a0: Le Pr\u00e9sident Macron s\u00e9duit par \u00ab\u00a0cette richesse (\u2026) pr\u00e9cieuse et digne de respect \u2026\u00bb -\",\"isPartOf\":{\"@id\":\"https:\\\/\\\/macite.tg\\\/#website\"},\"primaryImageOfPage\":{\"@id\":\"https:\\\/\\\/macite.tg\\\/?p=17610#primaryimage\"},\"image\":{\"@id\":\"https:\\\/\\\/macite.tg\\\/?p=17610#primaryimage\"},\"thumbnailUrl\":\"https:\\\/\\\/macite.tg\\\/wp-content\\\/uploads\\\/2024\\\/10\\\/Macron-seduit.jpg\",\"datePublished\":\"2024-10-30T09:45:47+00:00\",\"dateModified\":\"2024-10-30T09:46:40+00:00\",\"author\":{\"@id\":\"https:\\\/\\\/macite.tg\\\/#\\\/schema\\\/person\\\/e9f2de7e5dbbe7770a9402c7ce82f5c2\"},\"breadcrumb\":{\"@id\":\"https:\\\/\\\/macite.tg\\\/?p=17610#breadcrumb\"},\"inLanguage\":\"fr-FR\",\"potentialAction\":[{\"@type\":\"ReadAction\",\"target\":[\"https:\\\/\\\/macite.tg\\\/?p=17610\"]}]},{\"@type\":\"ImageObject\",\"inLanguage\":\"fr-FR\",\"@id\":\"https:\\\/\\\/macite.tg\\\/?p=17610#primaryimage\",\"url\":\"https:\\\/\\\/macite.tg\\\/wp-content\\\/uploads\\\/2024\\\/10\\\/Macron-seduit.jpg\",\"contentUrl\":\"https:\\\/\\\/macite.tg\\\/wp-content\\\/uploads\\\/2024\\\/10\\\/Macron-seduit.jpg\",\"width\":500,\"height\":333},{\"@type\":\"BreadcrumbList\",\"@id\":\"https:\\\/\\\/macite.tg\\\/?p=17610#breadcrumb\",\"itemListElement\":[{\"@type\":\"ListItem\",\"position\":1,\"name\":\"Accueil\",\"item\":\"https:\\\/\\\/macite.tg\\\/\"},{\"@type\":\"ListItem\",\"position\":2,\"name\":\"EN VISITE D\u2019ETAT AU MAROC\u00a0: Le Pr\u00e9sident Macron s\u00e9duit par \u00ab\u00a0cette richesse (\u2026) pr\u00e9cieuse et digne de respect \u2026\u00bb\"}]},{\"@type\":\"WebSite\",\"@id\":\"https:\\\/\\\/macite.tg\\\/#website\",\"url\":\"https:\\\/\\\/macite.tg\\\/\",\"name\":\"\",\"description\":\"L&#039;information, la bonne!!!\",\"potentialAction\":[{\"@type\":\"SearchAction\",\"target\":{\"@type\":\"EntryPoint\",\"urlTemplate\":\"https:\\\/\\\/macite.tg\\\/?s={search_term_string}\"},\"query-input\":{\"@type\":\"PropertyValueSpecification\",\"valueRequired\":true,\"valueName\":\"search_term_string\"}}],\"inLanguage\":\"fr-FR\"},{\"@type\":\"Person\",\"@id\":\"https:\\\/\\\/macite.tg\\\/#\\\/schema\\\/person\\\/e9f2de7e5dbbe7770a9402c7ce82f5c2\",\"name\":\"Jean Pierre BAWELA\",\"image\":{\"@type\":\"ImageObject\",\"inLanguage\":\"fr-FR\",\"@id\":\"https:\\\/\\\/macite.tg\\\/wp-content\\\/uploads\\\/2023\\\/09\\\/WhatsApp-Image-2023-09-19-at-14.44.41-122x122.jpeg\",\"url\":\"https:\\\/\\\/macite.tg\\\/wp-content\\\/uploads\\\/2023\\\/09\\\/WhatsApp-Image-2023-09-19-at-14.44.41-122x122.jpeg\",\"contentUrl\":\"https:\\\/\\\/macite.tg\\\/wp-content\\\/uploads\\\/2023\\\/09\\\/WhatsApp-Image-2023-09-19-at-14.44.41-122x122.jpeg\",\"caption\":\"Jean Pierre BAWELA\"},\"url\":\"https:\\\/\\\/macite.tg\\\/?author=2\"}]}<\/script>\n<!-- \/ Yoast SEO plugin. -->","yoast_head_json":{"title":"EN VISITE D\u2019ETAT AU MAROC\u00a0: Le Pr\u00e9sident Macron s\u00e9duit par \u00ab\u00a0cette richesse (\u2026) pr\u00e9cieuse et digne de respect \u2026\u00bb -","robots":{"index":"index","follow":"follow","max-snippet":"max-snippet:-1","max-image-preview":"max-image-preview:large","max-video-preview":"max-video-preview:-1"},"canonical":"https:\/\/macite.tg\/?p=17610","og_locale":"fr_FR","og_type":"article","og_title":"EN VISITE D\u2019ETAT AU MAROC\u00a0: Le Pr\u00e9sident Macron s\u00e9duit par \u00ab\u00a0cette richesse (\u2026) pr\u00e9cieuse et digne de respect \u2026\u00bb -","og_description":"Au second jour de son s\u00e9jour marocain, le Pr\u00e9sident fran\u00e7ais, Emmanuel Macron, s\u2019est exprim\u00e9 devant les deux Chambres du parlement. Une occasion saisie par le Pr\u00e9sident de la R\u00e9publique fran\u00e7aise pour se prononcer sur des sujets pertinents et d\u2019int\u00e9r\u00eat commun. Devant les deux Chambres du [&hellip;]","og_url":"https:\/\/macite.tg\/?p=17610","article_published_time":"2024-10-30T09:45:47+00:00","article_modified_time":"2024-10-30T09:46:40+00:00","og_image":[{"width":500,"height":333,"url":"https:\/\/macite.tg\/wp-content\/uploads\/2024\/10\/Macron-seduit.jpg","type":"image\/jpeg"}],"author":"Jean Pierre BAWELA","twitter_card":"summary_large_image","twitter_misc":{"\u00c9crit par":"Jean Pierre BAWELA","Dur\u00e9e de lecture estim\u00e9e":"3 minutes"},"schema":{"@context":"https:\/\/schema.org","@graph":[{"@type":"Article","@id":"https:\/\/macite.tg\/?p=17610#article","isPartOf":{"@id":"https:\/\/macite.tg\/?p=17610"},"author":{"name":"Jean Pierre BAWELA","@id":"https:\/\/macite.tg\/#\/schema\/person\/e9f2de7e5dbbe7770a9402c7ce82f5c2"},"headline":"EN VISITE D\u2019ETAT AU MAROC\u00a0: Le Pr\u00e9sident Macron s\u00e9duit par \u00ab\u00a0cette richesse (\u2026) pr\u00e9cieuse et digne de respect \u2026\u00bb","datePublished":"2024-10-30T09:45:47+00:00","dateModified":"2024-10-30T09:46:40+00:00","mainEntityOfPage":{"@id":"https:\/\/macite.tg\/?p=17610"},"wordCount":624,"commentCount":0,"image":{"@id":"https:\/\/macite.tg\/?p=17610#primaryimage"},"thumbnailUrl":"https:\/\/macite.tg\/wp-content\/uploads\/2024\/10\/Macron-seduit.jpg","articleSection":["ACTUALITE","POLITIQUE"],"inLanguage":"fr-FR","potentialAction":[{"@type":"CommentAction","name":"Comment","target":["https:\/\/macite.tg\/?p=17610#respond"]}]},{"@type":"WebPage","@id":"https:\/\/macite.tg\/?p=17610","url":"https:\/\/macite.tg\/?p=17610","name":"EN VISITE D\u2019ETAT AU MAROC\u00a0: Le Pr\u00e9sident Macron s\u00e9duit par \u00ab\u00a0cette richesse (\u2026) pr\u00e9cieuse et digne de respect \u2026\u00bb -","isPartOf":{"@id":"https:\/\/macite.tg\/#website"},"primaryImageOfPage":{"@id":"https:\/\/macite.tg\/?p=17610#primaryimage"},"image":{"@id":"https:\/\/macite.tg\/?p=17610#primaryimage"},"thumbnailUrl":"https:\/\/macite.tg\/wp-content\/uploads\/2024\/10\/Macron-seduit.jpg","datePublished":"2024-10-30T09:45:47+00:00","dateModified":"2024-10-30T09:46:40+00:00","author":{"@id":"https:\/\/macite.tg\/#\/schema\/person\/e9f2de7e5dbbe7770a9402c7ce82f5c2"},"breadcrumb":{"@id":"https:\/\/macite.tg\/?p=17610#breadcrumb"},"inLanguage":"fr-FR","potentialAction":[{"@type":"ReadAction","target":["https:\/\/macite.tg\/?p=17610"]}]},{"@type":"ImageObject","inLanguage":"fr-FR","@id":"https:\/\/macite.tg\/?p=17610#primaryimage","url":"https:\/\/macite.tg\/wp-content\/uploads\/2024\/10\/Macron-seduit.jpg","contentUrl":"https:\/\/macite.tg\/wp-content\/uploads\/2024\/10\/Macron-seduit.jpg","width":500,"height":333},{"@type":"BreadcrumbList","@id":"https:\/\/macite.tg\/?p=17610#breadcrumb","itemListElement":[{"@type":"ListItem","position":1,"name":"Accueil","item":"https:\/\/macite.tg\/"},{"@type":"ListItem","position":2,"name":"EN VISITE D\u2019ETAT AU MAROC\u00a0: Le Pr\u00e9sident Macron s\u00e9duit par \u00ab\u00a0cette richesse (\u2026) pr\u00e9cieuse et digne de respect \u2026\u00bb"}]},{"@type":"WebSite","@id":"https:\/\/macite.tg\/#website","url":"https:\/\/macite.tg\/","name":"","description":"L&#039;information, la bonne!!!","potentialAction":[{"@type":"SearchAction","target":{"@type":"EntryPoint","urlTemplate":"https:\/\/macite.tg\/?s={search_term_string}"},"query-input":{"@type":"PropertyValueSpecification","valueRequired":true,"valueName":"search_term_string"}}],"inLanguage":"fr-FR"},{"@type":"Person","@id":"https:\/\/macite.tg\/#\/schema\/person\/e9f2de7e5dbbe7770a9402c7ce82f5c2","name":"Jean Pierre BAWELA","image":{"@type":"ImageObject","inLanguage":"fr-FR","@id":"https:\/\/macite.tg\/wp-content\/uploads\/2023\/09\/WhatsApp-Image-2023-09-19-at-14.44.41-122x122.jpeg","url":"https:\/\/macite.tg\/wp-content\/uploads\/2023\/09\/WhatsApp-Image-2023-09-19-at-14.44.41-122x122.jpeg","contentUrl":"https:\/\/macite.tg\/wp-content\/uploads\/2023\/09\/WhatsApp-Image-2023-09-19-at-14.44.41-122x122.jpeg","caption":"Jean Pierre BAWELA"},"url":"https:\/\/macite.tg\/?author=2"}]}},"_links":{"self":[{"href":"https:\/\/macite.tg\/index.php?rest_route=\/wp\/v2\/posts\/17610","targetHints":{"allow":["GET"]}}],"collection":[{"href":"https:\/\/macite.tg\/index.php?rest_route=\/wp\/v2\/posts"}],"about":[{"href":"https:\/\/macite.tg\/index.php?rest_route=\/wp\/v2\/types\/post"}],"author":[{"embeddable":true,"href":"https:\/\/macite.tg\/index.php?rest_route=\/wp\/v2\/users\/2"}],"replies":[{"embeddable":true,"href":"https:\/\/macite.tg\/index.php?rest_route=%2Fwp%2Fv2%2Fcomments&post=17610"}],"version-history":[{"count":0,"href":"https:\/\/macite.tg\/index.php?rest_route=\/wp\/v2\/posts\/17610\/revisions"}],"wp:featuredmedia":[{"embeddable":true,"href":"https:\/\/macite.tg\/index.php?rest_route=\/wp\/v2\/media\/17611"}],"wp:attachment":[{"href":"https:\/\/macite.tg\/index.php?rest_route=%2Fwp%2Fv2%2Fmedia&parent=17610"}],"wp:term":[{"taxonomy":"category","embeddable":true,"href":"https:\/\/macite.tg\/index.php?rest_route=%2Fwp%2Fv2%2Fcategories&post=17610"},{"taxonomy":"post_tag","embeddable":true,"href":"https:\/\/macite.tg\/index.php?rest_route=%2Fwp%2Fv2%2Ftags&post=17610"}],"curies":[{"name":"wp","href":"https:\/\/api.w.org\/{rel}","templated":true}]}}