{"id":17607,"date":"2024-10-30T09:26:01","date_gmt":"2024-10-30T09:26:01","guid":{"rendered":"https:\/\/macite.tg\/?p=17607"},"modified":"2024-10-30T09:51:37","modified_gmt":"2024-10-30T09:51:37","slug":"a-rabat-le-president-emmanuel-macron-reitere-avec-vigueur-le-soutien-de-la-france-a-la-marocanite-du-sahara","status":"publish","type":"post","link":"https:\/\/macite.tg\/?p=17607","title":{"rendered":"\u00c0 RABAT : Le Pr\u00e9sident Emmanuel Macron r\u00e9it\u00e8re, avec vigueur, le soutien de la France \u00e0 la marocanit\u00e9 du Sahara"},"content":{"rendered":"\n<p class=\"wp-block-paragraph\"><strong><em>Hier mardi 29 octobre, lors d\u2019une s\u00e9ance conjointe de travail qu\u2019il a eu avec les deux Chambres du Parlement marocain, le Pr\u00e9sident Fran\u00e7ais, Emmanuel Macron, en visite d\u2019Etat au Royaume du Maroc, a r\u00e9it\u00e9r\u00e9, avec force, le soutien de la France \u00e0 la souverainet\u00e9 du Maroc sur son Sahara.<\/em><\/strong><\/p>\n\n\n\n<p class=\"wp-block-paragraph\">En visite d\u2019Etat au Maroc, du 28 au 30 octobre 2024, le Pr\u00e9sident de la R\u00e9publique fran\u00e7aise, a eu, mardi 29 octobre, une s\u00e9ance de travail conjointe avec les deux Chambres du Parlement. <\/p>\n\n\n\n<p class=\"wp-block-paragraph\">A cette occasion, Emmanuel Macron a r\u00e9affirm\u00e9, ceci devant toute l\u2019assembl\u00e9e, la position de la France quant \u00e0 la souverainet\u00e9 du Maroc sur l\u2019ensemble de ses territoires, notamment du Sud. Une position qui avait \u00e9t\u00e9 d\u00e9j\u00e0 exprim\u00e9e dans son message adress\u00e9 \u00e0 Sa Majest\u00e9 le Roi, \u00e0 l\u2019occasion du 25\u00e8me anniversaire de la F\u00eate du Tr\u00f4ne.<\/p>\n\n\n<div class=\"wp-block-image\">\n<figure class=\"aligncenter size-large is-resized\"><img loading=\"lazy\" decoding=\"async\" src=\"https:\/\/macite.tg\/wp-content\/uploads\/2024\/10\/COMMUNIQUE_DCCF_31-724x1024.jpg\" alt=\"\" class=\"wp-image-17560\" width=\"418\" height=\"591\" srcset=\"https:\/\/macite.tg\/wp-content\/uploads\/2024\/10\/COMMUNIQUE_DCCF_31-724x1024.jpg 724w, https:\/\/macite.tg\/wp-content\/uploads\/2024\/10\/COMMUNIQUE_DCCF_31-212x300.jpg 212w, https:\/\/macite.tg\/wp-content\/uploads\/2024\/10\/COMMUNIQUE_DCCF_31-768x1086.jpg 768w, https:\/\/macite.tg\/wp-content\/uploads\/2024\/10\/COMMUNIQUE_DCCF_31-1086x1536.jpg 1086w, https:\/\/macite.tg\/wp-content\/uploads\/2024\/10\/COMMUNIQUE_DCCF_31-1448x2048.jpg 1448w, https:\/\/macite.tg\/wp-content\/uploads\/2024\/10\/COMMUNIQUE_DCCF_31-scaled.jpg 1810w\" sizes=\"auto, (max-width: 418px) 100vw, 418px\" \/><\/figure>\n<\/div>\n\n\n<p class=\"wp-block-paragraph\"><em>\u00ab&nbsp;Pour la France, le pr\u00e9sent et l&rsquo;avenir de ce territoire s&rsquo;inscrivent dans le cadre de la souverainet\u00e9 marocaine. L&rsquo;autonomie sous souverainet\u00e9 marocaine est le cadre dans lequel cette question doit \u00eatre r\u00e9solue&nbsp;\u00bb,<\/em> a martel\u00e9 Emmanuel Macron, avant de s\u2019engager, au nom de la France, \u00ab<em>&nbsp;accompagner le Maroc dans les instances internationales&nbsp;\u00bb, <\/em>et en insistant sur le fait que <em>\u00ab&nbsp;le Plan d&rsquo;autonomie de 2007 constitue la seule base pour parvenir \u00e0 une solution politique juste, durable et n\u00e9goci\u00e9e conform\u00e9ment aux r\u00e9solutions du Conseil de s\u00e9curit\u00e9 des Nations Unies&nbsp;\u00bb.<\/em><\/p>\n\n\n\n<p class=\"wp-block-paragraph\">Il a, dans cette dynamique, appeler les op\u00e9rateurs et entreprises fran\u00e7aises \u00e0 accompagner <em>\u00ab&nbsp;le d\u00e9veloppement de ces territoires au travers d&rsquo;investissements, d&rsquo;initiatives durables et solidaires au b\u00e9n\u00e9fice des populations locales&nbsp;\u00bb.<\/em><\/p>\n\n\n\n<p class=\"wp-block-paragraph\">Tout en soulignant que <em>\u00ab&nbsp;tout au long des d\u00e9cennies pass\u00e9es, le Maroc et la France sont demeur\u00e9s des alli\u00e9s fid\u00e8les dans les temps troubl\u00e9s et jamais la France n&rsquo;a manqu\u00e9 au Maroc sur toutes les questions existentielles auxquelles il a fait face&nbsp;\u00bb, <\/em>le Pr\u00e9sident fran\u00e7ais fait noter que la r\u00e9cente position de la France s\u2019int\u00e8gre dans un contexte r\u00e9gional devant privil\u00e9gier la coop\u00e9ration et la concertation. <\/p>\n\n\n<div class=\"wp-block-image\">\n<figure class=\"aligncenter size-large is-resized\"><img loading=\"lazy\" decoding=\"async\" src=\"https:\/\/macite.tg\/wp-content\/uploads\/2024\/10\/COMMUNIQUE_DCCF_32-724x1024.jpg\" alt=\"\" class=\"wp-image-17561\" width=\"460\" height=\"651\" srcset=\"https:\/\/macite.tg\/wp-content\/uploads\/2024\/10\/COMMUNIQUE_DCCF_32-724x1024.jpg 724w, https:\/\/macite.tg\/wp-content\/uploads\/2024\/10\/COMMUNIQUE_DCCF_32-212x300.jpg 212w, https:\/\/macite.tg\/wp-content\/uploads\/2024\/10\/COMMUNIQUE_DCCF_32-768x1086.jpg 768w, https:\/\/macite.tg\/wp-content\/uploads\/2024\/10\/COMMUNIQUE_DCCF_32-1086x1536.jpg 1086w, https:\/\/macite.tg\/wp-content\/uploads\/2024\/10\/COMMUNIQUE_DCCF_32-1448x2048.jpg 1448w, https:\/\/macite.tg\/wp-content\/uploads\/2024\/10\/COMMUNIQUE_DCCF_32-scaled.jpg 1810w\" sizes=\"auto, (max-width: 460px) 100vw, 460px\" \/><\/figure>\n<\/div>\n\n\n<p class=\"wp-block-paragraph\">Celle-ci, dit-il, n\u2019est donc <em>\u00ab&nbsp;hostile \u00e0 personne&nbsp;\u00bb<\/em> mais r\u00e9sulte d\u2019une reconnaissance au Royaume de ses droits imm\u00e9moriaux, et permet, au contraire, <em>\u00ab&nbsp;d&rsquo;ouvrir une nouvelle page entre nous, comme avec tous ceux qui veulent agir dans un cadre de coop\u00e9ration r\u00e9gionale, en M\u00e9diterran\u00e9e, avec les pays voisins du Maroc et avec l&rsquo;Union europ\u00e9enne&nbsp;\u00bb.<\/em><\/p>\n\n\n\n<p class=\"wp-block-paragraph\"><strong>MC<\/strong><\/p>\n\n\n\n<p class=\"wp-block-paragraph\"><a><strong><em>@macite.tg&nbsp;&nbsp;&nbsp;&nbsp;&nbsp;&nbsp;&nbsp;&nbsp;<\/em><\/strong><\/a><\/p>\n\n\n\n<p class=\"wp-block-paragraph\"><strong><em>E-mail&nbsp;: <\/em><\/strong><a href=\"mailto:maciteinfo@gmail.com\"><strong><em>maciteinfo@gmail.com<\/em><\/strong><\/a><strong><em>; <\/em><\/strong><a href=\"mailto:bawela1@gmail.com\"><strong><em>bawela1@gmail.com<\/em><\/strong><\/a><strong><em><\/em><\/strong><\/p>\n\n\n\n<p class=\"wp-block-paragraph\"><strong><em>Pour vos annonces, (publi)reportages, etc., joignez-nous au (00228)91515309\/<strong>79872224 <\/strong>www.macite.tg, L\u2019information, la bonne&nbsp;!<\/em><\/strong><\/p>\n","protected":false},"excerpt":{"rendered":"<p class=\"text-justify mb-2\" >Hier mardi 29 octobre, lors d\u2019une s\u00e9ance conjointe de travail qu\u2019il a eu avec les deux Chambres du Parlement marocain, le Pr\u00e9sident Fran\u00e7ais, Emmanuel Macron, en visite d\u2019Etat au Royaume du Maroc, a r\u00e9it\u00e9r\u00e9, avec force, le soutien de la France \u00e0 la souverainet\u00e9 du [&hellip;]<\/p>\n","protected":false},"author":2,"featured_media":17608,"comment_status":"open","ping_status":"open","sticky":false,"template":"","format":"standard","meta":{"footnotes":""},"categories":[20,8],"tags":[],"class_list":["post-17607","post","type-post","status-publish","format-standard","has-post-thumbnail","hentry","category-actualite","category-diplomatie"],"yoast_head":"<!-- This site is optimized with the Yoast SEO plugin v28.4 - https:\/\/yoast.com\/product\/yoast-seo-wordpress\/ -->\n<title>\u00c0 RABAT : Le Pr\u00e9sident Emmanuel Macron r\u00e9it\u00e8re, avec vigueur, le soutien de la France \u00e0 la marocanit\u00e9 du Sahara -<\/title>\n<meta name=\"robots\" content=\"index, follow, max-snippet:-1, max-image-preview:large, max-video-preview:-1\" \/>\n<link rel=\"canonical\" href=\"https:\/\/macite.tg\/?p=17607\" \/>\n<meta property=\"og:locale\" content=\"fr_FR\" \/>\n<meta property=\"og:type\" content=\"article\" \/>\n<meta property=\"og:title\" content=\"\u00c0 RABAT : Le Pr\u00e9sident Emmanuel Macron r\u00e9it\u00e8re, avec vigueur, le soutien de la France \u00e0 la marocanit\u00e9 du Sahara -\" \/>\n<meta property=\"og:description\" content=\"Hier mardi 29 octobre, lors d\u2019une s\u00e9ance conjointe de travail qu\u2019il a eu avec les deux Chambres du Parlement marocain, le Pr\u00e9sident Fran\u00e7ais, Emmanuel Macron, en visite d\u2019Etat au Royaume du Maroc, a r\u00e9it\u00e9r\u00e9, avec force, le soutien de la France \u00e0 la souverainet\u00e9 du [&hellip;]\" \/>\n<meta property=\"og:url\" content=\"https:\/\/macite.tg\/?p=17607\" \/>\n<meta property=\"article:published_time\" content=\"2024-10-30T09:26:01+00:00\" \/>\n<meta property=\"article:modified_time\" content=\"2024-10-30T09:51:37+00:00\" \/>\n<meta property=\"og:image\" content=\"https:\/\/macite.tg\/wp-content\/uploads\/2024\/10\/Macron-devant-les-2chambres-du-Parlement-.jpg\" \/>\n\t<meta property=\"og:image:width\" content=\"491\" \/>\n\t<meta property=\"og:image:height\" content=\"500\" \/>\n\t<meta property=\"og:image:type\" content=\"image\/jpeg\" \/>\n<meta name=\"author\" content=\"Jean Pierre BAWELA\" \/>\n<meta name=\"twitter:card\" content=\"summary_large_image\" \/>\n<meta name=\"twitter:label1\" content=\"\u00c9crit par\" \/>\n\t<meta name=\"twitter:data1\" content=\"Jean Pierre BAWELA\" \/>\n\t<meta name=\"twitter:label2\" content=\"Dur\u00e9e de lecture estim\u00e9e\" \/>\n\t<meta name=\"twitter:data2\" content=\"2 minutes\" \/>\n<script type=\"application\/ld+json\" class=\"yoast-schema-graph\">{\"@context\":\"https:\\\/\\\/schema.org\",\"@graph\":[{\"@type\":\"Article\",\"@id\":\"https:\\\/\\\/macite.tg\\\/?p=17607#article\",\"isPartOf\":{\"@id\":\"https:\\\/\\\/macite.tg\\\/?p=17607\"},\"author\":{\"name\":\"Jean Pierre BAWELA\",\"@id\":\"https:\\\/\\\/macite.tg\\\/#\\\/schema\\\/person\\\/e9f2de7e5dbbe7770a9402c7ce82f5c2\"},\"headline\":\"\u00c0 RABAT : Le Pr\u00e9sident Emmanuel Macron r\u00e9it\u00e8re, avec vigueur, le soutien de la France \u00e0 la marocanit\u00e9 du Sahara\",\"datePublished\":\"2024-10-30T09:26:01+00:00\",\"dateModified\":\"2024-10-30T09:51:37+00:00\",\"mainEntityOfPage\":{\"@id\":\"https:\\\/\\\/macite.tg\\\/?p=17607\"},\"wordCount\":496,\"commentCount\":0,\"image\":{\"@id\":\"https:\\\/\\\/macite.tg\\\/?p=17607#primaryimage\"},\"thumbnailUrl\":\"https:\\\/\\\/macite.tg\\\/wp-content\\\/uploads\\\/2024\\\/10\\\/Macron-devant-les-2chambres-du-Parlement-.jpg\",\"articleSection\":[\"ACTUALITE\",\"DIPLOMATIE\"],\"inLanguage\":\"fr-FR\",\"potentialAction\":[{\"@type\":\"CommentAction\",\"name\":\"Comment\",\"target\":[\"https:\\\/\\\/macite.tg\\\/?p=17607#respond\"]}]},{\"@type\":\"WebPage\",\"@id\":\"https:\\\/\\\/macite.tg\\\/?p=17607\",\"url\":\"https:\\\/\\\/macite.tg\\\/?p=17607\",\"name\":\"\u00c0 RABAT : Le Pr\u00e9sident Emmanuel Macron r\u00e9it\u00e8re, avec vigueur, le soutien de la France \u00e0 la marocanit\u00e9 du Sahara -\",\"isPartOf\":{\"@id\":\"https:\\\/\\\/macite.tg\\\/#website\"},\"primaryImageOfPage\":{\"@id\":\"https:\\\/\\\/macite.tg\\\/?p=17607#primaryimage\"},\"image\":{\"@id\":\"https:\\\/\\\/macite.tg\\\/?p=17607#primaryimage\"},\"thumbnailUrl\":\"https:\\\/\\\/macite.tg\\\/wp-content\\\/uploads\\\/2024\\\/10\\\/Macron-devant-les-2chambres-du-Parlement-.jpg\",\"datePublished\":\"2024-10-30T09:26:01+00:00\",\"dateModified\":\"2024-10-30T09:51:37+00:00\",\"author\":{\"@id\":\"https:\\\/\\\/macite.tg\\\/#\\\/schema\\\/person\\\/e9f2de7e5dbbe7770a9402c7ce82f5c2\"},\"breadcrumb\":{\"@id\":\"https:\\\/\\\/macite.tg\\\/?p=17607#breadcrumb\"},\"inLanguage\":\"fr-FR\",\"potentialAction\":[{\"@type\":\"ReadAction\",\"target\":[\"https:\\\/\\\/macite.tg\\\/?p=17607\"]}]},{\"@type\":\"ImageObject\",\"inLanguage\":\"fr-FR\",\"@id\":\"https:\\\/\\\/macite.tg\\\/?p=17607#primaryimage\",\"url\":\"https:\\\/\\\/macite.tg\\\/wp-content\\\/uploads\\\/2024\\\/10\\\/Macron-devant-les-2chambres-du-Parlement-.jpg\",\"contentUrl\":\"https:\\\/\\\/macite.tg\\\/wp-content\\\/uploads\\\/2024\\\/10\\\/Macron-devant-les-2chambres-du-Parlement-.jpg\",\"width\":491,\"height\":500},{\"@type\":\"BreadcrumbList\",\"@id\":\"https:\\\/\\\/macite.tg\\\/?p=17607#breadcrumb\",\"itemListElement\":[{\"@type\":\"ListItem\",\"position\":1,\"name\":\"Accueil\",\"item\":\"https:\\\/\\\/macite.tg\\\/\"},{\"@type\":\"ListItem\",\"position\":2,\"name\":\"\u00c0 RABAT : Le Pr\u00e9sident Emmanuel Macron r\u00e9it\u00e8re, avec vigueur, le soutien de la France \u00e0 la marocanit\u00e9 du Sahara\"}]},{\"@type\":\"WebSite\",\"@id\":\"https:\\\/\\\/macite.tg\\\/#website\",\"url\":\"https:\\\/\\\/macite.tg\\\/\",\"name\":\"\",\"description\":\"L&#039;information, la bonne!!!\",\"potentialAction\":[{\"@type\":\"SearchAction\",\"target\":{\"@type\":\"EntryPoint\",\"urlTemplate\":\"https:\\\/\\\/macite.tg\\\/?s={search_term_string}\"},\"query-input\":{\"@type\":\"PropertyValueSpecification\",\"valueRequired\":true,\"valueName\":\"search_term_string\"}}],\"inLanguage\":\"fr-FR\"},{\"@type\":\"Person\",\"@id\":\"https:\\\/\\\/macite.tg\\\/#\\\/schema\\\/person\\\/e9f2de7e5dbbe7770a9402c7ce82f5c2\",\"name\":\"Jean Pierre BAWELA\",\"image\":{\"@type\":\"ImageObject\",\"inLanguage\":\"fr-FR\",\"@id\":\"https:\\\/\\\/macite.tg\\\/wp-content\\\/uploads\\\/2023\\\/09\\\/WhatsApp-Image-2023-09-19-at-14.44.41-122x122.jpeg\",\"url\":\"https:\\\/\\\/macite.tg\\\/wp-content\\\/uploads\\\/2023\\\/09\\\/WhatsApp-Image-2023-09-19-at-14.44.41-122x122.jpeg\",\"contentUrl\":\"https:\\\/\\\/macite.tg\\\/wp-content\\\/uploads\\\/2023\\\/09\\\/WhatsApp-Image-2023-09-19-at-14.44.41-122x122.jpeg\",\"caption\":\"Jean Pierre BAWELA\"},\"url\":\"https:\\\/\\\/macite.tg\\\/?author=2\"}]}<\/script>\n<!-- \/ Yoast SEO plugin. -->","yoast_head_json":{"title":"\u00c0 RABAT : Le Pr\u00e9sident Emmanuel Macron r\u00e9it\u00e8re, avec vigueur, le soutien de la France \u00e0 la marocanit\u00e9 du Sahara -","robots":{"index":"index","follow":"follow","max-snippet":"max-snippet:-1","max-image-preview":"max-image-preview:large","max-video-preview":"max-video-preview:-1"},"canonical":"https:\/\/macite.tg\/?p=17607","og_locale":"fr_FR","og_type":"article","og_title":"\u00c0 RABAT : Le Pr\u00e9sident Emmanuel Macron r\u00e9it\u00e8re, avec vigueur, le soutien de la France \u00e0 la marocanit\u00e9 du Sahara -","og_description":"Hier mardi 29 octobre, lors d\u2019une s\u00e9ance conjointe de travail qu\u2019il a eu avec les deux Chambres du Parlement marocain, le Pr\u00e9sident Fran\u00e7ais, Emmanuel Macron, en visite d\u2019Etat au Royaume du Maroc, a r\u00e9it\u00e9r\u00e9, avec force, le soutien de la France \u00e0 la souverainet\u00e9 du [&hellip;]","og_url":"https:\/\/macite.tg\/?p=17607","article_published_time":"2024-10-30T09:26:01+00:00","article_modified_time":"2024-10-30T09:51:37+00:00","og_image":[{"width":491,"height":500,"url":"https:\/\/macite.tg\/wp-content\/uploads\/2024\/10\/Macron-devant-les-2chambres-du-Parlement-.jpg","type":"image\/jpeg"}],"author":"Jean Pierre BAWELA","twitter_card":"summary_large_image","twitter_misc":{"\u00c9crit par":"Jean Pierre BAWELA","Dur\u00e9e de lecture estim\u00e9e":"2 minutes"},"schema":{"@context":"https:\/\/schema.org","@graph":[{"@type":"Article","@id":"https:\/\/macite.tg\/?p=17607#article","isPartOf":{"@id":"https:\/\/macite.tg\/?p=17607"},"author":{"name":"Jean Pierre BAWELA","@id":"https:\/\/macite.tg\/#\/schema\/person\/e9f2de7e5dbbe7770a9402c7ce82f5c2"},"headline":"\u00c0 RABAT : Le Pr\u00e9sident Emmanuel Macron r\u00e9it\u00e8re, avec vigueur, le soutien de la France \u00e0 la marocanit\u00e9 du Sahara","datePublished":"2024-10-30T09:26:01+00:00","dateModified":"2024-10-30T09:51:37+00:00","mainEntityOfPage":{"@id":"https:\/\/macite.tg\/?p=17607"},"wordCount":496,"commentCount":0,"image":{"@id":"https:\/\/macite.tg\/?p=17607#primaryimage"},"thumbnailUrl":"https:\/\/macite.tg\/wp-content\/uploads\/2024\/10\/Macron-devant-les-2chambres-du-Parlement-.jpg","articleSection":["ACTUALITE","DIPLOMATIE"],"inLanguage":"fr-FR","potentialAction":[{"@type":"CommentAction","name":"Comment","target":["https:\/\/macite.tg\/?p=17607#respond"]}]},{"@type":"WebPage","@id":"https:\/\/macite.tg\/?p=17607","url":"https:\/\/macite.tg\/?p=17607","name":"\u00c0 RABAT : Le Pr\u00e9sident Emmanuel Macron r\u00e9it\u00e8re, avec vigueur, le soutien de la France \u00e0 la marocanit\u00e9 du Sahara -","isPartOf":{"@id":"https:\/\/macite.tg\/#website"},"primaryImageOfPage":{"@id":"https:\/\/macite.tg\/?p=17607#primaryimage"},"image":{"@id":"https:\/\/macite.tg\/?p=17607#primaryimage"},"thumbnailUrl":"https:\/\/macite.tg\/wp-content\/uploads\/2024\/10\/Macron-devant-les-2chambres-du-Parlement-.jpg","datePublished":"2024-10-30T09:26:01+00:00","dateModified":"2024-10-30T09:51:37+00:00","author":{"@id":"https:\/\/macite.tg\/#\/schema\/person\/e9f2de7e5dbbe7770a9402c7ce82f5c2"},"breadcrumb":{"@id":"https:\/\/macite.tg\/?p=17607#breadcrumb"},"inLanguage":"fr-FR","potentialAction":[{"@type":"ReadAction","target":["https:\/\/macite.tg\/?p=17607"]}]},{"@type":"ImageObject","inLanguage":"fr-FR","@id":"https:\/\/macite.tg\/?p=17607#primaryimage","url":"https:\/\/macite.tg\/wp-content\/uploads\/2024\/10\/Macron-devant-les-2chambres-du-Parlement-.jpg","contentUrl":"https:\/\/macite.tg\/wp-content\/uploads\/2024\/10\/Macron-devant-les-2chambres-du-Parlement-.jpg","width":491,"height":500},{"@type":"BreadcrumbList","@id":"https:\/\/macite.tg\/?p=17607#breadcrumb","itemListElement":[{"@type":"ListItem","position":1,"name":"Accueil","item":"https:\/\/macite.tg\/"},{"@type":"ListItem","position":2,"name":"\u00c0 RABAT : Le Pr\u00e9sident Emmanuel Macron r\u00e9it\u00e8re, avec vigueur, le soutien de la France \u00e0 la marocanit\u00e9 du Sahara"}]},{"@type":"WebSite","@id":"https:\/\/macite.tg\/#website","url":"https:\/\/macite.tg\/","name":"","description":"L&#039;information, la bonne!!!","potentialAction":[{"@type":"SearchAction","target":{"@type":"EntryPoint","urlTemplate":"https:\/\/macite.tg\/?s={search_term_string}"},"query-input":{"@type":"PropertyValueSpecification","valueRequired":true,"valueName":"search_term_string"}}],"inLanguage":"fr-FR"},{"@type":"Person","@id":"https:\/\/macite.tg\/#\/schema\/person\/e9f2de7e5dbbe7770a9402c7ce82f5c2","name":"Jean Pierre BAWELA","image":{"@type":"ImageObject","inLanguage":"fr-FR","@id":"https:\/\/macite.tg\/wp-content\/uploads\/2023\/09\/WhatsApp-Image-2023-09-19-at-14.44.41-122x122.jpeg","url":"https:\/\/macite.tg\/wp-content\/uploads\/2023\/09\/WhatsApp-Image-2023-09-19-at-14.44.41-122x122.jpeg","contentUrl":"https:\/\/macite.tg\/wp-content\/uploads\/2023\/09\/WhatsApp-Image-2023-09-19-at-14.44.41-122x122.jpeg","caption":"Jean Pierre BAWELA"},"url":"https:\/\/macite.tg\/?author=2"}]}},"_links":{"self":[{"href":"https:\/\/macite.tg\/index.php?rest_route=\/wp\/v2\/posts\/17607","targetHints":{"allow":["GET"]}}],"collection":[{"href":"https:\/\/macite.tg\/index.php?rest_route=\/wp\/v2\/posts"}],"about":[{"href":"https:\/\/macite.tg\/index.php?rest_route=\/wp\/v2\/types\/post"}],"author":[{"embeddable":true,"href":"https:\/\/macite.tg\/index.php?rest_route=\/wp\/v2\/users\/2"}],"replies":[{"embeddable":true,"href":"https:\/\/macite.tg\/index.php?rest_route=%2Fwp%2Fv2%2Fcomments&post=17607"}],"version-history":[{"count":0,"href":"https:\/\/macite.tg\/index.php?rest_route=\/wp\/v2\/posts\/17607\/revisions"}],"wp:featuredmedia":[{"embeddable":true,"href":"https:\/\/macite.tg\/index.php?rest_route=\/wp\/v2\/media\/17608"}],"wp:attachment":[{"href":"https:\/\/macite.tg\/index.php?rest_route=%2Fwp%2Fv2%2Fmedia&parent=17607"}],"wp:term":[{"taxonomy":"category","embeddable":true,"href":"https:\/\/macite.tg\/index.php?rest_route=%2Fwp%2Fv2%2Fcategories&post=17607"},{"taxonomy":"post_tag","embeddable":true,"href":"https:\/\/macite.tg\/index.php?rest_route=%2Fwp%2Fv2%2Ftags&post=17607"}],"curies":[{"name":"wp","href":"https:\/\/api.w.org\/{rel}","templated":true}]}}