{"id":17246,"date":"2024-10-14T12:54:11","date_gmt":"2024-10-14T12:54:11","guid":{"rendered":"https:\/\/macite.tg\/?p=17246"},"modified":"2024-10-15T12:55:18","modified_gmt":"2024-10-15T12:55:18","slug":"assemblee-nationale-kodjo-adedze-et-binta-sanneh-ont-echange-sur-la-modernisation-du-parlement-et-le-developpement-du-togo","status":"publish","type":"post","link":"https:\/\/macite.tg\/?p=17246","title":{"rendered":"ASSEMBLEE NATIONALE : Kodjo Adedze et Binta Sanneh ont \u00e9chang\u00e9 sur la modernisation du Parlement et le d\u00e9veloppement du Togo"},"content":{"rendered":"\n<p class=\"wp-block-paragraph\"><strong><em>Le pr\u00e9sident de l\u2019Assembl\u00e9e nationale, S\u00e9von-T\u00e9p\u00e9 Kodjo Ad\u00e9dz\u00e9 a \u00e9chang\u00e9, le jeudi 10 octobre dernier, avec la Repr\u00e9sentante-r\u00e9sidente du Programme des Nations Unies pour le d\u00e9veloppement (Pnud), Binta Sanneh. Au menu des discussions, le renforcement de la collaboration en vue de la modernisation du Parlement et le d\u00e9veloppement du Togo.<\/em><\/strong><\/p>\n\n\n\n<p class=\"wp-block-paragraph\">Jeudi 10 octobre dernier, les deux personnalit\u00e9s ont \u00e9chang\u00e9 sur les possibilit\u00e9s de renforcer la collaboration entre leurs deux institutions, ceci dans l\u2019optique de moderniser le parlement et aider au d\u00e9veloppement du Togo.<\/p>\n\n\n\n<p class=\"wp-block-paragraph\">Dans un contexte g\u00e9n\u00e9ral de digitalisation des services publics au Togo, il va s\u2019agir, dans le cadre de la collaboration entre le parlement et le Pnud, d\u2019introduire des solutions num\u00e9riques devant contribuer \u00e0 l\u2019am\u00e9lioration de l\u2019efficacit\u00e9 et la transparence des services administratifs au sein du parlement.<\/p>\n\n\n<div class=\"wp-block-image\">\n<figure class=\"aligncenter size-full is-resized\"><img loading=\"lazy\" decoding=\"async\" src=\"https:\/\/macite.tg\/wp-content\/uploads\/2024\/10\/Faux-et-suage-de-faux.jpg\" alt=\"\" class=\"wp-image-17135\" width=\"564\" height=\"376\" srcset=\"https:\/\/macite.tg\/wp-content\/uploads\/2024\/10\/Faux-et-suage-de-faux.jpg 500w, https:\/\/macite.tg\/wp-content\/uploads\/2024\/10\/Faux-et-suage-de-faux-300x200.jpg 300w, https:\/\/macite.tg\/wp-content\/uploads\/2024\/10\/Faux-et-suage-de-faux-112x75.jpg 112w, https:\/\/macite.tg\/wp-content\/uploads\/2024\/10\/Faux-et-suage-de-faux-425x283.jpg 425w, https:\/\/macite.tg\/wp-content\/uploads\/2024\/10\/Faux-et-suage-de-faux-430x287.jpg 430w\" sizes=\"auto, (max-width: 564px) 100vw, 564px\" \/><\/figure>\n<\/div>\n\n\n<p class=\"wp-block-paragraph\">A l\u2019issue des \u00e9changes, Mme Binta Sanneh a indiqu\u00e9 qu\u2019un travail est d\u00e9j\u00e0 entam\u00e9 et qu\u2019il faut le poursuivre pour une <em>\u00ab&nbsp;gestion plus fluide et plus rapide des activit\u00e9s parlementaires&nbsp;\u00bb.<\/em><\/p>\n\n\n\n<p class=\"wp-block-paragraph\">\u00ab&nbsp;<em>Nous avons d\u00e9j\u00e0 travaill\u00e9 sur le d\u00e9veloppement d\u2019un syst\u00e8me de travail collaboratif et de gestion \u00e9lectronique des documents<\/em>&nbsp;<em>(\u2026) Les discussions se poursuivent pour finaliser les d\u00e9tails de ce projet, qui devrait permettre une gestion plus fluide et plus rapide des activit\u00e9s parlementaires<\/em>&nbsp;\u00bb, a-t-elle indiqu\u00e9.<\/p>\n\n\n<div class=\"wp-block-image\">\n<figure class=\"aligncenter size-full\"><img loading=\"lazy\" decoding=\"async\" width=\"526\" height=\"526\" src=\"https:\/\/macite.tg\/wp-content\/uploads\/2024\/10\/image-31.png\" alt=\"\" class=\"wp-image-17137\" srcset=\"https:\/\/macite.tg\/wp-content\/uploads\/2024\/10\/image-31.png 526w, https:\/\/macite.tg\/wp-content\/uploads\/2024\/10\/image-31-300x300.png 300w, https:\/\/macite.tg\/wp-content\/uploads\/2024\/10\/image-31-150x150.png 150w, https:\/\/macite.tg\/wp-content\/uploads\/2024\/10\/image-31-122x122.png 122w\" sizes=\"auto, (max-width: 526px) 100vw, 526px\" \/><\/figure>\n<\/div>\n\n\n<p class=\"wp-block-paragraph\">Notons que l\u2019ambition pour les plus hautes autorit\u00e9s est de parvenir, \u00e0 l\u2019horizon 2025, num\u00e9riser et rendre disponible 75% des d\u00e9marches administratives.<\/p>\n\n\n\n<p class=\"wp-block-paragraph\"><strong>JPB<\/strong><\/p>\n\n\n\n<p class=\"wp-block-paragraph\"><a><strong><em>@macite.tg&nbsp;&nbsp;&nbsp;&nbsp;&nbsp;&nbsp;&nbsp;&nbsp;<\/em><\/strong><\/a><\/p>\n\n\n\n<p class=\"wp-block-paragraph\"><strong><em>E-mail&nbsp;: <\/em><\/strong><a href=\"mailto:maciteinfo@gmail.com\"><strong><em>maciteinfo@gmail.com<\/em><\/strong><\/a><strong><em>; <\/em><\/strong><a href=\"mailto:bawela1@gmail.com\"><strong><em>bawela1@gmail.com<\/em><\/strong><\/a><strong><em><\/em><\/strong><\/p>\n\n\n\n<p class=\"wp-block-paragraph\"><strong><em>Pour vos annonces, (publi)reportages, etc., joignez-nous au (00228)91515309\/<strong>79872224 <\/strong>www.macite.tg, L\u2019information, la bonne&nbsp;!<\/em><\/strong><\/p>\n","protected":false},"excerpt":{"rendered":"<p class=\"text-justify mb-2\" >Le pr\u00e9sident de l\u2019Assembl\u00e9e nationale, S\u00e9von-T\u00e9p\u00e9 Kodjo Ad\u00e9dz\u00e9 a \u00e9chang\u00e9, le jeudi 10 octobre dernier, avec la Repr\u00e9sentante-r\u00e9sidente du Programme des Nations Unies pour le d\u00e9veloppement (Pnud), Binta Sanneh. Au menu des discussions, le renforcement de la collaboration en vue de la modernisation du Parlement [&hellip;]<\/p>\n","protected":false},"author":2,"featured_media":17250,"comment_status":"open","ping_status":"open","sticky":false,"template":"","format":"standard","meta":{"footnotes":""},"categories":[20,16],"tags":[],"class_list":["post-17246","post","type-post","status-publish","format-standard","has-post-thumbnail","hentry","category-actualite","category-cooperation"],"yoast_head":"<!-- This site is optimized with the Yoast SEO plugin v28.4 - https:\/\/yoast.com\/product\/yoast-seo-wordpress\/ -->\n<title>ASSEMBLEE NATIONALE : Kodjo Adedze et Binta Sanneh ont \u00e9chang\u00e9 sur la modernisation du Parlement et le d\u00e9veloppement du Togo -<\/title>\n<meta name=\"robots\" content=\"index, follow, max-snippet:-1, max-image-preview:large, max-video-preview:-1\" \/>\n<link rel=\"canonical\" href=\"https:\/\/macite.tg\/?p=17246\" \/>\n<meta property=\"og:locale\" content=\"fr_FR\" \/>\n<meta property=\"og:type\" content=\"article\" \/>\n<meta property=\"og:title\" content=\"ASSEMBLEE NATIONALE : Kodjo Adedze et Binta Sanneh ont \u00e9chang\u00e9 sur la modernisation du Parlement et le d\u00e9veloppement du Togo -\" \/>\n<meta property=\"og:description\" content=\"Le pr\u00e9sident de l\u2019Assembl\u00e9e nationale, S\u00e9von-T\u00e9p\u00e9 Kodjo Ad\u00e9dz\u00e9 a \u00e9chang\u00e9, le jeudi 10 octobre dernier, avec la Repr\u00e9sentante-r\u00e9sidente du Programme des Nations Unies pour le d\u00e9veloppement (Pnud), Binta Sanneh. Au menu des discussions, le renforcement de la collaboration en vue de la modernisation du Parlement [&hellip;]\" \/>\n<meta property=\"og:url\" content=\"https:\/\/macite.tg\/?p=17246\" \/>\n<meta property=\"article:published_time\" content=\"2024-10-14T12:54:11+00:00\" \/>\n<meta property=\"article:modified_time\" content=\"2024-10-15T12:55:18+00:00\" \/>\n<meta property=\"og:image\" content=\"https:\/\/macite.tg\/wp-content\/uploads\/2024\/10\/AN-PNUD.jpg\" \/>\n\t<meta property=\"og:image:width\" content=\"500\" \/>\n\t<meta property=\"og:image:height\" content=\"334\" \/>\n\t<meta property=\"og:image:type\" content=\"image\/jpeg\" \/>\n<meta name=\"author\" content=\"Jean Pierre BAWELA\" \/>\n<meta name=\"twitter:card\" content=\"summary_large_image\" \/>\n<meta name=\"twitter:label1\" content=\"\u00c9crit par\" \/>\n\t<meta name=\"twitter:data1\" content=\"Jean Pierre BAWELA\" \/>\n\t<meta name=\"twitter:label2\" content=\"Dur\u00e9e de lecture estim\u00e9e\" \/>\n\t<meta name=\"twitter:data2\" content=\"1 minute\" \/>\n<script type=\"application\/ld+json\" class=\"yoast-schema-graph\">{\"@context\":\"https:\\\/\\\/schema.org\",\"@graph\":[{\"@type\":\"Article\",\"@id\":\"https:\\\/\\\/macite.tg\\\/?p=17246#article\",\"isPartOf\":{\"@id\":\"https:\\\/\\\/macite.tg\\\/?p=17246\"},\"author\":{\"name\":\"Jean Pierre BAWELA\",\"@id\":\"https:\\\/\\\/macite.tg\\\/#\\\/schema\\\/person\\\/e9f2de7e5dbbe7770a9402c7ce82f5c2\"},\"headline\":\"ASSEMBLEE NATIONALE : Kodjo Adedze et Binta Sanneh ont \u00e9chang\u00e9 sur la modernisation du Parlement et le d\u00e9veloppement du Togo\",\"datePublished\":\"2024-10-14T12:54:11+00:00\",\"dateModified\":\"2024-10-15T12:55:18+00:00\",\"mainEntityOfPage\":{\"@id\":\"https:\\\/\\\/macite.tg\\\/?p=17246\"},\"wordCount\":317,\"commentCount\":0,\"image\":{\"@id\":\"https:\\\/\\\/macite.tg\\\/?p=17246#primaryimage\"},\"thumbnailUrl\":\"https:\\\/\\\/macite.tg\\\/wp-content\\\/uploads\\\/2024\\\/10\\\/AN-PNUD.jpg\",\"articleSection\":[\"ACTUALITE\",\"COOPERATION\"],\"inLanguage\":\"fr-FR\",\"potentialAction\":[{\"@type\":\"CommentAction\",\"name\":\"Comment\",\"target\":[\"https:\\\/\\\/macite.tg\\\/?p=17246#respond\"]}]},{\"@type\":\"WebPage\",\"@id\":\"https:\\\/\\\/macite.tg\\\/?p=17246\",\"url\":\"https:\\\/\\\/macite.tg\\\/?p=17246\",\"name\":\"ASSEMBLEE NATIONALE : Kodjo Adedze et Binta Sanneh ont \u00e9chang\u00e9 sur la modernisation du Parlement et le d\u00e9veloppement du Togo -\",\"isPartOf\":{\"@id\":\"https:\\\/\\\/macite.tg\\\/#website\"},\"primaryImageOfPage\":{\"@id\":\"https:\\\/\\\/macite.tg\\\/?p=17246#primaryimage\"},\"image\":{\"@id\":\"https:\\\/\\\/macite.tg\\\/?p=17246#primaryimage\"},\"thumbnailUrl\":\"https:\\\/\\\/macite.tg\\\/wp-content\\\/uploads\\\/2024\\\/10\\\/AN-PNUD.jpg\",\"datePublished\":\"2024-10-14T12:54:11+00:00\",\"dateModified\":\"2024-10-15T12:55:18+00:00\",\"author\":{\"@id\":\"https:\\\/\\\/macite.tg\\\/#\\\/schema\\\/person\\\/e9f2de7e5dbbe7770a9402c7ce82f5c2\"},\"breadcrumb\":{\"@id\":\"https:\\\/\\\/macite.tg\\\/?p=17246#breadcrumb\"},\"inLanguage\":\"fr-FR\",\"potentialAction\":[{\"@type\":\"ReadAction\",\"target\":[\"https:\\\/\\\/macite.tg\\\/?p=17246\"]}]},{\"@type\":\"ImageObject\",\"inLanguage\":\"fr-FR\",\"@id\":\"https:\\\/\\\/macite.tg\\\/?p=17246#primaryimage\",\"url\":\"https:\\\/\\\/macite.tg\\\/wp-content\\\/uploads\\\/2024\\\/10\\\/AN-PNUD.jpg\",\"contentUrl\":\"https:\\\/\\\/macite.tg\\\/wp-content\\\/uploads\\\/2024\\\/10\\\/AN-PNUD.jpg\",\"width\":500,\"height\":334},{\"@type\":\"BreadcrumbList\",\"@id\":\"https:\\\/\\\/macite.tg\\\/?p=17246#breadcrumb\",\"itemListElement\":[{\"@type\":\"ListItem\",\"position\":1,\"name\":\"Accueil\",\"item\":\"https:\\\/\\\/macite.tg\\\/\"},{\"@type\":\"ListItem\",\"position\":2,\"name\":\"ASSEMBLEE NATIONALE : Kodjo Adedze et Binta Sanneh ont \u00e9chang\u00e9 sur la modernisation du Parlement et le d\u00e9veloppement du Togo\"}]},{\"@type\":\"WebSite\",\"@id\":\"https:\\\/\\\/macite.tg\\\/#website\",\"url\":\"https:\\\/\\\/macite.tg\\\/\",\"name\":\"\",\"description\":\"L&#039;information, la bonne!!!\",\"potentialAction\":[{\"@type\":\"SearchAction\",\"target\":{\"@type\":\"EntryPoint\",\"urlTemplate\":\"https:\\\/\\\/macite.tg\\\/?s={search_term_string}\"},\"query-input\":{\"@type\":\"PropertyValueSpecification\",\"valueRequired\":true,\"valueName\":\"search_term_string\"}}],\"inLanguage\":\"fr-FR\"},{\"@type\":\"Person\",\"@id\":\"https:\\\/\\\/macite.tg\\\/#\\\/schema\\\/person\\\/e9f2de7e5dbbe7770a9402c7ce82f5c2\",\"name\":\"Jean Pierre BAWELA\",\"image\":{\"@type\":\"ImageObject\",\"inLanguage\":\"fr-FR\",\"@id\":\"https:\\\/\\\/macite.tg\\\/wp-content\\\/uploads\\\/2023\\\/09\\\/WhatsApp-Image-2023-09-19-at-14.44.41-122x122.jpeg\",\"url\":\"https:\\\/\\\/macite.tg\\\/wp-content\\\/uploads\\\/2023\\\/09\\\/WhatsApp-Image-2023-09-19-at-14.44.41-122x122.jpeg\",\"contentUrl\":\"https:\\\/\\\/macite.tg\\\/wp-content\\\/uploads\\\/2023\\\/09\\\/WhatsApp-Image-2023-09-19-at-14.44.41-122x122.jpeg\",\"caption\":\"Jean Pierre BAWELA\"},\"url\":\"https:\\\/\\\/macite.tg\\\/?author=2\"}]}<\/script>\n<!-- \/ Yoast SEO plugin. -->","yoast_head_json":{"title":"ASSEMBLEE NATIONALE : Kodjo Adedze et Binta Sanneh ont \u00e9chang\u00e9 sur la modernisation du Parlement et le d\u00e9veloppement du Togo -","robots":{"index":"index","follow":"follow","max-snippet":"max-snippet:-1","max-image-preview":"max-image-preview:large","max-video-preview":"max-video-preview:-1"},"canonical":"https:\/\/macite.tg\/?p=17246","og_locale":"fr_FR","og_type":"article","og_title":"ASSEMBLEE NATIONALE : Kodjo Adedze et Binta Sanneh ont \u00e9chang\u00e9 sur la modernisation du Parlement et le d\u00e9veloppement du Togo -","og_description":"Le pr\u00e9sident de l\u2019Assembl\u00e9e nationale, S\u00e9von-T\u00e9p\u00e9 Kodjo Ad\u00e9dz\u00e9 a \u00e9chang\u00e9, le jeudi 10 octobre dernier, avec la Repr\u00e9sentante-r\u00e9sidente du Programme des Nations Unies pour le d\u00e9veloppement (Pnud), Binta Sanneh. Au menu des discussions, le renforcement de la collaboration en vue de la modernisation du Parlement [&hellip;]","og_url":"https:\/\/macite.tg\/?p=17246","article_published_time":"2024-10-14T12:54:11+00:00","article_modified_time":"2024-10-15T12:55:18+00:00","og_image":[{"width":500,"height":334,"url":"https:\/\/macite.tg\/wp-content\/uploads\/2024\/10\/AN-PNUD.jpg","type":"image\/jpeg"}],"author":"Jean Pierre BAWELA","twitter_card":"summary_large_image","twitter_misc":{"\u00c9crit par":"Jean Pierre BAWELA","Dur\u00e9e de lecture estim\u00e9e":"1 minute"},"schema":{"@context":"https:\/\/schema.org","@graph":[{"@type":"Article","@id":"https:\/\/macite.tg\/?p=17246#article","isPartOf":{"@id":"https:\/\/macite.tg\/?p=17246"},"author":{"name":"Jean Pierre BAWELA","@id":"https:\/\/macite.tg\/#\/schema\/person\/e9f2de7e5dbbe7770a9402c7ce82f5c2"},"headline":"ASSEMBLEE NATIONALE : Kodjo Adedze et Binta Sanneh ont \u00e9chang\u00e9 sur la modernisation du Parlement et le d\u00e9veloppement du Togo","datePublished":"2024-10-14T12:54:11+00:00","dateModified":"2024-10-15T12:55:18+00:00","mainEntityOfPage":{"@id":"https:\/\/macite.tg\/?p=17246"},"wordCount":317,"commentCount":0,"image":{"@id":"https:\/\/macite.tg\/?p=17246#primaryimage"},"thumbnailUrl":"https:\/\/macite.tg\/wp-content\/uploads\/2024\/10\/AN-PNUD.jpg","articleSection":["ACTUALITE","COOPERATION"],"inLanguage":"fr-FR","potentialAction":[{"@type":"CommentAction","name":"Comment","target":["https:\/\/macite.tg\/?p=17246#respond"]}]},{"@type":"WebPage","@id":"https:\/\/macite.tg\/?p=17246","url":"https:\/\/macite.tg\/?p=17246","name":"ASSEMBLEE NATIONALE : Kodjo Adedze et Binta Sanneh ont \u00e9chang\u00e9 sur la modernisation du Parlement et le d\u00e9veloppement du Togo -","isPartOf":{"@id":"https:\/\/macite.tg\/#website"},"primaryImageOfPage":{"@id":"https:\/\/macite.tg\/?p=17246#primaryimage"},"image":{"@id":"https:\/\/macite.tg\/?p=17246#primaryimage"},"thumbnailUrl":"https:\/\/macite.tg\/wp-content\/uploads\/2024\/10\/AN-PNUD.jpg","datePublished":"2024-10-14T12:54:11+00:00","dateModified":"2024-10-15T12:55:18+00:00","author":{"@id":"https:\/\/macite.tg\/#\/schema\/person\/e9f2de7e5dbbe7770a9402c7ce82f5c2"},"breadcrumb":{"@id":"https:\/\/macite.tg\/?p=17246#breadcrumb"},"inLanguage":"fr-FR","potentialAction":[{"@type":"ReadAction","target":["https:\/\/macite.tg\/?p=17246"]}]},{"@type":"ImageObject","inLanguage":"fr-FR","@id":"https:\/\/macite.tg\/?p=17246#primaryimage","url":"https:\/\/macite.tg\/wp-content\/uploads\/2024\/10\/AN-PNUD.jpg","contentUrl":"https:\/\/macite.tg\/wp-content\/uploads\/2024\/10\/AN-PNUD.jpg","width":500,"height":334},{"@type":"BreadcrumbList","@id":"https:\/\/macite.tg\/?p=17246#breadcrumb","itemListElement":[{"@type":"ListItem","position":1,"name":"Accueil","item":"https:\/\/macite.tg\/"},{"@type":"ListItem","position":2,"name":"ASSEMBLEE NATIONALE : Kodjo Adedze et Binta Sanneh ont \u00e9chang\u00e9 sur la modernisation du Parlement et le d\u00e9veloppement du Togo"}]},{"@type":"WebSite","@id":"https:\/\/macite.tg\/#website","url":"https:\/\/macite.tg\/","name":"","description":"L&#039;information, la bonne!!!","potentialAction":[{"@type":"SearchAction","target":{"@type":"EntryPoint","urlTemplate":"https:\/\/macite.tg\/?s={search_term_string}"},"query-input":{"@type":"PropertyValueSpecification","valueRequired":true,"valueName":"search_term_string"}}],"inLanguage":"fr-FR"},{"@type":"Person","@id":"https:\/\/macite.tg\/#\/schema\/person\/e9f2de7e5dbbe7770a9402c7ce82f5c2","name":"Jean Pierre BAWELA","image":{"@type":"ImageObject","inLanguage":"fr-FR","@id":"https:\/\/macite.tg\/wp-content\/uploads\/2023\/09\/WhatsApp-Image-2023-09-19-at-14.44.41-122x122.jpeg","url":"https:\/\/macite.tg\/wp-content\/uploads\/2023\/09\/WhatsApp-Image-2023-09-19-at-14.44.41-122x122.jpeg","contentUrl":"https:\/\/macite.tg\/wp-content\/uploads\/2023\/09\/WhatsApp-Image-2023-09-19-at-14.44.41-122x122.jpeg","caption":"Jean Pierre BAWELA"},"url":"https:\/\/macite.tg\/?author=2"}]}},"_links":{"self":[{"href":"https:\/\/macite.tg\/index.php?rest_route=\/wp\/v2\/posts\/17246","targetHints":{"allow":["GET"]}}],"collection":[{"href":"https:\/\/macite.tg\/index.php?rest_route=\/wp\/v2\/posts"}],"about":[{"href":"https:\/\/macite.tg\/index.php?rest_route=\/wp\/v2\/types\/post"}],"author":[{"embeddable":true,"href":"https:\/\/macite.tg\/index.php?rest_route=\/wp\/v2\/users\/2"}],"replies":[{"embeddable":true,"href":"https:\/\/macite.tg\/index.php?rest_route=%2Fwp%2Fv2%2Fcomments&post=17246"}],"version-history":[{"count":0,"href":"https:\/\/macite.tg\/index.php?rest_route=\/wp\/v2\/posts\/17246\/revisions"}],"wp:featuredmedia":[{"embeddable":true,"href":"https:\/\/macite.tg\/index.php?rest_route=\/wp\/v2\/media\/17250"}],"wp:attachment":[{"href":"https:\/\/macite.tg\/index.php?rest_route=%2Fwp%2Fv2%2Fmedia&parent=17246"}],"wp:term":[{"taxonomy":"category","embeddable":true,"href":"https:\/\/macite.tg\/index.php?rest_route=%2Fwp%2Fv2%2Fcategories&post=17246"},{"taxonomy":"post_tag","embeddable":true,"href":"https:\/\/macite.tg\/index.php?rest_route=%2Fwp%2Fv2%2Ftags&post=17246"}],"curies":[{"name":"wp","href":"https:\/\/api.w.org\/{rel}","templated":true}]}}