{"id":17245,"date":"2024-10-15T12:17:08","date_gmt":"2024-10-15T12:17:08","guid":{"rendered":"https:\/\/macite.tg\/?p=17245"},"modified":"2024-10-15T12:23:54","modified_gmt":"2024-10-15T12:23:54","slug":"accords-ue-maroc-un-partenariat-strategique-qui-represente-une-immense-valeur-selon-josep-borrell-chef-de-la-diplomatie-de-lue","status":"publish","type":"post","link":"https:\/\/macite.tg\/?p=17245","title":{"rendered":"ACCORDS UE-MAROC\u00a0: Un partenariat strat\u00e9gique qui repr\u00e9sente une \u2018\u2019immense valeur\u2019\u2019, selon Josep Borrell, chef de la diplomatie de l\u2019Ue"},"content":{"rendered":"\n<p class=\"wp-block-paragraph\"><strong><em>C\u2019est une nouvelle tournure que prend le dossier de l\u2019annulation par la Cour de Justice de l\u2019Union europ\u00e9enne des accords de p\u00eache et agricole entre l\u2019Union europ\u00e9enne et le Royaume du Maroc. Hier lundi 14 octobre, le Conseil des ministres des Affaires Etrang\u00e8res des pays de l\u2019Union europ\u00e9enne, r\u00e9uni au Luxembourg, est mont\u00e9 au cr\u00e9neau pour r\u00e9affirmer \u00ab&nbsp;l\u2019immense valeur&nbsp;\u00bb que repr\u00e9sente ce partenariat strat\u00e9gique entre l\u2019Ue et le Maroc, et inflige donc un sanglant camouflet \u00e0 Alger, en exprimant son attachement ind\u00e9fectible au Maroc.<\/em><\/strong><\/p>\n\n\n\n<p class=\"wp-block-paragraph\">Dans une d\u00e9claration officielle, le Haut repr\u00e9sentant de l&rsquo;Ue pour les affaires \u00e9trang\u00e8res et la politique de s\u00e9curit\u00e9, \u00e9galement Vice-pr\u00e9sident de la Commission europ\u00e9enne, Josep Borrell, a au nom des 27 Etats membres, exprim\u00e9 son soutien et attachement au <em>\u00ab partenariat strat\u00e9gique \u00bb<\/em> avec le Maroc, auquel l\u2019Ue accorde une <em>\u00ab immense valeur \u00bb.<\/em><\/p>\n\n\n\n<p class=\"wp-block-paragraph\">Soulignant que, <em>\u00ab&nbsp;les<\/em> <em>27 souhaitent approfondir le partenariat liant le Maroc et l\u2019Ue, qui est un partenariat de longue port\u00e9e, de longue dur\u00e9e, tr\u00e8s dense et approfondi&nbsp;\u00bb, <\/em>Josep Borrell a tenu \u00e0 rappeler que ce partenariat, vieux de plus de 55 ans d\u2019existence (depuis 1969), devrait \u00eatre au contraire <em>\u00ab renforcer \u00bb<\/em> et <em>\u00ab pr\u00e9server \u00bb<\/em> dans tous les domaines. Le chef de la diplomatie de l\u2019Ue a poursuivi en promettant que ce Partenariat connaitra des d\u00e9veloppements positifs, ceci, dans les tous prochains mois.<\/p>\n\n\n<div class=\"wp-block-image\">\n<figure class=\"aligncenter size-full is-resized\"><img loading=\"lazy\" decoding=\"async\" src=\"https:\/\/macite.tg\/wp-content\/uploads\/2024\/10\/Faux-et-suage-de-faux.jpg\" alt=\"\" class=\"wp-image-17135\" width=\"604\" height=\"402\" srcset=\"https:\/\/macite.tg\/wp-content\/uploads\/2024\/10\/Faux-et-suage-de-faux.jpg 500w, https:\/\/macite.tg\/wp-content\/uploads\/2024\/10\/Faux-et-suage-de-faux-300x200.jpg 300w, https:\/\/macite.tg\/wp-content\/uploads\/2024\/10\/Faux-et-suage-de-faux-112x75.jpg 112w, https:\/\/macite.tg\/wp-content\/uploads\/2024\/10\/Faux-et-suage-de-faux-425x283.jpg 425w, https:\/\/macite.tg\/wp-content\/uploads\/2024\/10\/Faux-et-suage-de-faux-430x287.jpg 430w\" sizes=\"auto, (max-width: 604px) 100vw, 604px\" \/><\/figure>\n<\/div>\n\n\n<p class=\"wp-block-paragraph\"><em>\u00ab&nbsp;Nous avons nou\u00e9 des relations amicales et une coop\u00e9ration \u00e0 plusieurs facettes avec le Maroc, et nous souhaitons la poursuivre et la renforcer durant les mois \u00e0 venir&nbsp;\u00bb,<\/em> a-t-il insist\u00e9, ajoutant que les ministres des Affaires \u00e9trang\u00e8res de l\u2019Ue avaient pris note des arr\u00eats de la Cour de justice de l\u2019Ue au sujet de ces accords de p\u00eache et agricole entre l\u2019Union et le Royaume.<\/p>\n\n\n\n<p class=\"wp-block-paragraph\">M. Borrell a saisi l\u2019occasion pour r\u00e9it\u00e9rer le contenu de la d\u00e9claration conjointe avec la Pr\u00e9sidente de la Commission europ\u00e9enne, Ursula von der Leyen, portant notamment l\u2019engagement du bloc europ\u00e9en en faveur davantage de pr\u00e9servation et de renforcement des relations \u00e9troites avec le Maroc dans tous les domaines, conform\u00e9ment au principe \u00ab\u00a0pacta sunt servanda\u00a0\u00bb.<\/p>\n\n\n<div class=\"wp-block-image\">\n<figure class=\"aligncenter size-full is-resized\"><img loading=\"lazy\" decoding=\"async\" src=\"https:\/\/macite.tg\/wp-content\/uploads\/2024\/10\/IMG-20240313-WA0013.jpg\" alt=\"\" class=\"wp-image-17166\" width=\"840\" height=\"207\" srcset=\"https:\/\/macite.tg\/wp-content\/uploads\/2024\/10\/IMG-20240313-WA0013.jpg 690w, https:\/\/macite.tg\/wp-content\/uploads\/2024\/10\/IMG-20240313-WA0013-300x74.jpg 300w\" sizes=\"auto, (max-width: 840px) 100vw, 840px\" \/><\/figure>\n<\/div>\n\n\n<p class=\"wp-block-paragraph\">Notons que cette prise de position du bloc europ\u00e9en en soutien au Royaume du Maroc n\u2019est pas anodine. Elle fait suite aux pressions exerc\u00e9es, le weekend \u00e9coul\u00e9, par Alger, qui a convoqu\u00e9 douze pays ayant exprim\u00e9, \u00e0 titre national, leur soutien \u00e0 Rabat au lendemain de la d\u00e9cision de la Cour de justice de l\u2019Ue.<\/p>\n\n\n\n<p class=\"wp-block-paragraph\">Ainsi, cette sortie du chef de la diplomatie europ\u00e9enne est un s\u00e9rieux revers contre la posture d\u2019Alger, mais aussi est expression de la symbiose et le v\u00e9ritable alignement du Conseil de l\u2019Ue, de la Commission europ\u00e9enne, du Service ext\u00e9rieur de l\u2019Ue et de ses Etats membres de l\u2019Union. Elle exprime la position des 27 pays de l\u2019Ue et s\u2019inscrit dans la droite ligne de l\u2019\u00e9lan positif et unanime suscit\u00e9 par plusieurs Etats membres europ\u00e9ens \u00e0 la suite des arr\u00eats de la Cour sur les accords de p\u00eache et agricole Ue-Maroc.<\/p>\n\n\n<div class=\"wp-block-image\">\n<figure class=\"aligncenter size-full\"><img loading=\"lazy\" decoding=\"async\" width=\"526\" height=\"526\" src=\"https:\/\/macite.tg\/wp-content\/uploads\/2024\/10\/image-31.png\" alt=\"\" class=\"wp-image-17137\" srcset=\"https:\/\/macite.tg\/wp-content\/uploads\/2024\/10\/image-31.png 526w, https:\/\/macite.tg\/wp-content\/uploads\/2024\/10\/image-31-300x300.png 300w, https:\/\/macite.tg\/wp-content\/uploads\/2024\/10\/image-31-150x150.png 150w, https:\/\/macite.tg\/wp-content\/uploads\/2024\/10\/image-31-122x122.png 122w\" sizes=\"auto, (max-width: 526px) 100vw, 526px\" \/><\/figure>\n<\/div>\n\n\n<p class=\"wp-block-paragraph\">Il faut le souligner, jamais une d\u00e9cision de la Cour de Justice n\u2019aura autant suscit\u00e9 de m\u00e9contentement \u00e0 l\u2019int\u00e9rieur m\u00eame de l\u2019Union. Il s\u2019agit l\u00e0 d\u2019un message politique clair et unanime que l\u2019Ue envoie aux <em>\u00ab&nbsp;tentatives de pressions inacceptables et \u00e0 l\u2019ing\u00e9rence exerc\u00e9e par l\u2019Alg\u00e9rie&nbsp;sur les Etats membres, s\u2019agissant d\u2019une question interne \u00e0 l\u2019Ue et \u00e0 son partenariat avec le Royaume&nbsp;\u00bb.<\/em><\/p>\n\n\n\n<p class=\"wp-block-paragraph\"><strong>MC<\/strong><\/p>\n\n\n\n<p class=\"wp-block-paragraph\"><a><strong><em>@macite.tg&nbsp;&nbsp;&nbsp;&nbsp;&nbsp;&nbsp;&nbsp;&nbsp;<\/em><\/strong><\/a><\/p>\n\n\n\n<p class=\"wp-block-paragraph\"><strong><em>E-mail&nbsp;: <\/em><\/strong><a href=\"mailto:maciteinfo@gmail.com\"><strong><em>maciteinfo@gmail.com<\/em><\/strong><\/a><strong><em>; <\/em><\/strong><a href=\"mailto:bawela1@gmail.com\"><strong><em>bawela1@gmail.com<\/em><\/strong><\/a><strong><em><\/em><\/strong><\/p>\n\n\n\n<p class=\"wp-block-paragraph\"><strong><em>Pour vos annonces, (publi)reportages, etc., joignez-nous au (00228)91515309\/<strong>79872224 <\/strong>www.macite.tg, L\u2019information, la bonne&nbsp;!<\/em><\/strong><\/p>\n","protected":false},"excerpt":{"rendered":"<p class=\"text-justify mb-2\" >C\u2019est une nouvelle tournure que prend le dossier de l\u2019annulation par la Cour de Justice de l\u2019Union europ\u00e9enne des accords de p\u00eache et agricole entre l\u2019Union europ\u00e9enne et le Royaume du Maroc. Hier lundi 14 octobre, le Conseil des ministres des Affaires Etrang\u00e8res des pays [&hellip;]<\/p>\n","protected":false},"author":2,"featured_media":17247,"comment_status":"open","ping_status":"open","sticky":false,"template":"","format":"standard","meta":{"footnotes":""},"categories":[20,8],"tags":[],"class_list":["post-17245","post","type-post","status-publish","format-standard","has-post-thumbnail","hentry","category-actualite","category-diplomatie"],"yoast_head":"<!-- This site is optimized with the Yoast SEO plugin v28.4 - https:\/\/yoast.com\/product\/yoast-seo-wordpress\/ -->\n<title>ACCORDS UE-MAROC\u00a0: Un partenariat strat\u00e9gique qui repr\u00e9sente une \u2018\u2019immense valeur\u2019\u2019, selon Josep Borrell, chef de la diplomatie de l\u2019Ue -<\/title>\n<meta name=\"robots\" content=\"index, follow, max-snippet:-1, max-image-preview:large, max-video-preview:-1\" \/>\n<link rel=\"canonical\" href=\"https:\/\/macite.tg\/?p=17245\" \/>\n<meta property=\"og:locale\" content=\"fr_FR\" \/>\n<meta property=\"og:type\" content=\"article\" \/>\n<meta property=\"og:title\" content=\"ACCORDS UE-MAROC\u00a0: Un partenariat strat\u00e9gique qui repr\u00e9sente une \u2018\u2019immense valeur\u2019\u2019, selon Josep Borrell, chef de la diplomatie de l\u2019Ue -\" \/>\n<meta property=\"og:description\" content=\"C\u2019est une nouvelle tournure que prend le dossier de l\u2019annulation par la Cour de Justice de l\u2019Union europ\u00e9enne des accords de p\u00eache et agricole entre l\u2019Union europ\u00e9enne et le Royaume du Maroc. Hier lundi 14 octobre, le Conseil des ministres des Affaires Etrang\u00e8res des pays [&hellip;]\" \/>\n<meta property=\"og:url\" content=\"https:\/\/macite.tg\/?p=17245\" \/>\n<meta property=\"article:published_time\" content=\"2024-10-15T12:17:08+00:00\" \/>\n<meta property=\"article:modified_time\" content=\"2024-10-15T12:23:54+00:00\" \/>\n<meta property=\"og:image\" content=\"https:\/\/macite.tg\/wp-content\/uploads\/2024\/10\/jOSEP-BORRELL.jpg\" \/>\n\t<meta property=\"og:image:width\" content=\"400\" \/>\n\t<meta property=\"og:image:height\" content=\"266\" \/>\n\t<meta property=\"og:image:type\" content=\"image\/jpeg\" \/>\n<meta name=\"author\" content=\"Jean Pierre BAWELA\" \/>\n<meta name=\"twitter:card\" content=\"summary_large_image\" \/>\n<meta name=\"twitter:label1\" content=\"\u00c9crit par\" \/>\n\t<meta name=\"twitter:data1\" content=\"Jean Pierre BAWELA\" \/>\n\t<meta name=\"twitter:label2\" content=\"Dur\u00e9e de lecture estim\u00e9e\" \/>\n\t<meta name=\"twitter:data2\" content=\"3 minutes\" \/>\n<script type=\"application\/ld+json\" class=\"yoast-schema-graph\">{\"@context\":\"https:\\\/\\\/schema.org\",\"@graph\":[{\"@type\":\"Article\",\"@id\":\"https:\\\/\\\/macite.tg\\\/?p=17245#article\",\"isPartOf\":{\"@id\":\"https:\\\/\\\/macite.tg\\\/?p=17245\"},\"author\":{\"name\":\"Jean Pierre BAWELA\",\"@id\":\"https:\\\/\\\/macite.tg\\\/#\\\/schema\\\/person\\\/e9f2de7e5dbbe7770a9402c7ce82f5c2\"},\"headline\":\"ACCORDS UE-MAROC\u00a0: Un partenariat strat\u00e9gique qui repr\u00e9sente une \u2018\u2019immense valeur\u2019\u2019, selon Josep Borrell, chef de la diplomatie de l\u2019Ue\",\"datePublished\":\"2024-10-15T12:17:08+00:00\",\"dateModified\":\"2024-10-15T12:23:54+00:00\",\"mainEntityOfPage\":{\"@id\":\"https:\\\/\\\/macite.tg\\\/?p=17245\"},\"wordCount\":679,\"commentCount\":0,\"image\":{\"@id\":\"https:\\\/\\\/macite.tg\\\/?p=17245#primaryimage\"},\"thumbnailUrl\":\"https:\\\/\\\/macite.tg\\\/wp-content\\\/uploads\\\/2024\\\/10\\\/jOSEP-BORRELL.jpg\",\"articleSection\":[\"ACTUALITE\",\"DIPLOMATIE\"],\"inLanguage\":\"fr-FR\",\"potentialAction\":[{\"@type\":\"CommentAction\",\"name\":\"Comment\",\"target\":[\"https:\\\/\\\/macite.tg\\\/?p=17245#respond\"]}]},{\"@type\":\"WebPage\",\"@id\":\"https:\\\/\\\/macite.tg\\\/?p=17245\",\"url\":\"https:\\\/\\\/macite.tg\\\/?p=17245\",\"name\":\"ACCORDS UE-MAROC\u00a0: Un partenariat strat\u00e9gique qui repr\u00e9sente une \u2018\u2019immense valeur\u2019\u2019, selon Josep Borrell, chef de la diplomatie de l\u2019Ue -\",\"isPartOf\":{\"@id\":\"https:\\\/\\\/macite.tg\\\/#website\"},\"primaryImageOfPage\":{\"@id\":\"https:\\\/\\\/macite.tg\\\/?p=17245#primaryimage\"},\"image\":{\"@id\":\"https:\\\/\\\/macite.tg\\\/?p=17245#primaryimage\"},\"thumbnailUrl\":\"https:\\\/\\\/macite.tg\\\/wp-content\\\/uploads\\\/2024\\\/10\\\/jOSEP-BORRELL.jpg\",\"datePublished\":\"2024-10-15T12:17:08+00:00\",\"dateModified\":\"2024-10-15T12:23:54+00:00\",\"author\":{\"@id\":\"https:\\\/\\\/macite.tg\\\/#\\\/schema\\\/person\\\/e9f2de7e5dbbe7770a9402c7ce82f5c2\"},\"breadcrumb\":{\"@id\":\"https:\\\/\\\/macite.tg\\\/?p=17245#breadcrumb\"},\"inLanguage\":\"fr-FR\",\"potentialAction\":[{\"@type\":\"ReadAction\",\"target\":[\"https:\\\/\\\/macite.tg\\\/?p=17245\"]}]},{\"@type\":\"ImageObject\",\"inLanguage\":\"fr-FR\",\"@id\":\"https:\\\/\\\/macite.tg\\\/?p=17245#primaryimage\",\"url\":\"https:\\\/\\\/macite.tg\\\/wp-content\\\/uploads\\\/2024\\\/10\\\/jOSEP-BORRELL.jpg\",\"contentUrl\":\"https:\\\/\\\/macite.tg\\\/wp-content\\\/uploads\\\/2024\\\/10\\\/jOSEP-BORRELL.jpg\",\"width\":400,\"height\":266,\"caption\":\"Josep Borrell, chef d ela diplomatie de l'Ue.\"},{\"@type\":\"BreadcrumbList\",\"@id\":\"https:\\\/\\\/macite.tg\\\/?p=17245#breadcrumb\",\"itemListElement\":[{\"@type\":\"ListItem\",\"position\":1,\"name\":\"Accueil\",\"item\":\"https:\\\/\\\/macite.tg\\\/\"},{\"@type\":\"ListItem\",\"position\":2,\"name\":\"ACCORDS UE-MAROC\u00a0: Un partenariat strat\u00e9gique qui repr\u00e9sente une \u2018\u2019immense valeur\u2019\u2019, selon Josep Borrell, chef de la diplomatie de l\u2019Ue\"}]},{\"@type\":\"WebSite\",\"@id\":\"https:\\\/\\\/macite.tg\\\/#website\",\"url\":\"https:\\\/\\\/macite.tg\\\/\",\"name\":\"\",\"description\":\"L&#039;information, la bonne!!!\",\"potentialAction\":[{\"@type\":\"SearchAction\",\"target\":{\"@type\":\"EntryPoint\",\"urlTemplate\":\"https:\\\/\\\/macite.tg\\\/?s={search_term_string}\"},\"query-input\":{\"@type\":\"PropertyValueSpecification\",\"valueRequired\":true,\"valueName\":\"search_term_string\"}}],\"inLanguage\":\"fr-FR\"},{\"@type\":\"Person\",\"@id\":\"https:\\\/\\\/macite.tg\\\/#\\\/schema\\\/person\\\/e9f2de7e5dbbe7770a9402c7ce82f5c2\",\"name\":\"Jean Pierre BAWELA\",\"image\":{\"@type\":\"ImageObject\",\"inLanguage\":\"fr-FR\",\"@id\":\"https:\\\/\\\/macite.tg\\\/wp-content\\\/uploads\\\/2023\\\/09\\\/WhatsApp-Image-2023-09-19-at-14.44.41-122x122.jpeg\",\"url\":\"https:\\\/\\\/macite.tg\\\/wp-content\\\/uploads\\\/2023\\\/09\\\/WhatsApp-Image-2023-09-19-at-14.44.41-122x122.jpeg\",\"contentUrl\":\"https:\\\/\\\/macite.tg\\\/wp-content\\\/uploads\\\/2023\\\/09\\\/WhatsApp-Image-2023-09-19-at-14.44.41-122x122.jpeg\",\"caption\":\"Jean Pierre BAWELA\"},\"url\":\"https:\\\/\\\/macite.tg\\\/?author=2\"}]}<\/script>\n<!-- \/ Yoast SEO plugin. -->","yoast_head_json":{"title":"ACCORDS UE-MAROC\u00a0: Un partenariat strat\u00e9gique qui repr\u00e9sente une \u2018\u2019immense valeur\u2019\u2019, selon Josep Borrell, chef de la diplomatie de l\u2019Ue -","robots":{"index":"index","follow":"follow","max-snippet":"max-snippet:-1","max-image-preview":"max-image-preview:large","max-video-preview":"max-video-preview:-1"},"canonical":"https:\/\/macite.tg\/?p=17245","og_locale":"fr_FR","og_type":"article","og_title":"ACCORDS UE-MAROC\u00a0: Un partenariat strat\u00e9gique qui repr\u00e9sente une \u2018\u2019immense valeur\u2019\u2019, selon Josep Borrell, chef de la diplomatie de l\u2019Ue -","og_description":"C\u2019est une nouvelle tournure que prend le dossier de l\u2019annulation par la Cour de Justice de l\u2019Union europ\u00e9enne des accords de p\u00eache et agricole entre l\u2019Union europ\u00e9enne et le Royaume du Maroc. Hier lundi 14 octobre, le Conseil des ministres des Affaires Etrang\u00e8res des pays [&hellip;]","og_url":"https:\/\/macite.tg\/?p=17245","article_published_time":"2024-10-15T12:17:08+00:00","article_modified_time":"2024-10-15T12:23:54+00:00","og_image":[{"width":400,"height":266,"url":"https:\/\/macite.tg\/wp-content\/uploads\/2024\/10\/jOSEP-BORRELL.jpg","type":"image\/jpeg"}],"author":"Jean Pierre BAWELA","twitter_card":"summary_large_image","twitter_misc":{"\u00c9crit par":"Jean Pierre BAWELA","Dur\u00e9e de lecture estim\u00e9e":"3 minutes"},"schema":{"@context":"https:\/\/schema.org","@graph":[{"@type":"Article","@id":"https:\/\/macite.tg\/?p=17245#article","isPartOf":{"@id":"https:\/\/macite.tg\/?p=17245"},"author":{"name":"Jean Pierre BAWELA","@id":"https:\/\/macite.tg\/#\/schema\/person\/e9f2de7e5dbbe7770a9402c7ce82f5c2"},"headline":"ACCORDS UE-MAROC\u00a0: Un partenariat strat\u00e9gique qui repr\u00e9sente une \u2018\u2019immense valeur\u2019\u2019, selon Josep Borrell, chef de la diplomatie de l\u2019Ue","datePublished":"2024-10-15T12:17:08+00:00","dateModified":"2024-10-15T12:23:54+00:00","mainEntityOfPage":{"@id":"https:\/\/macite.tg\/?p=17245"},"wordCount":679,"commentCount":0,"image":{"@id":"https:\/\/macite.tg\/?p=17245#primaryimage"},"thumbnailUrl":"https:\/\/macite.tg\/wp-content\/uploads\/2024\/10\/jOSEP-BORRELL.jpg","articleSection":["ACTUALITE","DIPLOMATIE"],"inLanguage":"fr-FR","potentialAction":[{"@type":"CommentAction","name":"Comment","target":["https:\/\/macite.tg\/?p=17245#respond"]}]},{"@type":"WebPage","@id":"https:\/\/macite.tg\/?p=17245","url":"https:\/\/macite.tg\/?p=17245","name":"ACCORDS UE-MAROC\u00a0: Un partenariat strat\u00e9gique qui repr\u00e9sente une \u2018\u2019immense valeur\u2019\u2019, selon Josep Borrell, chef de la diplomatie de l\u2019Ue -","isPartOf":{"@id":"https:\/\/macite.tg\/#website"},"primaryImageOfPage":{"@id":"https:\/\/macite.tg\/?p=17245#primaryimage"},"image":{"@id":"https:\/\/macite.tg\/?p=17245#primaryimage"},"thumbnailUrl":"https:\/\/macite.tg\/wp-content\/uploads\/2024\/10\/jOSEP-BORRELL.jpg","datePublished":"2024-10-15T12:17:08+00:00","dateModified":"2024-10-15T12:23:54+00:00","author":{"@id":"https:\/\/macite.tg\/#\/schema\/person\/e9f2de7e5dbbe7770a9402c7ce82f5c2"},"breadcrumb":{"@id":"https:\/\/macite.tg\/?p=17245#breadcrumb"},"inLanguage":"fr-FR","potentialAction":[{"@type":"ReadAction","target":["https:\/\/macite.tg\/?p=17245"]}]},{"@type":"ImageObject","inLanguage":"fr-FR","@id":"https:\/\/macite.tg\/?p=17245#primaryimage","url":"https:\/\/macite.tg\/wp-content\/uploads\/2024\/10\/jOSEP-BORRELL.jpg","contentUrl":"https:\/\/macite.tg\/wp-content\/uploads\/2024\/10\/jOSEP-BORRELL.jpg","width":400,"height":266,"caption":"Josep Borrell, chef d ela diplomatie de l'Ue."},{"@type":"BreadcrumbList","@id":"https:\/\/macite.tg\/?p=17245#breadcrumb","itemListElement":[{"@type":"ListItem","position":1,"name":"Accueil","item":"https:\/\/macite.tg\/"},{"@type":"ListItem","position":2,"name":"ACCORDS UE-MAROC\u00a0: Un partenariat strat\u00e9gique qui repr\u00e9sente une \u2018\u2019immense valeur\u2019\u2019, selon Josep Borrell, chef de la diplomatie de l\u2019Ue"}]},{"@type":"WebSite","@id":"https:\/\/macite.tg\/#website","url":"https:\/\/macite.tg\/","name":"","description":"L&#039;information, la bonne!!!","potentialAction":[{"@type":"SearchAction","target":{"@type":"EntryPoint","urlTemplate":"https:\/\/macite.tg\/?s={search_term_string}"},"query-input":{"@type":"PropertyValueSpecification","valueRequired":true,"valueName":"search_term_string"}}],"inLanguage":"fr-FR"},{"@type":"Person","@id":"https:\/\/macite.tg\/#\/schema\/person\/e9f2de7e5dbbe7770a9402c7ce82f5c2","name":"Jean Pierre BAWELA","image":{"@type":"ImageObject","inLanguage":"fr-FR","@id":"https:\/\/macite.tg\/wp-content\/uploads\/2023\/09\/WhatsApp-Image-2023-09-19-at-14.44.41-122x122.jpeg","url":"https:\/\/macite.tg\/wp-content\/uploads\/2023\/09\/WhatsApp-Image-2023-09-19-at-14.44.41-122x122.jpeg","contentUrl":"https:\/\/macite.tg\/wp-content\/uploads\/2023\/09\/WhatsApp-Image-2023-09-19-at-14.44.41-122x122.jpeg","caption":"Jean Pierre BAWELA"},"url":"https:\/\/macite.tg\/?author=2"}]}},"_links":{"self":[{"href":"https:\/\/macite.tg\/index.php?rest_route=\/wp\/v2\/posts\/17245","targetHints":{"allow":["GET"]}}],"collection":[{"href":"https:\/\/macite.tg\/index.php?rest_route=\/wp\/v2\/posts"}],"about":[{"href":"https:\/\/macite.tg\/index.php?rest_route=\/wp\/v2\/types\/post"}],"author":[{"embeddable":true,"href":"https:\/\/macite.tg\/index.php?rest_route=\/wp\/v2\/users\/2"}],"replies":[{"embeddable":true,"href":"https:\/\/macite.tg\/index.php?rest_route=%2Fwp%2Fv2%2Fcomments&post=17245"}],"version-history":[{"count":0,"href":"https:\/\/macite.tg\/index.php?rest_route=\/wp\/v2\/posts\/17245\/revisions"}],"wp:featuredmedia":[{"embeddable":true,"href":"https:\/\/macite.tg\/index.php?rest_route=\/wp\/v2\/media\/17247"}],"wp:attachment":[{"href":"https:\/\/macite.tg\/index.php?rest_route=%2Fwp%2Fv2%2Fmedia&parent=17245"}],"wp:term":[{"taxonomy":"category","embeddable":true,"href":"https:\/\/macite.tg\/index.php?rest_route=%2Fwp%2Fv2%2Fcategories&post=17245"},{"taxonomy":"post_tag","embeddable":true,"href":"https:\/\/macite.tg\/index.php?rest_route=%2Fwp%2Fv2%2Ftags&post=17245"}],"curies":[{"name":"wp","href":"https:\/\/api.w.org\/{rel}","templated":true}]}}