{"id":17233,"date":"2024-10-14T21:40:38","date_gmt":"2024-10-14T21:40:38","guid":{"rendered":"https:\/\/macite.tg\/?p=17233"},"modified":"2024-10-14T21:40:54","modified_gmt":"2024-10-14T21:40:54","slug":"transport-maritime-une-delegation-du-port-de-lome-en-prospection-dans-les-pays-de-lhinterland","status":"publish","type":"post","link":"https:\/\/macite.tg\/?p=17233","title":{"rendered":"TRANSPORT MARITIME\u00a0: Une d\u00e9l\u00e9gation du Port de Lom\u00e9 en prospection dans les pays de l\u2019Hinterland"},"content":{"rendered":"\n<p class=\"wp-block-paragraph\"><strong><em>Le Port autonome de Lom\u00e9 (Pal), en tant que hub logistique de premier plan dans la sous-r\u00e9gion, ambitionne de renforcer et consolider son partenariat avec les pays du Sahel, notamment. Dans cette optique, une d\u00e9l\u00e9gation de la communaut\u00e9 portuaire de Lom\u00e9 a effectu\u00e9, la semaine \u00e9coul\u00e9e, une mission de prospection et de promotion au Sahel.<\/em><\/strong><\/p>\n\n\n\n<p class=\"wp-block-paragraph\">Conduite par le Directeur g\u00e9n\u00e9ral du Pal, le Contre-Amiral Fogan Ad\u00e9gnon, cette mission qui a sillonn\u00e9 le Burkina Faso, le Niger, et le Mali, se veut d\u2019\u00e9clairer davantage les interlocuteurs de la plateforme sur les op\u00e9rations, et am\u00e9liorer les services propos\u00e9s par le Pal.<\/p>\n\n\n<div class=\"wp-block-image\">\n<figure class=\"aligncenter size-full is-resized\"><img loading=\"lazy\" decoding=\"async\" src=\"https:\/\/macite.tg\/wp-content\/uploads\/2024\/10\/Faux-et-suage-de-faux.jpg\" alt=\"\" class=\"wp-image-17135\" width=\"583\" height=\"388\" srcset=\"https:\/\/macite.tg\/wp-content\/uploads\/2024\/10\/Faux-et-suage-de-faux.jpg 500w, https:\/\/macite.tg\/wp-content\/uploads\/2024\/10\/Faux-et-suage-de-faux-300x200.jpg 300w, https:\/\/macite.tg\/wp-content\/uploads\/2024\/10\/Faux-et-suage-de-faux-112x75.jpg 112w, https:\/\/macite.tg\/wp-content\/uploads\/2024\/10\/Faux-et-suage-de-faux-425x283.jpg 425w, https:\/\/macite.tg\/wp-content\/uploads\/2024\/10\/Faux-et-suage-de-faux-430x287.jpg 430w\" sizes=\"auto, (max-width: 583px) 100vw, 583px\" \/><\/figure>\n<\/div>\n\n\n<p class=\"wp-block-paragraph\">A l\u2019agenda de cette mission, des rencontres avec les autorit\u00e9s de ces pays, mais aussi avec des op\u00e9rations \u00e9conomiques, les syndicats des transports, et les importateurs exportateurs. Elles ont donn\u00e9 l\u2019opportunit\u00e9 aux autorit\u00e9s portuaires de Lom\u00e9 de pr\u00e9senter les facilit\u00e9s accord\u00e9es aux op\u00e9rateurs \u00e9trangers pour le transit des marchandises \u00e0 destination ou en provenance de leur pays. Il a \u00e9t\u00e9 \u00e9galement question, au cours de ces rencontres, de recueillir les attentes et pr\u00e9occupations des diff\u00e9rents op\u00e9rateurs.<\/p>\n\n\n<div class=\"wp-block-image\">\n<figure class=\"aligncenter size-full\"><img loading=\"lazy\" decoding=\"async\" width=\"526\" height=\"526\" src=\"https:\/\/macite.tg\/wp-content\/uploads\/2024\/10\/image-31.png\" alt=\"\" class=\"wp-image-17137\" srcset=\"https:\/\/macite.tg\/wp-content\/uploads\/2024\/10\/image-31.png 526w, https:\/\/macite.tg\/wp-content\/uploads\/2024\/10\/image-31-300x300.png 300w, https:\/\/macite.tg\/wp-content\/uploads\/2024\/10\/image-31-150x150.png 150w, https:\/\/macite.tg\/wp-content\/uploads\/2024\/10\/image-31-122x122.png 122w\" sizes=\"auto, (max-width: 526px) 100vw, 526px\" \/><\/figure>\n<\/div>\n\n\n<p class=\"wp-block-paragraph\">Rappelons que le Port de Lom\u00e9 a d\u00e9mat\u00e9rialis\u00e9 r\u00e9cemment toutes ses formalit\u00e9s, franchissant ainsi un nouveau pas dans son ambition de consolider la position du Togo en tant que hub logistique de premier plan dans la sous-r\u00e9gion.<\/p>\n\n\n\n<p class=\"wp-block-paragraph\"><strong>JPB<\/strong><\/p>\n\n\n\n<p class=\"wp-block-paragraph\"><a><strong><em>@macite.tg&nbsp;&nbsp;&nbsp;&nbsp;&nbsp;&nbsp;&nbsp;&nbsp;<\/em><\/strong><\/a><\/p>\n\n\n\n<p class=\"wp-block-paragraph\"><strong><em>E-mail&nbsp;: <\/em><\/strong><a href=\"mailto:maciteinfo@gmail.com\"><strong><em>maciteinfo@gmail.com<\/em><\/strong><\/a><strong><em>; <\/em><\/strong><a href=\"mailto:bawela1@gmail.com\"><strong><em>bawela1@gmail.com<\/em><\/strong><\/a><strong><em><\/em><\/strong><\/p>\n\n\n\n<p class=\"wp-block-paragraph\"><strong><em>Pour vos annonces, (publi)reportages, etc., joignez-nous au (00228)91515309\/<strong>79872224 <\/strong>www.macite.tg, L\u2019information, la bonne&nbsp;!<\/em><\/strong><\/p>\n","protected":false},"excerpt":{"rendered":"<p class=\"text-justify mb-2\" >Le Port autonome de Lom\u00e9 (Pal), en tant que hub logistique de premier plan dans la sous-r\u00e9gion, ambitionne de renforcer et consolider son partenariat avec les pays du Sahel, notamment. Dans cette optique, une d\u00e9l\u00e9gation de la communaut\u00e9 portuaire de Lom\u00e9 a effectu\u00e9, la semaine [&hellip;]<\/p>\n","protected":false},"author":2,"featured_media":17234,"comment_status":"open","ping_status":"open","sticky":false,"template":"","format":"standard","meta":{"footnotes":""},"categories":[20,41],"tags":[],"class_list":["post-17233","post","type-post","status-publish","format-standard","has-post-thumbnail","hentry","category-actualite","category-transports"],"yoast_head":"<!-- This site is optimized with the Yoast SEO plugin v28.4 - https:\/\/yoast.com\/product\/yoast-seo-wordpress\/ -->\n<title>TRANSPORT MARITIME\u00a0: Une d\u00e9l\u00e9gation du Port de Lom\u00e9 en prospection dans les pays de l\u2019Hinterland -<\/title>\n<meta name=\"robots\" content=\"index, follow, max-snippet:-1, max-image-preview:large, max-video-preview:-1\" \/>\n<link rel=\"canonical\" href=\"https:\/\/macite.tg\/?p=17233\" \/>\n<meta property=\"og:locale\" content=\"fr_FR\" \/>\n<meta property=\"og:type\" content=\"article\" \/>\n<meta property=\"og:title\" content=\"TRANSPORT MARITIME\u00a0: Une d\u00e9l\u00e9gation du Port de Lom\u00e9 en prospection dans les pays de l\u2019Hinterland -\" \/>\n<meta property=\"og:description\" content=\"Le Port autonome de Lom\u00e9 (Pal), en tant que hub logistique de premier plan dans la sous-r\u00e9gion, ambitionne de renforcer et consolider son partenariat avec les pays du Sahel, notamment. Dans cette optique, une d\u00e9l\u00e9gation de la communaut\u00e9 portuaire de Lom\u00e9 a effectu\u00e9, la semaine [&hellip;]\" \/>\n<meta property=\"og:url\" content=\"https:\/\/macite.tg\/?p=17233\" \/>\n<meta property=\"article:published_time\" content=\"2024-10-14T21:40:38+00:00\" \/>\n<meta property=\"article:modified_time\" content=\"2024-10-14T21:40:54+00:00\" \/>\n<meta property=\"og:image\" content=\"https:\/\/macite.tg\/wp-content\/uploads\/2024\/10\/PAL-AU-SAHEL.jpg\" \/>\n\t<meta property=\"og:image:width\" content=\"500\" \/>\n\t<meta property=\"og:image:height\" content=\"281\" \/>\n\t<meta property=\"og:image:type\" content=\"image\/jpeg\" \/>\n<meta name=\"author\" content=\"Jean Pierre BAWELA\" \/>\n<meta name=\"twitter:card\" content=\"summary_large_image\" \/>\n<meta name=\"twitter:label1\" content=\"\u00c9crit par\" \/>\n\t<meta name=\"twitter:data1\" content=\"Jean Pierre BAWELA\" \/>\n\t<meta name=\"twitter:label2\" content=\"Dur\u00e9e de lecture estim\u00e9e\" \/>\n\t<meta name=\"twitter:data2\" content=\"1 minute\" \/>\n<script type=\"application\/ld+json\" class=\"yoast-schema-graph\">{\"@context\":\"https:\\\/\\\/schema.org\",\"@graph\":[{\"@type\":\"Article\",\"@id\":\"https:\\\/\\\/macite.tg\\\/?p=17233#article\",\"isPartOf\":{\"@id\":\"https:\\\/\\\/macite.tg\\\/?p=17233\"},\"author\":{\"name\":\"Jean Pierre BAWELA\",\"@id\":\"https:\\\/\\\/macite.tg\\\/#\\\/schema\\\/person\\\/e9f2de7e5dbbe7770a9402c7ce82f5c2\"},\"headline\":\"TRANSPORT MARITIME\u00a0: Une d\u00e9l\u00e9gation du Port de Lom\u00e9 en prospection dans les pays de l\u2019Hinterland\",\"datePublished\":\"2024-10-14T21:40:38+00:00\",\"dateModified\":\"2024-10-14T21:40:54+00:00\",\"mainEntityOfPage\":{\"@id\":\"https:\\\/\\\/macite.tg\\\/?p=17233\"},\"wordCount\":292,\"commentCount\":0,\"image\":{\"@id\":\"https:\\\/\\\/macite.tg\\\/?p=17233#primaryimage\"},\"thumbnailUrl\":\"https:\\\/\\\/macite.tg\\\/wp-content\\\/uploads\\\/2024\\\/10\\\/PAL-AU-SAHEL.jpg\",\"articleSection\":[\"ACTUALITE\",\"TRANSPORTS\"],\"inLanguage\":\"fr-FR\",\"potentialAction\":[{\"@type\":\"CommentAction\",\"name\":\"Comment\",\"target\":[\"https:\\\/\\\/macite.tg\\\/?p=17233#respond\"]}]},{\"@type\":\"WebPage\",\"@id\":\"https:\\\/\\\/macite.tg\\\/?p=17233\",\"url\":\"https:\\\/\\\/macite.tg\\\/?p=17233\",\"name\":\"TRANSPORT MARITIME\u00a0: Une d\u00e9l\u00e9gation du Port de Lom\u00e9 en prospection dans les pays de l\u2019Hinterland -\",\"isPartOf\":{\"@id\":\"https:\\\/\\\/macite.tg\\\/#website\"},\"primaryImageOfPage\":{\"@id\":\"https:\\\/\\\/macite.tg\\\/?p=17233#primaryimage\"},\"image\":{\"@id\":\"https:\\\/\\\/macite.tg\\\/?p=17233#primaryimage\"},\"thumbnailUrl\":\"https:\\\/\\\/macite.tg\\\/wp-content\\\/uploads\\\/2024\\\/10\\\/PAL-AU-SAHEL.jpg\",\"datePublished\":\"2024-10-14T21:40:38+00:00\",\"dateModified\":\"2024-10-14T21:40:54+00:00\",\"author\":{\"@id\":\"https:\\\/\\\/macite.tg\\\/#\\\/schema\\\/person\\\/e9f2de7e5dbbe7770a9402c7ce82f5c2\"},\"breadcrumb\":{\"@id\":\"https:\\\/\\\/macite.tg\\\/?p=17233#breadcrumb\"},\"inLanguage\":\"fr-FR\",\"potentialAction\":[{\"@type\":\"ReadAction\",\"target\":[\"https:\\\/\\\/macite.tg\\\/?p=17233\"]}]},{\"@type\":\"ImageObject\",\"inLanguage\":\"fr-FR\",\"@id\":\"https:\\\/\\\/macite.tg\\\/?p=17233#primaryimage\",\"url\":\"https:\\\/\\\/macite.tg\\\/wp-content\\\/uploads\\\/2024\\\/10\\\/PAL-AU-SAHEL.jpg\",\"contentUrl\":\"https:\\\/\\\/macite.tg\\\/wp-content\\\/uploads\\\/2024\\\/10\\\/PAL-AU-SAHEL.jpg\",\"width\":500,\"height\":281,\"caption\":\"Photo de famille \u00e0 l'\u00e9tape de Niamey, au Niger.\"},{\"@type\":\"BreadcrumbList\",\"@id\":\"https:\\\/\\\/macite.tg\\\/?p=17233#breadcrumb\",\"itemListElement\":[{\"@type\":\"ListItem\",\"position\":1,\"name\":\"Accueil\",\"item\":\"https:\\\/\\\/macite.tg\\\/\"},{\"@type\":\"ListItem\",\"position\":2,\"name\":\"TRANSPORT MARITIME\u00a0: Une d\u00e9l\u00e9gation du Port de Lom\u00e9 en prospection dans les pays de l\u2019Hinterland\"}]},{\"@type\":\"WebSite\",\"@id\":\"https:\\\/\\\/macite.tg\\\/#website\",\"url\":\"https:\\\/\\\/macite.tg\\\/\",\"name\":\"\",\"description\":\"L&#039;information, la bonne!!!\",\"potentialAction\":[{\"@type\":\"SearchAction\",\"target\":{\"@type\":\"EntryPoint\",\"urlTemplate\":\"https:\\\/\\\/macite.tg\\\/?s={search_term_string}\"},\"query-input\":{\"@type\":\"PropertyValueSpecification\",\"valueRequired\":true,\"valueName\":\"search_term_string\"}}],\"inLanguage\":\"fr-FR\"},{\"@type\":\"Person\",\"@id\":\"https:\\\/\\\/macite.tg\\\/#\\\/schema\\\/person\\\/e9f2de7e5dbbe7770a9402c7ce82f5c2\",\"name\":\"Jean Pierre BAWELA\",\"image\":{\"@type\":\"ImageObject\",\"inLanguage\":\"fr-FR\",\"@id\":\"https:\\\/\\\/macite.tg\\\/wp-content\\\/uploads\\\/2023\\\/09\\\/WhatsApp-Image-2023-09-19-at-14.44.41-122x122.jpeg\",\"url\":\"https:\\\/\\\/macite.tg\\\/wp-content\\\/uploads\\\/2023\\\/09\\\/WhatsApp-Image-2023-09-19-at-14.44.41-122x122.jpeg\",\"contentUrl\":\"https:\\\/\\\/macite.tg\\\/wp-content\\\/uploads\\\/2023\\\/09\\\/WhatsApp-Image-2023-09-19-at-14.44.41-122x122.jpeg\",\"caption\":\"Jean Pierre BAWELA\"},\"url\":\"https:\\\/\\\/macite.tg\\\/?author=2\"}]}<\/script>\n<!-- \/ Yoast SEO plugin. -->","yoast_head_json":{"title":"TRANSPORT MARITIME\u00a0: Une d\u00e9l\u00e9gation du Port de Lom\u00e9 en prospection dans les pays de l\u2019Hinterland -","robots":{"index":"index","follow":"follow","max-snippet":"max-snippet:-1","max-image-preview":"max-image-preview:large","max-video-preview":"max-video-preview:-1"},"canonical":"https:\/\/macite.tg\/?p=17233","og_locale":"fr_FR","og_type":"article","og_title":"TRANSPORT MARITIME\u00a0: Une d\u00e9l\u00e9gation du Port de Lom\u00e9 en prospection dans les pays de l\u2019Hinterland -","og_description":"Le Port autonome de Lom\u00e9 (Pal), en tant que hub logistique de premier plan dans la sous-r\u00e9gion, ambitionne de renforcer et consolider son partenariat avec les pays du Sahel, notamment. Dans cette optique, une d\u00e9l\u00e9gation de la communaut\u00e9 portuaire de Lom\u00e9 a effectu\u00e9, la semaine [&hellip;]","og_url":"https:\/\/macite.tg\/?p=17233","article_published_time":"2024-10-14T21:40:38+00:00","article_modified_time":"2024-10-14T21:40:54+00:00","og_image":[{"width":500,"height":281,"url":"https:\/\/macite.tg\/wp-content\/uploads\/2024\/10\/PAL-AU-SAHEL.jpg","type":"image\/jpeg"}],"author":"Jean Pierre BAWELA","twitter_card":"summary_large_image","twitter_misc":{"\u00c9crit par":"Jean Pierre BAWELA","Dur\u00e9e de lecture estim\u00e9e":"1 minute"},"schema":{"@context":"https:\/\/schema.org","@graph":[{"@type":"Article","@id":"https:\/\/macite.tg\/?p=17233#article","isPartOf":{"@id":"https:\/\/macite.tg\/?p=17233"},"author":{"name":"Jean Pierre BAWELA","@id":"https:\/\/macite.tg\/#\/schema\/person\/e9f2de7e5dbbe7770a9402c7ce82f5c2"},"headline":"TRANSPORT MARITIME\u00a0: Une d\u00e9l\u00e9gation du Port de Lom\u00e9 en prospection dans les pays de l\u2019Hinterland","datePublished":"2024-10-14T21:40:38+00:00","dateModified":"2024-10-14T21:40:54+00:00","mainEntityOfPage":{"@id":"https:\/\/macite.tg\/?p=17233"},"wordCount":292,"commentCount":0,"image":{"@id":"https:\/\/macite.tg\/?p=17233#primaryimage"},"thumbnailUrl":"https:\/\/macite.tg\/wp-content\/uploads\/2024\/10\/PAL-AU-SAHEL.jpg","articleSection":["ACTUALITE","TRANSPORTS"],"inLanguage":"fr-FR","potentialAction":[{"@type":"CommentAction","name":"Comment","target":["https:\/\/macite.tg\/?p=17233#respond"]}]},{"@type":"WebPage","@id":"https:\/\/macite.tg\/?p=17233","url":"https:\/\/macite.tg\/?p=17233","name":"TRANSPORT MARITIME\u00a0: Une d\u00e9l\u00e9gation du Port de Lom\u00e9 en prospection dans les pays de l\u2019Hinterland -","isPartOf":{"@id":"https:\/\/macite.tg\/#website"},"primaryImageOfPage":{"@id":"https:\/\/macite.tg\/?p=17233#primaryimage"},"image":{"@id":"https:\/\/macite.tg\/?p=17233#primaryimage"},"thumbnailUrl":"https:\/\/macite.tg\/wp-content\/uploads\/2024\/10\/PAL-AU-SAHEL.jpg","datePublished":"2024-10-14T21:40:38+00:00","dateModified":"2024-10-14T21:40:54+00:00","author":{"@id":"https:\/\/macite.tg\/#\/schema\/person\/e9f2de7e5dbbe7770a9402c7ce82f5c2"},"breadcrumb":{"@id":"https:\/\/macite.tg\/?p=17233#breadcrumb"},"inLanguage":"fr-FR","potentialAction":[{"@type":"ReadAction","target":["https:\/\/macite.tg\/?p=17233"]}]},{"@type":"ImageObject","inLanguage":"fr-FR","@id":"https:\/\/macite.tg\/?p=17233#primaryimage","url":"https:\/\/macite.tg\/wp-content\/uploads\/2024\/10\/PAL-AU-SAHEL.jpg","contentUrl":"https:\/\/macite.tg\/wp-content\/uploads\/2024\/10\/PAL-AU-SAHEL.jpg","width":500,"height":281,"caption":"Photo de famille \u00e0 l'\u00e9tape de Niamey, au Niger."},{"@type":"BreadcrumbList","@id":"https:\/\/macite.tg\/?p=17233#breadcrumb","itemListElement":[{"@type":"ListItem","position":1,"name":"Accueil","item":"https:\/\/macite.tg\/"},{"@type":"ListItem","position":2,"name":"TRANSPORT MARITIME\u00a0: Une d\u00e9l\u00e9gation du Port de Lom\u00e9 en prospection dans les pays de l\u2019Hinterland"}]},{"@type":"WebSite","@id":"https:\/\/macite.tg\/#website","url":"https:\/\/macite.tg\/","name":"","description":"L&#039;information, la bonne!!!","potentialAction":[{"@type":"SearchAction","target":{"@type":"EntryPoint","urlTemplate":"https:\/\/macite.tg\/?s={search_term_string}"},"query-input":{"@type":"PropertyValueSpecification","valueRequired":true,"valueName":"search_term_string"}}],"inLanguage":"fr-FR"},{"@type":"Person","@id":"https:\/\/macite.tg\/#\/schema\/person\/e9f2de7e5dbbe7770a9402c7ce82f5c2","name":"Jean Pierre BAWELA","image":{"@type":"ImageObject","inLanguage":"fr-FR","@id":"https:\/\/macite.tg\/wp-content\/uploads\/2023\/09\/WhatsApp-Image-2023-09-19-at-14.44.41-122x122.jpeg","url":"https:\/\/macite.tg\/wp-content\/uploads\/2023\/09\/WhatsApp-Image-2023-09-19-at-14.44.41-122x122.jpeg","contentUrl":"https:\/\/macite.tg\/wp-content\/uploads\/2023\/09\/WhatsApp-Image-2023-09-19-at-14.44.41-122x122.jpeg","caption":"Jean Pierre BAWELA"},"url":"https:\/\/macite.tg\/?author=2"}]}},"_links":{"self":[{"href":"https:\/\/macite.tg\/index.php?rest_route=\/wp\/v2\/posts\/17233","targetHints":{"allow":["GET"]}}],"collection":[{"href":"https:\/\/macite.tg\/index.php?rest_route=\/wp\/v2\/posts"}],"about":[{"href":"https:\/\/macite.tg\/index.php?rest_route=\/wp\/v2\/types\/post"}],"author":[{"embeddable":true,"href":"https:\/\/macite.tg\/index.php?rest_route=\/wp\/v2\/users\/2"}],"replies":[{"embeddable":true,"href":"https:\/\/macite.tg\/index.php?rest_route=%2Fwp%2Fv2%2Fcomments&post=17233"}],"version-history":[{"count":0,"href":"https:\/\/macite.tg\/index.php?rest_route=\/wp\/v2\/posts\/17233\/revisions"}],"wp:featuredmedia":[{"embeddable":true,"href":"https:\/\/macite.tg\/index.php?rest_route=\/wp\/v2\/media\/17234"}],"wp:attachment":[{"href":"https:\/\/macite.tg\/index.php?rest_route=%2Fwp%2Fv2%2Fmedia&parent=17233"}],"wp:term":[{"taxonomy":"category","embeddable":true,"href":"https:\/\/macite.tg\/index.php?rest_route=%2Fwp%2Fv2%2Fcategories&post=17233"},{"taxonomy":"post_tag","embeddable":true,"href":"https:\/\/macite.tg\/index.php?rest_route=%2Fwp%2Fv2%2Ftags&post=17233"}],"curies":[{"name":"wp","href":"https:\/\/api.w.org\/{rel}","templated":true}]}}