{"id":17230,"date":"2024-10-14T14:39:24","date_gmt":"2024-10-14T14:39:24","guid":{"rendered":"https:\/\/macite.tg\/?p=17230"},"modified":"2024-10-14T14:39:38","modified_gmt":"2024-10-14T14:39:38","slug":"alerte-metoe-risques-dinondation-previent-la-protection-civile","status":"publish","type":"post","link":"https:\/\/macite.tg\/?p=17230","title":{"rendered":"ALERTE METOE: Risques d\u2019inondation\u2026 pr\u00e9vient la Protection civile"},"content":{"rendered":"\n<p class=\"wp-block-paragraph\"><strong><em>Ces derniers jours, l\u2019ensemble du territoire national a \u00e9t\u00e9 arros\u00e9 par de fortes pluies qui ont provoqu\u00e9, par endroit, des risques d\u2019inondation particuli\u00e8rement \u00e9lev\u00e9s. Alors que mesures ont \u00e9t\u00e9 d\u00e9j\u00e0 prises, en amont, concernant les syst\u00e8mes d\u2019\u00e9vacuation, il convient de rester vigilant et \u00e9viter les zones inondables.<\/em><\/strong><\/p>\n\n\n\n<p class=\"wp-block-paragraph\">Les r\u00e9centes fortes pluies enregistr\u00e9es sur l\u2019ensemble du territoire national, ont sortis les autorit\u00e9s en charge de la Protection civile de leur confort habituel.<\/p>\n\n\n\n<p class=\"wp-block-paragraph\">En plus des mesures urgentes qui ont \u00e9t\u00e9 d\u00e9j\u00e0 d\u00e9ploy\u00e9es, le gouvernement, \u00e0 travers les agences nationales en charge de la protection civile (Anpc) et de la salubrit\u00e9 publique (Anasap), ont mis les bouch\u00e9es doubles afin de parer au plus press\u00e9.<\/p>\n\n\n<div class=\"wp-block-image\">\n<figure class=\"aligncenter size-full is-resized\"><img loading=\"lazy\" decoding=\"async\" src=\"https:\/\/macite.tg\/wp-content\/uploads\/2024\/10\/Faux-et-suage-de-faux.jpg\" alt=\"\" class=\"wp-image-17135\" width=\"696\" height=\"464\" srcset=\"https:\/\/macite.tg\/wp-content\/uploads\/2024\/10\/Faux-et-suage-de-faux.jpg 500w, https:\/\/macite.tg\/wp-content\/uploads\/2024\/10\/Faux-et-suage-de-faux-300x200.jpg 300w, https:\/\/macite.tg\/wp-content\/uploads\/2024\/10\/Faux-et-suage-de-faux-112x75.jpg 112w, https:\/\/macite.tg\/wp-content\/uploads\/2024\/10\/Faux-et-suage-de-faux-425x283.jpg 425w, https:\/\/macite.tg\/wp-content\/uploads\/2024\/10\/Faux-et-suage-de-faux-430x287.jpg 430w\" sizes=\"auto, (max-width: 696px) 100vw, 696px\" \/><\/figure>\n<\/div>\n\n\n<p class=\"wp-block-paragraph\">Le ton de l\u2019alerte \u00e0 la vigilance a \u00e9t\u00e9 donn\u00e9, le dimanche 13 octobre dernier, par le ministre en charge de la S\u00e9curit\u00e9, le Col Calixte Madjoulba, qui a invit\u00e9 les populations \u00e0 la vigilance, et au respect des consignes \u00e9dict\u00e9es par les services comp\u00e9tents.&nbsp;<\/p>\n\n\n\n<p class=\"wp-block-paragraph\">A sa suite, la ministre de l\u2019Eau et de l\u2019assainissement, Mila Aziable, a sillonn\u00e9 plusieurs quartiers de la capitale, dans l\u2019optique d\u2019\u00e9valuer l\u2019impact de ces pluies et envisager des actions urgentes.&nbsp;\u00ab&nbsp;<em>En plus des actions imm\u00e9diates, nous pr\u00e9parons des solutions durables en lien avec le sch\u00e9ma directeur de d\u00e9veloppement et d\u2019assainissement<\/em>&nbsp;\u00bb, a-t-elle not\u00e9.&nbsp;&nbsp;<\/p>\n\n\n<div class=\"wp-block-image\">\n<figure class=\"aligncenter size-full\"><img loading=\"lazy\" decoding=\"async\" width=\"526\" height=\"526\" src=\"https:\/\/macite.tg\/wp-content\/uploads\/2024\/10\/image-31.png\" alt=\"\" class=\"wp-image-17137\" srcset=\"https:\/\/macite.tg\/wp-content\/uploads\/2024\/10\/image-31.png 526w, https:\/\/macite.tg\/wp-content\/uploads\/2024\/10\/image-31-300x300.png 300w, https:\/\/macite.tg\/wp-content\/uploads\/2024\/10\/image-31-150x150.png 150w, https:\/\/macite.tg\/wp-content\/uploads\/2024\/10\/image-31-122x122.png 122w\" sizes=\"auto, (max-width: 526px) 100vw, 526px\" \/><\/figure>\n<\/div>\n\n\n<p class=\"wp-block-paragraph\">Notons qu\u2019il existe depuis plusieurs mois d\u00e9j\u00e0, un num\u00e9ro vert, le<strong> 170<\/strong>, pour alerter les services ad\u00e9quats, en cas d\u2019inondations ou de risques.<\/p>\n\n\n\n<p class=\"wp-block-paragraph\"><strong>JPB<\/strong><\/p>\n\n\n\n<p class=\"wp-block-paragraph\"><a><strong><em>@macite.tg&nbsp;&nbsp;&nbsp;&nbsp;&nbsp;&nbsp;&nbsp;&nbsp;<\/em><\/strong><\/a><\/p>\n\n\n\n<p class=\"wp-block-paragraph\"><strong><em>E-mail&nbsp;: <\/em><\/strong><a href=\"mailto:maciteinfo@gmail.com\"><strong><em>maciteinfo@gmail.com<\/em><\/strong><\/a><strong><em>; <\/em><\/strong><a href=\"mailto:bawela1@gmail.com\"><strong><em>bawela1@gmail.com<\/em><\/strong><\/a><strong><em><\/em><\/strong><\/p>\n\n\n\n<p class=\"wp-block-paragraph\"><strong><em>Pour vos annonces, (publi)reportages, etc., joignez-nous au (00228)91515309\/<strong>79872224 <\/strong>www.macite.tg, L\u2019information, la bonne&nbsp;!<\/em><\/strong><\/p>\n","protected":false},"excerpt":{"rendered":"<p class=\"text-justify mb-2\" >Ces derniers jours, l\u2019ensemble du territoire national a \u00e9t\u00e9 arros\u00e9 par de fortes pluies qui ont provoqu\u00e9, par endroit, des risques d\u2019inondation particuli\u00e8rement \u00e9lev\u00e9s. Alors que mesures ont \u00e9t\u00e9 d\u00e9j\u00e0 prises, en amont, concernant les syst\u00e8mes d\u2019\u00e9vacuation, il convient de rester vigilant et \u00e9viter les [&hellip;]<\/p>\n","protected":false},"author":2,"featured_media":17231,"comment_status":"open","ping_status":"open","sticky":false,"template":"","format":"standard","meta":{"footnotes":""},"categories":[20,19],"tags":[],"class_list":["post-17230","post","type-post","status-publish","format-standard","has-post-thumbnail","hentry","category-actualite","category-environnement"],"yoast_head":"<!-- This site is optimized with the Yoast SEO plugin v28.4 - https:\/\/yoast.com\/product\/yoast-seo-wordpress\/ -->\n<title>ALERTE METOE: Risques d\u2019inondation\u2026 pr\u00e9vient la Protection civile -<\/title>\n<meta name=\"robots\" content=\"index, follow, max-snippet:-1, max-image-preview:large, max-video-preview:-1\" \/>\n<link rel=\"canonical\" href=\"https:\/\/macite.tg\/?p=17230\" \/>\n<meta property=\"og:locale\" content=\"fr_FR\" \/>\n<meta property=\"og:type\" content=\"article\" \/>\n<meta property=\"og:title\" content=\"ALERTE METOE: Risques d\u2019inondation\u2026 pr\u00e9vient la Protection civile -\" \/>\n<meta property=\"og:description\" content=\"Ces derniers jours, l\u2019ensemble du territoire national a \u00e9t\u00e9 arros\u00e9 par de fortes pluies qui ont provoqu\u00e9, par endroit, des risques d\u2019inondation particuli\u00e8rement \u00e9lev\u00e9s. Alors que mesures ont \u00e9t\u00e9 d\u00e9j\u00e0 prises, en amont, concernant les syst\u00e8mes d\u2019\u00e9vacuation, il convient de rester vigilant et \u00e9viter les [&hellip;]\" \/>\n<meta property=\"og:url\" content=\"https:\/\/macite.tg\/?p=17230\" \/>\n<meta property=\"article:published_time\" content=\"2024-10-14T14:39:24+00:00\" \/>\n<meta property=\"article:modified_time\" content=\"2024-10-14T14:39:38+00:00\" \/>\n<meta property=\"og:image\" content=\"https:\/\/macite.tg\/wp-content\/uploads\/2024\/10\/Inondation.jpg\" \/>\n\t<meta property=\"og:image:width\" content=\"500\" \/>\n\t<meta property=\"og:image:height\" content=\"451\" \/>\n\t<meta property=\"og:image:type\" content=\"image\/jpeg\" \/>\n<meta name=\"author\" content=\"Jean Pierre BAWELA\" \/>\n<meta name=\"twitter:card\" content=\"summary_large_image\" \/>\n<meta name=\"twitter:label1\" content=\"\u00c9crit par\" \/>\n\t<meta name=\"twitter:data1\" content=\"Jean Pierre BAWELA\" \/>\n\t<meta name=\"twitter:label2\" content=\"Dur\u00e9e de lecture estim\u00e9e\" \/>\n\t<meta name=\"twitter:data2\" content=\"2 minutes\" \/>\n<script type=\"application\/ld+json\" class=\"yoast-schema-graph\">{\"@context\":\"https:\\\/\\\/schema.org\",\"@graph\":[{\"@type\":\"Article\",\"@id\":\"https:\\\/\\\/macite.tg\\\/?p=17230#article\",\"isPartOf\":{\"@id\":\"https:\\\/\\\/macite.tg\\\/?p=17230\"},\"author\":{\"name\":\"Jean Pierre BAWELA\",\"@id\":\"https:\\\/\\\/macite.tg\\\/#\\\/schema\\\/person\\\/e9f2de7e5dbbe7770a9402c7ce82f5c2\"},\"headline\":\"ALERTE METOE: Risques d\u2019inondation\u2026 pr\u00e9vient la Protection civile\",\"datePublished\":\"2024-10-14T14:39:24+00:00\",\"dateModified\":\"2024-10-14T14:39:38+00:00\",\"mainEntityOfPage\":{\"@id\":\"https:\\\/\\\/macite.tg\\\/?p=17230\"},\"wordCount\":313,\"commentCount\":0,\"image\":{\"@id\":\"https:\\\/\\\/macite.tg\\\/?p=17230#primaryimage\"},\"thumbnailUrl\":\"https:\\\/\\\/macite.tg\\\/wp-content\\\/uploads\\\/2024\\\/10\\\/Inondation.jpg\",\"articleSection\":[\"ACTUALITE\",\"ENVIRONNEMENT\"],\"inLanguage\":\"fr-FR\",\"potentialAction\":[{\"@type\":\"CommentAction\",\"name\":\"Comment\",\"target\":[\"https:\\\/\\\/macite.tg\\\/?p=17230#respond\"]}]},{\"@type\":\"WebPage\",\"@id\":\"https:\\\/\\\/macite.tg\\\/?p=17230\",\"url\":\"https:\\\/\\\/macite.tg\\\/?p=17230\",\"name\":\"ALERTE METOE: Risques d\u2019inondation\u2026 pr\u00e9vient la Protection civile -\",\"isPartOf\":{\"@id\":\"https:\\\/\\\/macite.tg\\\/#website\"},\"primaryImageOfPage\":{\"@id\":\"https:\\\/\\\/macite.tg\\\/?p=17230#primaryimage\"},\"image\":{\"@id\":\"https:\\\/\\\/macite.tg\\\/?p=17230#primaryimage\"},\"thumbnailUrl\":\"https:\\\/\\\/macite.tg\\\/wp-content\\\/uploads\\\/2024\\\/10\\\/Inondation.jpg\",\"datePublished\":\"2024-10-14T14:39:24+00:00\",\"dateModified\":\"2024-10-14T14:39:38+00:00\",\"author\":{\"@id\":\"https:\\\/\\\/macite.tg\\\/#\\\/schema\\\/person\\\/e9f2de7e5dbbe7770a9402c7ce82f5c2\"},\"breadcrumb\":{\"@id\":\"https:\\\/\\\/macite.tg\\\/?p=17230#breadcrumb\"},\"inLanguage\":\"fr-FR\",\"potentialAction\":[{\"@type\":\"ReadAction\",\"target\":[\"https:\\\/\\\/macite.tg\\\/?p=17230\"]}]},{\"@type\":\"ImageObject\",\"inLanguage\":\"fr-FR\",\"@id\":\"https:\\\/\\\/macite.tg\\\/?p=17230#primaryimage\",\"url\":\"https:\\\/\\\/macite.tg\\\/wp-content\\\/uploads\\\/2024\\\/10\\\/Inondation.jpg\",\"contentUrl\":\"https:\\\/\\\/macite.tg\\\/wp-content\\\/uploads\\\/2024\\\/10\\\/Inondation.jpg\",\"width\":500,\"height\":451,\"caption\":\"La ministre Mila Aziabl\u00e9 (n noir) en tourn\u00e9e apr\u00e8s les r\u00e9centes pluies dilluviennes.\"},{\"@type\":\"BreadcrumbList\",\"@id\":\"https:\\\/\\\/macite.tg\\\/?p=17230#breadcrumb\",\"itemListElement\":[{\"@type\":\"ListItem\",\"position\":1,\"name\":\"Accueil\",\"item\":\"https:\\\/\\\/macite.tg\\\/\"},{\"@type\":\"ListItem\",\"position\":2,\"name\":\"ALERTE METOE: Risques d\u2019inondation\u2026 pr\u00e9vient la Protection civile\"}]},{\"@type\":\"WebSite\",\"@id\":\"https:\\\/\\\/macite.tg\\\/#website\",\"url\":\"https:\\\/\\\/macite.tg\\\/\",\"name\":\"\",\"description\":\"L&#039;information, la bonne!!!\",\"potentialAction\":[{\"@type\":\"SearchAction\",\"target\":{\"@type\":\"EntryPoint\",\"urlTemplate\":\"https:\\\/\\\/macite.tg\\\/?s={search_term_string}\"},\"query-input\":{\"@type\":\"PropertyValueSpecification\",\"valueRequired\":true,\"valueName\":\"search_term_string\"}}],\"inLanguage\":\"fr-FR\"},{\"@type\":\"Person\",\"@id\":\"https:\\\/\\\/macite.tg\\\/#\\\/schema\\\/person\\\/e9f2de7e5dbbe7770a9402c7ce82f5c2\",\"name\":\"Jean Pierre BAWELA\",\"image\":{\"@type\":\"ImageObject\",\"inLanguage\":\"fr-FR\",\"@id\":\"https:\\\/\\\/macite.tg\\\/wp-content\\\/uploads\\\/2023\\\/09\\\/WhatsApp-Image-2023-09-19-at-14.44.41-122x122.jpeg\",\"url\":\"https:\\\/\\\/macite.tg\\\/wp-content\\\/uploads\\\/2023\\\/09\\\/WhatsApp-Image-2023-09-19-at-14.44.41-122x122.jpeg\",\"contentUrl\":\"https:\\\/\\\/macite.tg\\\/wp-content\\\/uploads\\\/2023\\\/09\\\/WhatsApp-Image-2023-09-19-at-14.44.41-122x122.jpeg\",\"caption\":\"Jean Pierre BAWELA\"},\"url\":\"https:\\\/\\\/macite.tg\\\/?author=2\"}]}<\/script>\n<!-- \/ Yoast SEO plugin. -->","yoast_head_json":{"title":"ALERTE METOE: Risques d\u2019inondation\u2026 pr\u00e9vient la Protection civile -","robots":{"index":"index","follow":"follow","max-snippet":"max-snippet:-1","max-image-preview":"max-image-preview:large","max-video-preview":"max-video-preview:-1"},"canonical":"https:\/\/macite.tg\/?p=17230","og_locale":"fr_FR","og_type":"article","og_title":"ALERTE METOE: Risques d\u2019inondation\u2026 pr\u00e9vient la Protection civile -","og_description":"Ces derniers jours, l\u2019ensemble du territoire national a \u00e9t\u00e9 arros\u00e9 par de fortes pluies qui ont provoqu\u00e9, par endroit, des risques d\u2019inondation particuli\u00e8rement \u00e9lev\u00e9s. Alors que mesures ont \u00e9t\u00e9 d\u00e9j\u00e0 prises, en amont, concernant les syst\u00e8mes d\u2019\u00e9vacuation, il convient de rester vigilant et \u00e9viter les [&hellip;]","og_url":"https:\/\/macite.tg\/?p=17230","article_published_time":"2024-10-14T14:39:24+00:00","article_modified_time":"2024-10-14T14:39:38+00:00","og_image":[{"width":500,"height":451,"url":"https:\/\/macite.tg\/wp-content\/uploads\/2024\/10\/Inondation.jpg","type":"image\/jpeg"}],"author":"Jean Pierre BAWELA","twitter_card":"summary_large_image","twitter_misc":{"\u00c9crit par":"Jean Pierre BAWELA","Dur\u00e9e de lecture estim\u00e9e":"2 minutes"},"schema":{"@context":"https:\/\/schema.org","@graph":[{"@type":"Article","@id":"https:\/\/macite.tg\/?p=17230#article","isPartOf":{"@id":"https:\/\/macite.tg\/?p=17230"},"author":{"name":"Jean Pierre BAWELA","@id":"https:\/\/macite.tg\/#\/schema\/person\/e9f2de7e5dbbe7770a9402c7ce82f5c2"},"headline":"ALERTE METOE: Risques d\u2019inondation\u2026 pr\u00e9vient la Protection civile","datePublished":"2024-10-14T14:39:24+00:00","dateModified":"2024-10-14T14:39:38+00:00","mainEntityOfPage":{"@id":"https:\/\/macite.tg\/?p=17230"},"wordCount":313,"commentCount":0,"image":{"@id":"https:\/\/macite.tg\/?p=17230#primaryimage"},"thumbnailUrl":"https:\/\/macite.tg\/wp-content\/uploads\/2024\/10\/Inondation.jpg","articleSection":["ACTUALITE","ENVIRONNEMENT"],"inLanguage":"fr-FR","potentialAction":[{"@type":"CommentAction","name":"Comment","target":["https:\/\/macite.tg\/?p=17230#respond"]}]},{"@type":"WebPage","@id":"https:\/\/macite.tg\/?p=17230","url":"https:\/\/macite.tg\/?p=17230","name":"ALERTE METOE: Risques d\u2019inondation\u2026 pr\u00e9vient la Protection civile -","isPartOf":{"@id":"https:\/\/macite.tg\/#website"},"primaryImageOfPage":{"@id":"https:\/\/macite.tg\/?p=17230#primaryimage"},"image":{"@id":"https:\/\/macite.tg\/?p=17230#primaryimage"},"thumbnailUrl":"https:\/\/macite.tg\/wp-content\/uploads\/2024\/10\/Inondation.jpg","datePublished":"2024-10-14T14:39:24+00:00","dateModified":"2024-10-14T14:39:38+00:00","author":{"@id":"https:\/\/macite.tg\/#\/schema\/person\/e9f2de7e5dbbe7770a9402c7ce82f5c2"},"breadcrumb":{"@id":"https:\/\/macite.tg\/?p=17230#breadcrumb"},"inLanguage":"fr-FR","potentialAction":[{"@type":"ReadAction","target":["https:\/\/macite.tg\/?p=17230"]}]},{"@type":"ImageObject","inLanguage":"fr-FR","@id":"https:\/\/macite.tg\/?p=17230#primaryimage","url":"https:\/\/macite.tg\/wp-content\/uploads\/2024\/10\/Inondation.jpg","contentUrl":"https:\/\/macite.tg\/wp-content\/uploads\/2024\/10\/Inondation.jpg","width":500,"height":451,"caption":"La ministre Mila Aziabl\u00e9 (n noir) en tourn\u00e9e apr\u00e8s les r\u00e9centes pluies dilluviennes."},{"@type":"BreadcrumbList","@id":"https:\/\/macite.tg\/?p=17230#breadcrumb","itemListElement":[{"@type":"ListItem","position":1,"name":"Accueil","item":"https:\/\/macite.tg\/"},{"@type":"ListItem","position":2,"name":"ALERTE METOE: Risques d\u2019inondation\u2026 pr\u00e9vient la Protection civile"}]},{"@type":"WebSite","@id":"https:\/\/macite.tg\/#website","url":"https:\/\/macite.tg\/","name":"","description":"L&#039;information, la bonne!!!","potentialAction":[{"@type":"SearchAction","target":{"@type":"EntryPoint","urlTemplate":"https:\/\/macite.tg\/?s={search_term_string}"},"query-input":{"@type":"PropertyValueSpecification","valueRequired":true,"valueName":"search_term_string"}}],"inLanguage":"fr-FR"},{"@type":"Person","@id":"https:\/\/macite.tg\/#\/schema\/person\/e9f2de7e5dbbe7770a9402c7ce82f5c2","name":"Jean Pierre BAWELA","image":{"@type":"ImageObject","inLanguage":"fr-FR","@id":"https:\/\/macite.tg\/wp-content\/uploads\/2023\/09\/WhatsApp-Image-2023-09-19-at-14.44.41-122x122.jpeg","url":"https:\/\/macite.tg\/wp-content\/uploads\/2023\/09\/WhatsApp-Image-2023-09-19-at-14.44.41-122x122.jpeg","contentUrl":"https:\/\/macite.tg\/wp-content\/uploads\/2023\/09\/WhatsApp-Image-2023-09-19-at-14.44.41-122x122.jpeg","caption":"Jean Pierre BAWELA"},"url":"https:\/\/macite.tg\/?author=2"}]}},"_links":{"self":[{"href":"https:\/\/macite.tg\/index.php?rest_route=\/wp\/v2\/posts\/17230","targetHints":{"allow":["GET"]}}],"collection":[{"href":"https:\/\/macite.tg\/index.php?rest_route=\/wp\/v2\/posts"}],"about":[{"href":"https:\/\/macite.tg\/index.php?rest_route=\/wp\/v2\/types\/post"}],"author":[{"embeddable":true,"href":"https:\/\/macite.tg\/index.php?rest_route=\/wp\/v2\/users\/2"}],"replies":[{"embeddable":true,"href":"https:\/\/macite.tg\/index.php?rest_route=%2Fwp%2Fv2%2Fcomments&post=17230"}],"version-history":[{"count":0,"href":"https:\/\/macite.tg\/index.php?rest_route=\/wp\/v2\/posts\/17230\/revisions"}],"wp:featuredmedia":[{"embeddable":true,"href":"https:\/\/macite.tg\/index.php?rest_route=\/wp\/v2\/media\/17231"}],"wp:attachment":[{"href":"https:\/\/macite.tg\/index.php?rest_route=%2Fwp%2Fv2%2Fmedia&parent=17230"}],"wp:term":[{"taxonomy":"category","embeddable":true,"href":"https:\/\/macite.tg\/index.php?rest_route=%2Fwp%2Fv2%2Fcategories&post=17230"},{"taxonomy":"post_tag","embeddable":true,"href":"https:\/\/macite.tg\/index.php?rest_route=%2Fwp%2Fv2%2Ftags&post=17230"}],"curies":[{"name":"wp","href":"https:\/\/api.w.org\/{rel}","templated":true}]}}